{"id":14472,"date":"2018-01-19T12:17:11","date_gmt":"2018-01-19T17:17:11","guid":{"rendered":"http:\/\/www.lecarrefourdesopinions.ca\/?p=14472"},"modified":"2018-01-19T12:17:11","modified_gmt":"2018-01-19T17:17:11","slug":"presumes-levons-nous-il-nous-est-reproche","status":"publish","type":"post","link":"http:\/\/www.lecarrefourdesopinions.ca\/?p=14472","title":{"rendered":"\u00ab Pr\u00e9sum\u00e9s \u00bb levons-nous ! Il nous est Reproch\u00e9 &#8230;"},"content":{"rendered":"<p style=\"text-align: center;\" align=\"JUSTIFY\"><em><span style=\"color: #632423;\"><span style=\"font-family: 'Comic Sans MS';\"><span style=\"font-size: large;\">\u00ab\u00a0Pr\u00e9sum\u00e9s\u00a0\u00bb levons-nous\u00a0! Il nous est Reproch\u00e9\u00a0&#8230;<\/span><\/span><\/span><\/em><\/p>\n<p align=\"JUSTIFY\"><span style=\"color: #632423;\">\u00a0<\/span><\/p>\n<p align=\"JUSTIFY\"><img loading=\"lazy\" decoding=\"async\" class=\"alignnone size-full wp-image-14473\" title=\"Eric\" src=\"http:\/\/www.lecarrefourdesopinions.ca\/wp-content\/uploads\/2018\/01\/Eric.jpg\" alt=\"\" width=\"134\" height=\"107\" \/><\/p>\n<p align=\"JUSTIFY\"><span style=\"color: #632423;\"><span style=\"font-family: 'Comic Sans MS';\"><span style=\"font-size: large;\">\u00c9ric EG Nogard<\/span><\/span><\/span><\/p>\n<p align=\"JUSTIFY\"><em><span style=\"color: #c00000;\"><span style=\"font-size: large;\">Chroniqueur<\/span><\/span><\/em><span style=\"color: #c00000;\"><span style=\"font-size: large;\">.<\/span><\/span><\/p>\n<p align=\"CENTER\">\n<p align=\"CENTER\">\n<p align=\"CENTER\">\n<p><em><span style=\"color: #000099;\"><span>\u00ab\u00a0Pr\u00e9sum\u00e9s\u00a0\u00bb levons-nous\u00a0! Il nous est Reproch\u00e9\u00a0&#8230;<\/span><\/span><\/em><\/p>\n<p>&nbsp;<\/p>\n<p>&nbsp;<\/p>\n<p align=\"CENTER\">\n<p align=\"CENTER\"><img loading=\"lazy\" decoding=\"async\" class=\"alignnone size-medium wp-image-14474\" title=\"F1   En bref  une Loi Anti Phagocytose du Petit par le Gros\" src=\"http:\/\/www.lecarrefourdesopinions.ca\/wp-content\/uploads\/2018\/01\/F1-En-bref-une-Loi-Anti-Phagocytose-du-Petit-par-le-Gros-259x300.jpg\" alt=\"\" width=\"259\" height=\"300\" srcset=\"http:\/\/www.lecarrefourdesopinions.ca\/wp-content\/uploads\/2018\/01\/F1-En-bref-une-Loi-Anti-Phagocytose-du-Petit-par-le-Gros-259x300.jpg 259w, http:\/\/www.lecarrefourdesopinions.ca\/wp-content\/uploads\/2018\/01\/F1-En-bref-une-Loi-Anti-Phagocytose-du-Petit-par-le-Gros-400x462.jpg 400w, http:\/\/www.lecarrefourdesopinions.ca\/wp-content\/uploads\/2018\/01\/F1-En-bref-une-Loi-Anti-Phagocytose-du-Petit-par-le-Gros.jpg 817w\" sizes=\"auto, (max-width: 259px) 100vw, 259px\" \/><\/p>\n<p align=\"CENTER\"><strong>\u00a0<\/strong><\/p>\n<p align=\"CENTER\"><strong><span style=\"font-size: large;\">F1\u00a0: <\/span><\/strong><em><span style=\"color: #c00000;\"><span style=\"font-size: large;\">En bref, une Loi Anti-Phagocytose du Petit par le Gros.<\/span><\/span><\/em><\/p>\n<p align=\"JUSTIFY\">\n<p align=\"JUSTIFY\">\n<p align=\"CENTER\"><em><span style=\"font-family: Cambria, serif;\"><span style=\"font-size: large;\">\u00ab\u00a0Pr\u00e9sum\u00e9s\u00a0\u00bb levons-nous\u00a0! Il nous est Reproch\u00e9\u00a0&#8230;<\/span><\/span><\/em><\/p>\n<p align=\"JUSTIFY\"><em>\u00a0<\/em><\/p>\n<p align=\"CENTER\"><em><span style=\"font-family: Cambria, serif;\"><span style=\"font-size: large;\">Que nous soyons Coupables ou Non.<\/span><\/span><\/em><\/p>\n<p align=\"JUSTIFY\">\n<p align=\"JUSTIFY\">\n<p align=\"JUSTIFY\"><strong><span style=\"font-family: 'Comic Sans MS';\"><span style=\"font-size: large;\">Nous rappelons-nous la Loi Anti-Trust et ce en quoi elle consistait.<\/span><\/span><\/strong><\/p>\n<p align=\"JUSTIFY\">\n<p align=\"JUSTIFY\"><span style=\"font-family: 'Comic Sans MS';\"><span style=\"font-size: large;\">Nous rappelons-nous les Risques dont elle nous a longtemps et efficacement prot\u00e9g\u00e9s.<\/span><\/span><\/p>\n<p align=\"JUSTIFY\">\n<p align=\"JUSTIFY\">\n<p align=\"JUSTIFY\"><strong><span style=\"font-family: 'Comic Sans MS';\"><span style=\"font-size: large;\">Plaiderons-nous Coupables, plaiderons-nous Non-Coupables de l\u2019avoir laiss\u00e9e Bafouer sous tant de pr\u00e9textes \u00e9l\u00e9gamment qualifi\u00e9s de Lib\u00e9ro-Mondialo-Progressistes, par nos Chasseurs de Si\u00e8ges et Strapontins Politico-\u00c9conomiques, voire de Tr\u00f4nes Imp\u00e9riaux.<\/span><\/span><\/strong><\/p>\n<p align=\"JUSTIFY\">\n<p align=\"JUSTIFY\"><span style=\"font-family: 'Comic Sans MS';\"><span style=\"font-size: large;\">Nos Chasseurs \u00ab\u00a0de chez-nous\u00a0\u00bb, que n\u2019\u00e9galent dans leurs performances et leurs prouesses, ni les Chasseurs de Buffles ni les Chasseurs de \u00ab\u00a0Primes\u00a0\u00bb du Nouveau Monde.<\/span><\/span><\/p>\n<p align=\"JUSTIFY\">\n<p align=\"JUSTIFY\"><span style=\"font-family: 'Comic Sans MS';\"><span style=\"font-size: large;\">Et nous n\u2019avons fait que <\/span><\/span><em><span style=\"font-family: Arial, sans-serif;\"><span style=\"font-size: large;\">Truster<\/span><\/span><\/em> <span style=\"font-family: 'Comic Sans MS';\"><span style=\"font-size: large;\">\u00ab\u00a0\u00e0 l\u2019Am\u00e9ricaine\u00a0\u00bb, depuis la derni\u00e8re Guerre Mondiale, <\/span><\/span><em><span style=\"font-family: Arial, sans-serif;\"><span style=\"font-size: large;\">Truster<\/span><\/span><\/em> <span style=\"font-family: 'Comic Sans MS';\"><span style=\"font-size: large;\">\u00e9tant devenu le Sport \u00e0 la Mode, le Podium <\/span><\/span><em><span style=\"font-family: Arial, sans-serif;\"><span style=\"font-size: large;\">in mind<\/span><\/span><\/em> <span style=\"font-family: 'Comic Sans MS';\"><span style=\"font-size: large;\">pour le titre d\u2019Empereur du P\u00e9trole ou de la Machine \u00e0 Coudre, chacun se voulant le \u00ab\u00a0Rockefeller\u00a0\u00bb ou le \u00ab\u00a0Singer\u00a0\u00bb du <\/span><\/span><em><span style=\"font-family: Arial, sans-serif;\"><span style=\"font-size: large;\">County of France, in Europe<\/span><\/span><\/em><span style=\"font-family: 'Comic Sans MS';\"><span style=\"font-size: large;\">.<\/span><\/span><\/p>\n<p align=\"JUSTIFY\">\n<p align=\"JUSTIFY\">\n<p align=\"JUSTIFY\"><em><span style=\"font-family: Arial, sans-serif;\"><span style=\"font-size: large;\">Truster<\/span><\/span><\/em><strong> <\/strong><strong><span style=\"font-size: large;\">\u00e0 tout prix pour Absorber son Homologue, pour le Phagocyter, et ainsi, \u00c9riger son Entreprise en Empire aux pieds d\u2019Argile, mais qu\u2019importe, on \u00e0 rang d\u2019Empereur. <\/span><\/strong><\/p>\n<p align=\"JUSTIFY\">\n<p align=\"JUSTIFY\"><span style=\"font-size: large;\">Jusqu\u2019au jour o\u00f9, une goutte de Sang Contamin\u00e9, une poche de Lait \u00ab\u00a0\u00e0 la Salmonellose\u00a0\u00bb et Patatras sur le Cul.<\/span><\/p>\n<p align=\"JUSTIFY\">\n<p align=\"JUSTIFY\">\n<p align=\"JUSTIFY\"><strong><span style=\"font-size: large;\">Patatras, sauf que la peau de son Cul ne met pas l\u2019Empereur en \u00e9tat d\u2019assumer ses d\u00e9boires\u2026 est c\u2019est l\u2019\u00c9tat qui trinque, au prix des Deniers du Petit Peuple des Contribuables, ces Taillables et Corv\u00e9ables \u00e0 Merci.<\/span><\/strong><\/p>\n<p align=\"JUSTIFY\">\n<p align=\"JUSTIFY\"><span style=\"font-size: large;\">L\u2019Empereur Cr\u00e9e l\u2019Ardoise, et c\u2019est l\u2019\u00c9tat qui trinque.<\/span><\/p>\n<p align=\"JUSTIFY\">\n<p align=\"JUSTIFY\"><span style=\"font-size: large;\">Mais l\u2019\u00c9tat, n\u2019est-ce pas nous, les plus d\u00e9munis et les moins d\u00e9fendus de cette Soci\u00e9t\u00e9 R\u00e9put\u00e9e Fraternelle et Solidaire.<\/span><\/p>\n<p align=\"JUSTIFY\">\n<p align=\"JUSTIFY\">\n<p align=\"JUSTIFY\"><em><span style=\"font-family: Arial, sans-serif;\"><span style=\"font-size: large;\">It\u2019s just a matter of time<\/span><\/span><\/em><strong><span style=\"font-size: large;\">, disions-nous au \u00ab\u00a0Cri d\u2019Alarme\u00a0\u00bb. \u00a0<\/span><\/strong><\/p>\n<p align=\"JUSTIFY\">\n<p align=\"JUSTIFY\"><span style=\"font-size: large;\">N\u2019est-il pas venu, apr\u00e8s bien des Alertes Volontairement demeur\u00e9es incomprises ou Volontairement Ignor\u00e9es, le temps des m\u00e9faits d\u2019une \u00c9conomie trop Lib\u00e9rale, Mondialiste \u00e0 l\u2019exc\u00e8s, pour une \u00c9conomie Convenable \u00e0 une Nation vivant de \u00ab\u00a0Labourage et P\u00e2turage\u00a0\u00bb, en plus du Seul G\u00e9nie de ses Enfants.<\/span><\/p>\n<p align=\"JUSTIFY\">\n<p align=\"JUSTIFY\"><span style=\"font-size: large;\">Une Nation Comptant tant de Bons G\u00e9nies, r\u00e9duits au d\u00e9couragement et \u00e0 la fuite par les Affaires douteuses.<\/span><\/p>\n<p align=\"JUSTIFY\">\n<p align=\"JUSTIFY\">\n<p align=\"JUSTIFY\"><strong><span style=\"font-size: large;\">L\u2019Affaire du Lait Contamin\u00e9 n\u2019en est-elle pas l\u2019illustration.<\/span><\/strong><\/p>\n<p align=\"JUSTIFY\">\n<p align=\"JUSTIFY\"><span style=\"font-size: large;\">L\u2019Affaire d\u2019un Lait Contamin\u00e9 dont nul ne sait encore quelles en seront les Cons\u00e9quences, ni quelle Instance Juridictionnelle sera fond\u00e9e pour en Conna\u00eetre.<\/span><\/p>\n<p align=\"JUSTIFY\">\n<p align=\"CENTER\"><img loading=\"lazy\" decoding=\"async\" class=\"alignnone size-medium wp-image-14475\" title=\"F2   Under the shelter of Jupiter himself\" src=\"http:\/\/www.lecarrefourdesopinions.ca\/wp-content\/uploads\/2018\/01\/F2-Under-the-shelter-of-Jupiter-himself-300x159.jpg\" alt=\"\" width=\"300\" height=\"159\" srcset=\"http:\/\/www.lecarrefourdesopinions.ca\/wp-content\/uploads\/2018\/01\/F2-Under-the-shelter-of-Jupiter-himself-300x159.jpg 300w, http:\/\/www.lecarrefourdesopinions.ca\/wp-content\/uploads\/2018\/01\/F2-Under-the-shelter-of-Jupiter-himself-400x212.jpg 400w, http:\/\/www.lecarrefourdesopinions.ca\/wp-content\/uploads\/2018\/01\/F2-Under-the-shelter-of-Jupiter-himself.jpg 780w\" sizes=\"auto, (max-width: 300px) 100vw, 300px\" \/><\/p>\n<p align=\"CENTER\"><strong><span style=\"font-size: large;\">F2\u00a0: <\/span><\/strong><em><span style=\"color: #c00000;\"><span style=\"font-family: Arial, sans-serif;\"><span style=\"font-size: large;\">Under the shelter of Jupiter himself.<\/span><\/span><\/span><\/em><\/p>\n<p align=\"JUSTIFY\">\n<p align=\"JUSTIFY\">\n<p align=\"JUSTIFY\"><em><span style=\"font-family: Arial, sans-serif;\"><span style=\"font-size: large;\">In short.<\/span><\/span><\/em><\/p>\n<p align=\"JUSTIFY\"><em>\u00a0<\/em><\/p>\n<p align=\"JUSTIFY\"><em><span style=\"font-family: Arial, sans-serif;\"><span style=\"font-size: large;\">Let\u2019s be less talkative upon the matter and Laboremus, like Septime Severe would say so many Years ago before Christ, when he was an Emperator.<\/span><\/span><\/em><\/p>\n<p align=\"JUSTIFY\">\n<p align=\"JUSTIFY\"><span style=\"font-family: Symbol;\"><span style=\"font-size: large;\">\u00b7<\/span><\/span><span style=\"font-family: Symbol;\"><span style=\"font-size: large;\">\u00a0\u00a0\u00a0\u00a0\u00a0\u00a0\u00a0 <\/span><\/span><span style=\"font-size: large;\">La France ayant produit et commercialis\u00e9 de part le Monde du Lait infest\u00e9 d\u2019un germe aussi Universellement connu que celui de la salmonellose, cette Saloperie infectieuse transmissible \u00e0 l\u2019Homme et Coupable de tant d\u2019accidents mortels pour peu qu\u2019on tienne compte des avortements qu\u2019elle provoque.<\/span><\/p>\n<p align=\"JUSTIFY\">\n<p align=\"JUSTIFY\"><span style=\"font-size: large;\">Sa Responsabilit\u00e9 ne risque-t-elle pas d\u2019\u00eatre Mise en Cause <\/span><em><span style=\"font-family: Arial, sans-serif;\"><span style=\"font-size: large;\">by so many countries,<\/span><\/span><\/em> <em><span style=\"font-family: Arial, sans-serif;\"><span style=\"font-size: large;\">in so many ways, in spite of the shelter of Jupiter himself<\/span><\/span><\/em><span style=\"font-size: large;\">.<\/span><\/p>\n<p align=\"JUSTIFY\">\n<p align=\"CENTER\"><img loading=\"lazy\" decoding=\"async\" class=\"alignnone size-full wp-image-14476\" title=\"F3   Faiseuses d Anges d un bon coup de potion a la Salmonellose\" src=\"http:\/\/www.lecarrefourdesopinions.ca\/wp-content\/uploads\/2018\/01\/F3-Faiseuses-d-Anges-d-un-bon-coup-de-potion-a-la-Salmonellose.jpg\" alt=\"\" width=\"320\" height=\"253\" srcset=\"http:\/\/www.lecarrefourdesopinions.ca\/wp-content\/uploads\/2018\/01\/F3-Faiseuses-d-Anges-d-un-bon-coup-de-potion-a-la-Salmonellose.jpg 320w, http:\/\/www.lecarrefourdesopinions.ca\/wp-content\/uploads\/2018\/01\/F3-Faiseuses-d-Anges-d-un-bon-coup-de-potion-a-la-Salmonellose-134x107.jpg 134w, http:\/\/www.lecarrefourdesopinions.ca\/wp-content\/uploads\/2018\/01\/F3-Faiseuses-d-Anges-d-un-bon-coup-de-potion-a-la-Salmonellose-300x237.jpg 300w\" sizes=\"auto, (max-width: 320px) 100vw, 320px\" \/><\/p>\n<p align=\"CENTER\"><strong><span style=\"font-size: large;\">F3\u00a0: <\/span><\/strong><em><span style=\"color: #c00000;\"><span style=\"font-size: large;\">Faiseuses d\u2019Anges d\u2019un bon coup de potion \u00e0 la Salmonellose.<\/span><\/span><\/em><\/p>\n<p>&nbsp;<\/p>\n<p align=\"JUSTIFY\">\n<p align=\"JUSTIFY\"><span style=\"font-family: Symbol;\"><span style=\"font-size: large;\">\u00b7<\/span><\/span><span style=\"font-family: Symbol;\"><span style=\"font-size: large;\">\u00a0\u00a0\u00a0\u00a0\u00a0\u00a0\u00a0 <\/span><\/span><span style=\"font-size: large;\">Les Pays Importateurs qui auraient introduit des Produits Contamin\u00e9s, faute d\u2019avoir effectu\u00e9 les Contr\u00f4les Suffisants, cette Obligation leur incombant par Substitution, n\u2019exerceront-t-ils aucune \u00ab\u00a0Action\u00a0\u00bb contre la France, pour se sortir d\u2019Affaire.<\/span><\/p>\n<p align=\"JUSTIFY\">\n<p align=\"JUSTIFY\">\n<p align=\"JUSTIFY\"><span style=\"font-family: Symbol;\"><span style=\"font-size: large;\">\u00b7<\/span><\/span><span style=\"font-family: Symbol;\"><span style=\"font-size: large;\">\u00a0\u00a0\u00a0\u00a0\u00a0\u00a0\u00a0 <\/span><\/span><span style=\"font-size: large;\">LACTALIS ne se mettra-t-il pas sous la Protection de l\u2019\u00c9tat, en lui laissant sur les bras la Paternit\u00e9 comme la Responsabilit\u00e9 du Lait Contamin\u00e9 et de ses Cons\u00e9quences.<\/span><\/p>\n<p align=\"JUSTIFY\">\n<p align=\"CENTER\">\u00a0<img loading=\"lazy\" decoding=\"async\" class=\"alignnone size-medium wp-image-14477\" title=\"F4     Lactalis    Groupe Fran\u00e7ais  Geant Mondial du Lait et du Fromage\" src=\"http:\/\/www.lecarrefourdesopinions.ca\/wp-content\/uploads\/2018\/01\/F4-Lactalis-Groupe-Fran\u00e7ais-Geant-Mondial-du-Lait-et-du-Fromage-300x223.jpg\" alt=\"\" width=\"300\" height=\"223\" srcset=\"http:\/\/www.lecarrefourdesopinions.ca\/wp-content\/uploads\/2018\/01\/F4-Lactalis-Groupe-Fran\u00e7ais-Geant-Mondial-du-Lait-et-du-Fromage-300x223.jpg 300w, http:\/\/www.lecarrefourdesopinions.ca\/wp-content\/uploads\/2018\/01\/F4-Lactalis-Groupe-Fran\u00e7ais-Geant-Mondial-du-Lait-et-du-Fromage-400x297.jpg 400w, http:\/\/www.lecarrefourdesopinions.ca\/wp-content\/uploads\/2018\/01\/F4-Lactalis-Groupe-Fran\u00e7ais-Geant-Mondial-du-Lait-et-du-Fromage.jpg 768w\" sizes=\"auto, (max-width: 300px) 100vw, 300px\" \/><\/p>\n<p align=\"CENTER\"><strong><span style=\"font-size: large;\">F4\u00a0: <\/span><\/strong><strong><span style=\"color: #c00000;\"><span style=\"font-size: large;\">\u00ab<\/span><\/span><\/strong><strong><span style=\"font-size: large;\">\u00a0<\/span><\/strong><em><span style=\"color: #c00000;\"><span style=\"font-size: large;\">Lactalis\u00a0\u00bb, Groupe Fran\u00e7ais, G\u00e9ant Mondial du Lait et du Fromage.<\/span><\/span><\/em><\/p>\n<p align=\"JUSTIFY\">\n<p align=\"JUSTIFY\">\n<p align=\"JUSTIFY\"><strong><span style=\"font-family: 'Comic Sans MS';\"><span style=\"font-size: large;\">En d\u00e9finitive.<\/span><\/span><\/strong><\/p>\n<p align=\"JUSTIFY\">\n<p align=\"JUSTIFY\"><span style=\"font-family: 'Comic Sans MS';\"><span style=\"font-size: large;\">Cette Affaire sera-t-elle sans Cons\u00e9quences Dommageables pour tant et tant d\u2019Honn\u00eates Fran\u00e7ais qui ne mesurent pas leurs Efforts et Sacrifices pour leur Pays\u2026 pour le Bien Commun&#8230;<\/span><\/span><\/p>\n<p align=\"JUSTIFY\">\n<p align=\"JUSTIFY\"><span style=\"font-family: 'Comic Sans MS';\"><span style=\"font-size: large;\">Le sera-t-elle pour la France qui pendant tant de si\u00e8cles est demeur\u00e9e l\u2019Exemple \u00e0 Suivre, la R\u00e9f\u00e9rence.<\/span><\/span><\/p>\n<p align=\"CENTER\">\n<p align=\"JUSTIFY\"><span style=\"font-family: 'Comic Sans MS';\"><span style=\"font-size: large;\">Ceci \u00e9tant pos\u00e9 dans le souci de ne heurter personne,<\/span><\/span><\/p>\n<p align=\"JUSTIFY\"><strong>\u00a0<\/strong><\/p>\n<p align=\"CENTER\"><strong><span style=\"font-family: Cambria, serif;\"><span style=\"font-size: large;\">\u00ab\u00a0Pr\u00e9sum\u00e9s\u00a0\u00bb levons-nous, qu\u2019avons-nous \u00e0 en dire.<\/span><\/span><\/strong><\/p>\n<p align=\"JUSTIFY\">\n<p align=\"JUSTIFY\"><span style=\"font-size: large;\">\u00c9ric EG Nogard<\/span><\/p>\n<p align=\"JUSTIFY\"><em><span style=\"color: #c00000;\"><span style=\"font-size: large;\">Chroniqueur<\/span><\/span><\/em><span style=\"color: #c00000;\"><span style=\"font-size: large;\">.<\/span><\/span><\/p>\n<p align=\"JUSTIFY\"><span style=\"color: #c00000;\">\u00a0<\/span><\/p>\n<p align=\"CENTER\"><strong><span style=\"font-size: large;\">***\u00a0\u00a0\u00a0\u00a0 ***\u00a0\u00a0\u00a0\u00a0 ***<\/span><\/strong><\/p>\n<p align=\"CENTER\"><strong><span style=\"color: #ff0000;\">Ne Peut \u00eatre reproduit &#8211; m\u00eame partiellement &#8211;\u00a0 sans l\u2019autorisation de l\u2019Auteur.<\/span><\/strong><\/p>\n<p align=\"CENTER\"><strong>\u00a0<\/strong><\/p>\n<p align=\"CENTER\"><strong><span style=\"font-size: large;\">***\u00a0\u00a0\u00a0\u00a0 ***\u00a0\u00a0\u00a0\u00a0 ***<\/span><\/strong><\/p>\n<p align=\"CENTER\"><strong><span style=\"color: #ff0000;\"><span style=\"font-size: large;\">Nota : <\/span><\/span><\/strong><span style=\"color: #000000;\"><span style=\"font-size: large;\">Nous ne traitons que de Faits et de Noms rendus Publics.<\/span><\/span><\/p>\n<p align=\"CENTER\"><span style=\"color: #000000;\"><span style=\"font-size: large;\">***\u00a0\u00a0\u00a0\u00a0 ***\u00a0\u00a0\u00a0\u00a0 ***<\/span><\/span><\/p>\n<p align=\"JUSTIFY\">\n<p align=\"JUSTIFY\"><strong><span style=\"text-decoration: underline;\">Liens Sugg\u00e9r\u00e9s\u00a0:<\/span><\/strong><\/p>\n<ul type=\"DISC\">\n<li>\n<p align=\"JUSTIFY\"><a href=\"http:\/\/www.etatsgenerauxdeloutremer.fr\/reflexions\">http:\/\/www.etatsgenerauxdeloutremer.fr\/reflexions<\/a><\/p>\n<\/li>\n<\/ul>\n<p align=\"CENTER\"><strong><span style=\"color: #ff0000;\">\u00a0<\/span><\/strong><\/p>\n<p align=\"CENTER\"><strong>==================================================================<\/strong><\/p>\n<p>&nbsp;<\/p>\n<script type=\"text\/javascript\">\n\nvar addthis_config = {\"data_track_clickback\":false,\"data_track_addressbar\":false,\"data_track_textcopy\":false};\n<\/script><script type=\"text\/javascript\" src=\"\/\/s7.addthis.com\/js\/250\/addthis_widget.js#pubid=a457a6d63fb9e6ccabdde4110343bd85\"><\/script>","protected":false},"excerpt":{"rendered":"<p style=\"text-align: center;\" align=\"JUSTIFY\"><span style=\"color: #632423;\"><span style=\"font-family: 'Comic Sans MS';\"><span style=\"font-size: large;\">\u00ab\u00a0Pr\u00e9sum\u00e9s\u00a0\u00bb levons-nous\u00a0! Il nous est Reproch\u00e9\u00a0&#8230;<\/span><\/span><\/span><\/p>\n<p align=\"JUSTIFY\"><span style=\"color: #632423;\">\u00a0<\/span><\/p>\n<p align=\"JUSTIFY\">\n<p align=\"JUSTIFY\"><span style=\"color: #632423;\"><span style=\"font-family: 'Comic Sans MS';\"><span style=\"font-size: large;\">\u00c9ric EG Nogard<\/span><\/span><\/span><\/p>\n<p align=\"JUSTIFY\"><span style=\"color: #c00000;\"><span style=\"font-size: large;\">Chroniqueur<\/span><\/span><span style=\"color: #c00000;\"><span style=\"font-size: large;\">.<\/span><\/span><\/p>\n<p align=\"CENTER\">\n<p align=\"CENTER\">\n<p align=\"CENTER\">\n<p><span style=\"color: #000099;\"><span>\u00ab\u00a0Pr\u00e9sum\u00e9s\u00a0\u00bb levons-nous\u00a0! Il nous est Reproch\u00e9\u00a0&#8230;<\/span><\/span><\/p>\n<p>&nbsp;<\/p>\n<p>&nbsp;<\/p>\n<p align=\"CENTER\">\n<p align=\"CENTER\">\n<p align=\"CENTER\">\u00a0<\/p>\n<p align=\"CENTER\"><span style=\"font-size: large;\">F1\u00a0: <\/span><span style=\"color: #c00000;\"><span style=\"font-size: large;\">En bref, une Loi Anti-Phagocytose du Petit par <\/span><\/span>&hellip;<\/p>\n","protected":false},"author":1,"featured_media":0,"comment_status":"open","ping_status":"open","sticky":false,"template":"","format":"standard","meta":{"footnotes":""},"categories":[1],"tags":[],"class_list":["post-14472","post","type-post","status-publish","format-standard","hentry","category-accueil"],"_links":{"self":[{"href":"http:\/\/www.lecarrefourdesopinions.ca\/index.php?rest_route=\/wp\/v2\/posts\/14472","targetHints":{"allow":["GET"]}}],"collection":[{"href":"http:\/\/www.lecarrefourdesopinions.ca\/index.php?rest_route=\/wp\/v2\/posts"}],"about":[{"href":"http:\/\/www.lecarrefourdesopinions.ca\/index.php?rest_route=\/wp\/v2\/types\/post"}],"author":[{"embeddable":true,"href":"http:\/\/www.lecarrefourdesopinions.ca\/index.php?rest_route=\/wp\/v2\/users\/1"}],"replies":[{"embeddable":true,"href":"http:\/\/www.lecarrefourdesopinions.ca\/index.php?rest_route=%2Fwp%2Fv2%2Fcomments&post=14472"}],"version-history":[{"count":1,"href":"http:\/\/www.lecarrefourdesopinions.ca\/index.php?rest_route=\/wp\/v2\/posts\/14472\/revisions"}],"predecessor-version":[{"id":14478,"href":"http:\/\/www.lecarrefourdesopinions.ca\/index.php?rest_route=\/wp\/v2\/posts\/14472\/revisions\/14478"}],"wp:attachment":[{"href":"http:\/\/www.lecarrefourdesopinions.ca\/index.php?rest_route=%2Fwp%2Fv2%2Fmedia&parent=14472"}],"wp:term":[{"taxonomy":"category","embeddable":true,"href":"http:\/\/www.lecarrefourdesopinions.ca\/index.php?rest_route=%2Fwp%2Fv2%2Fcategories&post=14472"},{"taxonomy":"post_tag","embeddable":true,"href":"http:\/\/www.lecarrefourdesopinions.ca\/index.php?rest_route=%2Fwp%2Fv2%2Ftags&post=14472"}],"curies":[{"name":"wp","href":"https:\/\/api.w.org\/{rel}","templated":true}]}}