{"id":14467,"date":"2018-01-16T10:56:40","date_gmt":"2018-01-16T15:56:40","guid":{"rendered":"http:\/\/www.lecarrefourdesopinions.ca\/?p=14467"},"modified":"2018-01-16T10:56:40","modified_gmt":"2018-01-16T15:56:40","slug":"enjeux-economiques-notre-leitmotiv","status":"publish","type":"post","link":"http:\/\/www.lecarrefourdesopinions.ca\/?p=14467","title":{"rendered":"Enjeux \u00e9conomiques, notre leitmotiv"},"content":{"rendered":"<p><span style=\"font-size: large;\"><strong>Enjeux \u00e9conomiques, notre leitmotiv<\/strong><\/span><span style=\"font-size: x-large;\"><br \/><\/span><a href=\"https:\/\/www.google.ca\/url?sa=t&amp;rct=j&amp;q=&amp;esrc=s&amp;source=web&amp;cd=2&amp;cad=rja&amp;uact=8&amp;ved=0ahUKEwjsk_6cytzYAhUD7VMKHT5SBd0QFgguMAE&amp;url=http%3A%2F%2Fcaad-qc.com%2Fa-propos%2F&amp;usg=AOvVaw1V6zFW44afqiBTwcnpn-f-\"><span style=\"color: #660099;\"><span style=\"text-decoration: underline;\">\u00c0 propos \u2013 Carrefour d&rsquo;Alliance: Affaires et Diversit\u00e9-Qu\u00e9bec<\/span><\/span><\/a><\/p>\n<blockquote><p><cite><span style=\"color: #006621;\"><span style=\"font-family: arial, sans-serif;\"><span>caad-qc.com\/a-propos\/<\/span><\/span><\/span><\/cite><\/p><\/blockquote>\n<p align=\"LEFT\">\n<p align=\"LEFT\"><em><span style=\"color: #800000;\"><strong>Par Christian Martin<\/strong><\/span><\/em><\/p>\n<blockquote><p><a name=\"am-b1\"><\/a> <a href=\"https:\/\/translate.google.ca\/translate?hl=en&amp;sl=fr&amp;u=http:\/\/caad-qc.com\/a-propos\/&amp;prev=search\"><span style=\"color: #1a0dab;\"><span style=\"font-family: arial, sans-serif;\"><span>Translate this page<\/span><\/span><\/span><\/a><\/p><\/blockquote>\n<blockquote><p><span style=\"color: #545454;\"><span style=\"font-family: arial, sans-serif;\"><span style=\"font-size: medium;\">D\u00c9FINITION. Association \u00e0 but non lucratif. Alliance Gens d&rsquo;affaires et r\u00e9seau culturel pour d\u00e9battre des enjeux \u00e9conomiques concernant entre autres : La promotion Zone Franche Qu\u00e9bec de commerce international et l&rsquo;alliance des r\u00e9seaux socio-\u00e9conomiques ethnoculturels Qu\u00e9bec,. et servant de conseiller entres les maisons decommerce et exportateurs..<\/span><\/span><\/span><\/p><\/blockquote>\n<blockquote><p><span style=\"color: #222222;\">\u00a0<span style=\"font-family: arial, sans-serif;\"><span style=\"font-size: large;\">Je voudrais vous adresser les perspectives de l&rsquo;ann\u00e9e 2018 \u00e9labor\u00e9s par les \u00e9conomistes de trois banques, la BDC, RBC, et BNC (voir ci-dessous les liens) que vous avez peut-\u00eatre d\u00e9j\u00e0 consult\u00e9.<\/span><\/span><\/span><\/p><\/blockquote>\n<p><a href=\"https:\/\/www.bdc.ca\/fr\/blogue\/pages\/perspectives-economiques-2018-croissance-mondiale-apporte-bonnes-nouvelles-entrepreneurs-canadiens.aspx\"><span style=\"font-size: large;\">https:\/\/www.bdc.ca\/fr\/blogue\/pages\/perspectives-economiques-2018-croissance-mondiale-apporte-bonnes-nouvelles-entrepreneurs-canadiens.aspx<\/span><\/a><\/p>\n<p><a href=\"http:\/\/www.rbc.com\/economie\/economic-reports\/pdf\/provincial-forecasts\/quef-f.pdf\"><span style=\"font-size: large;\"><em>http:\/\/www.rbc.com\/economie\/economic-reports\/pdf\/provincial-forecasts\/quef-f.pdf<\/em><\/span><\/a><\/p>\n<p><a href=\"https:\/\/www.bnc.ca\/content\/dam\/bnc\/fr\/taux-et-analyses\/analyse-economique\/mensuel-economique.pdf\"><span style=\"font-size: large;\"><em>https:\/\/www.bnc.ca\/content\/dam\/bnc\/fr\/taux-et-analyses\/analyse-economique\/mensuel-economique.pdf<\/em><\/span><\/a><\/p>\n<p><a href=\"https:\/\/www.bnc.ca\/content\/dam\/bnc\/fr\/taux-et-analyses\/analyse-economique\/mensuel-economique.pdf\"><span style=\"font-size: large;\">et,<\/span><\/a> <a href=\"http:\/\/ici.radio-canada.ca\/nouvelle\/1053118\/quebec-devient-la-premiere-zone-franche-de-la-province\">http:\/\/ici.radio-canada.ca\/nouvelle\/1053118\/quebec-devient-la-premiere-zone-franche-de-la-province<\/a><\/p>\n<p lang=\"fr-CA\"><span style=\"font-size: large;\">De toutes ces donn\u00e9es, je retiens quatre\u00a0 \u00e9l\u00e9ments d&rsquo;importance qui pourraient affecter notre \u00e9conomie:<\/span><\/p>\n<p><span style=\"font-size: large;\">1.<\/span><span style=\"font-size: large;\">\u00a0\u00a0\u00a0\u00a0 <\/span><span style=\"font-size: large;\">La hausse pr\u00e9visible du taux directeur de l&rsquo;int\u00e9r\u00eat.<\/span><\/p>\n<p><span style=\"font-size: large;\">2.<\/span><span style=\"font-size: large;\">\u00a0\u00a0\u00a0\u00a0 <\/span>\u00a0<span style=\"font-size: large;\">La crainte de l&rsquo;\u00e9clatement du libre-\u00e9change de l&rsquo;ALENA,<\/span><\/p>\n<p><span style=\"font-size: large;\">3.<\/span><span style=\"font-size: large;\">\u00a0\u00a0\u00a0\u00a0 <\/span>\u00a0<span style=\"font-size: large;\">La baisse du Huard et,<\/span><\/p>\n<p><span style=\"font-size: large;\">4.<\/span><span style=\"font-size: large;\">\u00a0\u00a0\u00a0\u00a0 <\/span>\u00a0<span style=\"font-size: large;\">L&rsquo;annonce, le 30 ao\u00fbt 2017, de de la constitution d&rsquo;une Zone Franche de commerce international \u00e0 Qu\u00e9bec <\/span><\/p>\n<p lang=\"fr-CA\"><span style=\"font-size: large;\">Par ailleurs, la province de Qu\u00e9bec entre en 2018 dans une p\u00e9riode \u00e9lectorale, qui devrait \u00eatre comme de coutume pleine de remous:<\/span><\/p>\n<p lang=\"fr-CA\"><span style=\"font-size: large;\">&lt;&lt;L&rsquo;\u00e9lection g\u00e9n\u00e9rale qu\u00e9b\u00e9coise de 2018 sera la 42e \u00e9lection g\u00e9n\u00e9rale qu\u00e9b\u00e9coise et devrait se tenir au plus tard le 1er octobre 2018. Il s&rsquo;agira de la premi\u00e8re \u00e9lection pr\u00e9vue \u00e0 une date fixe au Qu\u00e9bec \u00e0 la suite de l&rsquo;adoption d&rsquo;une loi en ce sens le 14 juin 2013. Malgr\u00e9 cette planification, les \u00e9lections pourraient quand m\u00eame \u00eatre d\u00e9clench\u00e9es avant cette date. &gt;&gt; (source: Wikip\u00e9dia)<\/span><\/p>\n<p lang=\"fr-CA\"><span style=\"font-size: large;\">Nos politiciens, dans ce contexte \u00e9conomique des plus prometteurs, ont-ils vraiment l\u2019intention de \u00a0s&rsquo;associer seulement aux bienfaits de notre \u00e9conomie actuelle ou cr\u00e9er un melting-pot d&rsquo;instabilit\u00e9 en y ajoutant les questions qui divisent les citoyens: <\/span><\/p>\n<ul>\n<li>\n<blockquote><p><span style=\"font-size: large;\">La\u00efcit\u00e9 et religion et,<\/span><\/p><\/blockquote>\n<\/li>\n<\/ul>\n<ul>\n<li>\n<blockquote><p><span style=\"font-size: large;\">Migrants et immigrants<\/span><\/p><\/blockquote>\n<\/li>\n<\/ul>\n<p lang=\"fr-CA\"><span style=\"font-size: large;\">Tout en militant pour la l\u00e9gitimit\u00e9 de la diversit\u00e9, j&rsquo;opte pour la prosp\u00e9rit\u00e9, la valorisation du travail et l&rsquo;\u00e9limination de la pr\u00e9carit\u00e9. Regardons les faits avec la raison en \u00e9liminant les sentiments qui bien souvent sont des freins \u00e0 notre avancement tant sur le plan social qu&rsquo;\u00e9conomique. Une bonne \u00e9conomie n&rsquo;est elle pas\u00a0 bas\u00e9e sur l&#8217;emploi et le pouvoir d&rsquo;achat?<\/span><\/p>\n<p><span style=\"font-size: large;\">\u00abLe taux de ch\u00f4mage a diminu\u00e9 de 0,4 point de pourcentage pour s&rsquo;\u00e9tablir \u00e0 5,9 % en novembre au pays, son niveau le plus bas depuis f\u00e9vrier 2008, a annonc\u00e9 vendredi 1 dec 2017, Statistique Canada. Au Qu\u00e9bec, le taux de ch\u00f4mage a diminu\u00e9 de 0,7 point de pourcentage pour atteindre 5,4 % \u00bb (Source: Presse canadienne, publi\u00e9 le 1 d\u00e9c. 2017 \u00e0 8h38 Radio-Canada)<\/span><\/p>\n<p><span style=\"font-size: large;\">J&rsquo;estime par ailleurs que l&rsquo;annonce par le f\u00e9d\u00e9ral, de la Zone franche \u00e0 Qu\u00e9bec, devrait, si elle est bien implant\u00e9e et mise en march\u00e9 efficacement, augmenter le potentiel du commerce ext\u00e9rieur du Qu\u00e9bec.<\/span><\/p>\n<p lang=\"fr-CA\"><span style=\"font-size: large;\">Depuis 2005, je milite aussi pour l&rsquo;ouverture d&rsquo;une Zone Franche de commerce international. Le d\u00e9fi est lanc\u00e9, prenons le train en marche et faisons la promotion de cette Zone Franche afin de :<\/span><\/p>\n<ul>\n<li>\n<blockquote><p><span style=\"font-size: large;\">Faciliter et accro\u00eetre notre commerce ext\u00e9rieur<\/span><\/p><\/blockquote>\n<\/li>\n<li>\n<blockquote><p><span style=\"font-size: large;\">Solliciter les investissements \u00e9trangers dans un cadre de d\u00e9ficalisation et,<\/span><\/p><\/blockquote>\n<\/li>\n<li>\n<blockquote lang=\"fr-CA\"><p><span style=\"font-size: large;\">Prendre des dispositions pour assurer la r\u00e9tention des investissements des immigrants investisseurs<\/span><\/p><\/blockquote>\n<\/li>\n<\/ul>\n<p lang=\"fr-CA\"><span style=\"font-size: large;\">Nous serons heureux de vous compter parmi nos membres.<\/span><\/p>\n<p lang=\"fr-CA\"><span style=\"font-size: large;\">Vous pouvez consulter notre Web direct par Google: caad-quebec.com.ou simplement en cliquant ici:<\/span><\/p>\n<p><a href=\"https:\/\/www.google.ca\/url?sa=t&amp;rct=j&amp;q=&amp;esrc=s&amp;source=web&amp;cd=4&amp;ved=0ahUKEwjs38_bhdrYAhUSrFMKHSxcCdAQFgg8MAM&amp;url=http%3A%2F%2Fcaad-qc.com%2Fparticipation%2F&amp;usg=AOvVaw1f_l9kf7eQ3NSA6sGyhgjX\"><span style=\"color: #660099;\">Participation \u2013 Carrefour d&rsquo;Alliance: Affaires et Diversit\u00e9-Qu\u00e9bec<\/span><\/a><cite><span style=\"color: #006621;\"><span>caad-qc.com\/participation\/<\/span><\/span><\/cite><\/p>\n<p><span style=\"font-size: large;\">Afin de faire la promotion d&rsquo;une Zone franche qu\u00e9b\u00e9coise de d\u00e9veloppement du commerce international, <\/span><\/p>\n<blockquote><p>\u00a0<span style=\"font-size: large;\">n&rsquo;h\u00e9sitez pas \u00e0 me contacter. Voyez mes coordonn\u00e9es ci-dessous.<\/p>\n<p>Avec mes meilleures salutations, <\/p>\n<p>Christian Martin<\/span><span style=\"color: #000000;\"><span style=\"font-family: Roboto, Arial;\"><span style=\"font-size: medium;\"><\/p>\n<p><\/span><\/span><\/span><span style=\"color: #000000;\"><span style=\"font-family: Roboto, Arial;\"><span style=\"font-size: medium;\"><em>Quote<\/em><\/span><\/span><\/span><\/p><\/blockquote>\n<blockquote><p><img loading=\"lazy\" decoding=\"async\" class=\"alignnone size-medium wp-image-14468\" title=\"!cid_part22_FB2A424A_8D71A7E0@videotron\" src=\"http:\/\/www.lecarrefourdesopinions.ca\/wp-content\/uploads\/2018\/01\/cid_part22_FB2A424A_8D71A7E0@videotron-300x174.jpg\" alt=\"\" width=\"300\" height=\"174\" srcset=\"http:\/\/www.lecarrefourdesopinions.ca\/wp-content\/uploads\/2018\/01\/cid_part22_FB2A424A_8D71A7E0@videotron-300x174.jpg 300w, http:\/\/www.lecarrefourdesopinions.ca\/wp-content\/uploads\/2018\/01\/cid_part22_FB2A424A_8D71A7E0@videotron-400x232.jpg 400w, http:\/\/www.lecarrefourdesopinions.ca\/wp-content\/uploads\/2018\/01\/cid_part22_FB2A424A_8D71A7E0@videotron.jpg 517w\" sizes=\"auto, (max-width: 300px) 100vw, 300px\" \/><img loading=\"lazy\" decoding=\"async\" class=\"alignnone size-medium wp-image-14469\" title=\"!cid_part23_ED084645_DB36B3CE@videotron\" src=\"http:\/\/www.lecarrefourdesopinions.ca\/wp-content\/uploads\/2018\/01\/cid_part23_ED084645_DB36B3CE@videotron-300x172.png\" alt=\"\" width=\"300\" height=\"172\" srcset=\"http:\/\/www.lecarrefourdesopinions.ca\/wp-content\/uploads\/2018\/01\/cid_part23_ED084645_DB36B3CE@videotron-300x172.png 300w, http:\/\/www.lecarrefourdesopinions.ca\/wp-content\/uploads\/2018\/01\/cid_part23_ED084645_DB36B3CE@videotron-400x230.png 400w, http:\/\/www.lecarrefourdesopinions.ca\/wp-content\/uploads\/2018\/01\/cid_part23_ED084645_DB36B3CE@videotron.png 521w\" sizes=\"auto, (max-width: 300px) 100vw, 300px\" \/><\/p>\n<\/blockquote>\n<script type=\"text\/javascript\">\n\nvar addthis_config = {\"data_track_clickback\":false,\"data_track_addressbar\":false,\"data_track_textcopy\":false};\n<\/script><script type=\"text\/javascript\" src=\"\/\/s7.addthis.com\/js\/250\/addthis_widget.js#pubid=a457a6d63fb9e6ccabdde4110343bd85\"><\/script>","protected":false},"excerpt":{"rendered":"<p><span style=\"font-size: large;\">Enjeux \u00e9conomiques, notre leitmotiv<\/span><span style=\"font-size: x-large;\"><\/span><span style=\"color: #660099;\"><span style=\"text-decoration: underline;\">\u00c0 propos \u2013 Carrefour d&rsquo;Alliance: Affaires et Diversit\u00e9-Qu\u00e9bec<\/span><\/span><\/p>\n<blockquote>\n<p><cite><span style=\"color: #006621;\"><span style=\"font-family: arial, sans-serif;\"><span>caad-qc.com\/a-propos\/<\/span><\/span><\/span><\/cite><\/p>\n<\/blockquote>\n<p align=\"LEFT\">\n<p align=\"LEFT\"><span style=\"color: #800000;\">Par Christian Martin<\/span><\/p>\n<blockquote>\n<p> <span style=\"color: #1a0dab;\"><span style=\"font-family: arial, sans-serif;\"><span>Translate this page<\/span><\/span><\/span><\/p>\n<\/blockquote>\n<blockquote>\n<p><span style=\"color: #545454;\"><span style=\"font-family: arial, sans-serif;\"><span style=\"font-size: medium;\">D\u00c9FINITION. Association \u00e0 but non lucratif. Alliance Gens d&rsquo;affaires et r\u00e9seau culturel pour d\u00e9battre des enjeux \u00e9conomiques concernant <\/span><\/span><\/span><\/p>\n<p>&hellip;<\/p><\/blockquote>\n","protected":false},"author":1,"featured_media":0,"comment_status":"open","ping_status":"open","sticky":false,"template":"","format":"standard","meta":{"footnotes":""},"categories":[1],"tags":[],"class_list":["post-14467","post","type-post","status-publish","format-standard","hentry","category-accueil"],"_links":{"self":[{"href":"http:\/\/www.lecarrefourdesopinions.ca\/index.php?rest_route=\/wp\/v2\/posts\/14467","targetHints":{"allow":["GET"]}}],"collection":[{"href":"http:\/\/www.lecarrefourdesopinions.ca\/index.php?rest_route=\/wp\/v2\/posts"}],"about":[{"href":"http:\/\/www.lecarrefourdesopinions.ca\/index.php?rest_route=\/wp\/v2\/types\/post"}],"author":[{"embeddable":true,"href":"http:\/\/www.lecarrefourdesopinions.ca\/index.php?rest_route=\/wp\/v2\/users\/1"}],"replies":[{"embeddable":true,"href":"http:\/\/www.lecarrefourdesopinions.ca\/index.php?rest_route=%2Fwp%2Fv2%2Fcomments&post=14467"}],"version-history":[{"count":1,"href":"http:\/\/www.lecarrefourdesopinions.ca\/index.php?rest_route=\/wp\/v2\/posts\/14467\/revisions"}],"predecessor-version":[{"id":14470,"href":"http:\/\/www.lecarrefourdesopinions.ca\/index.php?rest_route=\/wp\/v2\/posts\/14467\/revisions\/14470"}],"wp:attachment":[{"href":"http:\/\/www.lecarrefourdesopinions.ca\/index.php?rest_route=%2Fwp%2Fv2%2Fmedia&parent=14467"}],"wp:term":[{"taxonomy":"category","embeddable":true,"href":"http:\/\/www.lecarrefourdesopinions.ca\/index.php?rest_route=%2Fwp%2Fv2%2Fcategories&post=14467"},{"taxonomy":"post_tag","embeddable":true,"href":"http:\/\/www.lecarrefourdesopinions.ca\/index.php?rest_route=%2Fwp%2Fv2%2Ftags&post=14467"}],"curies":[{"name":"wp","href":"https:\/\/api.w.org\/{rel}","templated":true}]}}