{"id":1436,"date":"2010-03-25T00:15:53","date_gmt":"2010-03-25T04:15:53","guid":{"rendered":"http:\/\/www.lecarrefourdesopinions.ca\/?p=1436"},"modified":"2010-04-28T21:56:50","modified_gmt":"2010-04-29T01:56:50","slug":"taxage-fait-par-l%e2%80%99autorite","status":"publish","type":"post","link":"http:\/\/www.lecarrefourdesopinions.ca\/?p=1436","title":{"rendered":"Taxage fait par l\u2019autorit\u00e9"},"content":{"rendered":"<p><strong>Taxage fait par l\u2019autorit\u00e9<\/strong><\/p>\n<p><a href=\"http:\/\/www.lecarrefourdesopinions.ca\/wp-content\/uploads\/2010\/03\/photo3-z\u00e9non5.jpg\"><img loading=\"lazy\" decoding=\"async\" class=\"alignleft size-thumbnail wp-image-1437\" title=\"photo3 z\u00e9non\" src=\"http:\/\/www.lecarrefourdesopinions.ca\/wp-content\/uploads\/2010\/03\/photo3-z\u00e9non5-130x107.jpg\" alt=\"\" width=\"130\" height=\"107\" \/><\/a> <span style=\"color: #0000ff;\"><em>par Z\u00e9non Mazur <\/em> <\/span><\/p>\n<p>&nbsp;<\/p>\n<p>&nbsp;<\/p>\n<p style=\"text-align: justify;\">P\u00e9riodiquement, nous sommes secou\u00e9s par des nouvelles sur le taxage dans nos \u00e9coles. Nous sommes tous unanimes pour condamner cette proc\u00e9dure ignoble et criminelle allant \u00e0 l\u2019encontre de nos valeurs morales. Le plus triste est le fait que l\u2019\u00e2ge\u00a0 de ces d\u00e9linquants<\/p>\n<p style=\"text-align: justify;\">les qualifie comme des apprentis de futurs criminels. Certains disent que c\u2019est un ph\u00e9nom\u00e8ne de la soci\u00e9t\u00e9 actuelle. Pour que le ph\u00e9nom\u00e8ne se produise, il y a des circonstances favorables \u00e0 sa f\u00e9condit\u00e9. Nous vivons dans une \u00e9poque o\u00f9 la valeur de l\u2019autorit\u00e9 est en chute libre; de plus, la contestation est presque permanente.<\/p>\n<p style=\"text-align: justify;\">\n<p style=\"text-align: justify;\">Il n\u2019est pas n\u00e9cessaire de faire des manifestations ou de construire des barricades. La pire forme de r\u00e9action est la r\u00e9action passive. Comme exemple, prenons le mouvement de Solidarnosc. Leur succ\u00e8s r\u00e9sulte de leur r\u00e9sistance passive. Voyez le r\u00e9sultat\u00a0: la faillite du syst\u00e8me communiste en Europe.<\/p>\n<p style=\"text-align: justify;\">\n<p style=\"text-align: justify;\">Actuellement nous sommes en pr\u00e9sence d\u2019une situation extr\u00eamement d\u00e9licate et dangereuse \u00e0 court terme\u00a0: ceci se traduit par le m\u00e9pris envers la classe dirigeante, c\u2019est-\u00e0-dire nos politiciens. Leur cote de respect, selon plusieurs sondages, les\u00a0 situe \u00e0 la fin de la liste.\u00a0 Ces sondages ne font pas la distinction entre le pouvoir et l\u2019opposition. Donc, nous pouvons pr\u00e9sumer que c\u2019est une opinion g\u00e9n\u00e9rale sur l\u2019ensemble de la classe politique.<\/p>\n<p style=\"text-align: justify;\">\n<p style=\"text-align: justify;\">D\u2019o\u00f9 la question\u00a0:\u00a0 qui est responsable d\u2019une telle perception ? La r\u00e9ponse est facile\u00a0: <strong>eux-m\u00eames<\/strong>. Le vendredi 19 mars 2010, \u00e0 l\u2019\u00e9mission de Mario Dumont, j\u2019ai vu un document affich\u00e9 au poste de police o\u00f9 on demande aux policiers de faire leur quota de contraventions ! Jusque l\u00e0, je pensais que c\u2019\u00e9tait une l\u00e9gende urbaine. H\u00e9las ! <strong>C\u2019EST LA R\u00c9ALIT\u00c9 !<\/strong><\/p>\n<p style=\"text-align: justify;\">\n<p style=\"text-align: justify;\">Je suis convaincu que ce n\u2019est pas une initiative de commandant de poste. La directive vient de haut. Donc du pouvoir politique.<\/p>\n<p style=\"text-align: justify;\">\n<p style=\"text-align: justify;\">Au moment o\u00f9 les fond\u00e9s de pouvoir contournent l\u2019esprit de la loi par des paraboles oratoires et des directives plus que contestables, ils perdent leur cr\u00e9dibilit\u00e9 et je dirais leur l\u00e9gitimit\u00e9. Au moment o\u00f9 le pouvoir force un policier \u00e0 devenir un percepteur de taxes, le pouvoir an\u00e9antit la cr\u00e9dibilit\u00e9 du gardien de la paix et du respect des lois. Les policiers sont form\u00e9s pour prot\u00e9ger la soci\u00e9t\u00e9 des criminels et d\u00e9linquants, non pour devenir des agents de perception, voire m\u00eame\u00a0 parfois d\u2019escroqueries sous la couverture de l\u2019autorit\u00e9.<\/p>\n<p style=\"text-align: justify;\">\n<p style=\"text-align: justify;\">Mesdames les politiciennes et Messieurs les politiciens, je vous souhaite une minute de r\u00e9flexion constructive sur vos m\u00e9thodes de gouvernance. Prenez aussi quelques minutes pour feuilleter des livres d\u2019histoire, car, selon un vieux dicton\u00a0: l\u2019histoire se r\u00e9p\u00e8te avec de cons\u00e9quences dramatiques.<\/p>\n<p>Comme pour Solidarnosc, ma r\u00e9action n\u2019est pas violente, mais passive et civilis\u00e9e\u00a0: c\u2019est le texte que vous venez de lire.<\/p>\n<p><strong><span style=\"color: #0000ff;\">N\u2019oubliez jamais que le respect n\u2019est pas d\u00fb \u2013 il se m\u00e9rite.<\/span><\/strong><\/p>\n<p><a href=\"http:\/\/www.lecarrefourdesopinions.ca\/wp-content\/uploads\/2010\/03\/pub-jean-lalibert\u00e9.jpg\"><img loading=\"lazy\" decoding=\"async\" class=\"alignleft size-large wp-image-1454\" title=\"pub jean lalibert\u00e9\" src=\"http:\/\/www.lecarrefourdesopinions.ca\/wp-content\/uploads\/2010\/03\/pub-jean-lalibert\u00e9-1024x480.jpg\" alt=\"\" width=\"450\" height=\"210\" srcset=\"http:\/\/www.lecarrefourdesopinions.ca\/wp-content\/uploads\/2010\/03\/pub-jean-lalibert\u00e9-1024x480.jpg 1024w, http:\/\/www.lecarrefourdesopinions.ca\/wp-content\/uploads\/2010\/03\/pub-jean-lalibert\u00e9-300x140.jpg 300w, http:\/\/www.lecarrefourdesopinions.ca\/wp-content\/uploads\/2010\/03\/pub-jean-lalibert\u00e9-400x187.jpg 400w, http:\/\/www.lecarrefourdesopinions.ca\/wp-content\/uploads\/2010\/03\/pub-jean-lalibert\u00e9.jpg 1071w\" sizes=\"auto, (max-width: 450px) 100vw, 450px\" \/><\/a><\/p>\n<script type=\"text\/javascript\">\n\nvar addthis_config = {\"data_track_clickback\":false,\"data_track_addressbar\":false,\"data_track_textcopy\":false};\n<\/script><script type=\"text\/javascript\" src=\"\/\/s7.addthis.com\/js\/250\/addthis_widget.js#pubid=a457a6d63fb9e6ccabdde4110343bd85\"><\/script>","protected":false},"excerpt":{"rendered":"<p>Taxage fait par l\u2019autorit\u00e9<\/p>\n<p> <span style=\"color: #0000ff;\">par Z\u00e9non Mazur  <\/span><\/p>\n<p>&nbsp;<\/p>\n<p>&nbsp;<\/p>\n<p style=\"text-align: justify;\">P\u00e9riodiquement, nous sommes secou\u00e9s par des nouvelles sur le taxage dans nos \u00e9coles. Nous sommes tous unanimes pour condamner cette proc\u00e9dure ignoble et criminelle allant \u00e0 l\u2019encontre de &hellip;<\/p>\n","protected":false},"author":1,"featured_media":1437,"comment_status":"open","ping_status":"open","sticky":false,"template":"","format":"standard","meta":{"footnotes":""},"categories":[8],"tags":[],"class_list":["post-1436","post","type-post","status-publish","format-standard","has-post-thumbnail","hentry","category-reserve"],"_links":{"self":[{"href":"http:\/\/www.lecarrefourdesopinions.ca\/index.php?rest_route=\/wp\/v2\/posts\/1436","targetHints":{"allow":["GET"]}}],"collection":[{"href":"http:\/\/www.lecarrefourdesopinions.ca\/index.php?rest_route=\/wp\/v2\/posts"}],"about":[{"href":"http:\/\/www.lecarrefourdesopinions.ca\/index.php?rest_route=\/wp\/v2\/types\/post"}],"author":[{"embeddable":true,"href":"http:\/\/www.lecarrefourdesopinions.ca\/index.php?rest_route=\/wp\/v2\/users\/1"}],"replies":[{"embeddable":true,"href":"http:\/\/www.lecarrefourdesopinions.ca\/index.php?rest_route=%2Fwp%2Fv2%2Fcomments&post=1436"}],"version-history":[{"count":5,"href":"http:\/\/www.lecarrefourdesopinions.ca\/index.php?rest_route=\/wp\/v2\/posts\/1436\/revisions"}],"predecessor-version":[{"id":2773,"href":"http:\/\/www.lecarrefourdesopinions.ca\/index.php?rest_route=\/wp\/v2\/posts\/1436\/revisions\/2773"}],"wp:featuredmedia":[{"embeddable":true,"href":"http:\/\/www.lecarrefourdesopinions.ca\/index.php?rest_route=\/wp\/v2\/media\/1437"}],"wp:attachment":[{"href":"http:\/\/www.lecarrefourdesopinions.ca\/index.php?rest_route=%2Fwp%2Fv2%2Fmedia&parent=1436"}],"wp:term":[{"taxonomy":"category","embeddable":true,"href":"http:\/\/www.lecarrefourdesopinions.ca\/index.php?rest_route=%2Fwp%2Fv2%2Fcategories&post=1436"},{"taxonomy":"post_tag","embeddable":true,"href":"http:\/\/www.lecarrefourdesopinions.ca\/index.php?rest_route=%2Fwp%2Fv2%2Ftags&post=1436"}],"curies":[{"name":"wp","href":"https:\/\/api.w.org\/{rel}","templated":true}]}}