{"id":14198,"date":"2017-09-13T10:02:54","date_gmt":"2017-09-13T14:02:54","guid":{"rendered":"http:\/\/www.lecarrefourdesopinions.ca\/?p=14198"},"modified":"2017-09-13T10:02:55","modified_gmt":"2017-09-13T14:02:55","slug":"une-telle-demarche-nest-pas-de-leur-nature","status":"publish","type":"post","link":"http:\/\/www.lecarrefourdesopinions.ca\/?p=14198","title":{"rendered":"Une telle D\u00e9marche, n\u2019est pas de leur Nature."},"content":{"rendered":"<p align=\"CENTER\"><em><span style=\"color: #632423;\"><span style=\"font-family: 'Comic Sans MS';\"><span style=\"font-size: large;\">Une telle D\u00e9marche, n\u2019est pas de leur Nature.<\/span><\/span><\/span><\/em><\/p>\n<p align=\"JUSTIFY\"><span style=\"color: #632423;\">\u00a0<\/span><\/p>\n<p align=\"JUSTIFY\"><span style=\"color: #632423;\"><span style=\"font-family: 'Comic Sans MS';\"><span style=\"font-size: large;\">Faire un Don, faire un Legs, pour leur porter Secours, n\u2019est-ce pas leur faire Offense, davantage qu\u2019on ne cro\u00eet.<\/span><\/span><\/span><\/p>\n<p align=\"JUSTIFY\"><span style=\"color: #632423;\">\u00a0<\/span><\/p>\n<p align=\"CENTER\"><img loading=\"lazy\" decoding=\"async\" class=\"alignnone size-medium wp-image-14207\" title=\"F 1 Me\" src=\"http:\/\/www.lecarrefourdesopinions.ca\/wp-content\/uploads\/2017\/09\/F-1-Me-246x300.jpg\" alt=\"\" width=\"246\" height=\"300\" srcset=\"http:\/\/www.lecarrefourdesopinions.ca\/wp-content\/uploads\/2017\/09\/F-1-Me-246x300.jpg 246w, http:\/\/www.lecarrefourdesopinions.ca\/wp-content\/uploads\/2017\/09\/F-1-Me.jpg 661w\" sizes=\"auto, (max-width: 246px) 100vw, 246px\" \/><\/p>\n<p align=\"CENTER\"><strong><span style=\"font-size: large;\">F1\u00a0: <\/span><\/strong><em><span style=\"color: #c00000;\"><span style=\"font-size: large;\">Ce Bijou d\u2019\u00cele de nos Vacances.<\/span><\/span><\/em><\/p>\n<p align=\"JUSTIFY\"><span style=\"color: #632423;\">\u00a0<\/span><\/p>\n<p align=\"JUSTIFY\"><span style=\"color: #632423;\">\u00a0<\/span><\/p>\n<p align=\"JUSTIFY\"><span style=\"color: #632423;\"><span style=\"font-family: 'Comic Sans MS';\"><span style=\"font-size: large;\">Faire un Don, faire un legs, pour leur porter Secours,<\/span><\/span><\/span><\/p>\n<p align=\"JUSTIFY\"><span style=\"color: #632423;\"><span style=\"font-family: 'Comic Sans MS';\"><span style=\"font-size: large;\">N\u2019est-ce pas leur faire Offense au-del\u00e0 m\u00eame du supportable.<\/span><\/span><\/span><\/p>\n<p style=\"text-align: center;\" align=\"JUSTIFY\"><span style=\"color: #632423;\">\u00a0<\/span><\/p>\n<p style=\"text-align: center;\" align=\"JUSTIFY\"><span style=\"color: #632423;\"><img loading=\"lazy\" decoding=\"async\" class=\"alignnone size-medium wp-image-14199\" title=\"F2   Meurtri une fois encore par la fureur des Ondes et des Vents\" src=\"http:\/\/www.lecarrefourdesopinions.ca\/wp-content\/uploads\/2017\/09\/F2-Meurtri-une-fois-encore-par-la-fureur-des-Ondes-et-des-Vents-300x133.jpg\" alt=\"\" width=\"300\" height=\"133\" srcset=\"http:\/\/www.lecarrefourdesopinions.ca\/wp-content\/uploads\/2017\/09\/F2-Meurtri-une-fois-encore-par-la-fureur-des-Ondes-et-des-Vents-300x133.jpg 300w, http:\/\/www.lecarrefourdesopinions.ca\/wp-content\/uploads\/2017\/09\/F2-Meurtri-une-fois-encore-par-la-fureur-des-Ondes-et-des-Vents-400x178.jpg 400w, http:\/\/www.lecarrefourdesopinions.ca\/wp-content\/uploads\/2017\/09\/F2-Meurtri-une-fois-encore-par-la-fureur-des-Ondes-et-des-Vents.jpg 973w\" sizes=\"auto, (max-width: 300px) 100vw, 300px\" \/>\u00a0<\/span><\/p>\n<p align=\"CENTER\"><strong><span style=\"font-size: large;\">F2\u00a0: <\/span><\/strong><em><span style=\"color: #c00000;\"><span style=\"font-size: large;\">Meurtri une fois encore par la fureur des Ondes et des Vents.<\/span><\/span><\/em><\/p>\n<p align=\"JUSTIFY\"><span style=\"color: #632423;\">\u00a0<\/span><\/p>\n<p align=\"JUSTIFY\"><span style=\"color: #632423;\">\u00a0<\/span><\/p>\n<p align=\"JUSTIFY\"><span style=\"color: #632423;\"><span style=\"font-family: 'Comic Sans MS';\"><span style=\"font-size: large;\">\u00ab\u00a0L\u00e0 o\u00f9 passe le Roi, que devrait-il manquer.<\/span><\/span><\/span><\/p>\n<p align=\"JUSTIFY\"><span style=\"color: #632423;\"><span style=\"font-family: 'Comic Sans MS';\"><span style=\"font-size: large;\">Et n\u2019est-ce pas un Crime, de L\u00e8se Majest\u00e9,<\/span><\/span><\/span><\/p>\n<p align=\"JUSTIFY\"><span style=\"color: #632423;\"><span style=\"font-family: 'Comic Sans MS';\"><span style=\"font-size: large;\">Que de dire faites un Don, que de dire Faites un Legs l\u00e0 ou passe le Roi qui Assume ses Devoirs envers ceux qui ne lui demandent rien.<\/span><\/span><\/span><\/p>\n<p align=\"JUSTIFY\"><span style=\"color: #632423;\"><span style=\"font-family: 'Comic Sans MS';\"><span style=\"font-size: large;\">C\u2019est au Prince d\u2019Appr\u00e9cier et d\u2019y pourvoir,<\/span><\/span><\/span><\/p>\n<p align=\"JUSTIFY\"><span style=\"color: #632423;\"><span style=\"font-family: 'Comic Sans MS';\"><span style=\"font-size: large;\">Sans que les Officines ne viennent y mettre le nez comme la Confusion par leurs Avis Trompeurs et leurs Carnassi\u00e8res de Lycaons.<\/span><\/span><\/span><\/p>\n<p align=\"JUSTIFY\"><span style=\"color: #632423;\">\u00a0<\/span><\/p>\n<p align=\"JUSTIFY\"><span style=\"color: #632423;\"><span style=\"font-family: 'Comic Sans MS';\"><span style=\"font-size: large;\">L\u00e0 o\u00f9 passe le Roi, rien ne devrait manquer,<\/span><\/span><\/span><\/p>\n<p align=\"JUSTIFY\"><em><span style=\"color: #632423;\"><span style=\"font-family: Arial, sans-serif;\"><span style=\"font-size: large;\">Then the Pigs, all living on the fat of others,<\/span><\/span><\/span><\/em><\/p>\n<p align=\"JUSTIFY\"><em><span style=\"color: #632423;\"><span style=\"font-family: Arial, sans-serif;\"><span style=\"font-size: large;\">Asking for donations for certain charities<\/span><\/span><\/span><\/em><\/p>\n<p align=\"JUSTIFY\"><em><span style=\"color: #632423;\"><span style=\"font-family: Arial, sans-serif;\"><span style=\"font-size: large;\">Are a shame that must be reproved.<\/span><\/span><\/span><\/em><\/p>\n<p align=\"JUSTIFY\"><span style=\"color: #632423;\">\u00a0<\/span><\/p>\n<p align=\"JUSTIFY\"><span style=\"color: #632423;\"><span style=\"font-family: 'Comic Sans MS';\"><span style=\"font-size: large;\">Le Saint-Barth ne compte pas sur cette Charit\u00e9 devenue \u00e0 la Mode, au Rang d\u2019Institution.\u00a0\u00bb<\/span><\/span><\/span><\/p>\n<p align=\"JUSTIFY\"><span style=\"color: #632423;\">\u00a0<img loading=\"lazy\" decoding=\"async\" class=\"alignnone size-full wp-image-14153\" title=\"Sans titre\" src=\"http:\/\/www.lecarrefourdesopinions.ca\/wp-content\/uploads\/2017\/09\/Sans-titre.png\" alt=\"\" width=\"134\" height=\"107\" \/><\/span><\/p>\n<p align=\"JUSTIFY\"><span style=\"color: #632423;\"><span style=\"font-family: 'Comic Sans MS';\"><span style=\"font-size: large;\">\u00c9ric EG Nogard<\/span><\/span><\/span><\/p>\n<p align=\"JUSTIFY\"><em><span style=\"color: #c00000;\"><span style=\"font-size: large;\">Chroniqueur<\/span><\/span><\/em><span style=\"color: #c00000;\"><span style=\"font-size: large;\">.<\/span><\/span><\/p>\n<p align=\"CENTER\">\n<p align=\"CENTER\"><span style=\"color: #632423;\"><span style=\"font-size: large;\">***\u00a0\u00a0\u00a0\u00a0 ***\u00a0\u00a0\u00a0\u00a0 ***<\/span><\/span><\/p>\n<p align=\"CENTER\"><span style=\"color: #632423;\"><span style=\"font-size: large;\">***\u00a0\u00a0\u00a0\u00a0 ***\u00a0\u00a0\u00a0\u00a0 ***<\/span><\/span><\/p>\n<p>&nbsp;<\/p>\n<p><em><span style=\"color: #000099;\"><span>Une telle D\u00e9marche, n\u2019est pas de leur Nature.<\/span><\/span><\/em><\/p>\n<p><em><span style=\"color: #000099;\">\u00a0<\/span><\/em><\/p>\n<p><em><span style=\"color: #000099;\">\u00a0<\/span><\/em><\/p>\n<p align=\"JUSTIFY\"><strong><span style=\"font-family: 'Comic Sans MS';\"><span style=\"font-size: large;\">Faites un Don\u00a0! Faites un Legs\u00a0! Pour leur porter Secours\u00a0?<\/span><\/span><\/strong><\/p>\n<p align=\"JUSTIFY\"><strong><span style=\"font-family: 'Comic Sans MS';\"><span style=\"font-size: large;\">Pour quoi les prendrait-on, seraient-ils des Mendiants.<\/span><\/span><\/strong><\/p>\n<p align=\"JUSTIFY\">\n<p align=\"JUSTIFY\"><span style=\"font-family: 'Comic Sans MS';\"><span style=\"font-size: large;\">Elles, Ithaque dans les Isles Ioniennes et Saint Barthelemy, en Mer des Cara\u00efbes\u2026 petites \u00eeles de Courageux p\u00eacheurs, \u00e9leveurs de ch\u00e8vres, de moutons, et de petits cochons.<\/span><\/span><\/p>\n<p align=\"JUSTIFY\">\n<p align=\"JUSTIFY\"><span style=\"font-family: 'Comic Sans MS';\"><span style=\"font-size: large;\">Que leur manquerait-il pour \u00eatre s\u0153urs jumelles, \u00e0 moins que l\u2019une ne soit la Fille de l\u2019autre.<\/span><\/span><\/p>\n<p align=\"JUSTIFY\">\n<p align=\"JUSTIFY\">\n<p align=\"JUSTIFY\"><strong><span style=\"font-size: large;\">L\u2019une et l\u2019autre \u00e9tant depuis toujours l\u2019objet des Caprices les plus inattendus, que d\u2019\u00c9ole, que de Pos\u00e9idon, ce fr\u00e8re de Zeus, fils de la Terre.<\/span><\/strong><\/p>\n<p align=\"JUSTIFY\">\n<p align=\"JUSTIFY\"><span style=\"font-size: large;\">L\u2019un et l\u2019autre s\u2019accordant pour mettre en furie, et les Ondes et les Vents dont-ils sont les Ma\u00eetres, contre ces \u00ab\u00a0<\/span><em><span style=\"font-family: Arial, sans-serif;\"><span style=\"font-size: large;\">Isolas\u00a0<\/span><\/span><\/em><span style=\"font-size: large;\">\u00bb si faibles et d\u00e9munies, elles comme leurs Gens\u2026 Faibles mais Indomptables et toujours fiers.<\/span><\/p>\n<p align=\"JUSTIFY\">\n<p align=\"JUSTIFY\">\n<p align=\"JUSTIFY\"><strong><span style=\"font-size: large;\">Hom\u00e8re nous en a dit quelque chose dans l\u2019Odyss\u00e9e d\u2019Ulysse.<\/span><\/strong><\/p>\n<p align=\"JUSTIFY\">\n<p align=\"JUSTIFY\"><span style=\"font-size: large;\">Que leur manquerait-il pour \u00eatre S\u0153urs Jumelles ou Fille l\u2019une de l\u2019autre, s\u00e9par\u00e9es sans piti\u00e9 par les Ondes et les Vents.<\/span><\/p>\n<p align=\"JUSTIFY\">\n<p align=\"JUSTIFY\">\n<p align=\"JUSTIFY\"><strong><span style=\"font-size: large;\">Deux \u00c9clats de Rochers, l\u2019un ici l\u2019autre l\u00e0, sur lesquels survivent avec Acharnement, Fiert\u00e9 et Noblesse quelques P\u00eacheurs, \u00c9leveurs de Ch\u00e8vres et de Moutons, et de petits Cochons.<\/span><\/strong><\/p>\n<p align=\"JUSTIFY\">\n<p align=\"CENTER\"><img loading=\"lazy\" decoding=\"async\" class=\"alignnone size-medium wp-image-14200\" title=\"F3   La Barque de Peche du   Saint Barth\" src=\"http:\/\/www.lecarrefourdesopinions.ca\/wp-content\/uploads\/2017\/09\/F3-La-Barque-de-Peche-du-Saint-Barth-300x93.jpg\" alt=\"\" width=\"300\" height=\"93\" srcset=\"http:\/\/www.lecarrefourdesopinions.ca\/wp-content\/uploads\/2017\/09\/F3-La-Barque-de-Peche-du-Saint-Barth-300x93.jpg 300w, http:\/\/www.lecarrefourdesopinions.ca\/wp-content\/uploads\/2017\/09\/F3-La-Barque-de-Peche-du-Saint-Barth-400x124.jpg 400w, http:\/\/www.lecarrefourdesopinions.ca\/wp-content\/uploads\/2017\/09\/F3-La-Barque-de-Peche-du-Saint-Barth.jpg 515w\" sizes=\"auto, (max-width: 300px) 100vw, 300px\" \/><\/p>\n<p align=\"CENTER\"><strong><span style=\"font-size: large;\">F3\u00a0: <\/span><\/strong><em><span style=\"color: #c00000;\"><span style=\"font-size: large;\">La Barque de P\u00eache du \u00ab\u00a0Saint-Barth\u00a0\u00bb.<\/span><\/span><\/em><\/p>\n<p align=\"CENTER\">\n<p align=\"JUSTIFY\">\n<p align=\"JUSTIFY\"><span style=\"font-size: large;\">Avec deux Esp\u00e9rances qui leur tiennent jusqu\u2019\u00e0 la moelle des os\u00a0:<\/span><\/p>\n<p align=\"JUSTIFY\">\n<p align=\"JUSTIFY\"><span style=\"font-family: Symbol;\"><span style=\"font-size: large;\">\u00b7<\/span><\/span><span style=\"font-family: Symbol;\"><span style=\"font-size: large;\">\u00a0\u00a0\u00a0\u00a0\u00a0\u00a0\u00a0 <\/span><\/span><span style=\"font-size: large;\">Celle qu\u2019il leur tombe du Ciel juste quelques gouttes d\u2019eau, leurs l\u00e8vres en ont besoin, toujours en grand besoin d\u2019en \u00eatre juste humect\u00e9es.<\/span><\/p>\n<p align=\"JUSTIFY\">\n<p align=\"JUSTIFY\"><span style=\"font-family: Symbol;\"><span style=\"font-size: large;\">\u00b7<\/span><\/span><span style=\"font-family: Symbol;\"><span style=\"font-size: large;\">\u00a0\u00a0\u00a0\u00a0\u00a0\u00a0\u00a0 <\/span><\/span><span style=\"font-size: large;\">Celle qu\u2019\u00e0 force de Laborieux Courage, tout pr\u00e9tendant \u00e0 mariage parviendra \u00e0 se construire sa \u00ab\u00a0Citerne \u00e0 Eau de Pluie\u00a0\u00bb et r\u00e9unir quelques t\u00eates de B\u00e9tail \u2013 moutons, cabris, cochons \u2013 qui l\u2019habilite \u00e0 demander la main de celle dont il est amoureux\u2026 sa P\u00e9n\u00e9lope.<\/span><\/p>\n<p>&nbsp;<\/p>\n<p align=\"JUSTIFY\"><span style=\"font-size: large;\">Sa P\u00e9n\u00e9lope toujours Fid\u00e8le \u00e0 son Ulysse, \u00e0 son Foyer, \u00e0 son Ouvrage, \u00e0 son Rocher.<\/span><\/p>\n<p align=\"JUSTIFY\">\n<p align=\"JUSTIFY\"><span style=\"font-family: Calibri, sans-serif;\"><span style=\"font-size: large;\">Tous, Gens dont on n\u2019entendra jamais dire \u00ab\u00a0<\/span><\/span><em><span style=\"font-family: Calibri, sans-serif;\"><span style=\"font-size: large;\">Rapatriez-moi<\/span><\/span><\/em><span style=\"font-family: Calibri, sans-serif;\"><span style=\"font-size: large;\">\u00a0\u00bb.<\/span><\/span><\/p>\n<p align=\"JUSTIFY\">\n<p align=\"JUSTIFY\">\n<p align=\"JUSTIFY\"><strong><span style=\"font-size: large;\">M\u00eame si les choses ont chang\u00e9 quelque peu ainsi \u2013 Importation de l\u2019Eau par Barges voire Usines de dessalement de l\u2019eau de mer, transports a\u00e9ro-maritimes en incessant progr\u00e8s \u2013 n\u2019est-ce pas encore cela la situation de ces \u00celes, Ithaque dans les \u00celes Ioniennes, Saint Barthelemy en Mer des Cara\u00efbes. <\/span><\/strong><\/p>\n<p align=\"JUSTIFY\">\n<p align=\"CENTER\">\u00a0<img loading=\"lazy\" decoding=\"async\" class=\"alignnone size-medium wp-image-14201\" title=\"F4   Un Plongeon reussi ou un disastrous landing\" src=\"http:\/\/www.lecarrefourdesopinions.ca\/wp-content\/uploads\/2017\/09\/F4-Un-Plongeon-reussi-ou-un-disastrous-landing-300x199.jpg\" alt=\"\" width=\"300\" height=\"199\" srcset=\"http:\/\/www.lecarrefourdesopinions.ca\/wp-content\/uploads\/2017\/09\/F4-Un-Plongeon-reussi-ou-un-disastrous-landing-300x199.jpg 300w, http:\/\/www.lecarrefourdesopinions.ca\/wp-content\/uploads\/2017\/09\/F4-Un-Plongeon-reussi-ou-un-disastrous-landing-400x266.jpg 400w, http:\/\/www.lecarrefourdesopinions.ca\/wp-content\/uploads\/2017\/09\/F4-Un-Plongeon-reussi-ou-un-disastrous-landing.jpg 800w\" sizes=\"auto, (max-width: 300px) 100vw, 300px\" \/><\/p>\n<p align=\"CENTER\"><strong><span style=\"font-size: large;\">F4\u00a0: <\/span><\/strong><em><span style=\"color: #c00000;\"><span style=\"font-size: large;\">Un Plongeon r\u00e9ussi ou un <\/span><\/span><\/em><em><span style=\"color: #c00000;\"><span style=\"font-family: Arial, sans-serif;\"><span style=\"font-size: large;\">disastrous landing<\/span><\/span><\/span><\/em><em><span style=\"color: #c00000;\">\u00a0<\/span><\/em><em><span style=\"color: #c00000;\"><span style=\"font-size: large;\">!<\/span><\/span><\/em><\/p>\n<p align=\"JUSTIFY\">\n<p align=\"JUSTIFY\">\n<p align=\"JUSTIFY\"><span style=\"font-size: large;\">N\u2019avons-nous pas gard\u00e9 pr\u00e9cieusement en m\u00e9moire cette belle Ithaque Carib\u00e9enne des vacances de notre enfance, qu\u2019\u00e9tait Saint-Barth.<\/span><\/p>\n<p align=\"JUSTIFY\">\n<p align=\"JUSTIFY\">\n<p align=\"JUSTIFY\"><strong><span style=\"font-size: large;\">Saint-Barth\u00e9lemy.<\/span><\/strong><\/p>\n<p align=\"JUSTIFY\">\n<p align=\"JUSTIFY\"><span style=\"font-size: large;\">Saint-Barth pour qui la Guadeloupe \u00e9tait \u00ab\u00a0le Continent\u00a0\u00bb tout comme le P\u00e9loponn\u00e8se l\u2019\u00e9tait pour Ithaque.<\/span><\/p>\n<p align=\"JUSTIFY\">\n<p align=\"CENTER\"><img loading=\"lazy\" decoding=\"async\" class=\"alignnone size-medium wp-image-14202\" title=\"F 5 M\" src=\"http:\/\/www.lecarrefourdesopinions.ca\/wp-content\/uploads\/2017\/09\/F-5-M-238x300.jpg\" alt=\"\" width=\"238\" height=\"300\" srcset=\"http:\/\/www.lecarrefourdesopinions.ca\/wp-content\/uploads\/2017\/09\/F-5-M-238x300.jpg 238w, http:\/\/www.lecarrefourdesopinions.ca\/wp-content\/uploads\/2017\/09\/F-5-M-400x503.jpg 400w, http:\/\/www.lecarrefourdesopinions.ca\/wp-content\/uploads\/2017\/09\/F-5-M.jpg 686w\" sizes=\"auto, (max-width: 238px) 100vw, 238px\" \/><\/p>\n<p align=\"CENTER\"><strong><span style=\"font-size: large;\">F5\u00a0: <\/span><\/strong><em><span style=\"color: #c00000;\"><span style=\"font-size: large;\">Saint-Barth, autant dire Capri, celle des \u00celes Cara\u00efbes.<\/span><\/span><\/em><\/p>\n<p align=\"JUSTIFY\">\n<p align=\"JUSTIFY\">\n<p align=\"JUSTIFY\"><strong><span style=\"font-size: large;\">Cette Saint-Barth\u00e9lemy o\u00f9 ma Cousine H\u00e9l\u00e8ne et moi nous pass\u00e2ment nos inoubliables vacances, \u00e0 l\u2019invitation de notre Tante qui y \u00e9tait Religieuse\u2026 S\u0153ur Andr\u00e9e pour les Uns, \u00ab\u00a0Tatie Jo\u00a0\u00bb pour H\u00e9l\u00e8ne, pour tous mes Copains et moi-m\u00eame.<\/span><\/strong><\/p>\n<p align=\"JUSTIFY\">\n<p align=\"JUSTIFY\"><span style=\"font-size: large;\">Cette Saint-Barth, petit Bijou des Isles aux Enfants Fantastiques de Simplicit\u00e9, de Courage et d\u2019Hospitalit\u00e9.<\/span><\/p>\n<p align=\"JUSTIFY\">\n<p align=\"JUSTIFY\">\n<p align=\"JUSTIFY\"><strong><span style=\"font-size: large;\">Ainsi les MAGRAS, les Ulysse des Lieux, toujours aim\u00e9s, respect\u00e9s, consid\u00e9r\u00e9s, et qui toujours l\u2019ont m\u00e9rit\u00e9, m\u00eame au regard de l\u2019\u00c9p\u00e9e d\u2019Achille tellement esp\u00e9r\u00e9e par le Noble Ajax de l\u2019Iliade d\u2019Hom\u00e8re.<\/span><\/strong><\/p>\n<p align=\"JUSTIFY\">\n<p align=\"CENTER\">\u00a0<img loading=\"lazy\" decoding=\"async\" class=\"alignnone size-medium wp-image-14203\" title=\"F6   Bruno MAGRAS et Remy de HAENEN  la Legende de Saint Barth\" src=\"http:\/\/www.lecarrefourdesopinions.ca\/wp-content\/uploads\/2017\/09\/F6-Bruno-MAGRAS-et-Remy-de-HAENEN-la-Legende-de-Saint-Barth-300x144.jpg\" alt=\"\" width=\"300\" height=\"144\" srcset=\"http:\/\/www.lecarrefourdesopinions.ca\/wp-content\/uploads\/2017\/09\/F6-Bruno-MAGRAS-et-Remy-de-HAENEN-la-Legende-de-Saint-Barth-300x144.jpg 300w, http:\/\/www.lecarrefourdesopinions.ca\/wp-content\/uploads\/2017\/09\/F6-Bruno-MAGRAS-et-Remy-de-HAENEN-la-Legende-de-Saint-Barth.jpg 350w\" sizes=\"auto, (max-width: 300px) 100vw, 300px\" \/><\/p>\n<p align=\"CENTER\"><strong><span style=\"font-size: large;\">F6\u00a0: <\/span><\/strong><em><span style=\"color: #c00000;\"><span style=\"font-size: large;\">Bruno MAGRAS et R\u00e9my de HAENEN, la L\u00e9gende de Saint-Barth.<\/span><\/span><\/em><\/p>\n<p align=\"JUSTIFY\">\n<p align=\"JUSTIFY\">\n<p align=\"JUSTIFY\"><span style=\"font-size: large;\">Ainsi R\u00e9my de HAENEN, ce Cascadeur des Airs qui dans son Coucou venait nous chercher de Guadeloupe et nous y amenait au terme d\u2019un \u00ab\u00a0Plongeon de la Mort\u00a0\u00bb du haut de la Falaise donnant acc\u00e8s \u00e0 la Piste d\u2019Atterrissage de Gustavia, la Capitale.<\/span><\/p>\n<p align=\"JUSTIFY\">\n<p align=\"JUSTIFY\"><span style=\"font-size: large;\">Sans quoi la Piste e\u00fbt \u00e9t\u00e9 d\u2019une longueur insuffisante\u2026 elle prend naissance au pied d\u2019une Falaise.<\/span><\/p>\n<p align=\"JUSTIFY\">\n<p style=\"text-align: center;\" align=\"JUSTIFY\"><img loading=\"lazy\" decoding=\"async\" class=\"alignnone size-medium wp-image-14204\" title=\"F 7 M\" src=\"http:\/\/www.lecarrefourdesopinions.ca\/wp-content\/uploads\/2017\/09\/F-7-M-300x101.jpg\" alt=\"\" width=\"300\" height=\"101\" srcset=\"http:\/\/www.lecarrefourdesopinions.ca\/wp-content\/uploads\/2017\/09\/F-7-M-300x101.jpg 300w, http:\/\/www.lecarrefourdesopinions.ca\/wp-content\/uploads\/2017\/09\/F-7-M-1024x345.jpg 1024w, http:\/\/www.lecarrefourdesopinions.ca\/wp-content\/uploads\/2017\/09\/F-7-M-400x135.jpg 400w, http:\/\/www.lecarrefourdesopinions.ca\/wp-content\/uploads\/2017\/09\/F-7-M.jpg 1196w\" sizes=\"auto, (max-width: 300px) 100vw, 300px\" \/><\/p>\n<p align=\"CENTER\"><strong><span style=\"font-size: large;\">F7\u00a0: <\/span><\/strong><em><span style=\"color: #c00000;\"><span style=\"font-size: large;\">Qu\u2019en un sens, qu\u2019en un autre\u2026 la Piste des Audacieux.<\/span><\/span><\/em><\/p>\n<p align=\"JUSTIFY\">\n<p align=\"JUSTIFY\">\n<p align=\"JUSTIFY\">\n<p align=\"JUSTIFY\"><strong><span style=\"font-size: large;\">Sans compter les dangers qu\u2019elle offrait, Bergers et moutons la traversant au gr\u00e9 de leur convenance\u2026 Ce fut le cas bien des fois\u2026 c\u2019\u00e9tait comme \u00e7a et nous l\u2019avons v\u00e9cu.<\/span><\/strong><\/p>\n<p align=\"JUSTIFY\">\n<p align=\"JUSTIFY\"><span style=\"font-size: large;\">R\u00e9my de HAENEN, ce \u00ab\u00a0Monsieur \u00c9den Rock\u00a0\u00bb nous l\u2019a fait vivre dans son Savoir Faire et sa Ma\u00eetrise de Soi.<\/span><\/p>\n<p align=\"JUSTIFY\">\n<p align=\"JUSTIFY\">\n<p align=\"JUSTIFY\"><strong><span style=\"font-size: large;\">Le Bon Cur\u00e9, le P\u00e8re B\u00c9LEK et son Assistante Anastasie, ainsi que la Vieille M\u00e8re, toujours \u00e0 l\u2019article de la Mort, recevant chaque semaine les Saintes Huiles, ce qui ne l\u2019a pas emp\u00each\u00e9e de d\u00e9plorer la perte de bien des Paroissiens qui pensaient la voir partir avant eux, <\/span><\/strong><em><span style=\"font-family: Arial, sans-serif;\"><span style=\"font-size: large;\">for the last Trip<\/span><\/span><\/em><strong><span style=\"font-size: large;\">.\u00a0 <\/span><\/strong><\/p>\n<p align=\"JUSTIFY\">\n<p align=\"JUSTIFY\"><span style=\"font-size: large;\">Comme quoi, n\u2019est-ce pas Dieu qui d\u00e9cide pour ceux qui croient en lui.<\/span><\/p>\n<p align=\"JUSTIFY\">\n<p style=\"text-align: center;\" align=\"CENTER\"><img loading=\"lazy\" decoding=\"async\" class=\"alignnone size-medium wp-image-14205\" title=\"F8     Eden Rock   qui accueillit les plus Grands de la Terre\" src=\"http:\/\/www.lecarrefourdesopinions.ca\/wp-content\/uploads\/2017\/09\/F8-Eden-Rock-qui-accueillit-les-plus-Grands-de-la-Terre-300x201.jpg\" alt=\"\" width=\"300\" height=\"201\" srcset=\"http:\/\/www.lecarrefourdesopinions.ca\/wp-content\/uploads\/2017\/09\/F8-Eden-Rock-qui-accueillit-les-plus-Grands-de-la-Terre-300x201.jpg 300w, http:\/\/www.lecarrefourdesopinions.ca\/wp-content\/uploads\/2017\/09\/F8-Eden-Rock-qui-accueillit-les-plus-Grands-de-la-Terre-400x269.jpg 400w, http:\/\/www.lecarrefourdesopinions.ca\/wp-content\/uploads\/2017\/09\/F8-Eden-Rock-qui-accueillit-les-plus-Grands-de-la-Terre.jpg 840w\" sizes=\"auto, (max-width: 300px) 100vw, 300px\" \/><\/p>\n<p align=\"CENTER\"><strong><span style=\"font-size: large;\">F8\u00a0<\/span><\/strong><em><span style=\"color: #c00000;\"><span style=\"font-size: large;\">: \u00ab\u00a0\u00c9den Rock\u00a0\u00bb qui accueillit les plus Grands de la Terre.<\/span><\/span><\/em><\/p>\n<p align=\"JUSTIFY\">\n<p align=\"JUSTIFY\">\n<p align=\"JUSTIFY\"><strong><span style=\"font-size: large;\">Et tout, et tout et tout.<\/span><\/strong><\/p>\n<p align=\"JUSTIFY\">\n<p align=\"JUSTIFY\"><span style=\"font-size: large;\">Car comment tout dire en l\u2019espace d\u2019une Chronique, sur cette \u00cele Fabuleuse.<\/span><\/p>\n<p align=\"JUSTIFY\">\n<p align=\"JUSTIFY\"><span style=\"font-size: large;\">Et tout ce qui fait de Saint-Barth une <\/span><em><span style=\"font-family: Arial, sans-serif;\"><span style=\"font-size: large;\">Isola de il Paradisio<\/span><\/span><\/em><span style=\"font-size: large;\">. <\/span><\/p>\n<p align=\"CENTER\">\n<p align=\"JUSTIFY\">\n<p align=\"JUSTIFY\"><strong><span style=\"font-family: 'Comic Sans MS';\"><span style=\"font-size: large;\">Et quand nous entendons sur les Ondes Hertzienne ces appels lanc\u00e9s ind\u00e9cemment\u00a0:<\/span><\/span><\/strong><\/p>\n<p align=\"JUSTIFY\">\n<p align=\"JUSTIFY\"><span style=\"font-family: 'Comic Sans MS';\"><span style=\"font-size: large;\">\u00ab\u00a0<\/span><\/span><em><span style=\"font-family: 'Comic Sans MS';\"><span style=\"font-size: large;\">Faites un Don pour Secourir Saint-Barth\u00a0!<\/span><\/span><\/em><span style=\"font-family: 'Comic Sans MS';\"><span style=\"font-size: large;\">\u00a0\u00bb<\/span><\/span><\/p>\n<p align=\"JUSTIFY\">\n<p align=\"JUSTIFY\"><span style=\"font-family: 'Comic Sans MS';\"><span style=\"font-size: large;\">Nous ne pouvons y croire, Saint-Barth en a vu d\u2019Autres et s\u2019en est relev\u00e9e sans geindre ni implorer.<\/span><\/span><\/p>\n<p align=\"JUSTIFY\">\n<p align=\"CENTER\"><img loading=\"lazy\" decoding=\"async\" class=\"alignnone size-medium wp-image-14206\" title=\"F9   Ces Gens ne s agenouillent que devant Dieu    Ceux de la Belle Saint Barth\u00e9lemy\" src=\"http:\/\/www.lecarrefourdesopinions.ca\/wp-content\/uploads\/2017\/09\/F9-Ces-Gens-ne-s-agenouillent-que-devant-Dieu-Ceux-de-la-Belle-Saint-Barth\u00e9lemy-300x225.jpg\" alt=\"\" width=\"300\" height=\"225\" srcset=\"http:\/\/www.lecarrefourdesopinions.ca\/wp-content\/uploads\/2017\/09\/F9-Ces-Gens-ne-s-agenouillent-que-devant-Dieu-Ceux-de-la-Belle-Saint-Barth\u00e9lemy-300x225.jpg 300w, http:\/\/www.lecarrefourdesopinions.ca\/wp-content\/uploads\/2017\/09\/F9-Ces-Gens-ne-s-agenouillent-que-devant-Dieu-Ceux-de-la-Belle-Saint-Barth\u00e9lemy-400x300.jpg 400w, http:\/\/www.lecarrefourdesopinions.ca\/wp-content\/uploads\/2017\/09\/F9-Ces-Gens-ne-s-agenouillent-que-devant-Dieu-Ceux-de-la-Belle-Saint-Barth\u00e9lemy.jpg 501w\" sizes=\"auto, (max-width: 300px) 100vw, 300px\" \/><\/p>\n<p align=\"CENTER\"><strong><span style=\"font-size: large;\">F9\u00a0: <\/span><\/strong><em><span style=\"color: #c00000;\"><span style=\"font-size: large;\">Ces Gens ne s\u2019agenouillent que devant Dieu\u2026<\/span><\/span><\/em><\/p>\n<p align=\"CENTER\"><em><span style=\"color: #c00000;\"><span style=\"font-size: large;\">Ceux de la Belle Saint-Barth\u00e9lemy.<\/span><\/span><\/em><\/p>\n<p align=\"CENTER\">\n<p align=\"JUSTIFY\">\n<p align=\"JUSTIFY\"><strong><span style=\"font-family: 'Comic Sans MS';\"><span style=\"font-size: large;\">Que chacun assume ses Devoirs comme ses Obligations envers elle.<\/span><\/span><\/strong><\/p>\n<p align=\"JUSTIFY\">\n<p align=\"JUSTIFY\"><span style=\"font-family: 'Comic Sans MS';\"><span style=\"font-size: large;\">Sa Parole est un Contrat qu\u2019elle a toujours tenu.<\/span><\/span><\/p>\n<p align=\"JUSTIFY\">\n<p align=\"JUSTIFY\"><span style=\"font-family: 'Comic Sans MS';\"><span style=\"font-size: large;\">Que chacun sache tenir ses Engagements envers Elle.<\/span><\/span><\/p>\n<p align=\"JUSTIFY\">\n<p align=\"JUSTIFY\"><strong><span style=\"font-family: 'Comic Sans MS';\"><span style=\"font-size: large;\">Demander la Charit\u00e9 d\u2019un Don n\u2019est pas de sa Nature.<\/span><\/span><\/strong><\/p>\n<p align=\"JUSTIFY\">\n<p align=\"JUSTIFY\"><span style=\"font-size: large;\">\u00c9ric EG Nogard<\/span><\/p>\n<p align=\"JUSTIFY\"><em><span style=\"color: #c00000;\"><span style=\"font-size: large;\">Chroniqueur<\/span><\/span><\/em><span style=\"color: #c00000;\"><span style=\"font-size: large;\">.<\/span><\/span><\/p>\n<p align=\"JUSTIFY\"><span style=\"color: #c00000;\">\u00a0<\/span><\/p>\n<p align=\"CENTER\"><strong><span style=\"font-size: large;\">***\u00a0\u00a0\u00a0\u00a0 ***\u00a0\u00a0\u00a0\u00a0 ***<\/span><\/strong><\/p>\n<p align=\"CENTER\"><strong><span style=\"color: #ff0000;\">Ne Peut \u00eatre reproduit &#8211; m\u00eame partiellement &#8211;\u00a0 sans l\u2019autorisation de l\u2019Auteur.<\/span><\/strong><\/p>\n<p align=\"CENTER\"><strong><span style=\"font-size: large;\">***\u00a0\u00a0\u00a0\u00a0 ***\u00a0\u00a0\u00a0\u00a0 ***<\/span><\/strong><\/p>\n<p align=\"CENTER\"><strong><span style=\"color: #ff0000;\"><span style=\"font-size: large;\">Nota : <\/span><\/span><\/strong><span style=\"color: #000000;\"><span style=\"font-size: large;\">Nous ne traitons que de Faits et de Noms rendus Publics.<\/span><\/span><\/p>\n<p align=\"CENTER\"><span style=\"color: #000000;\">\u00a0<\/span><\/p>\n<p align=\"CENTER\"><span style=\"color: #000000;\"><span style=\"font-size: large;\">***\u00a0\u00a0\u00a0\u00a0 ***\u00a0\u00a0\u00a0\u00a0 ***<\/span><\/span><\/p>\n<p align=\"JUSTIFY\"><strong><span style=\"text-decoration: underline;\">Liens Sugg\u00e9r\u00e9s\u00a0:<\/span><\/strong><\/p>\n<ul type=\"DISC\">\n<li>\n<p align=\"JUSTIFY\"><a href=\"http:\/\/www.etatsgenerauxdeloutremer.fr\/reflexions\">http:\/\/www.etatsgenerauxdeloutremer.fr\/reflexions<\/a><\/p>\n<\/li>\n<\/ul>\n<p align=\"CENTER\"><strong><span style=\"color: #ff0000;\">\u00a0<\/span><\/strong><\/p>\n<p align=\"CENTER\"><strong>==================================================================<\/strong><\/p>\n<hr \/>\n<p>&nbsp;<\/p>\n<script type=\"text\/javascript\">\n\nvar addthis_config = {\"data_track_clickback\":false,\"data_track_addressbar\":false,\"data_track_textcopy\":false};\n<\/script><script type=\"text\/javascript\" src=\"\/\/s7.addthis.com\/js\/250\/addthis_widget.js#pubid=a457a6d63fb9e6ccabdde4110343bd85\"><\/script>","protected":false},"excerpt":{"rendered":"<p align=\"CENTER\"><span style=\"color: #632423;\"><span style=\"font-family: 'Comic Sans MS';\"><span style=\"font-size: large;\">Une telle D\u00e9marche, n\u2019est pas de leur Nature.<\/span><\/span><\/span><\/p>\n<p align=\"JUSTIFY\"><span style=\"color: #632423;\">\u00a0<\/span><\/p>\n<p align=\"JUSTIFY\"><span style=\"color: #632423;\"><span style=\"font-family: 'Comic Sans MS';\"><span style=\"font-size: large;\">Faire un Don, faire un Legs, pour leur porter Secours, n\u2019est-ce pas leur faire Offense, davantage qu\u2019on ne cro\u00eet.<\/span><\/span><\/span><\/p>\n<p align=\"JUSTIFY\"><span style=\"color: #632423;\">\u00a0<\/span><\/p>\n<p align=\"CENTER\">\n<p align=\"CENTER\"><span style=\"font-size: large;\">F1\u00a0: <\/span><span style=\"color: #c00000;\"><span style=\"font-size: large;\">Ce Bijou d\u2019\u00cele de nos Vacances.<\/span><\/span><\/p>\n<p align=\"JUSTIFY\"><span style=\"color: #632423;\">\u00a0<\/span><\/p>\n<p align=\"JUSTIFY\"><span style=\"color: #632423;\">\u00a0<\/span><\/p>\n<p align=\"JUSTIFY\"><span style=\"color: #632423;\"><span style=\"font-family: 'Comic Sans MS';\"><span style=\"font-size: large;\">Faire un <\/span><\/span><\/span>&hellip;<\/p>\n","protected":false},"author":1,"featured_media":0,"comment_status":"open","ping_status":"open","sticky":false,"template":"","format":"standard","meta":{"footnotes":""},"categories":[1],"tags":[],"class_list":["post-14198","post","type-post","status-publish","format-standard","hentry","category-accueil"],"_links":{"self":[{"href":"http:\/\/www.lecarrefourdesopinions.ca\/index.php?rest_route=\/wp\/v2\/posts\/14198","targetHints":{"allow":["GET"]}}],"collection":[{"href":"http:\/\/www.lecarrefourdesopinions.ca\/index.php?rest_route=\/wp\/v2\/posts"}],"about":[{"href":"http:\/\/www.lecarrefourdesopinions.ca\/index.php?rest_route=\/wp\/v2\/types\/post"}],"author":[{"embeddable":true,"href":"http:\/\/www.lecarrefourdesopinions.ca\/index.php?rest_route=\/wp\/v2\/users\/1"}],"replies":[{"embeddable":true,"href":"http:\/\/www.lecarrefourdesopinions.ca\/index.php?rest_route=%2Fwp%2Fv2%2Fcomments&post=14198"}],"version-history":[{"count":2,"href":"http:\/\/www.lecarrefourdesopinions.ca\/index.php?rest_route=\/wp\/v2\/posts\/14198\/revisions"}],"predecessor-version":[{"id":14209,"href":"http:\/\/www.lecarrefourdesopinions.ca\/index.php?rest_route=\/wp\/v2\/posts\/14198\/revisions\/14209"}],"wp:attachment":[{"href":"http:\/\/www.lecarrefourdesopinions.ca\/index.php?rest_route=%2Fwp%2Fv2%2Fmedia&parent=14198"}],"wp:term":[{"taxonomy":"category","embeddable":true,"href":"http:\/\/www.lecarrefourdesopinions.ca\/index.php?rest_route=%2Fwp%2Fv2%2Fcategories&post=14198"},{"taxonomy":"post_tag","embeddable":true,"href":"http:\/\/www.lecarrefourdesopinions.ca\/index.php?rest_route=%2Fwp%2Fv2%2Ftags&post=14198"}],"curies":[{"name":"wp","href":"https:\/\/api.w.org\/{rel}","templated":true}]}}