{"id":14189,"date":"2017-09-09T15:48:49","date_gmt":"2017-09-09T19:48:49","guid":{"rendered":"http:\/\/www.lecarrefourdesopinions.ca\/?p=14189"},"modified":"2017-09-09T15:48:49","modified_gmt":"2017-09-09T19:48:49","slug":"rappel-et-mise-a-jour-circulaire","status":"publish","type":"post","link":"http:\/\/www.lecarrefourdesopinions.ca\/?p=14189","title":{"rendered":"Rappel et mise \u00e0 jour circulaire"},"content":{"rendered":"<p><span style=\"font-size: x-large;\"><strong>Rappel et mise \u00e0 jour circulaire<\/strong><\/span><\/p>\n<p>&nbsp;<\/p>\n<p><span style=\"font-family: Calibri;\"><span style=\"font-size: large;\"><strong><br \/>To All\/\/ A Tous: Plus que trois jours pour vous inscrire<\/strong><\/span><\/span><\/p>\n<p><span style=\"font-family: Calibri;\"><span style=\"font-size: large;\"><strong>Objet:<span style=\"font-size: x-large;\">&lt;&lt;L&rsquo;\u00c9conomie du Qu\u00e9bec actualis\u00e9e: Perspectives et enjeux internationaux&gt;&gt;<\/span><\/strong><\/span><\/span><\/p>\n<p>\u00a0\u00a0\u00a0 \u00a0\u00a0\u00a0 \u00a0\u00a0\u00a0 \u00a0\u00a0\u00a0 <span style=\"font-family: Calibri;\"><span style=\"font-size: large;\">Fichiers cI-joints, programme, inscription et lien annonce Corim ci-desous<\/span><\/span><\/p>\n<p><a href=\"http:\/\/www.corim.qc.ca\/ftp\/emailings\/collaborations\/2017\/experts_lcg-adm\/20170822_lcg.php?utm_campaign=01044&amp;utm_medium=02&amp;utm_source=0220170822_01044&amp;utm_content=collaboration\"><span style=\"color: #3366ff;\">\u00a0<\/span><\/a><a href=\"http:\/\/www.corim.qc.ca\/ftp\/emailings\/collaborations\/2017\/experts_lcg-adm\/20170822_lcg.php?utm_campaign=01044&amp;utm_medium=02&amp;utm_source=0220170822_01044&amp;utm_content=collaboration\"><span style=\"color: #3366ff;\"><span style=\"font-family: Calibri;\"><span style=\"font-size: x-large;\">http:\/\/www.corim.qc.ca\/ftp\/emailings\/collaborations\/2017\/experts_lcg-adm\/20170822_lcg.php?utm_campaign=01044&amp;utm_medium=02&amp;utm_source=0220170822_01044&amp;utm_content=collaboratio<\/span><\/span><\/span><\/a><\/p>\n<p>&nbsp;<\/p>\n<p><span style=\"font-size: large;\">Le colloque-matin\u00e9e d\u00e9bat se tiendra en Fran\u00e7ais (toute question en langue Anglaise est bien entendue acceptable) le 14 septembre 2017 de 8h30 (inscription) \u00e0 14h \u00e0 L&rsquo;H\u00f4tel Plaza Centre-Ville 777 Blv. Robert Bourassa Montr\u00e9al t\u00e9l\u00e9phone no 514 879 07 18.Le programme joint du colloque matin\u00e9e -d\u00e9bat est explicatif et d\u00e9taill\u00e9. A \u00a0noter toutefois <\/span><span style=\"font-size: large;\"><strong>la pr\u00e9sence d&rsquo;un cameraman<\/strong><\/span><span style=\"font-size: large;\"> et que l&rsquo;inscription pr\u00e9alable est demand\u00e9e par la fiche d&rsquo;inscription jointe ou par courriel au<br \/><\/span><a href=\"mailto:cja.martin@videotron.ca\"><span style=\"font-size: large;\"><strong>&lt;cja.martin@videotron.ca&gt;<\/strong><\/span><\/a><\/p>\n<p><span style=\"font-family: Symbol;\"><span style=\"font-size: large;\">\u00b7<\/span><\/span><\/p>\n<ul>\n<li>\n<p><span style=\"font-size: large;\"><span style=\"font-family: Symbol;\">\u00b7<\/span><span style=\"font-family: Symbol;\">\u00a0\u00a0\u00a0\u00a0\u00a0\u00a0\u00a0 <\/span>Les sujets Affaires et Diversit\u00e9s, d\u2019int\u00e9r\u00eat et d\u2019actualit\u00e9, sont en fait la volont\u00e9 de l&rsquo;ouverture par le monde des affaires vers\u00a0 une reconnaissance participative de la diversit\u00e9 \u00e0 l&rsquo;\u00e9conomie du Qu\u00e9bec<\/span><\/p>\n<\/li>\n<\/ul>\n<ul>\n<li>\n<p><span style=\"font-size: large;\"><span style=\"font-family: Symbol;\">\u00b7<\/span><span style=\"font-family: Symbol;\">\u00a0\u00a0\u00a0\u00a0\u00a0\u00a0\u00a0 <\/span>Plusieurs Banques canadiennes sont connues depuis quelques ann\u00e9es\u00a0 d\u00e9j\u00e0 pour leur leadership \u00e0 la reconnaissance de la Diversit\u00e9 tout\u00a0 comme la (CCI) Chambre de commerce internationale, une organisation mondiale qui confirme maintenant son engagement et son soutien \u00e0 la diversit\u00e9 comme \u00e9l\u00e9ment de croissance \u00e9conomique. (Une premi\u00e8re).<\/span><\/p>\n<\/li>\n<\/ul>\n<ul>\n<li>\n<p><span style=\"font-size: large;\"><span style=\"font-family: Symbol;\">\u00b7<\/span><span style=\"font-family: Symbol;\">\u00a0\u00a0\u00a0\u00a0\u00a0\u00a0\u00a0 <\/span>Par ailleurs, les affaires du commerce international sont dans le contexte actuel d&rsquo;un int\u00e9r\u00eat capital. L\u2019\u00e9volution rapide du n\u00e9goce international incite \u00e0 en discuter et peut-\u00eatre \u00e0 rassurer les gens d\u2019affaires ou \u00e0 mat\u00e9rialiser les points forts vs les questions qui m\u00e9ritent des observations ou des modifications des tendances trop ou pas suffisamment cadr\u00e9es.<\/span><\/p>\n<\/li>\n<\/ul>\n<ul>\n<li>\n<p><span style=\"font-size: large;\"><span style=\"font-family: Symbol;\">\u00b7<\/span><span style=\"font-family: Symbol;\">\u00a0\u00a0\u00a0\u00a0\u00a0\u00a0\u00a0 <\/span>Au regard de la globalisation des march\u00e9s: Pourrais-t- on parler d&rsquo;une aubaine pour le Qu\u00e9bec?<\/span><\/p>\n<\/li>\n<\/ul>\n<p><span style=\"font-size: large;\">Les r\u00e9flexions et suggestions au sein du d\u00e9bat du 14 septembre devraient conduire \u00e0 r\u00e9diger un rapport \u00e0 soumettre aux autorit\u00e9s comp\u00e9tentes en la mati\u00e8re.<\/span><\/p>\n<p><span style=\"font-size: large;\">De visiter le Site-Web <\/span><span style=\"font-family: Calibri;\"><span style=\"font-size: large;\"><strong>Site-Web\u00a0<\/strong><\/span><\/span><span style=\"font-family: Calibri;\"><span style=\"font-size: large;\"> to visit\/\/ \u00e0 visiter:<\/span><\/span><a href=\"http:\/\/caad-qc.com\/\"><span style=\"color: #3333ff;\"><span style=\"font-family: Calibri;\"><span style=\"font-size: large;\"><strong>http:\/\/caad-qc.com\/<\/strong><\/span><\/span><\/span><\/a><span style=\"font-size: large;\"><br \/>\u00a0qui donne l&rsquo;ensemble des objectifs suite \u00e0 la conf\u00e9rence sur les Zones Franches du 25 septembre 2015<\/span><\/p>\n<ul>\n<li>\n<p><span style=\"font-size: large;\">Si vous acceptez\u00a0 de partager cette matin\u00e9e d\u00e9bat, merci de faire vos r\u00e9servations en retournant la fiche d&rsquo;inscription jointe \u00e0 la pr\u00e9sente,<\/span><\/p>\n<\/li>\n<\/ul>\n<ul>\n<li>\n<p><span style=\"font-size: large;\">SVP: Suivre les indications de la fiche d&rsquo;inscription.<\/span><\/p>\n<\/li>\n<\/ul>\n<ul>\n<li>\n<p><span style=\"font-size: large;\">Par cette notification, veuillez noter que vous pouvez\u00a0 b\u00e9n\u00e9ficier de la tarification sp\u00e9ciale collaborateurs soit 110$\u00a0 par personne. (Qui comprend la matin\u00e9e-d\u00e9bat: Petit d\u00e9jeuner, pause-caf\u00e9 et repas du midi)<\/span><\/p>\n<\/li>\n<\/ul>\n<p><span style=\"font-family: Calibri, sans-serif;\"><span style=\"font-size: large;\">Avec mes meilleures salutations<\/span><\/span><\/p>\n<p><span style=\"font-family: Calibri, sans-serif;\"><span style=\"font-size: large;\">Christian Martin<\/span><\/span><\/p>\n<p><span style=\"font-family: Calibri, sans-serif;\"><span style=\"font-size: large;\">514 773 60 86 \u00a0 <\/span><\/span><\/p>\n<p><a href=\"mailto:cja.martin@videotron.ca\"><span style=\"font-size: large;\"><strong>&lt;cja.martin@videotron.ca&gt;<\/strong><\/span><\/a><\/p>\n<p>&nbsp;<\/p><\/p>\n<script type=\"text\/javascript\">\n\nvar addthis_config = {\"data_track_clickback\":false,\"data_track_addressbar\":false,\"data_track_textcopy\":false};\n<\/script><script type=\"text\/javascript\" src=\"\/\/s7.addthis.com\/js\/250\/addthis_widget.js#pubid=a457a6d63fb9e6ccabdde4110343bd85\"><\/script>","protected":false},"excerpt":{"rendered":"<p><span style=\"font-size: x-large;\">Rappel et mise \u00e0 jour circulaire<\/span><\/p>\n<p>&nbsp;<\/p>\n<p><span style=\"font-family: Calibri;\"><span style=\"font-size: large;\">To All\/\/ A Tous: Plus que trois jours pour vous inscrire<\/span><\/span><\/p>\n<p><span style=\"font-family: Calibri;\"><span style=\"font-size: large;\">Objet:<span style=\"font-size: x-large;\">&lt;&lt;L&rsquo;\u00c9conomie du Qu\u00e9bec actualis\u00e9e: Perspectives et enjeux internationaux&gt;&gt;<\/span><\/span><\/span><\/p>\n<p>\u00a0\u00a0\u00a0 \u00a0\u00a0\u00a0 \u00a0\u00a0\u00a0 \u00a0\u00a0\u00a0 <span style=\"font-family: Calibri;\"><span style=\"font-size: large;\">Fichiers cI-joints, programme, inscription et lien annonce Corim ci-desous<\/span><\/span><\/p>\n<p><span style=\"color: #3366ff;\">\u00a0<\/span><span style=\"color: #3366ff;\"><span style=\"font-family: Calibri;\"><span style=\"font-size: x-large;\">http:\/\/www.corim.qc.ca\/ftp\/emailings\/collaborations\/2017\/experts_lcg-adm\/20170822_lcg.php?utm_campaign=01044&amp;utm_medium=02&amp;utm_source=0220170822_01044&amp;utm_content=collaboratio<\/span><\/span><\/span>&hellip;<\/p>\n","protected":false},"author":1,"featured_media":0,"comment_status":"open","ping_status":"open","sticky":false,"template":"","format":"standard","meta":{"footnotes":""},"categories":[1],"tags":[],"class_list":["post-14189","post","type-post","status-publish","format-standard","hentry","category-accueil"],"_links":{"self":[{"href":"http:\/\/www.lecarrefourdesopinions.ca\/index.php?rest_route=\/wp\/v2\/posts\/14189","targetHints":{"allow":["GET"]}}],"collection":[{"href":"http:\/\/www.lecarrefourdesopinions.ca\/index.php?rest_route=\/wp\/v2\/posts"}],"about":[{"href":"http:\/\/www.lecarrefourdesopinions.ca\/index.php?rest_route=\/wp\/v2\/types\/post"}],"author":[{"embeddable":true,"href":"http:\/\/www.lecarrefourdesopinions.ca\/index.php?rest_route=\/wp\/v2\/users\/1"}],"replies":[{"embeddable":true,"href":"http:\/\/www.lecarrefourdesopinions.ca\/index.php?rest_route=%2Fwp%2Fv2%2Fcomments&post=14189"}],"version-history":[{"count":1,"href":"http:\/\/www.lecarrefourdesopinions.ca\/index.php?rest_route=\/wp\/v2\/posts\/14189\/revisions"}],"predecessor-version":[{"id":14190,"href":"http:\/\/www.lecarrefourdesopinions.ca\/index.php?rest_route=\/wp\/v2\/posts\/14189\/revisions\/14190"}],"wp:attachment":[{"href":"http:\/\/www.lecarrefourdesopinions.ca\/index.php?rest_route=%2Fwp%2Fv2%2Fmedia&parent=14189"}],"wp:term":[{"taxonomy":"category","embeddable":true,"href":"http:\/\/www.lecarrefourdesopinions.ca\/index.php?rest_route=%2Fwp%2Fv2%2Fcategories&post=14189"},{"taxonomy":"post_tag","embeddable":true,"href":"http:\/\/www.lecarrefourdesopinions.ca\/index.php?rest_route=%2Fwp%2Fv2%2Ftags&post=14189"}],"curies":[{"name":"wp","href":"https:\/\/api.w.org\/{rel}","templated":true}]}}