{"id":13146,"date":"2016-12-13T09:09:14","date_gmt":"2016-12-13T14:09:14","guid":{"rendered":"http:\/\/www.lecarrefourdesopinions.ca\/?p=13146"},"modified":"2016-12-13T09:14:03","modified_gmt":"2016-12-13T14:14:03","slug":"une-alliance-monsieur-valls-cela-se-passe-au-doigt","status":"publish","type":"post","link":"http:\/\/www.lecarrefourdesopinions.ca\/?p=13146","title":{"rendered":"Une Alliance Monsieur VALLS, cela se Passe au Doigt !"},"content":{"rendered":"<p align=\"CENTER\">\u00a0<em style=\"font-size: large; font-family: 'Comic Sans MS', cursive; color: #632423;\"><strong>Une Alliance Monsieur VALLS, cela se Passe au Doigt\u00a0!<\/strong><\/em><\/p>\n<p align=\"JUSTIFY\">\n<p align=\"JUSTIFY\">\n<p align=\"JUSTIFY\"><img loading=\"lazy\" decoding=\"async\" class=\"alignnone size-full wp-image-12911\" title=\"Eric\" src=\"http:\/\/www.lecarrefourdesopinions.ca\/wp-content\/uploads\/2016\/11\/Eric.jpg\" alt=\"\" width=\"134\" height=\"107\" \/><\/p>\n<p align=\"JUSTIFY\"><span style=\"color: #632423;\"><span style=\"font-family: 'Comic Sans MS', cursive;\"><span style=\"font-size: large;\">\u00c9ric EG Nogard<\/span><\/span><\/span><\/p>\n<p align=\"JUSTIFY\"><span style=\"color: #c00000;\"><span style=\"font-size: large;\"><em>Chroniqueur<\/em><\/span><\/span><span style=\"color: #c00000;\"><span style=\"font-size: large;\">.<\/span><\/span><\/p>\n<p align=\"CENTER\">\n<p align=\"JUSTIFY\"><span style=\"font-size: large;\"><em><strong>Une Alliance Monsieur VALLS, cela se Passe au Doigt\u00a0!<\/strong><\/em><\/span><\/p>\n<p align=\"JUSTIFY\">\n<p align=\"JUSTIFY\">\n<p align=\"JUSTIFY\"><span style=\"font-family: 'Comic Sans MS', cursive;\"><span style=\"font-size: large;\">Voil\u00e0 monsieur VALLS, Candidat \u00e0 la Primaire du parti Socialiste Fran\u00e7ais, en vue de l\u2019\u00c9lection \u00e0 la plus haute Magistrature fran\u00e7aise, dans sa Belle alliance populaire propos\u00e9e au Peuple de France.<\/span><\/span><\/p>\n<p align=\"JUSTIFY\">\n<p align=\"JUSTIFY\">\n<p align=\"CENTER\">\u00a0 \u00a0 \u00a0 \u00a0 \u00a0 \u00a0 \u00a0 \u00a0 \u00a0 \u00a0 \u00a0 \u00a0 \u00a0 \u00a0 \u00a0 \u00a0 \u00a0 \u00a0 \u00a0 \u00a0 \u00a0 \u00a0 \u00a0 \u00a0 \u00a0 \u00a0 \u00a0 \u00a0 \u00a0 \u00a0 \u00a0\u00a0<img loading=\"lazy\" decoding=\"async\" class=\"alignnone size-large wp-image-13155\" title=\"F! Metre\" src=\"http:\/\/www.lecarrefourdesopinions.ca\/wp-content\/uploads\/2016\/12\/F-Metre-1024x512.jpg\" alt=\"\" width=\"450\" height=\"225\" srcset=\"http:\/\/www.lecarrefourdesopinions.ca\/wp-content\/uploads\/2016\/12\/F-Metre-1024x512.jpg 1024w, http:\/\/www.lecarrefourdesopinions.ca\/wp-content\/uploads\/2016\/12\/F-Metre-300x150.jpg 300w, http:\/\/www.lecarrefourdesopinions.ca\/wp-content\/uploads\/2016\/12\/F-Metre-400x200.jpg 400w\" sizes=\"auto, (max-width: 450px) 100vw, 450px\" \/><\/p>\n<p align=\"CENTER\">\n<p align=\"CENTER\"><span style=\"font-size: large;\"><strong>F1\u00a0: <\/strong><\/span><span style=\"color: #c00000;\"><span style=\"font-size: large;\"><em><strong>Mettre la bague au doigt\u2026 ou le dire en l\u2019air\u00a0?..<\/strong><\/em><\/span><\/span><\/p>\n<p align=\"JUSTIFY\">\n<p align=\"JUSTIFY\">\n<p align=\"JUSTIFY\"><span style=\"font-family: 'Comic Sans MS', cursive;\"><span style=\"font-size: large;\">Le voil\u00e0 donc dans son offre \u00ab\u00a0apr\u00e8s m\u00fbre r\u00e9flexion\u00a0\u00bb d\u2019un \u00ab\u00a0Revenu Minimum Universel\u00a0\u00bb \u00e0 sa fa\u00e7on.<\/span><\/span><\/p>\n<p align=\"JUSTIFY\">\n<p align=\"JUSTIFY\">\n<p align=\"CENTER\"><img loading=\"lazy\" decoding=\"async\" class=\"alignnone size-large wp-image-13149\" title=\"F2   A elle qui est trop Riche\" src=\"http:\/\/www.lecarrefourdesopinions.ca\/wp-content\/uploads\/2016\/12\/F2-A-elle-qui-est-trop-Riche-1024x677.jpg\" alt=\"\" width=\"450\" height=\"297\" srcset=\"http:\/\/www.lecarrefourdesopinions.ca\/wp-content\/uploads\/2016\/12\/F2-A-elle-qui-est-trop-Riche-1024x677.jpg 1024w, http:\/\/www.lecarrefourdesopinions.ca\/wp-content\/uploads\/2016\/12\/F2-A-elle-qui-est-trop-Riche-300x198.jpg 300w, http:\/\/www.lecarrefourdesopinions.ca\/wp-content\/uploads\/2016\/12\/F2-A-elle-qui-est-trop-Riche-400x264.jpg 400w, http:\/\/www.lecarrefourdesopinions.ca\/wp-content\/uploads\/2016\/12\/F2-A-elle-qui-est-trop-Riche.jpg 2048w\" sizes=\"auto, (max-width: 450px) 100vw, 450px\" \/><\/p>\n<p align=\"JUSTIFY\">\n<p style=\"text-align: center;\" align=\"JUSTIFY\"><span style=\"font-size: large;\"><strong>F2\u00a0: <\/strong><\/span><span style=\"color: #c00000;\"><span style=\"font-size: large;\"><em><strong>A elle qui est trop Riche\u2026<\/strong><\/em><\/span><\/span><\/p>\n<p align=\"JUSTIFY\">\n<p style=\"text-align: center;\" align=\"JUSTIFY\"><img loading=\"lazy\" decoding=\"async\" class=\"alignnone size-medium wp-image-13150\" title=\"F3       et eux d un autre Lait\" src=\"http:\/\/www.lecarrefourdesopinions.ca\/wp-content\/uploads\/2016\/12\/F3-et-eux-d-un-autre-Lait-300x225.jpg\" alt=\"\" width=\"300\" height=\"225\" \/><\/p>\n<p align=\"JUSTIFY\">\n<p style=\"text-align: center;\" align=\"JUSTIFY\"><span style=\"font-size: large;\"><strong>F3\u00a0: <\/strong><\/span><span style=\"color: #c00000;\"><span style=\"font-size: large;\"><em><strong>\u2026 et eux d\u2019un autre Lait.<\/strong><\/em><\/span><\/span><\/p>\n<p align=\"JUSTIFY\">\n<p align=\"JUSTIFY\">\n<p align=\"JUSTIFY\"><span style=\"font-family: 'Comic Sans MS', cursive;\"><span style=\"font-size: large;\">Un Revenu qui n\u2019irait pas \u2013dit-il \u2013 de Madame Liliane BETTENCOURT, la multimilliardaire qui fait encore la \u00ab\u00a0Une\u00a0\u00bb pour ses amabilit\u00e9s \u00e0 Rebonds Judiciaires \u00e0 \u00c9claboussures Pr\u00e9sidentielles, \u00e0 celui qui est au Ch\u00f4mage, sans Travail, donc sans le Sou, sans le moindre Sou qui vaille.<\/span><\/span><\/p>\n<p align=\"JUSTIFY\">\n<p align=\"JUSTIFY\">\n<p align=\"JUSTIFY\"><span style=\"font-size: large;\"><strong>D\u00e8s-lors, et sans intention de verser dans la moindre vell\u00e9it\u00e9 de chicane s\u00e9mantique.<\/strong><\/span><\/p>\n<p align=\"JUSTIFY\">\n<p align=\"JUSTIFY\"><span style=\"font-size: large;\">* <\/span><span style=\"font-size: large;\"><em><strong>En quoi consisterait au juste l\u2019Universalit\u00e9 de ce Revenu Minimum au regard de la Soci\u00e9t\u00e9 Fran\u00e7aise.<\/strong><\/em><\/span><\/p>\n<p align=\"JUSTIFY\">\n<p align=\"JUSTIFY\"><span style=\"font-size: large;\">Autrement dit, le Peuple de France serait-il, ou une Mosa\u00efque de Fragments Inconciliables, cependant pris par un Mortier que ne supporteraient, ni les uns, ni les autres de ces Fragments.<\/span><\/p>\n<p align=\"JUSTIFY\">\n<p align=\"JUSTIFY\"><span style=\"font-size: large;\">Donc, un Revenu pour les Uns, pas pour Tous.<\/span><\/p>\n<p align=\"JUSTIFY\">\n<p align=\"JUSTIFY\">\n<p align=\"JUSTIFY\"><span style=\"font-size: large;\">&#8211; <\/span><span style=\"font-size: large;\"><em><strong>selon le \u00ab\u00a0Cri d\u2019Alarme\u00a0\u00bb, ou ce Revenu est Universel, donc Vers\u00e9 \u00e0 Tous, ou il ne l\u2019est pas.<\/strong><\/em><\/span><\/p>\n<p align=\"JUSTIFY\">\n<p align=\"JUSTIFY\"><span style=\"font-size: large;\">Ne faisons pas mentir les mots.<\/span><\/p>\n<p align=\"JUSTIFY\">\n<p align=\"JUSTIFY\"><span style=\"font-size: large;\">Ce Revenu doit \u00eatre Vers\u00e9 \u00e0 tous comme est donn\u00e9e l\u2019Hostie qui fait de nous les Fils d\u2019une M\u00e8re Commune la Patrie\u2026 Comme son Lait fut donn\u00e9 \u00e9galement par la Louve \u00e0 Romulus et Remus qui firent d\u2019elle leur M\u00e8re Nourrici\u00e8re.<\/span><\/p>\n<p align=\"JUSTIFY\">\n<p align=\"JUSTIFY\"><span style=\"font-size: large;\">Ce Revenu e\u00fbt fait peut-\u00eatre de Monsieur Nicolas SARKOZY, autre chose qu\u2019un Pique-Assiettes, lui qu\u2019on donne pour se faire inviter \u00ab\u00a0Gratis\u00a0\u00bb \u00e0 toutes les Tables, hors de France et de Navarre.<\/span><\/p>\n<p align=\"JUSTIFY\">\n<p align=\"JUSTIFY\">\n<p align=\"JUSTIFY\"><span style=\"font-size: large;\">* <\/span><span style=\"font-size: large;\"><em><strong>En quoi ce Revenu trouverait-il sa Justification, selon Manuel VALLS.<\/strong><\/em><\/span><\/p>\n<p align=\"JUSTIFY\">\n<p align=\"JUSTIFY\"><span style=\"font-size: large;\">Peut-on Concevoir un Revenu qui ne soit, ni la R\u00e9mun\u00e9ration d\u2019un Travail, ni le Fruit d\u2019une Mise \u00e0 Disposition, tels un Capital, un Domaine ou un droit\u2026 m\u00eame le Droit de P\u00eacher un Carpillon, de chasser une Alouette, de puiser une Poign\u00e9e de Sable pour les besoins de son chat.<\/span><\/p>\n<p align=\"JUSTIFY\">\n<p align=\"JUSTIFY\"><span style=\"font-size: large;\">Car la Carpe, l\u2019Alouette et le Sable pour la Crotte du chat ne sont ni l\u2019invention, ni l\u2019\u0153uvre de Personne, ils sont de la Plan\u00e8te, nous en sommes Tous Usufruitiers\u2026 cependant que\u00a0!<\/span><\/p>\n<p align=\"CENTER\">\n<p align=\"CENTER\">\n<p align=\"CENTER\">\u00a0<img loading=\"lazy\" decoding=\"async\" class=\"alignnone size-full wp-image-13151\" title=\"F4       autant dire une Honte pour notre Societe\" src=\"http:\/\/www.lecarrefourdesopinions.ca\/wp-content\/uploads\/2016\/12\/F4-autant-dire-une-Honte-pour-notre-Societe.jpg\" alt=\"\" width=\"270\" height=\"320\" srcset=\"http:\/\/www.lecarrefourdesopinions.ca\/wp-content\/uploads\/2016\/12\/F4-autant-dire-une-Honte-pour-notre-Societe.jpg 270w, http:\/\/www.lecarrefourdesopinions.ca\/wp-content\/uploads\/2016\/12\/F4-autant-dire-une-Honte-pour-notre-Societe-253x300.jpg 253w\" sizes=\"auto, (max-width: 270px) 100vw, 270px\" \/><\/p>\n<p align=\"CENTER\">\n<p align=\"CENTER\"><span style=\"font-size: large;\"><strong>F4\u00a0: <\/strong><\/span><span style=\"color: #c00000;\"><span style=\"font-size: large;\"><em><strong>\u2026 autant dire une Honte pour notre Soci\u00e9t\u00e9.<\/strong><\/em><\/span><\/span><\/p>\n<p>&nbsp;<\/p>\n<p>&nbsp;<\/p>\n<p align=\"JUSTIFY\"><span style=\"font-size: large;\">&#8211; <\/span><span style=\"font-size: large;\"><em><strong>Selon le \u00ab\u00a0Cri d\u2019Alarme\u00a0\u00bb, faute d\u2019\u00eatre un Droit, ce Revenu Promis par VALLS ne serait plus qu\u2019une Charit\u00e9\u2026 autant dire une Honte pour notre Soci\u00e9t\u00e9.<\/strong><\/em><\/span><\/p>\n<p align=\"JUSTIFY\">\n<p align=\"JUSTIFY\">\n<p align=\"JUSTIFY\"><span style=\"font-size: large;\">* <\/span><span style=\"font-size: large;\"><strong>En quoi le Revenu Manuel VALLS serait-il le Symbole d\u2019une quelconque \u00ab\u00a0Belle Alliance Populaire\u00a0\u00bb.<\/strong><\/span><\/p>\n<p align=\"JUSTIFY\">\n<p align=\"JUSTIFY\"><span style=\"font-size: large;\">Un Revenu qui soit une Alliance, ce Symbole qui tombe de plus en plus en d\u00e9su\u00e9tude dans notre Civilisation.<\/span><\/p>\n<p align=\"JUSTIFY\">\n<p align=\"JUSTIFY\"><span style=\"font-size: large;\">Pourquoi Christine LAGARDE, Liliane BETTENCOURT, Marine LE PEN et autres RAFFARIN comme VALLS lui-m\u00eame en seraient-ils priv\u00e9s, m\u00eame s\u2019ils sont Riches, ce qui n\u2019est pas la L\u00e8pre\u2026 qui ne voudrait \u00eatre Riche, m\u00eame en R\u00eave.<\/span><\/p>\n<p align=\"JUSTIFY\">\n<p align=\"JUSTIFY\"><span style=\"font-size: large;\">Ne seraient-ils pas du m\u00eame Peuple, du Peuple de France, et ce Revenu ne serait-il pas le Symbole de la Belle Alliance Populaire propos\u00e9e.<\/span><\/p>\n<p align=\"JUSTIFY\">\n<p align=\"JUSTIFY\">\n<p align=\"CENTER\">\u00a0<img loading=\"lazy\" decoding=\"async\" class=\"alignnone size-medium wp-image-13152\" title=\"F5   Pour  eviter leur Evasion\" src=\"http:\/\/www.lecarrefourdesopinions.ca\/wp-content\/uploads\/2016\/12\/F5-Pour-eviter-leur-Evasion-300x190.png\" alt=\"\" width=\"300\" height=\"190\" srcset=\"http:\/\/www.lecarrefourdesopinions.ca\/wp-content\/uploads\/2016\/12\/F5-Pour-eviter-leur-Evasion-300x190.png 300w, http:\/\/www.lecarrefourdesopinions.ca\/wp-content\/uploads\/2016\/12\/F5-Pour-eviter-leur-Evasion-400x253.png 400w, http:\/\/www.lecarrefourdesopinions.ca\/wp-content\/uploads\/2016\/12\/F5-Pour-eviter-leur-Evasion.png 500w\" sizes=\"auto, (max-width: 300px) 100vw, 300px\" \/><\/p>\n<p align=\"CENTER\">\n<p align=\"CENTER\"><span style=\"font-size: large;\"><strong>F5\u00a0: <\/strong><\/span><span style=\"color: #c00000;\"><span style=\"font-size: large;\"><em><strong>Pour \u00e9viter leur \u00c9vasion\u00a0!<\/strong><\/em><\/span><\/span><\/p>\n<p align=\"JUSTIFY\">\n<p align=\"JUSTIFY\">\n<p align=\"JUSTIFY\"><span style=\"font-size: large;\">&#8211; <\/span><span style=\"font-size: large;\"><em><strong>Ou alors, selon le \u00ab\u00a0Cri d\u2019Alarme\u00a0\u00bb, ce P\u00e9cule serait-il propre \u00e0 distinguer les Uns des Autres, ceux d\u2019En-Haut de ceux d\u2019En-Bas, ceux qui vont Droit Debout, flamberge au Vent, et les Morts-Vivants Condamn\u00e9s aux LAZARETS par leurs Semblables.<\/strong><\/em><\/span><\/p>\n<p align=\"JUSTIFY\">\n<p align=\"JUSTIFY\">\n<p align=\"JUSTIFY\"><span style=\"font-family: 'Comic Sans MS', cursive;\"><span style=\"font-size: large;\"><strong>En somme, un Revenu Minimum Universel (R.M.U.) tel que nous le Concevons n\u2019est Certes pas pour demain.<\/strong><\/span><\/span><\/p>\n<p align=\"JUSTIFY\">\n<p align=\"JUSTIFY\"><span style=\"font-family: 'Comic Sans MS', cursive;\"><span style=\"font-size: large;\">La France n\u2019y est pas pr\u00eate, Manuel VALLS encore moins.<\/span><\/span><\/p>\n<p align=\"JUSTIFY\">\n<p align=\"JUSTIFY\">\n<p align=\"CENTER\"><img loading=\"lazy\" decoding=\"async\" class=\"alignnone size-medium wp-image-13153\" title=\"F6   Pour nos Droits Usurpes  pour l Alliance Sociale  pour une France Heureuse\" src=\"http:\/\/www.lecarrefourdesopinions.ca\/wp-content\/uploads\/2016\/12\/F6-Pour-nos-Droits-Usurpes-pour-l-Alliance-Sociale-pour-une-France-Heureuse--300x150.jpg\" alt=\"\" width=\"300\" height=\"150\" \/><\/p>\n<p align=\"CENTER\">\n<p align=\"JUSTIFY\"><span style=\"font-size: large;\"><strong>F6\u00a0: <\/strong><\/span><span style=\"color: #c00000;\"><span style=\"font-size: large;\"><em><strong>Pour nos Droits Usurp\u00e9s, pour l\u2019Alliance Sociale, pour une France Heureuse.<\/strong><\/em><\/span><\/span><\/p>\n<p>&nbsp;<\/p>\n<p>&nbsp;<\/p>\n<p align=\"JUSTIFY\"><span style=\"font-family: 'Comic Sans MS', cursive;\"><span style=\"font-size: large;\"><strong>Alors Tant-pis, Tant-pis &#8211; Tant-pis, Manuel VALLS attendra notre Bulletin de Vote, le \u00ab\u00a0Cri d\u2019Alarme\u00a0\u00bb n\u2019est pas press\u00e9.<\/strong><\/span><\/span><\/p>\n<p align=\"JUSTIFY\">\n<p align=\"JUSTIFY\"><span style=\"font-family: 'Comic Sans MS', cursive;\"><span style=\"font-size: large;\">Peut-\u00eatre l\u2019aura-t-il une prochaine fois\u2026 lui Manuel VALLS qui n\u2019est m\u00eame pas s\u00fbr du Financement du <\/span><\/span><span style=\"font-family: Arial, sans-serif;\"><span style=\"font-size: large;\"><em>RMU-Machin<\/em><\/span><\/span><span style=\"font-family: 'Comic Sans MS', cursive;\"><span style=\"font-size: large;\"> \u00e0 sa Fa\u00e7on\u2026 cette Contrefa\u00e7on du (<\/span><\/span><span style=\"font-family: 'Comic Sans MS', cursive;\"><span style=\"font-size: large;\"><strong>R.M.U.<\/strong><\/span><\/span><span style=\"font-family: 'Comic Sans MS', cursive;\"><span style=\"font-size: large;\">) <\/span><\/span><span style=\"font-family: 'Comic Sans MS', cursive;\"><span style=\"font-size: large;\"><strong>Revenu Minimum Universel<\/strong><\/span><\/span><span style=\"font-family: 'Comic Sans MS', cursive;\"><span style=\"font-size: large;\"> sorti de nos entrailles.<\/span><\/span><\/p>\n<p align=\"JUSTIFY\">\n<p align=\"JUSTIFY\"><span style=\"font-size: large;\">\u00c9ric EG Nogard<\/span><\/p>\n<p align=\"JUSTIFY\"><span style=\"color: #c00000;\"><span style=\"font-size: large;\"><em>Chroniqueur<\/em><\/span><\/span><span style=\"color: #c00000;\"><span style=\"font-size: large;\">.<\/span><\/span><\/p>\n<p align=\"CENTER\"><span style=\"font-size: large;\"><strong>*** *** ***<\/strong><\/span><\/p>\n<p align=\"CENTER\"><span style=\"color: #ff0000;\"><span style=\"font-size: large;\"><strong>Nota : <\/strong><\/span><\/span><span style=\"color: #000000;\"><span style=\"font-size: large;\">Nous ne traitons que de Faits et de Noms rendus Publics.<\/span><\/span><\/p>\n<p align=\"CENTER\">\n<p align=\"JUSTIFY\"><span style=\"font-size: large;\"><strong>N.B.:<\/strong><\/span><span style=\"font-size: large;\"> &#8211; <\/span><span style=\"color: #c00000;\"><span style=\"font-family: 'Comic Sans MS', cursive;\"><span style=\"font-size: large;\">Nous Recommandons instamment et syst\u00e9matiquement l\u2019ouverture de la (ou des) pi\u00e8ce(s) jointe(s) \u00e0 l\u2019e-mail, sous format Pdf, <\/span><\/span><\/span><span style=\"color: #c00000;\"><span style=\"font-family: 'Comic Sans MS', cursive;\"><span style=\"font-size: large;\"><span style=\"text-decoration: underline;\">les illustrations y sont incluses<\/span><\/span><\/span><\/span><span style=\"color: #c00000;\"><span style=\"font-family: 'Comic Sans MS', cursive;\"><span style=\"font-size: large;\">.<\/span><\/span><\/span><\/p>\n<p align=\"JUSTIFY\">\n<p align=\"CENTER\"><span style=\"color: #ff0000;\"><span><strong>Ne Peut \u00eatre reproduit &#8211; m\u00eame partiellement &#8211; sans l\u2019autorisation de l\u2019Auteur.<\/strong><\/span><\/span><\/p>\n<p align=\"JUSTIFY\"><span style=\"text-decoration: underline;\"><strong>Liens Sugg\u00e9r\u00e9s\u00a0<\/strong><\/span><\/p>\n<ul>\n<li>\n<p align=\"JUSTIFY\"><span style=\"color: #0000ff;\"><span style=\"text-decoration: underline;\"><a href=\"http:\/\/www.lescrutateur.com\/\">http:\/\/www.lescrutateur.com\/<\/a><\/span><\/span><\/p>\n<\/li>\n<li>\n<p align=\"JUSTIFY\"><span style=\"color: #0000ff;\"><span style=\"text-decoration: underline;\"><a href=\"http:\/\/www.etatsgenerauxdeloutremer.fr\/reflexions\">http:\/\/www.etatsgenerauxdeloutremer.fr\/reflexions<\/a><\/span><\/span><\/p>\n<\/li>\n<\/ul>\n<p align=\"CENTER\">\n<p align=\"CENTER\"><strong>==================================================================<\/strong><\/p>\n<script type=\"text\/javascript\">\n\nvar addthis_config = {\"data_track_clickback\":false,\"data_track_addressbar\":false,\"data_track_textcopy\":false};\n<\/script><script type=\"text\/javascript\" src=\"\/\/s7.addthis.com\/js\/250\/addthis_widget.js#pubid=a457a6d63fb9e6ccabdde4110343bd85\"><\/script>","protected":false},"excerpt":{"rendered":"<p align=\"CENTER\">\u00a0Une Alliance Monsieur VALLS, cela se Passe au Doigt\u00a0!<\/p>\n<p align=\"JUSTIFY\">\n<p align=\"JUSTIFY\">\n<p align=\"JUSTIFY\">\n<p align=\"JUSTIFY\"><span style=\"color: #632423;\"><span style=\"font-family: 'Comic Sans MS', cursive;\"><span style=\"font-size: large;\">\u00c9ric EG Nogard<\/span><\/span><\/span><\/p>\n<p align=\"JUSTIFY\"><span style=\"color: #c00000;\"><span style=\"font-size: large;\">Chroniqueur<\/span><\/span><span style=\"color: #c00000;\"><span style=\"font-size: large;\">.<\/span><\/span><\/p>\n<p align=\"CENTER\">\n<p align=\"JUSTIFY\"><span style=\"font-size: large;\">Une Alliance Monsieur VALLS, cela se Passe au Doigt\u00a0!<\/span><\/p>\n<p align=\"JUSTIFY\">\n<p align=\"JUSTIFY\">\n<p align=\"JUSTIFY\"><span style=\"font-family: 'Comic Sans MS', cursive;\"><span style=\"font-size: large;\">Voil\u00e0 monsieur VALLS, Candidat \u00e0 la Primaire du parti Socialiste Fran\u00e7ais, en <\/span><\/span>&hellip;<\/p>\n","protected":false},"author":1,"featured_media":0,"comment_status":"open","ping_status":"open","sticky":false,"template":"","format":"standard","meta":{"footnotes":""},"categories":[1],"tags":[],"class_list":["post-13146","post","type-post","status-publish","format-standard","hentry","category-accueil"],"_links":{"self":[{"href":"http:\/\/www.lecarrefourdesopinions.ca\/index.php?rest_route=\/wp\/v2\/posts\/13146","targetHints":{"allow":["GET"]}}],"collection":[{"href":"http:\/\/www.lecarrefourdesopinions.ca\/index.php?rest_route=\/wp\/v2\/posts"}],"about":[{"href":"http:\/\/www.lecarrefourdesopinions.ca\/index.php?rest_route=\/wp\/v2\/types\/post"}],"author":[{"embeddable":true,"href":"http:\/\/www.lecarrefourdesopinions.ca\/index.php?rest_route=\/wp\/v2\/users\/1"}],"replies":[{"embeddable":true,"href":"http:\/\/www.lecarrefourdesopinions.ca\/index.php?rest_route=%2Fwp%2Fv2%2Fcomments&post=13146"}],"version-history":[{"count":3,"href":"http:\/\/www.lecarrefourdesopinions.ca\/index.php?rest_route=\/wp\/v2\/posts\/13146\/revisions"}],"predecessor-version":[{"id":13156,"href":"http:\/\/www.lecarrefourdesopinions.ca\/index.php?rest_route=\/wp\/v2\/posts\/13146\/revisions\/13156"}],"wp:attachment":[{"href":"http:\/\/www.lecarrefourdesopinions.ca\/index.php?rest_route=%2Fwp%2Fv2%2Fmedia&parent=13146"}],"wp:term":[{"taxonomy":"category","embeddable":true,"href":"http:\/\/www.lecarrefourdesopinions.ca\/index.php?rest_route=%2Fwp%2Fv2%2Fcategories&post=13146"},{"taxonomy":"post_tag","embeddable":true,"href":"http:\/\/www.lecarrefourdesopinions.ca\/index.php?rest_route=%2Fwp%2Fv2%2Ftags&post=13146"}],"curies":[{"name":"wp","href":"https:\/\/api.w.org\/{rel}","templated":true}]}}