{"id":12993,"date":"2016-11-30T08:54:54","date_gmt":"2016-11-30T13:54:54","guid":{"rendered":"http:\/\/www.lecarrefourdesopinions.ca\/?p=12993"},"modified":"2016-11-30T08:54:54","modified_gmt":"2016-11-30T13:54:54","slug":"mea-maxima-culpa","status":"publish","type":"post","link":"http:\/\/www.lecarrefourdesopinions.ca\/?p=12993","title":{"rendered":"\u00ab Mea Maxima Culpa \u00bb"},"content":{"rendered":"<div dir=\"ltr\">\n<h2 style=\"text-align: center;\">\u00a0<strong><span style=\"font-family: 'Times New Roman', serif;\">\u00ab Mea<\/span><span style=\"font-family: 'Times New Roman', serif;\"> Maxima Culpa<\/span><span style=\"font-family: 'Times New Roman', serif;\"> \u00bb<\/span><\/strong><\/h2>\n<p>&nbsp;<\/p>\n<p><img loading=\"lazy\" decoding=\"async\" class=\"alignnone size-thumbnail wp-image-12813\" title=\"F7     Il y a de l Espoir   nous dit Me  MOiSE dans sa   Lettre Oubliee\" src=\"http:\/\/www.lecarrefourdesopinions.ca\/wp-content\/uploads\/2016\/10\/F7-Il-y-a-de-l-Espoir-nous-dit-Me-MOiSE-dans-sa-Lettre-Oubliee--134x107.jpg\" alt=\"\" width=\"134\" height=\"107\" \/><\/p>\n<div>\n<p style=\"text-align: left;\" align=\"center\"><span style=\"color: #800000;\"><em>par\u00a0Me Serge H. Mo\u00efse av.<\/em><\/span><\/p>\n<p align=\"justify\"><span style=\"font-size: large;\"><span style=\"font-family: 'Times New Roman', serif;\">Nous sommes tous, chacun en ce qui le concerne, responsables de la situation d\u00e9chirante d\u2019Ha\u00efti. L\u2019on voudra bien faire le<\/span><span style=\"font-family: 'Times New Roman', serif;\"> distinguo<\/span><span style=\"font-family: 'Times New Roman', serif;\"> entre les responsables et les fautifs, qu\u2019\u00e0 cela ne tienne. Encore faut-il avoir le courage de reconna\u00eetre que le sort du pays repose entre les mains de ses ressortissants \u00e0 l\u2019int\u00e9rieur comme \u00e0 l\u2019ext\u00e9rieur de ses fronti\u00e8res. Ha\u00efti, c\u2019est nous, en quel que lieu que nous ayons choisi de dresser nos tentes.<\/span><\/span><\/p>\n<p align=\"justify\"><span style=\"font-family: 'Times New Roman', serif;\"><span style=\"font-size: large;\">Toute d\u00e9robade, tout faux-fuyant nous condamnent \u00e0 perp\u00e9tuer cette d\u00e9ch\u00e9ance sans espoir d\u2019un quelconque renouveau. <\/span><\/span><\/p>\n<p align=\"justify\"><span style=\"font-family: 'Times New Roman', serif;\"><span style=\"font-size: large;\">Depuis deux cent treize ans, nous inventons, g\u00e9n\u00e9rations apr\u00e8s g\u00e9n\u00e9rations, les ruses et fourberies de toutes sortes, sapant irr\u00e9m\u00e9diablement toute vell\u00e9it\u00e9 de ce vivre ensemble indispensable au bon d\u00e9veloppement de ce qui fut jadis la Perle des Antilles et qui est d\u00e9sign\u00e9e aujourd\u2019hui\u00a0: La poubelle au coin des Am\u00e9riques.<\/span><\/span><\/p>\n<p align=\"justify\"><span style=\"font-family: 'Times New Roman', serif;\"><span style=\"font-size: large;\">A quoi faut-il attribuer cette douloureuse descente aux enfers? Les analyses, les unes plus savantes que les autres, ne manquent pas. Ce qui a toujours fait d\u00e9faut chez nos intellos, c\u2019est cette capacit\u00e9, disons cette volont\u00e9 de plancher sur des propositions de solutions \u00e0 nos innombrables probl\u00e8mes.<\/span><\/span><\/p>\n<p align=\"justify\"><span style=\"font-family: 'Times New Roman', serif;\"><span style=\"font-size: large;\">Un probl\u00e8me sans solution est un probl\u00e8me mal pos\u00e9, disait le grand Albert Einstein. Il y a donc lieu de pr\u00e9sumer que nos nantis du savoir qui ma\u00eetrisent \u00e0 n\u2019en point douter les technologies modernes, sous toutes leurs formes ou presque, accusent un d\u00e9ficit certain en ce qui concerne la nature sp\u00e9cifique de nos probl\u00e8mes tant structurels que conjoncturels. <\/span><\/span><\/p>\n<p align=\"justify\"><span style=\"font-size: large;\"><span style=\"font-family: 'Times New Roman', serif;\">Les prismes \u00e0 travers lesquels, ces derniers tentent d\u2019apprivoiser le mal-d\u00e9veloppement du pays ne tiennent pas suffisamment compte de nos cr\u00e9neaux culturels, de leurs potentialit\u00e9s et de leurs lacunes. Cette m\u00e9fiance end\u00e9mique qui constitue un des traits dominants de notre culture, s\u2019est depuis belle lurette, r\u00e9v\u00e9l\u00e9e un facteur de paralysie et de stagnation pour la soci\u00e9t\u00e9 tout enti\u00e8re et \u00e0 tous les niveaux. Pourtant personne n\u2019en parle, comme si, par la force des choses, cette m\u00e9fiance d\u00e9chirante, finirait par dispara\u00eetre d\u2019elle-m\u00eame au fil du temps. Force est de reconna\u00eetre que tel n\u2019est point le cas et que faire semblant de l\u2019ignorer correspond \u00e0 singer l\u2019autruche.<\/span><\/span><\/p>\n<p align=\"justify\"><span style=\"font-family: 'Times New Roman', serif;\"><span style=\"font-size: large;\">Comment demander \u00e0 quelqu\u2019un \u00e0 qui l\u2019on a appris \u00e0 m\u00e9conna\u00eetre sinon \u00e0 m\u00e9priser sa langue maternelle, son identit\u00e9 et ses v\u00e9ritables valeurs culturelles, de se valoriser \u00e0 ses yeux, de s\u2019aimer pour ce qu\u2019il est et d\u2019\u00eatre en mesure d\u2019aimer ses semblables? La question s\u2019adresse aux psycho-sociologues, aux psycholinguistes, \u00e0 tous les sp\u00e9cialistes du d\u00e9veloppement et de la bonne gouvernance. L\u2019intelligentsia ha\u00eftienne peut facilement r\u00e9unir un tel ar\u00e9opage avec pour mission d\u2019appr\u00e9hender une fois pour toutes notre r\u00e9alit\u00e9 de peuple du quart- monde, d\u2019en rechercher les causes lointaines et rapproch\u00e9es de mani\u00e8re rationnelle et pragmatique afin d\u2019\u00e9tudier des pistes de solution susceptibles de nous permettre de rejoindre le concert des nations dites civilis\u00e9es.<\/span><\/span><\/p>\n<p align=\"justify\"><span style=\"font-family: 'Times New Roman', serif;\"><span style=\"font-size: large;\">Il est clair pour tout le monde qu\u2019il demeure imp\u00e9rieux que nous mettions un terme \u00e0 nos luttes intestines, fratricides et sans grandeur. Nous avons connu plusieurs occupations et\/ou embargos \u00e0 cause de nos propres incuries, nous avons exp\u00e9riment\u00e9 tant de calamit\u00e9s que les faibles d\u2019esprit font r\u00e9f\u00e9rence \u00e0 une esp\u00e8ce de mal\u00e9diction, pourtant la vie continue, toujours pareille, comme si nous n\u2019avions tir\u00e9 aucune le\u00e7on des cons\u00e9quences de nos incons\u00e9quences.<\/span><\/span><\/p>\n<p align=\"justify\"><span style=\"font-family: 'Times New Roman', serif;\"><span style=\"font-size: large;\">Toute \u00e9motion mise de c\u00f4t\u00e9, il para\u00eetrait que nous ayons fait choix de cr\u00e9er une soci\u00e9t\u00e9 purement virtuelle. Nous faisons semblant d\u2019avoir un pouvoir judiciaire alors qu\u2019en r\u00e9alit\u00e9, il n\u2019en est rien. Nous le savons depuis toujours et n\u2019avons jamais rien fait pour changer cet ordre de choses.<\/span><\/span><\/p>\n<p align=\"justify\"><span style=\"font-family: 'Times New Roman', serif;\"><span style=\"font-size: large;\">Nous faisons semblant d\u2019avoir un pouvoir l\u00e9gislatif, aberration sur toute la ligne, exception faite de quelques rares cas, nos \u00ab honorables l\u00e9gislateurs \u00bb se sont toujours comport\u00e9s en de vulgaires colporteurs, s\u2019occupant de tout sauf ce pourquoi ils ont \u00e9t\u00e9 \u00e9lus, n\u2019h\u00e9sitant pas \u00e0 s\u2019impliquer, sans vergogne, dans les magouilles et combines les plus louches.<\/span><\/span><\/p>\n<p align=\"justify\"><span style=\"font-size: large;\"><span style=\"font-family: 'Times New Roman', serif;\">Nous en sommes \u00e0 notre vingt troisi\u00e8me constitution qui conna\u00eetra \u00e0 n\u2019en pas douter le m\u00eame sort que les autres car les mesures d\u2019accompagnement pour la faire respecter ne sont m\u00eame pas envisag\u00e9es. Et comme si le simple bon sens n\u2019avait plus sa place dans les affaires politiques du pays, les int\u00e9r\u00eats sup\u00e9rieurs de la nation encore moins, la configuration du gouvernement est devenue l\u2019objet de compromissions contre productives et malsaines, sans offusquer le moindrement notre conscience, si tant est qu\u2019on puisse encore parler de conscience nationale.<\/span><\/span><\/p>\n<p align=\"justify\"><span style=\"font-family: 'Times New Roman', serif;\"><span style=\"font-size: large;\">Apr\u00e8s la chute de la dictature trentenaire, caract\u00e9ris\u00e9e par la paix des cimeti\u00e8res et la fuite des cerveaux, nous avons d\u00e9cid\u00e9 de rompre \u00e0 tout jamais avec l\u2019ob\u00e9dience aux caprices du prince. Pour ce faire, au lieu d\u2019essayer d\u2019innover \u00e0 notre mani\u00e8re, nous avons choisi encore une fois de singer les autres sans tenir compte de nos sp\u00e9cificit\u00e9s propres et nous avons institu\u00e9 la \u00ab primature \u00bb avec tout ce que cela comporte d\u2019incuries et de d\u00e9penses farfelues pour un budget exsangue subventionn\u00e9 par la communaut\u00e9 internationale \u00e0 raison de soixante pour cent (60%).<\/span><\/span><\/p>\n<p align=\"justify\"><span style=\"font-family: 'Times New Roman', serif;\"><span style=\"font-size: large;\">Quatre-vingt cent neuf (109) d\u00e9put\u00e9s et trente (30) s\u00e9nateurs dont la plupart ne connaissent m\u00eame pas le v\u00e9ritable r\u00f4le d\u2019un l\u00e9gislateur au sein d\u2019une r\u00e9publique, et qui s\u2019occupent de tout sauf de l\u00e9gif\u00e9rer. Le voudraient-ils, qu\u2019ils en seraient incapables.<\/span><\/span><\/p>\n<p align=\"justify\"><span style=\"font-family: 'Times New Roman', serif;\"><span style=\"font-size: large;\">Le parlement qui doit contr\u00f4ler chacun des actes du gouvernement et le sanctionner au besoin, ne saurait \u00eatre repr\u00e9sent\u00e9 au sein du cabinet minist\u00e9riel, sans \u00eatre en situation de conflit d\u2019int\u00e9r\u00eats. Le parlement devient donc juge et partie, cr\u00e9ant ainsi une dichotomie avec pour cons\u00e9quence de privil\u00e9gier les int\u00e9r\u00eats de clans au d\u00e9triment de ceux de la nation.<\/span><\/span><\/p>\n<p align=\"justify\"><span style=\"font-family: 'Times New Roman', serif;\"><span style=\"font-size: large;\">La constitution est claire l\u00e0-dessus et en son article 137 stipule ce qui suit\u00a0:<\/span><\/span><\/p>\n<p align=\"justify\"><span style=\"font-family: 'Times New Roman', serif;\"><span style=\"font-size: large;\">\u00ab Le pr\u00e9sident de la r\u00e9publique choisit un premier ministre parmi les membres du parti ayant la majorit\u00e9 au parlement. A d\u00e9faut de cette majorit\u00e9, le pr\u00e9sident de la r\u00e9publique choisit son premier ministre en consultation avec le pr\u00e9sident du s\u00e9nat et celui de la chambre des d\u00e9put\u00e9s. Dans les deux (02) cas, le choix doit \u00eatre ratifi\u00e9 par le parlement \u00bb<\/span><\/span><\/p>\n<p align=\"justify\"><span style=\"font-family: 'Times New Roman', serif;\"><span style=\"font-size: large;\">La loi-m\u00e8re parle de consultation et non, de n\u00e9gociation, de tractation encore moins de compromission.<\/span><\/span><\/p>\n<p align=\"justify\"><span style=\"font-family: 'Times New Roman', serif;\"><span style=\"font-size: large;\">Ce genre d\u2019aberration juridique et\/ou politique subsiste et perdure depuis mil neuf cent quatre vingt-sept (1987) et personne n\u2019en pipe mot. Le pouvoir judiciaire, r\u00e9duit \u00e0 une peau de chagrin ne peut jouer le r\u00f4le qui lui est, en principe d\u00e9volu et \u00e0 ce chapitre, le silence est plut\u00f4t opaque.<\/span><\/span><\/p>\n<p align=\"justify\"><span style=\"font-family: 'Times New Roman', serif;\"><span style=\"font-size: large;\">Point n\u2019est besoin de nous \u00e9tendre davantage pour r\u00e9aliser que nous sommes les premiers artisans de nos malheurs. La nation est en p\u00e9ril et il nous incombe \u00e0 chacun d\u2019entre nous, s\u2019il est vrai que nous aspirons \u00e0 une certaine r\u00e9demption face \u00e0 l\u2019alma mater, de reconna\u00eetre en toute probit\u00e9, notre laxisme, nos d\u00e9rives, par commission ou par omission et nous dire simplement mais sinc\u00e8rement\u00a0: <\/span><\/span><\/p>\n<p align=\"justify\"><span style=\"font-family: 'Times New Roman', serif;\"><span style=\"font-size: large;\">Mea culpa! Mea maxima culpa !<\/span><\/span><\/p>\n<p align=\"justify\">\n<p>&nbsp;<\/p>\n<p>&nbsp;<\/p>\n<\/div>\n<\/div>\n<script type=\"text\/javascript\">\n\nvar addthis_config = {\"data_track_clickback\":false,\"data_track_addressbar\":false,\"data_track_textcopy\":false};\n<\/script><script type=\"text\/javascript\" src=\"\/\/s7.addthis.com\/js\/250\/addthis_widget.js#pubid=a457a6d63fb9e6ccabdde4110343bd85\"><\/script>","protected":false},"excerpt":{"rendered":"<p><span style=\"font-family: 'Times New Roman', serif;\">\u00ab Mea<\/span><span style=\"font-family: 'Times New Roman', serif;\"> Maxima Culpa<\/span><span style=\"font-family: 'Times New Roman', serif;\"> \u00bb<\/span><\/p>\n<p>&nbsp;<\/p>\n<\/p>\n<p style=\"text-align: left;\" align=\"center\"><span style=\"color: #800000;\">par\u00a0Me Serge H. Mo\u00efse av.<\/span><\/p>\n<p align=\"justify\"><span style=\"font-size: large;\"><span style=\"font-family: 'Times New Roman', serif;\">Nous sommes tous, chacun en ce qui le concerne, responsables de la situation d\u00e9chirante d\u2019Ha\u00efti. L\u2019on voudra bien faire le<\/span><span style=\"font-family: 'Times New Roman', serif;\"> distinguo<\/span><span style=\"font-family: 'Times New Roman', serif;\"> entre les responsables et <\/span><\/span>&hellip;<\/p>\n","protected":false},"author":1,"featured_media":0,"comment_status":"open","ping_status":"open","sticky":false,"template":"","format":"standard","meta":{"footnotes":""},"categories":[1],"tags":[],"class_list":["post-12993","post","type-post","status-publish","format-standard","hentry","category-accueil"],"_links":{"self":[{"href":"http:\/\/www.lecarrefourdesopinions.ca\/index.php?rest_route=\/wp\/v2\/posts\/12993","targetHints":{"allow":["GET"]}}],"collection":[{"href":"http:\/\/www.lecarrefourdesopinions.ca\/index.php?rest_route=\/wp\/v2\/posts"}],"about":[{"href":"http:\/\/www.lecarrefourdesopinions.ca\/index.php?rest_route=\/wp\/v2\/types\/post"}],"author":[{"embeddable":true,"href":"http:\/\/www.lecarrefourdesopinions.ca\/index.php?rest_route=\/wp\/v2\/users\/1"}],"replies":[{"embeddable":true,"href":"http:\/\/www.lecarrefourdesopinions.ca\/index.php?rest_route=%2Fwp%2Fv2%2Fcomments&post=12993"}],"version-history":[{"count":2,"href":"http:\/\/www.lecarrefourdesopinions.ca\/index.php?rest_route=\/wp\/v2\/posts\/12993\/revisions"}],"predecessor-version":[{"id":12995,"href":"http:\/\/www.lecarrefourdesopinions.ca\/index.php?rest_route=\/wp\/v2\/posts\/12993\/revisions\/12995"}],"wp:attachment":[{"href":"http:\/\/www.lecarrefourdesopinions.ca\/index.php?rest_route=%2Fwp%2Fv2%2Fmedia&parent=12993"}],"wp:term":[{"taxonomy":"category","embeddable":true,"href":"http:\/\/www.lecarrefourdesopinions.ca\/index.php?rest_route=%2Fwp%2Fv2%2Fcategories&post=12993"},{"taxonomy":"post_tag","embeddable":true,"href":"http:\/\/www.lecarrefourdesopinions.ca\/index.php?rest_route=%2Fwp%2Fv2%2Ftags&post=12993"}],"curies":[{"name":"wp","href":"https:\/\/api.w.org\/{rel}","templated":true}]}}