{"id":12989,"date":"2016-11-28T14:37:22","date_gmt":"2016-11-28T19:37:22","guid":{"rendered":"http:\/\/www.lecarrefourdesopinions.ca\/?p=12989"},"modified":"2016-11-28T14:37:22","modified_gmt":"2016-11-28T19:37:22","slug":"ces-illustres-disparus-partie-2","status":"publish","type":"post","link":"http:\/\/www.lecarrefourdesopinions.ca\/?p=12989","title":{"rendered":"\u00ab Ces Illustres Disparus (partie 2)\u00bb"},"content":{"rendered":"<h2 align=\"center\"><span style=\"color: #800000;\"><span style=\"font-family: 'Times New Roman', serif;\"><span>\u00ab<span style=\"color: #000000;\"> Ces Illustres Disparus (partie 2)\u00bb<\/span><\/span><\/span><\/span><\/h2>\n<p align=\"center\"><span style=\"font-family: 'Times New Roman', serif; color: #800000;\"><em>par Serge H.Moise<\/em><\/span><\/p>\n<p align=\"center\"><span style=\"font-family: 'Times New Roman', serif;\"><span>Lucien Daumec \u00e9tonn\u00e9<\/span><\/span><\/p>\n<p align=\"center\"><span style=\"font-family: 'Times New Roman', serif;\"><span>Aurait \u00e9t\u00e9 soup\u00e7onn\u00e9<\/span><\/span><\/p>\n<p align=\"center\"><span style=\"font-family: 'Times New Roman', serif;\"><span>D\u2019avoir voulu d\u00e9loger<\/span><\/span><\/p>\n<p align=\"center\"><span><span style=\"font-family: 'Times New Roman', serif;\">Le tyran Fran<\/span><span style=\"font-family: Sylfaen, serif;\">\u00e7ois Duvalier<\/span><\/span><\/p>\n<p align=\"center\"><span style=\"font-family: Sylfaen, serif;\"><span>Et l\u2019a tr\u00e8s ch\u00e8rement pay\u00e9<\/span><\/span><\/p>\n<p align=\"center\"><span style=\"font-family: Sylfaen, serif;\"><span>XIV<\/span><\/span><\/p>\n<p align=\"center\"><span style=\"font-family: Sylfaen, serif;\"><span>Dix-neuf de nos officiers<\/span><\/span><\/p>\n<p align=\"center\"><span style=\"font-family: Sylfaen, serif;\"><span>Brutalement massacr\u00e9s<\/span><\/span><\/p>\n<p align=\"center\"><span style=\"font-family: Sylfaen, serif;\"><span>Et tous les Beno\u00eet incendi\u00e9s<\/span><\/span><\/p>\n<p align=\"center\"><span style=\"font-family: Sylfaen, serif;\"><span>Face \u00e0 un peuple h\u00e9las terrifi\u00e9<\/span><\/span><\/p>\n<p align=\"center\"><span style=\"font-family: Sylfaen, serif;\"><span>XV<\/span><\/span><\/p>\n<p align=\"center\"><span style=\"font-family: Sylfaen, serif;\"><span>Ainsi les fr\u00e8res Jumelle<\/span><\/span><\/p>\n<p align=\"center\"><span style=\"font-family: Sylfaen, serif;\"><span>Deux grands intellectuels<\/span><\/span><\/p>\n<p align=\"center\"><span style=\"font-family: Sylfaen, serif;\"><span>Dispara\u00eetront eux aussi<\/span><\/span><\/p>\n<p align=\"center\"><span style=\"font-family: Sylfaen, serif;\"><span>Sous le beau ciel d&rsquo;Ha\u00efti<\/span><\/span><\/p>\n<p align=\"center\"><span style=\"font-family: Sylfaen, serif;\"><span>XVI<\/span><\/span><\/p>\n<p align=\"center\"><span style=\"font-family: Sylfaen, serif;\"><span>On ne pourra pas oublier<\/span><\/span><\/p>\n<p align=\"center\"><span style=\"font-family: Sylfaen, serif;\"><span>L&rsquo;unique Daniel Fignol\u00e9<\/span><\/span><\/p>\n<p align=\"center\"><span style=\"font-family: Sylfaen, serif;\"><span>Outrageusement pi\u00e9g\u00e9<\/span><\/span><\/p>\n<p align=\"center\"><span style=\"font-family: Sylfaen, serif;\"><span>Bien avant d&rsquo;\u00eatre exil\u00e9<\/span><\/span><\/p>\n<p align=\"center\"><span style=\"font-family: Sylfaen, serif;\"><span>XVII<\/span><\/span><\/p>\n<p align=\"center\"><span style=\"font-family: Sylfaen, serif;\"><span>\u00c9mile St-Lot notre fiert\u00e9<\/span><\/span><\/p>\n<p align=\"center\"><span style=\"font-family: Sylfaen, serif;\"><span>Fleuron de notre ha\u00eftianit\u00e9<\/span><\/span><\/p>\n<p align=\"center\"><span style=\"font-family: Sylfaen, serif;\"><span>De justesse y a \u00e9chapp\u00e9<\/span><\/span><\/p>\n<p align=\"center\"><span style=\"font-family: Sylfaen, serif;\"><span>XVIII<\/span><\/span><\/p>\n<p align=\"center\"><span style=\"font-family: Sylfaen, serif;\"><span>Peut-on oublier G\u00e9rald Brisson<\/span><\/span><\/p>\n<p align=\"center\"><span style=\"font-family: Sylfaen, serif;\"><span>Qui voulait sauver notre nation<\/span><\/span><\/p>\n<p align=\"center\"><span style=\"font-family: Sylfaen, serif;\"><span>Et qui est mort l&rsquo;arme \u00e0 la main <\/span><\/span><\/p>\n<p align=\"center\"><span style=\"font-family: Sylfaen, serif;\"><span>Luttant pour un beau lendemain<\/span><\/span><\/p>\n<p align=\"center\"><span style=\"font-family: Sylfaen, serif;\"><span>XIX<\/span><\/span><\/p>\n<p align=\"center\"><span style=\"font-family: Sylfaen, serif;\"><span>Mireille Durocher Bertain<\/span><\/span><\/p>\n<p align=\"center\"><span style=\"font-family: Sylfaen, serif;\"><span>Qui ne faisait pas de baratin<\/span><\/span><\/p>\n<p align=\"center\"><span style=\"font-family: Sylfaen, serif;\"><span>Femme plut\u00f4t d\u00e9termin\u00e9e<\/span><\/span><\/p>\n<p align=\"center\"><span style=\"font-family: Sylfaen, serif;\"><span>A \u00e9t\u00e9 l\u00e2chement sacrifi\u00e9e<\/span><\/span><\/p>\n<p align=\"center\"><span style=\"font-family: Sylfaen, serif;\"><span>XX<\/span><\/span><\/p>\n<p align=\"center\"><span style=\"font-family: Sylfaen, serif;\"><span>Jean Dominique le r\u00e9volt\u00e9<\/span><\/span><\/p>\n<p align=\"center\"><span style=\"font-family: Sylfaen, serif;\"><span>Demeure le tr\u00e8s regrett\u00e9<\/span><\/span><\/p>\n<p align=\"center\"><span style=\"font-family: Sylfaen, serif;\"><span>Christine Jeune fut cribl\u00e9e<\/span><\/span><\/p>\n<p align=\"center\"><span style=\"font-family: Sylfaen, serif;\"><span>De balles \u00e0 elle destin\u00e9es<\/span><\/span><\/p>\n<p align=\"center\"><span style=\"font-family: Sylfaen, serif;\"><span>Magalie Marcelin terrifi\u00e9e<\/span><\/span><\/p>\n<p align=\"center\"><span style=\"font-family: Sylfaen, serif;\"><span>Et Myriam Merlet p\u00e9trifi\u00e9e<\/span><\/span><\/p>\n<p align=\"center\"><span style=\"font-family: Sylfaen, serif;\"><span>Par le s\u00e9isme emport\u00e9es<\/span><\/span><\/p>\n<p align=\"center\"><span style=\"font-family: Sylfaen, serif;\"><span>XXI<\/span><\/span><\/p>\n<p align=\"center\"><span style=\"font-family: Sylfaen, serif;\"><span>Tout pr\u00e8s de nous Hector Riob\u00e9<\/span><\/span><\/p>\n<p align=\"center\"><span style=\"font-family: Sylfaen, serif;\"><span>Dans sa prime jeunesse sacrifi\u00e9<\/span><\/span><\/p>\n<p align=\"center\"><span style=\"font-family: Sylfaen, serif;\"><span>Pour avoir os\u00e9 dire non<\/span><\/span><\/p>\n<p align=\"center\"><span style=\"font-family: Sylfaen, serif;\"><span>Au profit de toute la nation<\/span><\/span><\/p>\n<p align=\"center\"><span style=\"font-family: Sylfaen, serif;\"><span>XXII<\/span><\/span><\/p>\n<p align=\"center\"><span style=\"font-family: Sylfaen, serif;\"><span>Max Gesner Beauvoir<\/span><\/span><\/p>\n<p align=\"center\"><span style=\"font-family: Sylfaen, serif;\"><span>Nous a dit Au revoir<\/span><\/span><\/p>\n<p align=\"center\"><span style=\"font-family: Sylfaen, serif;\"><span>Il symbolisait l&rsquo;espoir<\/span><\/span><\/p>\n<p align=\"center\"><span style=\"font-family: Sylfaen, serif;\"><span>Et n&rsquo;a pas failli \u00e0 son devoir<\/span><\/span><\/p>\n<p align=\"center\"><span style=\"font-family: Sylfaen, serif;\"><span>XXIII<\/span><\/span><\/p>\n<p align=\"center\"><span style=\"font-family: Sylfaen, serif;\"><span>Le dynamique Jacque Roche<\/span><\/span><\/p>\n<p align=\"center\"><span style=\"font-family: Sylfaen, serif;\"><span>Kidnap\u00e9 et c&rsquo;est plut\u00f4t moche<\/span><\/span><\/p>\n<p align=\"center\"><span style=\"font-family: Sylfaen, serif;\"><span>En route vers l&rsquo;Orient \u00e9ternel<\/span><\/span><\/p>\n<p align=\"center\"><span style=\"font-family: Sylfaen, serif;\"><span>Ne r\u00e9pondra plus \u00e0 l&rsquo;appel<\/span><\/span><\/p>\n<p align=\"center\"><span style=\"font-family: Sylfaen, serif;\"><span>XXIV<\/span><\/span><\/p>\n<p align=\"center\"><span style=\"font-family: Sylfaen, serif;\"><span>Le juge Jean Serge Joseph sacrifi\u00e9<\/span><\/span><\/p>\n<p align=\"center\"><span style=\"font-family: Sylfaen, serif;\"><span>\u00c1 cause de son impartialit\u00e9<\/span><\/span><\/p>\n<p align=\"center\"><span style=\"font-family: Sylfaen, serif;\"><span>Et voulant servir la patrie<\/span><\/span><\/p>\n<p align=\"center\"><span style=\"font-family: Sylfaen, serif;\"><span>En dehors de tout parti pris<\/span><\/span><\/p>\n<p align=\"center\"><span style=\"font-family: Sylfaen, serif;\"><span>XXV<\/span><\/span><\/p>\n<p align=\"center\"><span style=\"font-family: Sylfaen, serif;\"><span>Comment oublier Clovis D\u00e9sinor<\/span><\/span><\/p>\n<p align=\"center\"><span style=\"font-family: Sylfaen, serif;\"><span>Qui a connu un bien triste sort<\/span><\/span><\/p>\n<p align=\"center\"><span style=\"font-family: Sylfaen, serif;\"><span>Pour avoir voulu servir sa patrie<\/span><\/span><\/p>\n<p align=\"center\"><span style=\"font-family: Sylfaen, serif;\"><span>Il l&rsquo;aura pay\u00e9 de sa propre vie<\/span><\/span><\/p>\n<p align=\"center\"><span style=\"font-family: Sylfaen, serif;\"><span>Et tous les anonymes inoubli\u00e9s<\/span><\/span><\/p>\n<p align=\"center\"><span style=\"font-family: Sylfaen, serif;\"><span>XXVI<\/span><\/span><\/p>\n<p align=\"center\"><span style=\"font-family: Sylfaen, serif;\"><span>\u00c1 la liste s&rsquo;ajoute Fidel Castro<\/span><\/span><\/p>\n<p align=\"center\"><span style=\"font-family: Sylfaen, serif;\"><span>Qui vienr de faire le grand saut<\/span><\/span><\/p>\n<p align=\"center\"><span style=\"font-family: Sylfaen, serif;\"><span>De notre si\u00e8cle le plus grand h\u00e9ro<\/span><\/span><\/p>\n<p align=\"center\"><span style=\"font-family: Sylfaen, serif;\"><span>Qu&rsquo;on n&rsquo;oubliera pas de sit\u00f4t<\/span><\/span><\/p>\n<p align=\"center\"><span style=\"font-family: Sylfaen, serif;\"><span>XXVII<\/span><\/span><\/p>\n<p align=\"center\"><span style=\"font-family: Sylfaen, serif;\"><span>Dans leur propre pays des exil\u00e9s<\/span><\/span><\/p>\n<p align=\"center\"><span style=\"font-family: Sylfaen, serif;\"><span>Qui furent \u00e9galement immol\u00e9s<\/span><\/span><\/p>\n<p align=\"center\"><span style=\"font-family: Sylfaen, serif;\"><span>Comme tant d&rsquo;autres expatri\u00e9s<\/span><\/span><\/p>\n<p align=\"center\"><span style=\"font-family: Sylfaen, serif;\"><span>Luttant pour la paix et la libert\u00e9<\/span><\/span><\/p>\n<p align=\"center\"><span style=\"font-family: Sylfaen, serif;\"><span>&#8212;&#8212;&#8212;&#8211;<\/span><\/span><\/p>\n<p align=\"center\"><span style=\"font-family: Sylfaen, serif;\"><span>SHM av.<\/span><\/span><\/p>\n<p>&nbsp;<\/p>\n<script type=\"text\/javascript\">\n\nvar addthis_config = {\"data_track_clickback\":false,\"data_track_addressbar\":false,\"data_track_textcopy\":false};\n<\/script><script type=\"text\/javascript\" src=\"\/\/s7.addthis.com\/js\/250\/addthis_widget.js#pubid=a457a6d63fb9e6ccabdde4110343bd85\"><\/script>","protected":false},"excerpt":{"rendered":"<p><span style=\"color: #800000;\"><span style=\"font-family: 'Times New Roman', serif;\"><span>\u00ab<span style=\"color: #000000;\"> Ces Illustres Disparus (partie 2)\u00bb<\/span><\/span><\/span><\/span><\/p>\n<p align=\"center\"><span style=\"font-family: 'Times New Roman', serif; color: #800000;\">par Serge H.Moise<\/span><\/p>\n<p align=\"center\"><span style=\"font-family: 'Times New Roman', serif;\"><span>Lucien Daumec \u00e9tonn\u00e9<\/span><\/span><\/p>\n<p align=\"center\"><span style=\"font-family: 'Times New Roman', serif;\"><span>Aurait \u00e9t\u00e9 soup\u00e7onn\u00e9<\/span><\/span><\/p>\n<p align=\"center\"><span style=\"font-family: 'Times New Roman', serif;\"><span>D\u2019avoir voulu d\u00e9loger<\/span><\/span><\/p>\n<p align=\"center\"><span><span style=\"font-family: 'Times New Roman', serif;\">Le tyran Fran<\/span><span style=\"font-family: Sylfaen, serif;\">\u00e7ois Duvalier<\/span><\/span><\/p>\n<p align=\"center\"><span style=\"font-family: Sylfaen, serif;\"><span>Et l\u2019a tr\u00e8s ch\u00e8rement pay\u00e9<\/span><\/span><\/p>\n<p align=\"center\"><span style=\"font-family: Sylfaen, serif;\"><span>XIV<\/span><\/span><\/p>\n<p align=\"center\"><span style=\"font-family: Sylfaen, serif;\"><span>Dix-neuf de nos officiers<\/span><\/span><\/p>\n<p align=\"center\"><span style=\"font-family: Sylfaen, serif;\"><span>Brutalement massacr\u00e9s<\/span><\/span><\/p>\n<p align=\"center\"><span style=\"font-family: Sylfaen, serif;\"><span>Et tous <\/span><\/span>&hellip;<\/p>\n","protected":false},"author":1,"featured_media":0,"comment_status":"open","ping_status":"open","sticky":false,"template":"","format":"standard","meta":{"footnotes":""},"categories":[1],"tags":[],"class_list":["post-12989","post","type-post","status-publish","format-standard","hentry","category-accueil"],"_links":{"self":[{"href":"http:\/\/www.lecarrefourdesopinions.ca\/index.php?rest_route=\/wp\/v2\/posts\/12989","targetHints":{"allow":["GET"]}}],"collection":[{"href":"http:\/\/www.lecarrefourdesopinions.ca\/index.php?rest_route=\/wp\/v2\/posts"}],"about":[{"href":"http:\/\/www.lecarrefourdesopinions.ca\/index.php?rest_route=\/wp\/v2\/types\/post"}],"author":[{"embeddable":true,"href":"http:\/\/www.lecarrefourdesopinions.ca\/index.php?rest_route=\/wp\/v2\/users\/1"}],"replies":[{"embeddable":true,"href":"http:\/\/www.lecarrefourdesopinions.ca\/index.php?rest_route=%2Fwp%2Fv2%2Fcomments&post=12989"}],"version-history":[{"count":1,"href":"http:\/\/www.lecarrefourdesopinions.ca\/index.php?rest_route=\/wp\/v2\/posts\/12989\/revisions"}],"predecessor-version":[{"id":12990,"href":"http:\/\/www.lecarrefourdesopinions.ca\/index.php?rest_route=\/wp\/v2\/posts\/12989\/revisions\/12990"}],"wp:attachment":[{"href":"http:\/\/www.lecarrefourdesopinions.ca\/index.php?rest_route=%2Fwp%2Fv2%2Fmedia&parent=12989"}],"wp:term":[{"taxonomy":"category","embeddable":true,"href":"http:\/\/www.lecarrefourdesopinions.ca\/index.php?rest_route=%2Fwp%2Fv2%2Fcategories&post=12989"},{"taxonomy":"post_tag","embeddable":true,"href":"http:\/\/www.lecarrefourdesopinions.ca\/index.php?rest_route=%2Fwp%2Fv2%2Ftags&post=12989"}],"curies":[{"name":"wp","href":"https:\/\/api.w.org\/{rel}","templated":true}]}}