{"id":12973,"date":"2016-11-18T14:04:13","date_gmt":"2016-11-18T19:04:13","guid":{"rendered":"http:\/\/www.lecarrefourdesopinions.ca\/?p=12973"},"modified":"2016-11-18T14:04:13","modified_gmt":"2016-11-18T19:04:13","slug":"bon-dieu-qui-voyez-tout-soyez-pris-a-temoin","status":"publish","type":"post","link":"http:\/\/www.lecarrefourdesopinions.ca\/?p=12973","title":{"rendered":"Bon Dieu qui voyez tout, soyez pris \u00e0 T\u00e9moin."},"content":{"rendered":"<p align=\"CENTER\"><em style=\"font-size: large; font-family: 'Comic Sans MS', cursive; color: #632423;\"><strong>Bon Dieu qui voyez tout, soyez pris \u00e0 T\u00e9moin.<\/strong><\/em><\/p>\n<p align=\"JUSTIFY\">\n<p align=\"JUSTIFY\"><img loading=\"lazy\" decoding=\"async\" class=\"alignnone size-full wp-image-12911\" title=\"Eric\" src=\"http:\/\/www.lecarrefourdesopinions.ca\/wp-content\/uploads\/2016\/11\/Eric.jpg\" alt=\"\" width=\"134\" height=\"107\" \/><\/p>\n<p align=\"JUSTIFY\"><span style=\"color: #632423;\"><span style=\"font-family: 'Comic Sans MS', cursive;\"><span style=\"font-size: large;\">\u00c9ric EG Nogard<\/span><\/span><\/span><\/p>\n<p align=\"JUSTIFY\"><span style=\"color: #c00000;\"><span style=\"font-size: large;\"><em>Chroniqueur<\/em><\/span><\/span><span style=\"color: #c00000;\"><span style=\"font-size: large;\">.<\/span><\/span><\/p>\n<p align=\"CENTER\">\n<p align=\"CENTER\"><span style=\"color: #632423;\"><span style=\"font-size: large;\">*** *** ***<\/span><\/span><\/p>\n<p><span style=\"font-size: large;\"><em><strong>Bon Dieu qui voyez tout, soyez pris \u00e0 T\u00e9moin.<\/strong><\/em><\/span><\/p>\n<p align=\"JUSTIFY\">\n<p align=\"JUSTIFY\">\n<p align=\"CENTER\"><img loading=\"lazy\" decoding=\"async\" class=\"alignnone size-medium wp-image-12974\" title=\"F1   Recevez cette fleur   Elle vous vient de mon c\u0153ur\" src=\"http:\/\/www.lecarrefourdesopinions.ca\/wp-content\/uploads\/2016\/11\/F1-Recevez-cette-fleur-Elle-vous-vient-de-mon-c\u0153ur-246x300.jpg\" alt=\"\" width=\"246\" height=\"300\" srcset=\"http:\/\/www.lecarrefourdesopinions.ca\/wp-content\/uploads\/2016\/11\/F1-Recevez-cette-fleur-Elle-vous-vient-de-mon-c\u0153ur-246x300.jpg 246w, http:\/\/www.lecarrefourdesopinions.ca\/wp-content\/uploads\/2016\/11\/F1-Recevez-cette-fleur-Elle-vous-vient-de-mon-c\u0153ur.jpg 480w\" sizes=\"auto, (max-width: 246px) 100vw, 246px\" \/><\/p>\n<p align=\"CENTER\">\n<p align=\"CENTER\"><span style=\"font-size: large;\"><strong>F1\u00a0: <\/strong><\/span><span style=\"color: #c00000;\"><span style=\"font-size: large;\"><em><strong>Recevez cette fleur\u2026 Elle vous vient de mon c\u0153ur.<\/strong><\/em><\/span><\/span><\/p>\n<p align=\"JUSTIFY\">\n<p align=\"JUSTIFY\">\n<p align=\"JUSTIFY\"><span style=\"font-family: 'Comic Sans MS', cursive;\"><span style=\"font-size: large;\">Voyez combien notre c\u0153ur et notre esprit sont pleins de Compassion pour les Victimes du Terrorisme en France, et m\u00eame aux U.S.A.<\/span><\/span><\/p>\n<p align=\"JUSTIFY\">\n<p align=\"JUSTIFY\"><span style=\"font-family: 'Comic Sans MS', cursive;\"><span style=\"font-size: large;\">Voyez aussi l\u2019\u00e9tendue de notre mise \u00e0 l\u2019\u00e9preuve par ces Comm\u00e9morations dont les intentions paraissent bien douteuses, malgr\u00e9 leur grand succ\u00e8s.<\/span><\/span><\/p>\n<p align=\"JUSTIFY\">\n<p align=\"JUSTIFY\"><span style=\"font-family: 'Comic Sans MS', cursive;\"><span style=\"font-size: large;\">Voyez-vous ce qu\u2019il peut en co\u00fbter au Chroniqueur, au vu des risques qu\u2019il encourt, d\u00e8s l\u2019instant o\u00f9 il trempe sa plume pour crever un abc\u00e8s.<\/span><\/span><\/p>\n<p align=\"JUSTIFY\">\n<p align=\"JUSTIFY\"><span style=\"font-family: 'Comic Sans MS', cursive;\"><span style=\"font-size: large;\">Surtout quand chacun sait, en d\u00e9pit de ses feintes, combien B\u00fbchers et Guillotines ont soif de faire du z\u00e8le quand l\u2019Heure leur est propice.<\/span><\/span><\/p>\n<p align=\"JUSTIFY\">\n<p align=\"JUSTIFY\"><span style=\"font-family: 'Comic Sans MS', cursive;\"><span style=\"font-size: large;\">Les B\u00fbchers, les Guillotines et Pire, les Langues gorg\u00e9es d\u2019Injures et de Ressentiment pour qui n\u2019est pas sous leur Emprise et ne plie pas les Genoux devant eux.<\/span><\/span><\/p>\n<p align=\"JUSTIFY\">\n<p align=\"JUSTIFY\">\n<p align=\"CENTER\">\n<p align=\"CENTER\">\u00a0<img loading=\"lazy\" decoding=\"async\" class=\"alignnone size-medium wp-image-12975\" title=\"F2       d Injures et de Menaces\" src=\"http:\/\/www.lecarrefourdesopinions.ca\/wp-content\/uploads\/2016\/11\/F2-d-Injures-et-de-Menaces-300x218.jpg\" alt=\"\" width=\"300\" height=\"218\" srcset=\"http:\/\/www.lecarrefourdesopinions.ca\/wp-content\/uploads\/2016\/11\/F2-d-Injures-et-de-Menaces-300x218.jpg 300w, http:\/\/www.lecarrefourdesopinions.ca\/wp-content\/uploads\/2016\/11\/F2-d-Injures-et-de-Menaces-400x291.jpg 400w, http:\/\/www.lecarrefourdesopinions.ca\/wp-content\/uploads\/2016\/11\/F2-d-Injures-et-de-Menaces.jpg 580w\" sizes=\"auto, (max-width: 300px) 100vw, 300px\" \/><\/p>\n<p align=\"CENTER\"><span style=\"font-size: large;\"><strong>F2\u00a0: <\/strong><\/span><span style=\"color: #c00000;\"><span style=\"font-size: large;\"><em><strong>\u2026 d\u2019Injures et de Menaces\u00a0!<\/strong><\/em><\/span><\/span><\/p>\n<p>&nbsp;<\/p>\n<p>&nbsp;<\/p>\n<p><span style=\"font-family: 'Comic Sans MS', cursive;\"><span style=\"font-size: large;\">Mais, s\u2019il faut que nous passions par l\u00e0, dans notre \u00ab\u00a0Cri d\u2019Alarme\u00a0\u00bb, alors allons-y, sous Votre Protection, que Votre Volont\u00e9 soit faite.<\/span><\/span><\/p>\n<p align=\"JUSTIFY\">\n<p align=\"JUSTIFY\">\n<p align=\"JUSTIFY\"><span style=\"font-size: large;\"><strong>Ainsi, faire un \u00ab\u00a0Champ de Martyrs\u00a0\u00bb des Terraces de Cabarets quand il est av\u00e9r\u00e9 que nous sommes en guerre et que, la Guerre \u00e9tant la Guerre, chacun frappe comme il peut\u2026 o\u00f9 il peut.<\/strong><\/span><\/p>\n<p align=\"JUSTIFY\">\n<p align=\"JUSTIFY\"><span style=\"font-size: large;\">Les Plaques Comm\u00e9moratives en ces Lieux de Plaisir comme les Bougies r\u00e9clam\u00e9es aux fen\u00eatres, sont-elles la Vraie R\u00e9ponse au Drame que nous connaissons et qui se joue sans que la moindre larme sinc\u00e8re ne tombe le long des joues\u2026 <\/span><span style=\"font-family: Arial, sans-serif;\"><span style=\"font-size: large;\"><em>whithout the less sincere tear drop falling down the cheeks<\/em><\/span><\/span><span style=\"font-size: large;\">.<\/span><\/p>\n<p align=\"JUSTIFY\">\n<p align=\"JUSTIFY\">\n<p align=\"CENTER\"><img loading=\"lazy\" decoding=\"async\" class=\"alignnone size-large wp-image-12979\" title=\"F5 Y ssonge\" src=\"http:\/\/www.lecarrefourdesopinions.ca\/wp-content\/uploads\/2016\/11\/F5-Y-ssonge1-1024x618.jpg\" alt=\"\" width=\"450\" height=\"271\" srcset=\"http:\/\/www.lecarrefourdesopinions.ca\/wp-content\/uploads\/2016\/11\/F5-Y-ssonge1-1024x618.jpg 1024w, http:\/\/www.lecarrefourdesopinions.ca\/wp-content\/uploads\/2016\/11\/F5-Y-ssonge1-300x181.jpg 300w, http:\/\/www.lecarrefourdesopinions.ca\/wp-content\/uploads\/2016\/11\/F5-Y-ssonge1-400x241.jpg 400w\" sizes=\"auto, (max-width: 450px) 100vw, 450px\" \/><\/p>\n<p align=\"CENTER\"><span style=\"font-size: large;\"><strong>F3\u00a0: <\/strong><\/span><span style=\"color: #c00000;\"><span style=\"font-size: large;\"><em><strong>Y songe-t-on sous les Bombardements.<\/strong><\/em><\/span><\/span><\/p>\n<p align=\"CENTER\">\n<p align=\"JUSTIFY\">\n<p align=\"JUSTIFY\"><span style=\"font-size: large;\"><strong>Nul pour s\u2019en \u00e9mouvoir\u00a0:<\/strong><\/span><\/p>\n<p align=\"JUSTIFY\">\n<p align=\"JUSTIFY\"><span style=\"font-size: large;\">Ni ceux qui en p\u00e2tissent, ni les Psychologues requis \u00e0 leur soutien, ni les M\u00e9dias prompts \u00e0 les plaindre et mieux s\u00e9cher leurs larmes, ni le Chef d\u2019Orchestre Supr\u00eame\u2026 Personne\u00a0!<\/span><\/p>\n<p align=\"JUSTIFY\">\n<p align=\"JUSTIFY\"><span style=\"font-size: large;\">En fait, Comm\u00e9more-t-on ou cherche-t-on \u00e0 profiter d\u2019un instant d\u2019\u00c9tat Second pour se \u00ab\u00a0Grandir\u00a0\u00bb soi-m\u00eame.<\/span><\/p>\n<p align=\"JUSTIFY\">\n<p align=\"JUSTIFY\">\n<p align=\"CENTER\">\u00a0<img loading=\"lazy\" decoding=\"async\" class=\"alignnone size-medium wp-image-12976\" title=\"F4   Alors  pourquoi ne pas en Passer Commande\" src=\"http:\/\/www.lecarrefourdesopinions.ca\/wp-content\/uploads\/2016\/11\/F4-Alors-pourquoi-ne-pas-en-Passer-Commande--300x197.jpg\" alt=\"\" width=\"300\" height=\"197\" srcset=\"http:\/\/www.lecarrefourdesopinions.ca\/wp-content\/uploads\/2016\/11\/F4-Alors-pourquoi-ne-pas-en-Passer-Commande--300x197.jpg 300w, http:\/\/www.lecarrefourdesopinions.ca\/wp-content\/uploads\/2016\/11\/F4-Alors-pourquoi-ne-pas-en-Passer-Commande--400x263.jpg 400w, http:\/\/www.lecarrefourdesopinions.ca\/wp-content\/uploads\/2016\/11\/F4-Alors-pourquoi-ne-pas-en-Passer-Commande-.jpg 1008w\" sizes=\"auto, (max-width: 300px) 100vw, 300px\" \/><\/p>\n<p align=\"CENTER\">\n<p align=\"CENTER\"><span style=\"font-size: large;\"><strong>F4\u00a0: <\/strong><\/span><span style=\"color: #c00000;\"><span style=\"font-size: large;\"><em><strong>Alors, pourquoi ne pas en Passer Commande\u00a0?..<\/strong><\/em><\/span><\/span><\/p>\n<p align=\"JUSTIFY\">\n<p align=\"JUSTIFY\">\n<p align=\"JUSTIFY\"><span style=\"font-size: large;\"><strong>Car, \u00e0 tout mettre en Balance, sans l\u2019Aveuglement de Th\u00e9mis ni la Perfidie de N\u00e9ron\u00a0:<\/strong><\/span><\/p>\n<p align=\"JUSTIFY\">\n<p align=\"JUSTIFY\"><span style=\"font-size: large;\">Si la France est en Guerre, de quelle Guerre s\u2019agit-il, sinon de celle que pour faire court on pourrait appeler la Guerre Irako-Syrienne, Guerre dans laquelle elle entend s\u2019engager\u2026 jusqu\u2019\u00e0 quoi\u00a0? Jusqu\u2019\u00e0 quand.<\/span><\/p>\n<p align=\"JUSTIFY\">\n<p align=\"JUSTIFY\"><span style=\"font-family: Calibri, sans-serif;\"><span style=\"font-size: large;\">Au Charles DE-GAULLE et ses Rafales d\u2019y r\u00e9pondre plut\u00f4t qu\u2019\u00e0 nous de le faire<\/span><\/span><span style=\"font-size: large;\">.<\/span><\/p>\n<p align=\"JUSTIFY\">\n<p align=\"JUSTIFY\">\n<p align=\"JUSTIFY\"><span style=\"font-size: large;\"><strong>Et s\u2019il \u00e9tait fait un Bilan aujourd\u2019hui\u00a0:<\/strong><\/span><\/p>\n<p align=\"JUSTIFY\">\n<p align=\"JUSTIFY\"><span style=\"font-size: large;\">&#8211; Combien de Morts dans leur Foyer, \u00e0 leur Travail, ou \u00e0 l\u2019\u00c9cole, ou dans les H\u00f4pitaux\u2026<\/span><\/p>\n<p align=\"JUSTIFY\">\n<p align=\"JUSTIFY\"><span style=\"font-size: large;\">Dans chaque Camp de nos Bellig\u00e9rants.<\/span><\/p>\n<p align=\"JUSTIFY\">\n<p align=\"JUSTIFY\"><span style=\"font-family: Calibri, sans-serif;\"><span style=\"font-size: large;\">Impossible d\u2019y songer, surtout s\u2019il nous fallait \u00e9valuer le nombre de plaques Comm\u00e9moratives, de Bougies et combien de Larmes il faudrait en Comparaison de ce qu\u2019il est demand\u00e9 pour les Victimes Fran\u00e7aises\u2026 et surtout \u00ab\u00a0en leur Nom\u00a0\u00bb.<\/span><\/span><\/p>\n<p align=\"JUSTIFY\">\n<p align=\"JUSTIFY\">\n<p align=\"CENTER\"><img loading=\"lazy\" decoding=\"async\" class=\"alignnone size-full wp-image-12977\" title=\"F5   Depuis qu ils disent a Fran\u00e7ois   Tu duca  tu signore  e tu maestro\" src=\"http:\/\/www.lecarrefourdesopinions.ca\/wp-content\/uploads\/2016\/11\/F5-Depuis-qu-ils-disent-a-Fran\u00e7ois-Tu-duca-tu-signore-e-tu-maestro.jpg\" alt=\"\" width=\"312\" height=\"161\" srcset=\"http:\/\/www.lecarrefourdesopinions.ca\/wp-content\/uploads\/2016\/11\/F5-Depuis-qu-ils-disent-a-Fran\u00e7ois-Tu-duca-tu-signore-e-tu-maestro.jpg 312w, http:\/\/www.lecarrefourdesopinions.ca\/wp-content\/uploads\/2016\/11\/F5-Depuis-qu-ils-disent-a-Fran\u00e7ois-Tu-duca-tu-signore-e-tu-maestro-300x154.jpg 300w\" sizes=\"auto, (max-width: 312px) 100vw, 312px\" \/><\/p>\n<p align=\"CENTER\">\n<p align=\"CENTER\"><span style=\"font-size: large;\"><strong>F5\u00a0: <\/strong><\/span><span style=\"color: #c00000;\"><span style=\"font-size: large;\"><em><strong>Depuis qu\u2019ils disent \u00e0 Fran\u00e7ois\u00a0: <\/strong><\/em><\/span><\/span><span style=\"color: #c00000;\"><span style=\"font-family: Arial, sans-serif;\"><span style=\"font-size: large;\"><em><strong>Tu duca, tu signore, e tu maestro<\/strong><\/em><\/span><\/span><\/span><span style=\"color: #c00000;\"><span style=\"font-size: large;\"><em><strong>.<\/strong><\/em><\/span><\/span><\/p>\n<p align=\"JUSTIFY\">\n<p align=\"JUSTIFY\"><span style=\"font-family: 'Comic Sans MS', cursive;\"><span style=\"font-size: large;\"><strong>Au \u00ab\u00a0Cri d\u2019Alarme\u00a0\u00bb nous nous contenterions de dire aux Fran\u00e7ais\u00a0:<\/strong><\/span><\/span><\/p>\n<p align=\"JUSTIFY\">\n<p align=\"JUSTIFY\"><span style=\"font-family: Arial, sans-serif;\"><span style=\"font-size: large;\"><em>Let\u2019s dry our tears, the worst is not Home, from this Point of view<\/em><\/span><\/span><span style=\"font-family: 'Comic Sans MS', cursive;\"><span style=\"font-size: large;\">.<\/span><\/span><\/p>\n<p lang=\"en-US\" align=\"JUSTIFY\">\n<p align=\"JUSTIFY\"><span style=\"font-family: 'Comic Sans MS', cursive;\"><span style=\"font-size: large;\"><strong>Songeons \u00e0 ceux que frappent aveugl\u00e9ment les Joujoux qui giclent de nos Rafales depuis notre \u201cGrand Charles\u201d.<\/strong><\/span><\/span><\/p>\n<p align=\"JUSTIFY\">\n<p align=\"JUSTIFY\"><span style=\"font-family: 'Comic Sans MS', cursive;\"><span style=\"font-size: large;\">Secouons-nous de cette Catalepsie entretenue par Comm\u00e9morations et Bougies.<\/span><\/span><\/p>\n<p align=\"JUSTIFY\">\n<p align=\"CENTER\"><span style=\"font-family: 'Arial Rounded MT Bold', sans-serif;\"><span style=\"font-size: large;\">R\u00e9veillon-Nous.<\/span><\/span><\/p>\n<p align=\"JUSTIFY\">\n<p align=\"JUSTIFY\"><span style=\"font-size: large;\">\u00c9ric EG Nogard<\/span><\/p>\n<p align=\"JUSTIFY\"><span style=\"color: #c00000;\"><span style=\"font-size: large;\"><em>Chroniqueur<\/em><\/span><\/span><span style=\"color: #c00000;\"><span style=\"font-size: large;\">.<\/span><\/span><\/p>\n<p align=\"CENTER\"><span style=\"font-size: large;\"><strong>*** *** ***<\/strong><\/span><\/p>\n<p align=\"CENTER\"><span style=\"color: #ff0000;\"><span style=\"font-size: large;\"><strong>Nota : <\/strong><\/span><\/span><span style=\"color: #000000;\"><span style=\"font-size: large;\">Nous ne traitons que de Faits et de Noms rendus Publics.<\/span><\/span><\/p>\n<p align=\"JUSTIFY\"><span style=\"font-size: large;\"><strong>N.B.:<\/strong><\/span><span style=\"font-size: large;\"> &#8211; <\/span><span style=\"color: #c00000;\"><span style=\"font-family: 'Comic Sans MS', cursive;\"><span style=\"font-size: large;\">Nous Recommandons instamment et syst\u00e9matiquement l\u2019ouverture de la (ou des) pi\u00e8ce(s) jointe(s) \u00e0 l\u2019e-mail, sous format Pdf, <\/span><\/span><\/span><span style=\"color: #c00000;\"><span style=\"font-family: 'Comic Sans MS', cursive;\"><span style=\"font-size: large;\"><span style=\"text-decoration: underline;\">les illustrations y sont incluses<\/span><\/span><\/span><\/span><span style=\"color: #c00000;\"><span style=\"font-family: 'Comic Sans MS', cursive;\"><span style=\"font-size: large;\">.<\/span><\/span><\/span><\/p>\n<p align=\"JUSTIFY\">\n<p align=\"CENTER\"><span style=\"color: #ff0000;\"><span><strong>Ne Peut \u00eatre reproduit &#8211; m\u00eame partiellement &#8211; sans l\u2019autorisation de l\u2019Auteur.<\/strong><\/span><\/span><\/p>\n<p align=\"JUSTIFY\"><span style=\"text-decoration: underline;\"><strong>Liens Sugg\u00e9r\u00e9s\u00a0:<\/strong><\/span><\/p>\n<ul>\n<li>\n<p align=\"JUSTIFY\"><span style=\"color: #0000ff;\"><span style=\"text-decoration: underline;\"><a href=\"http:\/\/www.lescrutateur.com\/\">http:\/\/www.lescrutateur.com\/<\/a><\/span><\/span><\/p>\n<\/li>\n<li>\n<p align=\"JUSTIFY\"><span style=\"color: #0000ff;\"><span style=\"text-decoration: underline;\"><a href=\"http:\/\/www.etatsgenerauxdeloutremer.fr\/reflexions\">http:\/\/www.etatsgenerauxdeloutremer.fr\/reflexions<\/a><\/span><\/span><\/p>\n<\/li>\n<\/ul>\n<p align=\"CENTER\">\n<script type=\"text\/javascript\">\n\nvar addthis_config = {\"data_track_clickback\":false,\"data_track_addressbar\":false,\"data_track_textcopy\":false};\n<\/script><script type=\"text\/javascript\" src=\"\/\/s7.addthis.com\/js\/250\/addthis_widget.js#pubid=a457a6d63fb9e6ccabdde4110343bd85\"><\/script>","protected":false},"excerpt":{"rendered":"<p align=\"CENTER\">Bon Dieu qui voyez tout, soyez pris \u00e0 T\u00e9moin.<\/p>\n<p align=\"JUSTIFY\">\n<p align=\"JUSTIFY\">\n<p align=\"JUSTIFY\"><span style=\"color: #632423;\"><span style=\"font-family: 'Comic Sans MS', cursive;\"><span style=\"font-size: large;\">\u00c9ric EG Nogard<\/span><\/span><\/span><\/p>\n<p align=\"JUSTIFY\"><span style=\"color: #c00000;\"><span style=\"font-size: large;\">Chroniqueur<\/span><\/span><span style=\"color: #c00000;\"><span style=\"font-size: large;\">.<\/span><\/span><\/p>\n<p align=\"CENTER\">\n<p align=\"CENTER\"><span style=\"color: #632423;\"><span style=\"font-size: large;\">*** *** ***<\/span><\/span><\/p>\n<p><span style=\"font-size: large;\">Bon Dieu qui voyez tout, soyez pris \u00e0 T\u00e9moin.<\/span><\/p>\n<p align=\"JUSTIFY\">\n<p align=\"JUSTIFY\">\n<p align=\"CENTER\">\n<p align=\"CENTER\">\n<p align=\"CENTER\"><span style=\"font-size: large;\">F1\u00a0: <\/span><span style=\"color: #c00000;\"><span style=\"font-size: large;\">Recevez cette fleur\u2026 Elle vous vient de mon c\u0153ur.<\/span><\/span>&hellip;<\/p>\n","protected":false},"author":1,"featured_media":0,"comment_status":"open","ping_status":"open","sticky":false,"template":"","format":"standard","meta":{"footnotes":""},"categories":[1],"tags":[],"class_list":["post-12973","post","type-post","status-publish","format-standard","hentry","category-accueil"],"_links":{"self":[{"href":"http:\/\/www.lecarrefourdesopinions.ca\/index.php?rest_route=\/wp\/v2\/posts\/12973","targetHints":{"allow":["GET"]}}],"collection":[{"href":"http:\/\/www.lecarrefourdesopinions.ca\/index.php?rest_route=\/wp\/v2\/posts"}],"about":[{"href":"http:\/\/www.lecarrefourdesopinions.ca\/index.php?rest_route=\/wp\/v2\/types\/post"}],"author":[{"embeddable":true,"href":"http:\/\/www.lecarrefourdesopinions.ca\/index.php?rest_route=\/wp\/v2\/users\/1"}],"replies":[{"embeddable":true,"href":"http:\/\/www.lecarrefourdesopinions.ca\/index.php?rest_route=%2Fwp%2Fv2%2Fcomments&post=12973"}],"version-history":[{"count":1,"href":"http:\/\/www.lecarrefourdesopinions.ca\/index.php?rest_route=\/wp\/v2\/posts\/12973\/revisions"}],"predecessor-version":[{"id":12980,"href":"http:\/\/www.lecarrefourdesopinions.ca\/index.php?rest_route=\/wp\/v2\/posts\/12973\/revisions\/12980"}],"wp:attachment":[{"href":"http:\/\/www.lecarrefourdesopinions.ca\/index.php?rest_route=%2Fwp%2Fv2%2Fmedia&parent=12973"}],"wp:term":[{"taxonomy":"category","embeddable":true,"href":"http:\/\/www.lecarrefourdesopinions.ca\/index.php?rest_route=%2Fwp%2Fv2%2Fcategories&post=12973"},{"taxonomy":"post_tag","embeddable":true,"href":"http:\/\/www.lecarrefourdesopinions.ca\/index.php?rest_route=%2Fwp%2Fv2%2Ftags&post=12973"}],"curies":[{"name":"wp","href":"https:\/\/api.w.org\/{rel}","templated":true}]}}