{"id":12971,"date":"2016-11-18T09:12:00","date_gmt":"2016-11-18T14:12:00","guid":{"rendered":"http:\/\/www.lecarrefourdesopinions.ca\/?p=12971"},"modified":"2016-11-18T09:12:00","modified_gmt":"2016-11-18T14:12:00","slug":"la-derniere-chance-3","status":"publish","type":"post","link":"http:\/\/www.lecarrefourdesopinions.ca\/?p=12971","title":{"rendered":"\u00ab La derni\u00e8re chance \u00bb"},"content":{"rendered":"<div dir=\"ltr\">\n<div style=\"text-align: center;\">\u00a0\u00ab La derni\u00e8re chance \u00bb<\/div>\n<div>\n<p style=\"text-align: left;\" align=\"center\">\n<p style=\"text-align: left;\" align=\"center\">\u00a0<img loading=\"lazy\" decoding=\"async\" class=\"alignnone size-thumbnail wp-image-12813\" title=\"F7     Il y a de l Espoir   nous dit Me  MOiSE dans sa   Lettre Oubliee\" src=\"http:\/\/www.lecarrefourdesopinions.ca\/wp-content\/uploads\/2016\/10\/F7-Il-y-a-de-l-Espoir-nous-dit-Me-MOiSE-dans-sa-Lettre-Oubliee--134x107.jpg\" alt=\"\" width=\"134\" height=\"107\" \/><\/p>\n<p style=\"text-align: left;\" align=\"center\"><span style=\"color: #800000;\"><em>Me Serge H. Mo\u00efse av.<\/em><\/span><\/p>\n<p align=\"justify\"><span>Dans ce singulier petit pays o\u00f9 plus \u00e7a change plus c&rsquo;est pareil il est impossible d&rsquo;\u00e9viter les redites, m\u00eame quand elles deviennent fades et rebutantes.<\/span><\/p>\n<p align=\"justify\"><span>En effet, depuis l&rsquo;ignoble assassinat de l&rsquo;Empereur, lequel a eu la mauvaise fortune d&rsquo;exiger que ceux dont les p\u00e8res sont en Afrique aient les m\u00eames droits que les autres, la r\u00e9volution inachev\u00e9e bat de l&rsquo;aile et la perle des antilles symbolise aujourd&rsquo;hui, le pays le plus corrompu et le plus pauvre de l&rsquo;h\u00e9misph\u00e8re.<\/span><\/p>\n<p align=\"justify\"><span>Les analystes de la sc\u00e8ne politique ha\u00eftienne sont unanimes \u00e0 reconna\u00eetre que le pays a rat\u00e9 tous les virages qui lui auraient permis de se d\u00e9velopper et de s&rsquo;\u00e9panouir au m\u00eame niveau que son voisin de l&rsquo;est et d&rsquo;autres petites nations plus ou moins comparables.<\/span><\/p>\n<p align=\"justify\"><span>Plus de deux si\u00e8cles d&rsquo;histoire de peuple dit ind\u00e9pendant et nous pouvons h\u00e9las nous demander bien candidement\u00a0: Sommes-nous vraimement une nation?<\/span><\/p>\n<p align=\"justify\"><span>Nous avons \u00e9videmment un territoire, une population, une langue commune, un drapeau, un gouvernement et apparemment tout ce qui correspond \u00e0 la d\u00e9finition accept\u00e9e de ce que repr\u00e9sente une nation. Pourtant, force est de reconna\u00eetre que mises \u00e0 part quelques rares \u00e9claircies, notre trajectoire en tant que collectivit\u00e9, constitue un retentissant \u00e9chec qui explique le bourbier dans lequel nous vautrons avec une apparente indiff\u00e9rence.<\/span><\/p>\n<p align=\"justify\"><span>La m\u00e9connaissance de notre histoire, les lacunes de l&rsquo;enseignement ou \u00e9ducation au pays et ce d\u00e9ficit identitaire qui nous caract\u00e9risent en sont sans doute les causes profondes mais pis encore le refus d&rsquo;en prendre conscience individuellement et collectivement n&rsquo;augure rien de bon dans un avenir pr\u00e9visible.<\/span><\/p>\n<p align=\"justify\"><span>Nous avons \u00e9t\u00e9 \u00e9duqu\u00e9s, pardon, dress\u00e9s pour \u00eatre tout sauf des Ha\u00eftiens \u00e0 part enti\u00e8re. Il demeure donc compr\u00e9hensible que certains de nos cong\u00e9n\u00e8res se r\u00e9v\u00e8lent , sur le plan personnel des r\u00e9ussites dont nous sommes d&rsquo;ailleurs tr\u00e8s fiers. Ils ont \u00e9t\u00e9 form\u00e9s pour performer dans leurs encadrements respectifs mais quid de l&rsquo;alma mater?<\/span><\/p>\n<p align=\"justify\"><span>S&rsquo;il est vrai, selon Ren\u00e9 Dumont, que le d\u00e9veloppement durable d&rsquo;une soci\u00e9t\u00e9 passe par ses cr\u00e9neaux culturels, il s&rsquo;av\u00e8re peu probable que les mod\u00e8les import\u00e9s puissent nous conduire \u00e0 bon port. H\u00e9las, tout porte \u00e0 croire que nos experts ne jurent que par les th\u00e9ories et\/ou principes \u00e0 partir desquels ils ont \u00e9t\u00e9 form\u00e9s et demeurent incapables d&rsquo;appr\u00e9hender le r\u00e9el ha\u00eftien afin de concevoir des mod\u00e8les qui soient en ad\u00e9quation avec cette r\u00e9alit\u00e9 dans ce qu&rsquo;elle rec\u00e8le de sp\u00e9cificit\u00e9s propres.<\/span><\/p>\n<p align=\"justify\"><span>La loi se d\u00e9finit comme \u00e9tant l&rsquo;\u00e9manation de la violont\u00e9 populaire et c&rsquo;est l&rsquo;essence m\u00eame de la d\u00e9mocratie. Jetons un bref coup d&rsquo;oeil sur nos (22) vingt deux constitutions et l&rsquo;ensembles des lois qui nous r\u00e9gissent. La malice populaire exprime en termes clairs notre culture de non droit et \u00e0 travers son humour plut\u00f4t caustique proclame\u00a0: \u00ab Konstitution s\u00e9 papi\u00e9, ba\u00efonnette s\u00e9 f\u00e8 \u00bb.<\/span><\/p>\n<p align=\"justify\"><span>Au cours des \u00e9v\u00e9nements en perspective, souhaitons que nos futurs dirigeants r\u00e9alisent l&rsquo;imp\u00e9rieuse n\u00e9cessit\u00e9 de doter le pays de la Commission Nation Nationale de la R\u00e9forme Judiciaire \u00ab CNRJ \u00bb si tant est qu&rsquo;ils veulenet vraiment comme le r\u00e9clame le peuple depuis la chute de la dictature, l&rsquo;av\u00e8nement d&rsquo;un v\u00e9ritable \u00c9tat de droit dans ce tout petit pays qui est le n\u00f4tre.<\/span><\/p>\n<p align=\"justify\"><span>Les saupoudrages auxquels nous avons eu droit depuis l&rsquo;importation du code Napol\u00e9on, ont eu pour cons\u00e9quence, ce que tout le constate d&rsquo;ailleurs, n&rsquo;en d\u00e9plaise \u00e0 ceux qui veulent jouer \u00e0 l&rsquo;autruche\u00a0: Le pouvoir judiciaire est vassalis\u00e9 maintenant plus que jamais auparavant!<\/span><\/p>\n<p align=\"justify\"><span>Ce n&rsquo;est certes pas une cr\u00e9ation de ce gouvernement, nous en convenons ais\u00e9ment. Cela fait partie de ce triste h\u00e9ritage qu&rsquo;il avait d&rsquo;ailleurs promis d&rsquo;oblit\u00e9rer. H\u00e9als, les faits parlent par eux-m\u00eames, la montagne a accouch\u00e9 d&rsquo;une souris.<\/span><\/p>\n<p align=\"justify\"><span>Faut-il encore une fois, souligner et \u00e0 l&rsquo;eau forte qu&rsquo;aucun progr\u00e8s n&rsquo;est r\u00e9alisable en dehors d&rsquo;un syst\u00e8me judiciaire efficace et efficient? La r\u00e9ponse est tellement \u00e9vidente qu&rsquo;on serait tent\u00e9 de croire qu&rsquo;il s&rsquo;agit l\u00e0 d&rsquo;un laisser aller voulu et entretenu par nos \u00e9lites dirigeantes ce qui en font nos fameuses \u00ab MRE \u00bb.<\/span><\/p>\n<p align=\"justify\"><span>Il n&rsquo;appartient qu&rsquo;\u00e0 nous d&rsquo;arr\u00eater de bluffer en reconnaissant tout simplement que la cr\u00e9ation d&#8217;emplois et la r\u00e9forme judiciaire demeurent les pierres d&rsquo;achoppement de toute \u00e9ventuelle refondation de la r\u00e9publique. Aussi, compter uniquement sur l&rsquo;investissement \u00e9tranger pour relancer l&rsquo;\u00e9conomie du pays s&rsquo;av\u00e8re un leurre grossier et malhonn\u00eate. En un mot comme en cent, la d\u00e9portation massive de nos compatriotes en constitue une preuve irr\u00e9fragable.<\/span><\/p>\n<p align=\"justify\"><span>Le m\u00e9decin s&rsquo;attaque aux causes de la maladie pour soigner son patient, l&rsquo;avocat se rend au tribunal, son dossier bien \u00e9toff\u00e9 pour gagner la cause de son client, l&rsquo;investisseur se lancent en affaires pour gagner des profits substanciels et non pour faire du social encore moins la charit\u00e9. Nos \u00e9conomistes ne le savent que trop et qui pis est, l&rsquo;\u00e9conomie n\u00e9olib\u00e9rale qui domine le monde ne peut que maintenir les pays comme le n\u00f4tre dans leur \u00e9tat de corruption et d&rsquo;extr\u00eame pauvret\u00e9. Il faut donc pour mettre un terme \u00e0 l&rsquo;assistanat qui n&rsquo;est autre que l&rsquo;industrie de la mis\u00e8re, faire le choix judicieux de l&rsquo;\u00e9conomie sociale, \u00e0 l&rsquo;instar de l&rsquo;Inde, de la Chine et de Cuba pour ne citer que ceux-l\u00e0<\/span><\/p>\n<p align=\"justify\"><span>En effet, la cr\u00e9ation d&#8217;emplois, en encourageant de mani\u00e8re scientifique l&rsquo;entreprenariat au niveau des petites et moyennes entreprises, lesquelles sont d&rsquo;ailleurs les piliers de toutes les \u00e9conomies florissantes. Et, pour ce faire le \u00ab FHS \u00bb Fonds Ha\u00eftien de Solidarit\u00e9, r\u00e9unit tous les crit\u00e8res du d\u00e9veloppement endog\u00e8ne susceptible de contribuer \u00e0 la reconstruction et \u00e0 la refondation du pays. Nous devons donc jumeler cr\u00e9ation d&#8217;emplois et formation afin de ne plus exporter nos dipl\u00f4m\u00e9s, lesquels, faute d&#8217;emploi, ne peuvent revenir au pays.<\/span><\/p>\n<p align=\"justify\"><span>\u00c1 cette crois\u00e9e des chemins le constat est fait, nous sommes un \u00c9tat failli. S&rsquo;il est vrai que nous comptons encore parmi nous des femmes et des hommes int\u00e8gres et comp\u00e9tents, nous devrions \u00e0 la faveurs de ce qui est en perspective, nous prouver \u00e0 nous-m\u00eames et au reste du monde qui nous guette que nous avons la capacit\u00e9 de nous reprendre en main, de bien nous gouverner et ainsi faire mentir les propos de Gobineau une fois pour toutes.<\/span><\/p>\n<p align=\"justify\"><span>Le temps presse \u00e9videmment, les \u00e9ternels ch\u00f4meurs et ceux qui croupissent sous les tentes le savent mieux que quiconque. Un ultime effort de transcendance s&rsquo;impose pour un dialogue inclusif, franc et constructif, cette fois-ci dans l&rsquo;int\u00e9r\u00eat sup\u00e9rieur de la nation tout enti\u00e8re, demeure le paradigme imp\u00e9rieux et incontournable.<\/span><\/p>\n<p align=\"justify\"><span>Il subsiste malheureusement une zone d&rsquo;ombrte au tableau. En effet, un large secteur de la sc\u00e8ne politique estime que les toutes les conditions objectives ne sont pas r\u00e9unies pour faire \u0153uvre qui vaille et d\u00e9cide de garder ses distances. La confiance, \u00e9l\u00e9ment indispensable au dialogue et \u00e0 la concertation n&rsquo;est pas au rendez-vous! Quant \u00e0 la diaspora, elle brille, contre son gr\u00e9, de tous ses feux par son absence!<\/span><\/p>\n<p align=\"justify\"><span>C&rsquo;est le moment, plus que jamais, pour que \u00ab l&rsquo;Union Fait la Force \u00bb devienne une profession de foi. Que la volont\u00e9 de Dieu le \u00ab Granm\u00e8t \u00bb se manifeste sur la terre d&rsquo;Ha\u00efti en inspirant nos compatriotes au cours des prochaines joutes qui pourraient fort bien se r\u00e9v\u00e9ler celles de la derni\u00e8re chance.<\/span><\/p>\n<p align=\"justify\">\n<p align=\"justify\">\n<p align=\"justify\">\n<p align=\"justify\">\n<p align=\"justify\">\n<p align=\"justify\">\n<\/div>\n<\/div>\n<script type=\"text\/javascript\">\n\nvar addthis_config = {\"data_track_clickback\":false,\"data_track_addressbar\":false,\"data_track_textcopy\":false};\n<\/script><script type=\"text\/javascript\" src=\"\/\/s7.addthis.com\/js\/250\/addthis_widget.js#pubid=a457a6d63fb9e6ccabdde4110343bd85\"><\/script>","protected":false},"excerpt":{"rendered":"<p>\u00ab La derni\u00e8re chance \u00bb<\/p>\n<p style=\"text-align: left;\" align=\"center\">\n<p style=\"text-align: left;\" align=\"center\">\u00a0<\/p>\n<p style=\"text-align: left;\" align=\"center\"><span style=\"color: #800000;\">Me Serge H. Mo\u00efse av.<\/span><\/p>\n<p align=\"justify\"><span>Dans ce singulier petit pays o\u00f9 plus \u00e7a change plus c&rsquo;est pareil il est impossible d&rsquo;\u00e9viter les redites, m\u00eame quand elles deviennent fades et rebutantes.<\/span><\/p>\n<p align=\"justify\"><span>En effet, <\/span>&hellip;<\/p>\n","protected":false},"author":1,"featured_media":0,"comment_status":"open","ping_status":"open","sticky":false,"template":"","format":"standard","meta":{"footnotes":""},"categories":[1],"tags":[],"class_list":["post-12971","post","type-post","status-publish","format-standard","hentry","category-accueil"],"_links":{"self":[{"href":"http:\/\/www.lecarrefourdesopinions.ca\/index.php?rest_route=\/wp\/v2\/posts\/12971","targetHints":{"allow":["GET"]}}],"collection":[{"href":"http:\/\/www.lecarrefourdesopinions.ca\/index.php?rest_route=\/wp\/v2\/posts"}],"about":[{"href":"http:\/\/www.lecarrefourdesopinions.ca\/index.php?rest_route=\/wp\/v2\/types\/post"}],"author":[{"embeddable":true,"href":"http:\/\/www.lecarrefourdesopinions.ca\/index.php?rest_route=\/wp\/v2\/users\/1"}],"replies":[{"embeddable":true,"href":"http:\/\/www.lecarrefourdesopinions.ca\/index.php?rest_route=%2Fwp%2Fv2%2Fcomments&post=12971"}],"version-history":[{"count":1,"href":"http:\/\/www.lecarrefourdesopinions.ca\/index.php?rest_route=\/wp\/v2\/posts\/12971\/revisions"}],"predecessor-version":[{"id":12972,"href":"http:\/\/www.lecarrefourdesopinions.ca\/index.php?rest_route=\/wp\/v2\/posts\/12971\/revisions\/12972"}],"wp:attachment":[{"href":"http:\/\/www.lecarrefourdesopinions.ca\/index.php?rest_route=%2Fwp%2Fv2%2Fmedia&parent=12971"}],"wp:term":[{"taxonomy":"category","embeddable":true,"href":"http:\/\/www.lecarrefourdesopinions.ca\/index.php?rest_route=%2Fwp%2Fv2%2Fcategories&post=12971"},{"taxonomy":"post_tag","embeddable":true,"href":"http:\/\/www.lecarrefourdesopinions.ca\/index.php?rest_route=%2Fwp%2Fv2%2Ftags&post=12971"}],"curies":[{"name":"wp","href":"https:\/\/api.w.org\/{rel}","templated":true}]}}