{"id":12946,"date":"2016-11-14T09:24:03","date_gmt":"2016-11-14T14:24:03","guid":{"rendered":"http:\/\/www.lecarrefourdesopinions.ca\/?p=12946"},"modified":"2016-11-14T09:24:03","modified_gmt":"2016-11-14T14:24:03","slug":"des-lendemains-qui-chantent-2","status":"publish","type":"post","link":"http:\/\/www.lecarrefourdesopinions.ca\/?p=12946","title":{"rendered":"\u00ab Des lendemains qui chantent \u00bb"},"content":{"rendered":"<div>\n<p align=\"center\"><span style=\"font-family: 'Times New Roman', serif;\"><span style=\"font-size: large;\">\u00ab Des lendemains qui chantent \u00bb<\/span><\/span><\/p>\n<p style=\"text-align: left;\" align=\"center\">\u00a0<img loading=\"lazy\" decoding=\"async\" class=\"alignnone size-thumbnail wp-image-12813\" title=\"F7     Il y a de l Espoir   nous dit Me  MOiSE dans sa   Lettre Oubliee\" src=\"http:\/\/www.lecarrefourdesopinions.ca\/wp-content\/uploads\/2016\/10\/F7-Il-y-a-de-l-Espoir-nous-dit-Me-MOiSE-dans-sa-Lettre-Oubliee--134x107.jpg\" alt=\"\" width=\"134\" height=\"107\" \/><\/p>\n<p style=\"text-align: left;\" align=\"center\"><span style=\"color: #800000;\"><em>Me Serge H. Mo\u00efse av.<\/em><\/span><\/p>\n<p align=\"justify\"><span style=\"font-family: 'Times New Roman', serif;\"><span style=\"font-size: large;\">L\u2019\u00eatre humain est dot\u00e9 de cette capacit\u00e9 d\u2019esp\u00e9rer m\u00eame lorsqu\u2019il semble avoir atteint le point de non retour, ce qui explique, ne serait-ce qu\u2019en partie, que la d\u00e9linquance et le taux de suicide ne soient pas plus r\u00e9pandus \u00e0 travers le monde.<\/span><\/span><\/p>\n<p align=\"justify\"><span style=\"font-family: 'Times New Roman', serif;\"><span style=\"font-size: large;\">Il serait difficile de faire une \u00e9num\u00e9ration exhaustive de toutes les catastrophes, guerres, d\u00e9sastres naturels, \u00e9pid\u00e9mies de maladies mortelles qui ont jalonn\u00e9 le parcours de l\u2019homme sur cette minuscule plan\u00e8te. Encore faut-il souligner que le plus grand pr\u00e9dateur dans cette jungle, c\u2019est encore l\u2019homme, lequel, par son avidit\u00e9 caract\u00e9rielle n\u2019est jamais rassasi\u00e9, oubliant ou ignorant que \u00ab\u00a0la meilleure fa\u00e7on de dominer la nature c\u2019est d\u2019ob\u00e9ir \u00e0 ses lois\u00a0\u00bb. <\/span><\/span><\/p>\n<p align=\"justify\"><span style=\"font-family: 'Times New Roman', serif;\"><span style=\"font-size: large;\">Dans le temps on s\u2019en remettait \u00e0 la volont\u00e9 des dieux dont on implorait la cl\u00e9mence \u00e0 partir d\u2019une multitude de rituels. Aujourd\u2019hui avec les perc\u00e9es fantasmagoriques de la science, la magie de la technologie moderne, la diffusion des connaissances les plus pointues, comment expliquer que la qualit\u00e9 de vie, m\u00eame dans les pays dits civilis\u00e9s soit, \u00e0 bien des \u00e9gards, \u00e0 peine sup\u00e9rieure \u00e0 celle du moyen \u00e2ge?<\/span><\/span><\/p>\n<p align=\"justify\"><span style=\"font-family: 'Times New Roman', serif;\"><span style=\"font-size: large;\">Nonobstant les moyens de communication sophistiqu\u00e9s \u00e0 notre disposition, la solitude \u00e0 elle seule, fait d\u2019innombrables victimes. Les revues sp\u00e9cialis\u00e9es nous apprennent que la prescription de m\u00e9dicaments antid\u00e9presseurs conna\u00eet une pouss\u00e9e exponentielle. Les pathologies dues au stress se multiplient et les m\u00e9decines modernes combin\u00e9es aux diff\u00e9rentes th\u00e9rapies dites douces se r\u00e9v\u00e8lent impuissantes dans bien des cas. Les fonds pour la recherche ne cessent de s\u2019accro\u00eetre entretenant tous les espoirs mais tout porte \u00e0 croire qu\u2019il va nous falloir aiguiser notre patience, encore et encore!<\/span><\/span><\/p>\n<p align=\"justify\"><span style=\"font-family: 'Times New Roman', serif;\"><span style=\"font-size: large;\">Ne devrions-nous pas r\u00e9orienter nos recherches de sorte qu\u2019au lieu de nous attaquer aux sympt\u00f4mes, avec des palliatifs qui ne sont, en bout de ligne que des placebos afin de revenir aux valeurs cardinales \u00e0 partir desquelles nos grands parents ont pu vivre heureux, longtemps et avoir beaucoup d\u2019enfants?<\/span><\/span><\/p>\n<p align=\"justify\"><span style=\"font-size: large;\"><span style=\"font-family: 'Times New Roman', serif;\">La famille, l\u2019\u00e9cole, les communaut\u00e9s, les gouvernements et m\u00eame les religions semblent avoir chang\u00e9 de vocation. Il n\u2019y a plus de rep\u00e8re, de mod<\/span><span style=\"font-family: Sylfaen, serif;\">\u00e8le ou encore, il y en a une telle profusion qu\u2019il devient de plus en plus difficile de trouver un consensus tant au niveau familial que soci\u00e9tal.<\/span><\/span><\/p>\n<p align=\"justify\"><span style=\"font-family: Sylfaen, serif;\"><span style=\"font-size: large;\">Ce ph\u00e9nom\u00e8ne se constate un peu partout et le professeur Gaston Marcotte de l\u2019Universit\u00e9 Laval \u00e0 Qu\u00e9bec, appuy\u00e9 en ce sens par le philosophe Edgard Morin, ont d\u00e9cid\u00e9 de cr\u00e9er le \u00ab\u00a0Mouvement Humanisation\u00a0\u00bb afin d\u2019attirer l\u2019attention de tous sur ce danger qui nous pend au nez et lui trouver des solutions avant qu\u2019il ne soit trop tard. Le \u00ab\u00a0Mouvement Humanisation\u00a0\u00bb consid\u00e8re que le sous-d\u00e9veloppement humain est la principale cause de l\u2019ignorance, de la pauvret\u00e9 et de la mis\u00e8re.<\/span><\/span><\/p>\n<p align=\"justify\"><span style=\"font-family: Sylfaen, serif;\"><span style=\"font-size: large;\">Les m\u00e9thodes d\u2019enseignement \u00e0 tous les niveaux sont remises en question dans la perspective d\u2019offrir aux nouvelles g\u00e9n\u00e9rations une \u00e9ducation humanisante en rupture avec la robotisation, c&rsquo;est-\u00e0-dire, la sp\u00e9cialisation \u00e0 outrance, le cloisonnement des connaissances qui entrave toute tentative de synth\u00e8se permettant d\u2019appr\u00e9hender les probl\u00e8mes dans leur globalit\u00e9 en tenant compte des nuances et sp\u00e9cificit\u00e9s y relatives.<\/span><\/span><\/p>\n<p align=\"justify\"><span style=\"font-family: 'Times New Roman', serif;\"><span style=\"font-size: large;\">Il est devenu impensable aujourd\u2019hui d\u2019envisager l\u2019avenir en marge de l\u2019\u00e9volution technologique, n\u2019emp\u00eache qu\u2019il faille toujours garder \u00e0 l\u2019esprit que cette derni\u00e8re doit \u00eatre au service de l\u2019homme et non l\u2019inverse.<\/span><\/span><\/p>\n<p align=\"justify\"><span style=\"font-family: 'Times New Roman', serif;\"><span style=\"font-size: large;\">Ceci \u00e9tant dit, n\u2019en d\u00e9plaise \u00e0 ceux qui ne jurent que par le modernisme, incapables de toute analyse en profondeur, aveugl\u00e9s par le spectaculaire et le superficiel, le temps est venu pour tous les locataires de cette plan\u00e8te d\u2019effectuer un s\u00e9rieux examen de conscience, un v\u00e9ritable \u00e9tat des lieux afin d\u2019\u00e9viter la faillite de la race humaine.<\/span><\/span><\/p>\n<p align=\"justify\"><span style=\"font-family: 'Times New Roman', serif;\"><span style=\"font-size: large;\">Dans les pays dits avanc\u00e9s, engonc\u00e9s dans le post-modernisme, la lutte sera f\u00e9roce car les int\u00e9r\u00eats en jeu sont d\u2019une telle \u00e9normit\u00e9 que les forces d\u2019argent vont r\u00e9sister jusqu\u2019\u00e0 friser une nouvelle catastrophe plut\u00f4t que d\u2019amorcer ce virage au nom de la raison et de la sagesse des peuples.<\/span><\/span><\/p>\n<p align=\"justify\"><span style=\"font-family: 'Times New Roman', serif;\"><span style=\"font-size: large;\">Toutefois les pays du tiers-monde et ceux en \u00e9mergence pourraient donner le ton.<\/span><\/span><\/p>\n<p align=\"justify\"><span style=\"font-family: 'Times New Roman', serif;\"><span style=\"font-size: large;\">En Ha\u00efti par exemple o\u00f9 tout est \u00e0 refaire\u00a0: r\u00e9forme judiciaire, cr\u00e9ation de millions d\u2019emplois, lutte contre la corruption, \u00e9ducation humanisante pour tous, revalorisation de notre ha\u00eftianit\u00e9, promotion d\u2019une culture de solidarit\u00e9 tant \u00e0 l\u2019int\u00e9rieur qu\u2019\u00e0 l\u2019ext\u00e9rieur du terroir, l\u2019exemple pourrait \u00eatre donn\u00e9 comme ce fut le cas en mil huit cent quatre.<\/span><\/span><\/p>\n<p align=\"justify\"><span style=\"font-family: 'Times New Roman', serif;\"><span style=\"font-size: large;\">Ainsi, et pour la premi\u00e8re r\u00e9publique n\u00e8gre et pour le reste de la plan\u00e8te, loin des fracas de la ferraille, des luttes sans grandeur et fratricides, r\u00e9alisant que l\u2019argent n\u2019est et ne sera jamais comestible, saurions-nous envisager des lendemains meilleurs, des lendemains qui chantent.<\/span><\/span><\/p>\n<p align=\"justify\">\n<\/div>\n<script type=\"text\/javascript\">\n\nvar addthis_config = {\"data_track_clickback\":false,\"data_track_addressbar\":false,\"data_track_textcopy\":false};\n<\/script><script type=\"text\/javascript\" src=\"\/\/s7.addthis.com\/js\/250\/addthis_widget.js#pubid=a457a6d63fb9e6ccabdde4110343bd85\"><\/script>","protected":false},"excerpt":{"rendered":"<p align=\"center\"><span style=\"font-family: 'Times New Roman', serif;\"><span style=\"font-size: large;\">\u00ab Des lendemains qui chantent \u00bb<\/span><\/span><\/p>\n<p style=\"text-align: left;\" align=\"center\">\u00a0<\/p>\n<p style=\"text-align: left;\" align=\"center\"><span style=\"color: #800000;\">Me Serge H. Mo\u00efse av.<\/span><\/p>\n<p align=\"justify\"><span style=\"font-family: 'Times New Roman', serif;\"><span style=\"font-size: large;\">L\u2019\u00eatre humain est dot\u00e9 de cette capacit\u00e9 d\u2019esp\u00e9rer m\u00eame lorsqu\u2019il semble avoir atteint le point de non retour, ce qui explique, ne serait-ce qu\u2019en partie, que <\/span><\/span>&hellip;<\/p>\n","protected":false},"author":1,"featured_media":0,"comment_status":"open","ping_status":"open","sticky":false,"template":"","format":"standard","meta":{"footnotes":""},"categories":[1],"tags":[],"class_list":["post-12946","post","type-post","status-publish","format-standard","hentry","category-accueil"],"_links":{"self":[{"href":"http:\/\/www.lecarrefourdesopinions.ca\/index.php?rest_route=\/wp\/v2\/posts\/12946","targetHints":{"allow":["GET"]}}],"collection":[{"href":"http:\/\/www.lecarrefourdesopinions.ca\/index.php?rest_route=\/wp\/v2\/posts"}],"about":[{"href":"http:\/\/www.lecarrefourdesopinions.ca\/index.php?rest_route=\/wp\/v2\/types\/post"}],"author":[{"embeddable":true,"href":"http:\/\/www.lecarrefourdesopinions.ca\/index.php?rest_route=\/wp\/v2\/users\/1"}],"replies":[{"embeddable":true,"href":"http:\/\/www.lecarrefourdesopinions.ca\/index.php?rest_route=%2Fwp%2Fv2%2Fcomments&post=12946"}],"version-history":[{"count":1,"href":"http:\/\/www.lecarrefourdesopinions.ca\/index.php?rest_route=\/wp\/v2\/posts\/12946\/revisions"}],"predecessor-version":[{"id":12947,"href":"http:\/\/www.lecarrefourdesopinions.ca\/index.php?rest_route=\/wp\/v2\/posts\/12946\/revisions\/12947"}],"wp:attachment":[{"href":"http:\/\/www.lecarrefourdesopinions.ca\/index.php?rest_route=%2Fwp%2Fv2%2Fmedia&parent=12946"}],"wp:term":[{"taxonomy":"category","embeddable":true,"href":"http:\/\/www.lecarrefourdesopinions.ca\/index.php?rest_route=%2Fwp%2Fv2%2Fcategories&post=12946"},{"taxonomy":"post_tag","embeddable":true,"href":"http:\/\/www.lecarrefourdesopinions.ca\/index.php?rest_route=%2Fwp%2Fv2%2Ftags&post=12946"}],"curies":[{"name":"wp","href":"https:\/\/api.w.org\/{rel}","templated":true}]}}