{"id":12931,"date":"2016-11-09T16:46:10","date_gmt":"2016-11-09T21:46:10","guid":{"rendered":"http:\/\/www.lecarrefourdesopinions.ca\/?p=12931"},"modified":"2016-11-09T16:46:10","modified_gmt":"2016-11-09T21:46:10","slug":"nos-congratulations-monsieur-le-president","status":"publish","type":"post","link":"http:\/\/www.lecarrefourdesopinions.ca\/?p=12931","title":{"rendered":"Nos Congratulations, Monsieur le Pr\u00e9sident."},"content":{"rendered":"<p align=\"CENTER\">\n<p align=\"CENTER\"><span style=\"color: #000099;\"><span><em><strong>Nos Congratulations, Monsieur le Pr\u00e9sident.<\/strong><\/em><\/span><\/span><\/p>\n<p align=\"JUSTIFY\"><span style=\"color: #632423;\"><span style=\"font-family: 'Comic Sans MS', cursive;\"><span style=\"font-size: large;\"><em><strong>Nos Congratulations, Monsieur le Pr\u00e9sident.<\/strong><\/em><\/span><\/span><\/span><\/p>\n<p align=\"JUSTIFY\">\u00a0<img loading=\"lazy\" decoding=\"async\" class=\"alignnone size-full wp-image-12911\" title=\"Eric\" src=\"http:\/\/www.lecarrefourdesopinions.ca\/wp-content\/uploads\/2016\/11\/Eric.jpg\" alt=\"\" width=\"134\" height=\"107\" \/><\/p>\n<p align=\"JUSTIFY\"><span style=\"color: #632423;\"><span style=\"font-family: 'Comic Sans MS', cursive;\"><span style=\"font-size: large;\">\u00c9ric EG Nogard<\/span><\/span><\/span><\/p>\n<p align=\"JUSTIFY\"><span style=\"color: #c00000;\"><span style=\"font-size: large;\"><em>Chroniqueur<\/em><\/span><\/span><span style=\"color: #c00000;\"><span style=\"font-size: large;\">.<\/span><\/span><\/p>\n<p align=\"CENTER\">\n<p align=\"CENTER\"><span style=\"color: #632423;\"><span style=\"font-size: large;\">*** *** ***<\/span><\/span><\/p>\n<p align=\"CENTER\">\n<p align=\"CENTER\">\n<p>&nbsp;<\/p>\n<p>&nbsp;<\/p>\n<p><span style=\"font-size: large;\"><em><strong>Nos Congratulations, Monsieur le Pr\u00e9sident.<\/strong><\/em><\/span><\/p>\n<p>&nbsp;<\/p>\n<p>&nbsp;<\/p>\n<p>&nbsp;<\/p>\n<p align=\"CENTER\">\u00a0<img loading=\"lazy\" decoding=\"async\" class=\"alignnone size-medium wp-image-12932\" title=\"F2 President Donald TRUMP\" src=\"http:\/\/www.lecarrefourdesopinions.ca\/wp-content\/uploads\/2016\/11\/F2-President-Donald-TRUMP-300x199.jpg\" alt=\"\" width=\"300\" height=\"199\" srcset=\"http:\/\/www.lecarrefourdesopinions.ca\/wp-content\/uploads\/2016\/11\/F2-President-Donald-TRUMP-300x199.jpg 300w, http:\/\/www.lecarrefourdesopinions.ca\/wp-content\/uploads\/2016\/11\/F2-President-Donald-TRUMP-400x266.jpg 400w, http:\/\/www.lecarrefourdesopinions.ca\/wp-content\/uploads\/2016\/11\/F2-President-Donald-TRUMP.jpg 960w\" sizes=\"auto, (max-width: 300px) 100vw, 300px\" \/><\/p>\n<p align=\"CENTER\">\n<p align=\"CENTER\"><span style=\"font-size: large;\"><strong>F1\u00a0: <\/strong><\/span><span style=\"color: #c00000;\"><span style=\"font-size: large;\"><em><strong>Our Warmest Congratulations to You !<\/strong><\/em><\/span><\/span><\/p>\n<p lang=\"en-US\" align=\"CENTER\"><span style=\"color: #632423;\"><span style=\"font-size: large;\"><em><strong>President Donald TRUMP.<\/strong><\/em><\/span><\/span><\/p>\n<p lang=\"en-US\" align=\"JUSTIFY\">\n<p lang=\"en-US\" align=\"JUSTIFY\">\n<p align=\"JUSTIFY\"><span style=\"font-family: 'Comic Sans MS', cursive;\"><span style=\"font-size: large;\">Votre Victoire ne vous a pas \u00e9t\u00e9 donn\u00e9e.<\/span><\/span><\/p>\n<p align=\"JUSTIFY\">\n<p align=\"JUSTIFY\"><span style=\"font-family: 'Comic Sans MS', cursive;\"><span style=\"font-size: large;\">Dieu veille sur Vous et Vous guide dans vos Choix pour que l\u2019Am\u00e9rique soit Grande, Prosp\u00e8re et Heureuse dans la Paix avec Tous\u2026 une Paix universelle et Tellement Esp\u00e9r\u00e9e\u2026<\/span><\/span><\/p>\n<p align=\"JUSTIFY\">\n<p lang=\"en-US\" align=\"CENTER\"><span style=\"font-family: Arial, sans-serif; color: #800000;\"><span style=\"font-size: large;\"><em>An America Healthy, Wealthy and Wise.<\/em><\/span><\/span><\/p>\n<p lang=\"en-US\" align=\"JUSTIFY\">\n<p align=\"JUSTIFY\"><span style=\"font-family: 'Comic Sans MS', cursive;\"><span style=\"font-size: large;\">Votre Premier Discours comme Nouveau Pr\u00e9sident des U.S.A., comme Quarante Cinqui\u00e8me Pr\u00e9sident des \u00c9tats-Unis d\u2019Am\u00e9rique, est tel que nous esp\u00e9rions l\u2019entendre au \u00ab\u00a0<\/span><\/span><span style=\"font-family: 'Comic Sans MS', cursive;\"><span style=\"font-size: large;\"><em><strong>Cri d\u2019Alarme<\/strong><\/em><\/span><\/span><span style=\"font-family: 'Comic Sans MS', cursive;\"><span style=\"font-size: large;\">\u00a0\u00bb lanc\u00e9 depuis la Martinique, ce grain de Sable, en Eaux Am\u00e9ricaines. <\/span><\/span><\/p>\n<p align=\"JUSTIFY\">\n<p align=\"JUSTIFY\"><span style=\"font-family: 'Comic Sans MS', cursive;\"><span style=\"font-size: large;\">Aussi, c\u2019est avec un Honneur Empress\u00e9 que nous le dispatchons au b\u00e9n\u00e9fice de nos aimables Lecteurs.<\/span><\/span><\/p>\n<p align=\"JUSTIFY\">\n<p lang=\"en-US\" align=\"JUSTIFY\"><span style=\"font-family: 'Comic Sans MS', cursive;\"><span style=\"font-size: large;\">Here it is, the Word of a Real Winner. <\/span><\/span><\/p>\n<p lang=\"en-US\" align=\"JUSTIFY\">\n<p align=\"JUSTIFY\"><span style=\"font-size: large;\">\u00c9ric EG Nogard<\/span><\/p>\n<p align=\"JUSTIFY\"><span style=\"color: #c00000;\"><span style=\"font-size: large;\"><em>Chroniqueur<\/em><\/span><\/span><span style=\"color: #c00000;\"><span style=\"font-size: large;\">.<\/span><\/span><\/p>\n<p align=\"JUSTIFY\">\n<p align=\"JUSTIFY\">\n<p align=\"CENTER\"><span style=\"color: #c00000;\"><span style=\"font-size: large;\"><strong>=====<\/strong><\/span><\/span><\/p>\n<p align=\"CENTER\">\n<p align=\"JUSTIFY\">\n<p lang=\"\" align=\"CENTER\">\n<p align=\"JUSTIFY\">\n<p align=\"JUSTIFY\">\n<p align=\"JUSTIFY\"><span style=\"font-size: large;\">\u00ab\u00a0Merci beaucoup, d\u00e9sol\u00e9 de vous avoir fait attendre, la politique n\u2019est pas un monde facile. Je viens de recevoir un appel de la secr\u00e9taire Hillary Clinton qui nous f\u00e9licitait pour notre victoire et je l\u2019ai f\u00e9licit\u00e9e elle et sa famille pour la campagne au cours de laquelle elle s\u2019est battue fi\u00e8rement. <\/span><\/p>\n<p align=\"JUSTIFY\">\n<p align=\"JUSTIFY\"><span style=\"font-size: large;\">Elle a travaill\u00e9 pendant de longues ann\u00e9es et nous devons lui \u00eatre reconnaissant pour tout ce qu\u2019elle a fait pour nous<\/span><\/p>\n<p align=\"JUSTIFY\">\n<p align=\"JUSTIFY\"><span style=\"font-size: large;\">L\u2019heure est venue de nous rassembler et de ne faire qu\u2019une nation. Je promets \u00e0 chaque citoyen de ce pays que je serai le pr\u00e9sident de tous les Am\u00e9ricains. <\/span><\/p>\n<p align=\"JUSTIFY\">\n<p align=\"JUSTIFY\"><span style=\"font-size: large;\">Pour ceux qui avaient d\u00e9cid\u00e9 de ne pas me soutenir, je me tourne vers vous, nous devons travailler ensemble.<\/span><\/p>\n<p align=\"JUSTIFY\">\n<p><span style=\"font-size: large;\">Cette campagne que nous avons men\u00e9e n\u2019\u00e9tait pas tant une campagne qu\u2019un mouvement formidable de tous les Am\u00e9ricains qui veulent travailler pour leur famille, pour leur avenir. <\/span><\/p>\n<p>&nbsp;<\/p>\n<p><span style=\"font-size: large;\">Travailler ensemble va nous permettre de reconstruire notre nation, notre pays et redonner vie au r\u00eave am\u00e9ricain.<\/p>\n<p>J\u2019ai consacr\u00e9 toute ma vie, toute ma carri\u00e8re \u00e0 me pencher sur le potentiel extraordinaire de notre pays et du monde entier je veux offrir ce potentiel formidable \u00e0 mon pays. <\/span><\/p>\n<p>&nbsp;<\/p>\n<p><span style=\"font-size: large;\">Je le connais tr\u00e8s bien ce potentiel et je peux vous dire que l\u2019avenir va \u00eatre radieux. <\/span><\/p>\n<p>&nbsp;<\/p>\n<p><span style=\"font-size: large;\">Chaque Am\u00e9ricain, chaque Am\u00e9ricaine aura l\u2019occasion de r\u00e9aliser tout son potentiel. Les oubli\u00e9s de ce pays ne seront plus oubli\u00e9s.<\/p>\n<p>Nous allons reconstruire les ponts, les autoroutes, les h\u00f4pitaux, les \u00e9coles. <\/span><\/p>\n<p>&nbsp;<\/p>\n<p><span style=\"font-size: large;\">Nous allons reconstruire nos infrastructures qui vont devenir les meilleures. <\/span><\/p>\n<p>&nbsp;<\/p>\n<p><span style=\"font-size: large;\">Nous allons demander aux citoyens de nous aider \u00e0 reconstruire ce pays. Et nous allons enfin nous soucier de nos v\u00e9t\u00e9rans. <\/span><\/p>\n<p>&nbsp;<\/p>\n<p align=\"JUSTIFY\"><span style=\"font-size: large;\">J\u2019en connais \u00e9norm\u00e9ment dont j\u2019ai fait la connaissance au cours de ces 18 derniers mois. <\/span><\/p>\n<p align=\"JUSTIFY\">\n<p><span style=\"font-size: large;\">\u00c7a a \u00e9t\u00e9 un honneur d\u2019\u00eatre aupr\u00e8s de ces v\u00e9t\u00e9rans.<\/p>\n<p>Nous allons nous lancer dans un projet de renouveau national en nous appuyant sur les talents de notre pays. <\/span><\/p>\n<p>&nbsp;<\/p>\n<p><span style=\"font-size: large;\">En faisant appel aux esprits les plus brillants. <\/span><\/p>\n<p>&nbsp;<\/p>\n<p><span style=\"font-size: large;\">Nous avons un programme \u00e9conomique incroyable, nous allons multiplier par deux notre croissance \u00e9conomique, nous allons \u00eatre la meilleur \u00e9conomie du monde. <\/p>\n<p>Nous allons travailler main dans la main avec les autres nations qui seront d\u00e9sireuses de travailler avec nous. <\/span><\/p>\n<p>&nbsp;<\/p>\n<p><span style=\"font-size: large;\">Et je peux vous dire que les relations avec les pays \u00e9trangers seront excellentes. Rien que nous souhaitons pour l\u2019avenir de notre pays n\u2019est hors de port\u00e9e et nous parions sur le meilleur uniquement. <\/span><\/p>\n<p>&nbsp;<\/p>\n<p><span style=\"font-size: large;\">Nous avons entre nos mains l\u2019avenir de notre pays. <\/span><\/p>\n<p>&nbsp;<\/p>\n<p><span style=\"font-size: large;\">Un avenir audacieux, un avenir brillant. <\/span><\/p>\n<p>&nbsp;<\/p>\n<p><span style=\"font-size: large;\">Nous devons r\u00eaver de grandes choses pour ce pays. <\/span><\/p>\n<p>&nbsp;<\/p>\n<p><span style=\"font-size: large;\">Nous devons le voir r\u00e9ussir.<\/p>\n<p>Je tiens \u00e0 dire \u00e0 la communaut\u00e9 internationale que si nous allons mettre en avant l\u2019int\u00e9r\u00eat national, nous n\u2019oublierons personne et nous traiterons avec tous les autres pays. <\/span><\/p>\n<p>&nbsp;<\/p>\n<p><span style=\"font-size: large;\">Nous essaierons de trouver un terrain d\u2019entente. Nous essaierons de trouver un terrain d\u2019entente. <\/span><\/p>\n<p>&nbsp;<\/p>\n<p><span style=\"font-size: large;\">Nous conclurons des partenariats et pas des conflits. <\/span><\/p>\n<p>&nbsp;<\/p>\n<p><span style=\"font-size: large;\">Et je tiens \u00e0 remercier toute mon \u00e9quipe, tous ceux qui ont contribu\u00e9 \u00e0 faire de cette nuit une victoire historique.\u00a0\u00bb<\/span><\/p>\n<p>&nbsp;<\/p>\n<p><span style=\"font-size: large;\">Donald TRUMP<\/span><\/p>\n<p align=\"CENTER\">\n<p align=\"CENTER\"><span style=\"color: #ff0000;\"><span style=\"font-size: large;\"><strong>Nota : <\/strong><\/span><\/span><span style=\"color: #000000;\"><span style=\"font-size: large;\">Nous ne traitons que de Faits et de Noms rendus Publics.<\/span><\/span><\/p>\n<p align=\"CENTER\">\n<p align=\"JUSTIFY\"><span style=\"font-size: large;\"><strong>N.B.:<\/strong><\/span><span style=\"font-size: large;\"> &#8211; <\/span><span style=\"color: #c00000;\"><span style=\"font-family: 'Comic Sans MS', cursive;\"><span style=\"font-size: large;\">Nous Recommandons instamment et syst\u00e9matiquement l\u2019ouverture de la (ou des) pi\u00e8ce(s) jointe(s) \u00e0 l\u2019e-mail, sous format Pdf, <\/span><\/span><\/span><span style=\"color: #c00000;\"><span style=\"font-family: 'Comic Sans MS', cursive;\"><span style=\"font-size: large;\"><span style=\"text-decoration: underline;\">les illustrations y sont incluses<\/span><\/span><\/span><\/span><span style=\"color: #c00000;\"><span style=\"font-family: 'Comic Sans MS', cursive;\"><span style=\"font-size: large;\">.<\/span><\/span><\/span><\/p>\n<p align=\"JUSTIFY\">\n<p align=\"CENTER\"><span style=\"color: #ff0000;\"><span><strong>Ne Peut \u00eatre reproduit &#8211; m\u00eame partiellement &#8211; sans l\u2019autorisation de l\u2019Auteur.<\/strong><\/span><\/span><\/p>\n<p align=\"JUSTIFY\"><span style=\"text-decoration: underline;\"><strong>Liens Sugg\u00e9r\u00e9s\u00a0:<\/strong><\/span><\/p>\n<ul>\n<li>\n<p align=\"JUSTIFY\"><span style=\"color: #0000ff;\"><span style=\"text-decoration: underline;\"><a href=\"http:\/\/www.lescrutateur.com\/\">http:\/\/www.lescrutateur.com\/<\/a><\/span><\/span><\/p>\n<\/li>\n<li>\n<p align=\"JUSTIFY\"><span style=\"color: #0000ff;\"><span style=\"text-decoration: underline;\"><a href=\"http:\/\/www.etatsgenerauxdeloutremer.fr\/reflexions\">http:\/\/www.etatsgenerauxdeloutremer.fr\/reflexions<\/a><\/span><\/span><\/p>\n<\/li>\n<\/ul>\n<p align=\"CENTER\">\n<script type=\"text\/javascript\">\n\nvar addthis_config = {\"data_track_clickback\":false,\"data_track_addressbar\":false,\"data_track_textcopy\":false};\n<\/script><script type=\"text\/javascript\" src=\"\/\/s7.addthis.com\/js\/250\/addthis_widget.js#pubid=a457a6d63fb9e6ccabdde4110343bd85\"><\/script>","protected":false},"excerpt":{"rendered":"<p align=\"CENTER\">\n<p align=\"CENTER\"><span style=\"color: #000099;\"><span>Nos Congratulations, Monsieur le Pr\u00e9sident.<\/span><\/span><\/p>\n<p align=\"JUSTIFY\"><span style=\"color: #632423;\"><span style=\"font-family: 'Comic Sans MS', cursive;\"><span style=\"font-size: large;\">Nos Congratulations, Monsieur le Pr\u00e9sident.<\/span><\/span><\/span><\/p>\n<p align=\"JUSTIFY\">\u00a0<\/p>\n<p align=\"JUSTIFY\"><span style=\"color: #632423;\"><span style=\"font-family: 'Comic Sans MS', cursive;\"><span style=\"font-size: large;\">\u00c9ric EG Nogard<\/span><\/span><\/span><\/p>\n<p align=\"JUSTIFY\"><span style=\"color: #c00000;\"><span style=\"font-size: large;\">Chroniqueur<\/span><\/span><span style=\"color: #c00000;\"><span style=\"font-size: large;\">.<\/span><\/span><\/p>\n<p align=\"CENTER\">\n<p align=\"CENTER\"><span style=\"color: #632423;\"><span style=\"font-size: large;\">*** *** ***<\/span><\/span><\/p>\n<p align=\"CENTER\">\n<p align=\"CENTER\">\n<p>&nbsp;<\/p>\n<p>&nbsp;<\/p>\n<p><span style=\"font-size: large;\">Nos Congratulations, Monsieur le Pr\u00e9sident.<\/span><\/p>\n<p>&nbsp;<\/p>\n<p>&nbsp;<\/p>\n<p>&nbsp;<\/p>\n<p align=\"CENTER\">\u00a0<\/p>\n<p align=\"CENTER\">\n<p align=\"CENTER\"><span style=\"font-size: large;\">F1\u00a0: <\/span><span style=\"color: #c00000;\"><span style=\"font-size: large;\">Our Warmest Congratulations to You !<\/span><\/span><\/p>\n<p lang=\"en-US\" align=\"CENTER\"><span style=\"color: #632423;\"><span style=\"font-size: large;\">President <\/span><\/span>&hellip;<\/p>\n","protected":false},"author":1,"featured_media":0,"comment_status":"open","ping_status":"open","sticky":false,"template":"","format":"standard","meta":{"footnotes":""},"categories":[1],"tags":[],"class_list":["post-12931","post","type-post","status-publish","format-standard","hentry","category-accueil"],"_links":{"self":[{"href":"http:\/\/www.lecarrefourdesopinions.ca\/index.php?rest_route=\/wp\/v2\/posts\/12931","targetHints":{"allow":["GET"]}}],"collection":[{"href":"http:\/\/www.lecarrefourdesopinions.ca\/index.php?rest_route=\/wp\/v2\/posts"}],"about":[{"href":"http:\/\/www.lecarrefourdesopinions.ca\/index.php?rest_route=\/wp\/v2\/types\/post"}],"author":[{"embeddable":true,"href":"http:\/\/www.lecarrefourdesopinions.ca\/index.php?rest_route=\/wp\/v2\/users\/1"}],"replies":[{"embeddable":true,"href":"http:\/\/www.lecarrefourdesopinions.ca\/index.php?rest_route=%2Fwp%2Fv2%2Fcomments&post=12931"}],"version-history":[{"count":1,"href":"http:\/\/www.lecarrefourdesopinions.ca\/index.php?rest_route=\/wp\/v2\/posts\/12931\/revisions"}],"predecessor-version":[{"id":12933,"href":"http:\/\/www.lecarrefourdesopinions.ca\/index.php?rest_route=\/wp\/v2\/posts\/12931\/revisions\/12933"}],"wp:attachment":[{"href":"http:\/\/www.lecarrefourdesopinions.ca\/index.php?rest_route=%2Fwp%2Fv2%2Fmedia&parent=12931"}],"wp:term":[{"taxonomy":"category","embeddable":true,"href":"http:\/\/www.lecarrefourdesopinions.ca\/index.php?rest_route=%2Fwp%2Fv2%2Fcategories&post=12931"},{"taxonomy":"post_tag","embeddable":true,"href":"http:\/\/www.lecarrefourdesopinions.ca\/index.php?rest_route=%2Fwp%2Fv2%2Ftags&post=12931"}],"curies":[{"name":"wp","href":"https:\/\/api.w.org\/{rel}","templated":true}]}}