{"id":12899,"date":"2016-10-31T11:29:18","date_gmt":"2016-10-31T15:29:18","guid":{"rendered":"http:\/\/www.lecarrefourdesopinions.ca\/?p=12899"},"modified":"2016-10-31T11:29:18","modified_gmt":"2016-10-31T15:29:18","slug":"se-taire-par-peur-trop-parler-faute-de-cran","status":"publish","type":"post","link":"http:\/\/www.lecarrefourdesopinions.ca\/?p=12899","title":{"rendered":"Se taire par Peur, trop parler faute de Cran."},"content":{"rendered":"<p align=\"CENTER\"><span><strong>Le Cri d\u2019Alarme.<\/strong><\/span><\/p>\n<p align=\"CENTER\">\n<p align=\"CENTER\"><span style=\"color: #000000;\"><span><strong>De l\u2019Ex. Martinique Province Fran\u00e7aise d\u2019Am\u00e9rique Amie du Canada (1061 Titres)<\/strong><\/span><\/span><\/p>\n<p align=\"CENTER\"><em><strong>==========<\/strong><\/em><\/p>\n<p align=\"JUSTIFY\"><span style=\"color: #c00000;\"> <span style=\"font-family: 'Comic Sans MS', cursive;\"><span>\u00ab\u00a0<\/span><\/span><\/span><span style=\"color: #c00000;\"><span style=\"font-family: Cambria, serif;\"><span><strong>Notre M\u00e9tier n\u2019est pas de faire plaisir, Non plus de faire tort \u00e0 qui que ce soit, Ni pour quoi que ce soit, Il est de porter la plume dans la plaie<\/strong><\/span><\/span><\/span><span style=\"color: #c00000;\"><span style=\"font-family: Cambria, serif;\"><span>\u00a0\u00bb. (Albert LONDRES).<\/span><\/span><\/span><\/p>\n<p align=\"JUSTIFY\">\n<p align=\"CENTER\"><span style=\"color: #c00000;\"><em><strong>*** ***<\/strong><\/em><\/span><\/p>\n<p align=\"JUSTIFY\"><span style=\"color: #632423;\"><em><strong>Pardonnez-nous si jamais, tel Aristarque De SAMOS, nous troublons quelque part, jusqu\u2019au \u00ab\u00a0Repos des Dieux\u00a0\u00bb. (\u00c9ric EG Nogard, Chroniqueur).<\/strong><\/em><\/span><\/p>\n<p align=\"CENTER\"><span style=\"color: #c00000;\"><em><strong>==========<\/strong><\/em><\/span><\/p>\n<p align=\"CENTER\"><span style=\"color: #000099;\"><span><em><strong>Se taire par Peur, trop parler faute de Cran.<\/strong><\/em><\/span><\/span><\/p>\n<p style=\"text-align: left;\" align=\"CENTER\"><img loading=\"lazy\" decoding=\"async\" class=\"alignnone size-full wp-image-12861\" title=\"Eric\" src=\"http:\/\/www.lecarrefourdesopinions.ca\/wp-content\/uploads\/2016\/10\/Eric7.jpg\" alt=\"\" width=\"134\" height=\"107\" \/><\/p>\n<p style=\"text-align: left;\" align=\"CENTER\"><strong>Chronique d\u2019\u00c9ric E.G. NOGARD<\/strong><\/p>\n<p align=\"JUSTIFY\"><span style=\"color: #632423;\"><span style=\"font-family: 'Comic Sans MS', cursive;\"><span style=\"font-size: large;\">\u00ab\u00a0Peut-on imaginer \u00e0 quoi se trouvent r\u00e9duits\u00a0:<\/span><\/span><\/span><\/p>\n<p align=\"JUSTIFY\">\n<p align=\"JUSTIFY\"><span style=\"color: #632423;\"><span style=\"font-family: 'Comic Sans MS', cursive;\"><span style=\"font-size: large;\">&#8211; Le justiciable livr\u00e9 aux Mains de Magistrats Douteux pourtant Parfaitement Comp\u00e9tents et Honn\u00eates, mais Sujets \u00e0 des troubles Mentaux.<\/span><\/span><\/span><\/p>\n<p align=\"JUSTIFY\">\n<p align=\"JUSTIFY\"><span style=\"color: #632423;\"><span style=\"font-family: 'Comic Sans MS', cursive;\"><span style=\"font-size: large;\">&#8211; Le D\u00e9ficient Mental laiss\u00e9 Seul Juge et Responsable de la N\u00e9cessit\u00e9 des Soins et de l\u2019Assistance que r\u00e9clame son \u00e9tat d\u00e8s-lors qu\u2019il est Majeur.<\/span><\/span><\/span><\/p>\n<p align=\"JUSTIFY\">\n<p align=\"JUSTIFY\">\n<p align=\"CENTER\"><img loading=\"lazy\" decoding=\"async\" class=\"alignnone size-medium wp-image-12900\" title=\"F1   Merites indiscutables  troubles inavoues    N \u00e9tait il pas Presidentiable\" src=\"http:\/\/www.lecarrefourdesopinions.ca\/wp-content\/uploads\/2016\/10\/F1-Merites-indiscutables-troubles-inavoues-N-\u00e9tait-il-pas-Presidentiable-300x218.jpg\" alt=\"\" width=\"300\" height=\"218\" srcset=\"http:\/\/www.lecarrefourdesopinions.ca\/wp-content\/uploads\/2016\/10\/F1-Merites-indiscutables-troubles-inavoues-N-\u00e9tait-il-pas-Presidentiable-300x218.jpg 300w, http:\/\/www.lecarrefourdesopinions.ca\/wp-content\/uploads\/2016\/10\/F1-Merites-indiscutables-troubles-inavoues-N-\u00e9tait-il-pas-Presidentiable-400x291.jpg 400w, http:\/\/www.lecarrefourdesopinions.ca\/wp-content\/uploads\/2016\/10\/F1-Merites-indiscutables-troubles-inavoues-N-\u00e9tait-il-pas-Presidentiable.jpg 485w\" sizes=\"auto, (max-width: 300px) 100vw, 300px\" \/><\/p>\n<p align=\"CENTER\">\n<p align=\"CENTER\"><span style=\"font-size: large;\"><strong>F1\u00a0: <\/strong><\/span><span style=\"color: #c00000;\"><span style=\"font-size: large;\"><em><strong>M\u00e9rites indiscutables, troubles inavou\u00e9s\u2026 N\u2019\u00e9tait-il pas Pr\u00e9sidentiable.<\/strong><\/em><\/span><\/span><\/p>\n<p align=\"JUSTIFY\">\n<p align=\"JUSTIFY\">\n<p align=\"JUSTIFY\"><span style=\"color: #632423;\"><span style=\"font-family: 'Comic Sans MS', cursive;\"><span style=\"font-size: large;\">Peut-on l\u2019imaginer sans mettre en doute notre Adh\u00e9sion \u00e0 l\u2019\u00a0\u00ab\u00a0Assistance \u00e0 Personne en Danger\u00a0\u00bb ou sans fr\u00e9mir \u00e0 l\u2019id\u00e9e d\u2019un Dominique STRAUSS-KHAN devenu Pr\u00e9sident sans son Aventure Am\u00e9ricaine.<\/span><\/span><\/span><\/p>\n<p align=\"JUSTIFY\">\n<p align=\"JUSTIFY\"><span style=\"font-size: large;\"><em><strong>Se taire par Peur, trop parler faute de Cran.<\/strong><\/em><\/span><\/p>\n<p align=\"JUSTIFY\">\n<p align=\"JUSTIFY\">\n<p align=\"JUSTIFY\"><span style=\"font-family: 'Comic Sans MS', cursive;\"><span style=\"font-size: large;\">Un Magistrat de notre Magistrature qui aura lu ceci des Sept Cents Pages d\u2019un Livre, si bien \u00e9crit soit-il, et qu\u2019il soit publi\u00e9 en Livre de Poche ou en \u00c9dition Limit\u00e9e avec Num\u00e9ro d\u2019Honorable Souscripteur, n\u2019en saurait-il pas assez pour s\u2019en faire une id\u00e9e et se positionner\u00a0:<\/span><\/span><\/p>\n<p align=\"JUSTIFY\">\n<p align=\"CENTER\"><span style=\"font-family: 'Comic Sans MS', cursive;\"><span style=\"font-size: large;\">\u00ab\u00a0<\/span><\/span><span style=\"font-family: 'Comic Sans MS', cursive;\"><span style=\"font-size: large;\"><em><strong>La Magistrature Fran\u00e7aise\u2026<\/strong><\/em><\/span><\/span><span style=\"font-family: 'Comic Sans MS', cursive;\"><span style=\"font-size: large;\">\u00a0\u00bb, nous en savons le reste.<\/span><\/span><\/p>\n<p align=\"CENTER\">\n<p align=\"CENTER\">\n<p align=\"CENTER\">\u00a0<img loading=\"lazy\" decoding=\"async\" class=\"alignnone size-medium wp-image-12901\" title=\"F2   En lire les 700 Pages quand il dit tout en 2 Mots\" src=\"http:\/\/www.lecarrefourdesopinions.ca\/wp-content\/uploads\/2016\/10\/F2-En-lire-les-700-Pages-quand-il-dit-tout-en-2-Mots-300x162.jpg\" alt=\"\" width=\"300\" height=\"162\" srcset=\"http:\/\/www.lecarrefourdesopinions.ca\/wp-content\/uploads\/2016\/10\/F2-En-lire-les-700-Pages-quand-il-dit-tout-en-2-Mots-300x162.jpg 300w, http:\/\/www.lecarrefourdesopinions.ca\/wp-content\/uploads\/2016\/10\/F2-En-lire-les-700-Pages-quand-il-dit-tout-en-2-Mots-400x216.jpg 400w, http:\/\/www.lecarrefourdesopinions.ca\/wp-content\/uploads\/2016\/10\/F2-En-lire-les-700-Pages-quand-il-dit-tout-en-2-Mots.jpg 795w\" sizes=\"auto, (max-width: 300px) 100vw, 300px\" \/><\/p>\n<p align=\"JUSTIFY\">\n<p align=\"CENTER\"><span style=\"font-size: large;\"><strong>F2\u00a0: <\/strong><\/span><span style=\"color: #c00000;\"><span style=\"font-size: large;\"><em><strong>En lire les 700 Pages quand il dit tout en 2 Mots\u00a0!<\/strong><\/em><\/span><\/span><\/p>\n<p align=\"JUSTIFY\">\n<p align=\"JUSTIFY\">\n<p align=\"JUSTIFY\"><span style=\"font-size: large;\">Et tout Chroniqueur, dans son Obligation d\u2019Impartialit\u00e9 comme devant l\u2019\u00e9moi suscit\u00e9 par le Silence \u2013 Approbateur ou R\u00e9probateur, allez savoir \u2013 d\u2019une telle Accusation, ne serait-il pas, par cela m\u00eame, assez fond\u00e9 pour R\u00e9clamer que l\u2019Auteur Putatif s\u2019en explique pour que se taisent ceux-l\u00e0 qui font Profession de beaucoup trop parler pour ne rien dire du tout ou faire semblant de ne rien voir.<\/span><\/p>\n<p align=\"JUSTIFY\">\n<p align=\"JUSTIFY\">\n<p align=\"JUSTIFY\"><span style=\"font-size: large;\">Les Magistrats, sous leur Manteau d\u2019Hermine, auraient-ils r\u00e9agi aux sept Cents Pages du Livre en soi, \u00e0 l\u2019Art de R\u00e9diger de ses Auteurs, ou \u00e0 ces Mots\u00a0:<\/span><\/p>\n<p align=\"JUSTIFY\">\n<p align=\"JUSTIFY\"><span style=\"font-size: large;\">\u00ab\u00a0<\/span><span style=\"font-family: Cambria, serif;\"><span style=\"font-size: large;\"><em><strong>La Magistrature Fran\u00e7aise est une Institution de L\u00e2ches<\/strong><\/em><\/span><\/span><span style=\"font-size: large;\">\u00a0\u00bb.<\/span><\/p>\n<p align=\"JUSTIFY\">\n<p align=\"JUSTIFY\">\n<p align=\"JUSTIFY\"><span style=\"font-size: large;\"><strong>La Chose a \u00e9t\u00e9 dite, son Auteur d\u00e9sign\u00e9, aucune Contestation de Nulle Part, ni de Personne, que fallait-il de plus.<\/strong><\/span><\/p>\n<p align=\"JUSTIFY\">\n<p align=\"JUSTIFY\"><span style=\"font-size: large;\">Serait-ce le Dilatoire qui s\u2019accroche \u00e0 nos g\u00e8nes au point de nous donner le Syndrome de <\/span><span style=\"font-family: Arial, sans-serif;\"><span style=\"font-size: large;\"><em>Lyme<\/em><\/span><\/span><span style=\"font-size: large;\">, cette Pathologie qui fait \u00c9pid\u00e9mie chez nous, d\u00e9portant le d\u00e9bat, tant de sa Cause que de ses Rives et de l\u2019Urgence de sa Conclusion.<\/span><\/p>\n<p align=\"JUSTIFY\">\n<p align=\"JUSTIFY\">\n<p align=\"JUSTIFY\"><span style=\"font-size: large;\"><strong>La chose a \u00e9t\u00e9 dite, peu importe son Auteur, si elle est Av\u00e9r\u00e9e, dans la mesure du Danger qui pourrait en r\u00e9sulter pour la Personne Atteinte comme pour la Communaut\u00e9, sans la moindre exclusive.<\/strong><\/span><\/p>\n<p align=\"JUSTIFY\">\n<p align=\"JUSTIFY\"><span style=\"font-size: large;\">C\u2019est l\u00e0 en tout cas l\u2019Esprit de nos Chroniques au \u00ab\u00a0<\/span><span style=\"font-size: large;\"><em><strong>Cri d\u2019Alarme<\/strong><\/em><\/span><span style=\"font-size: large;\">\u00a0\u00bb\u00a0:<\/span><\/p>\n<p align=\"JUSTIFY\">\n<p align=\"JUSTIFY\"><span style=\"font-size: large;\"><em><strong>L\u2019Assistance, de la part de l\u2019\u00c9tat, \u00e0 Personnes en Danger.<\/strong><\/em><\/span><\/p>\n<p align=\"JUSTIFY\">\n<p align=\"JUSTIFY\">\n<p align=\"CENTER\"><img loading=\"lazy\" decoding=\"async\" class=\"alignnone size-medium wp-image-12902\" title=\"F3   Trop tard     N est ce pas ce qu on gagne a trop se taire ou a trop parler pour ne rien dire\" src=\"http:\/\/www.lecarrefourdesopinions.ca\/wp-content\/uploads\/2016\/10\/F3-Trop-tard-N-est-ce-pas-ce-qu-on-gagne-a-trop-se-taire-ou-a-trop-parler-pour-ne-rien-dire-281x300.jpg\" alt=\"\" width=\"281\" height=\"300\" srcset=\"http:\/\/www.lecarrefourdesopinions.ca\/wp-content\/uploads\/2016\/10\/F3-Trop-tard-N-est-ce-pas-ce-qu-on-gagne-a-trop-se-taire-ou-a-trop-parler-pour-ne-rien-dire-281x300.jpg 281w, http:\/\/www.lecarrefourdesopinions.ca\/wp-content\/uploads\/2016\/10\/F3-Trop-tard-N-est-ce-pas-ce-qu-on-gagne-a-trop-se-taire-ou-a-trop-parler-pour-ne-rien-dire-400x426.jpg 400w, http:\/\/www.lecarrefourdesopinions.ca\/wp-content\/uploads\/2016\/10\/F3-Trop-tard-N-est-ce-pas-ce-qu-on-gagne-a-trop-se-taire-ou-a-trop-parler-pour-ne-rien-dire.jpg 520w\" sizes=\"auto, (max-width: 281px) 100vw, 281px\" \/><\/p>\n<p align=\"CENTER\">\n<p align=\"JUSTIFY\"><span style=\"font-size: large;\"><strong>F3\u00a0: <\/strong><\/span><span style=\"color: #c00000;\"><span style=\"font-size: large;\"><em><strong>Trop tard\u00a0!.. N\u2019est-ce pas ce qu\u2019on gagne \u00e0 trop se taire ou\u2026 \u00e0 trop parler pour ne rien dire.<\/strong><\/em><\/span><\/span><\/p>\n<p align=\"JUSTIFY\">\n<p align=\"JUSTIFY\">\n<p align=\"JUSTIFY\"><span style=\"font-size: large;\"><strong>L\u2019Appel \u00e0 Assistance \u00e0 Personnes en Danger, cette Obligation pour Tous, inscrite au Premier Rang de nos Valeurs R\u00e9publicaines.<\/strong><\/span><\/p>\n<p align=\"JUSTIFY\">\n<p align=\"JUSTIFY\"><span style=\"font-size: large;\">Cette Obligation en l\u2019Occurrence, pour les Minist\u00e8res de la Justice comme de l\u2019Int\u00e9rieur et de la Sant\u00e9.<\/span><\/p>\n<p align=\"JUSTIFY\">\n<p align=\"JUSTIFY\"><span style=\"font-size: large;\">Appel \u00e0 Assistance \u00e0 Personnes en Danger, comme l\u2019a si souvent fait le \u00ab\u00a0<\/span><span style=\"font-size: large;\"><em><strong>Cri d\u2019Alarme\u00a0<\/strong><\/em><\/span><span style=\"font-size: large;\">\u00bb, en faveur des Victimes de Troubles Mentaux, tout particuli\u00e8rement, sans qu\u2019il en revienne le moindre \u00c9cho des Minist\u00e8res Concern\u00e9s pas plus que des Autorit\u00e9s M\u00e9dicales qui reconnaissent le Handicap sans Pouvoir s\u2019\u00e9lever contre l\u2019Abandon Manifeste de l\u2019\u00c9tat qui laisse aux Victimes de Maladie Mentale la Responsabilit\u00e9 de d\u00e9clarer leur trouble, d\u2019en demander des Soins ainsi que Protection.<\/span><\/p>\n<p align=\"JUSTIFY\">\n<p align=\"JUSTIFY\">\n<p align=\"CENTER\">\u00a0<img loading=\"lazy\" decoding=\"async\" class=\"alignnone size-medium wp-image-12903\" title=\"F4   Plutot un Cri d Alarme\" src=\"http:\/\/www.lecarrefourdesopinions.ca\/wp-content\/uploads\/2016\/10\/F4-Plutot-un-Cri-d-Alarme-300x300.jpg\" alt=\"\" width=\"300\" height=\"300\" srcset=\"http:\/\/www.lecarrefourdesopinions.ca\/wp-content\/uploads\/2016\/10\/F4-Plutot-un-Cri-d-Alarme-300x300.jpg 300w, http:\/\/www.lecarrefourdesopinions.ca\/wp-content\/uploads\/2016\/10\/F4-Plutot-un-Cri-d-Alarme-400x400.jpg 400w, http:\/\/www.lecarrefourdesopinions.ca\/wp-content\/uploads\/2016\/10\/F4-Plutot-un-Cri-d-Alarme.jpg 580w\" sizes=\"auto, (max-width: 300px) 100vw, 300px\" \/><\/p>\n<p align=\"CENTER\">\n<p align=\"CENTER\"><span style=\"font-size: large;\"><strong>F4\u00a0: <\/strong><\/span><span style=\"color: #c00000;\"><span style=\"font-size: large;\"><em><strong>Plut\u00f4t un Cri d\u2019Alarme.<\/strong><\/em><\/span><\/span><\/p>\n<p align=\"CENTER\">\n<p align=\"JUSTIFY\">\n<p align=\"JUSTIFY\"><span style=\"font-family: 'Comic Sans MS', cursive;\"><span style=\"font-size: large;\"><strong>N\u2019est-ce pas l\u00e0 un D\u00e9ni Manifeste de la Non-Assistance \u00e0 Personne en Danger.<\/strong><\/span><\/span><\/p>\n<p align=\"JUSTIFY\">\n<p align=\"JUSTIFY\"><span style=\"font-family: 'Comic Sans MS', cursive;\"><span style=\"font-size: large;\">Une Non-assistance qui n\u2019\u00e9pargne personne, aucune Famille, aucun Milieu, du Moellon de Base au Sommet de notre Pyramide Sociale.<\/span><\/span><\/p>\n<p align=\"JUSTIFY\">\n<p align=\"JUSTIFY\"><span style=\"font-family: 'Comic Sans MS', cursive;\"><span style=\"font-size: large;\"><strong>Attendons-nous notre tour pour comprendre.<\/strong><\/span><\/span><\/p>\n<p align=\"JUSTIFY\">\n<p align=\"JUSTIFY\"><span style=\"font-family: 'Arial Rounded MT Bold', sans-serif;\"><span style=\"font-size: large;\">Se Taire par Peur de se mouiller ou Parler d\u2019Abondance pour Noyer le Poisson\u2026 Faute du Cran que R\u00e9clament certaines Situations<\/span><\/span><span style=\"font-family: 'Comic Sans MS', cursive;\"><span style=\"font-size: large;\">. <\/span><\/span><\/p>\n<p align=\"JUSTIFY\">\n<p align=\"JUSTIFY\"><span style=\"font-size: large;\">\u00c9ric EG Nogard<\/span><\/p>\n<p align=\"JUSTIFY\"><span style=\"color: #c00000;\"><span style=\"font-size: large;\"><em>Chroniqueur<\/em><\/span><\/span><span style=\"color: #c00000;\"><span style=\"font-size: large;\">.<\/span><\/span><\/p>\n<p align=\"CENTER\"><span style=\"font-size: large;\"><strong>*** *** ***<\/strong><\/span><\/p>\n<p align=\"CENTER\"><span style=\"color: #ff0000;\"><span style=\"font-size: large;\"><strong>Nota : <\/strong><\/span><\/span><span style=\"color: #000000;\"><span style=\"font-size: large;\">Nous ne traitons que de Faits et de Noms rendus Publics.<\/span><\/span><\/p>\n<p align=\"CENTER\">\n<p align=\"JUSTIFY\"><span style=\"font-size: large;\"><strong>N.B.:<\/strong><\/span><span style=\"font-size: large;\"> &#8211; <\/span><span style=\"color: #c00000;\"><span style=\"font-family: 'Comic Sans MS', cursive;\"><span style=\"font-size: large;\">Nous Recommandons instamment et syst\u00e9matiquement l\u2019ouverture de la (ou des) pi\u00e8ce(s) jointe(s) \u00e0 l\u2019e-mail, sous format Pdf, <\/span><\/span><\/span><span style=\"color: #c00000;\"><span style=\"font-family: 'Comic Sans MS', cursive;\"><span style=\"font-size: large;\"><span style=\"text-decoration: underline;\">les illustrations y sont incluses<\/span><\/span><\/span><\/span><span style=\"color: #c00000;\"><span style=\"font-family: 'Comic Sans MS', cursive;\"><span style=\"font-size: large;\">.<\/span><\/span><\/span><\/p>\n<p align=\"JUSTIFY\">\n<p align=\"JUSTIFY\">\n<p align=\"CENTER\"><span style=\"color: #ff0000;\"><span><strong>Ne Peut \u00eatre reproduit &#8211; m\u00eame partiellement &#8211; sans l\u2019autorisation de l\u2019Auteur.<\/strong><\/span><\/span><\/p>\n<p align=\"JUSTIFY\"><span style=\"text-decoration: underline;\"><strong>Liens Sugg\u00e9r\u00e9s\u00a0:<\/strong><\/span><\/p>\n<ul>\n<li>\n<p align=\"JUSTIFY\"><span style=\"color: #0000ff;\"><span style=\"text-decoration: underline;\"><a href=\"http:\/\/www.lescrutateur.com\/\">http:\/\/www.lescrutateur.com\/<\/a><\/span><\/span><\/p>\n<\/li>\n<li>\n<p align=\"JUSTIFY\"><span style=\"color: #0000ff;\"><span style=\"text-decoration: underline;\"><a href=\"http:\/\/www.etatsgenerauxdeloutremer.fr\/reflexions\">http:\/\/www.etatsgenerauxdeloutremer.fr\/reflexions<\/a><\/span><\/span><\/p>\n<\/li>\n<\/ul>\n<p align=\"CENTER\">\n<script type=\"text\/javascript\">\n\nvar addthis_config = {\"data_track_clickback\":false,\"data_track_addressbar\":false,\"data_track_textcopy\":false};\n<\/script><script type=\"text\/javascript\" src=\"\/\/s7.addthis.com\/js\/250\/addthis_widget.js#pubid=a457a6d63fb9e6ccabdde4110343bd85\"><\/script>","protected":false},"excerpt":{"rendered":"<p align=\"CENTER\"><span>Le Cri d\u2019Alarme.<\/span><\/p>\n<p align=\"CENTER\">\n<p align=\"CENTER\"><span style=\"color: #000000;\"><span>De l\u2019Ex. Martinique Province Fran\u00e7aise d\u2019Am\u00e9rique Amie du Canada (1061 Titres)<\/span><\/span><\/p>\n<p align=\"CENTER\">==========<\/p>\n<p align=\"JUSTIFY\"><span style=\"color: #c00000;\"> <span style=\"font-family: 'Comic Sans MS', cursive;\"><span>\u00ab\u00a0<\/span><\/span><\/span><span style=\"color: #c00000;\"><span style=\"font-family: Cambria, serif;\"><span>Notre M\u00e9tier n\u2019est pas de faire plaisir, Non plus de faire tort \u00e0 qui que ce soit, Ni pour quoi que <\/span><\/span><\/span>&hellip;<\/p>\n","protected":false},"author":1,"featured_media":0,"comment_status":"open","ping_status":"open","sticky":false,"template":"","format":"standard","meta":{"footnotes":""},"categories":[1],"tags":[],"class_list":["post-12899","post","type-post","status-publish","format-standard","hentry","category-accueil"],"_links":{"self":[{"href":"http:\/\/www.lecarrefourdesopinions.ca\/index.php?rest_route=\/wp\/v2\/posts\/12899","targetHints":{"allow":["GET"]}}],"collection":[{"href":"http:\/\/www.lecarrefourdesopinions.ca\/index.php?rest_route=\/wp\/v2\/posts"}],"about":[{"href":"http:\/\/www.lecarrefourdesopinions.ca\/index.php?rest_route=\/wp\/v2\/types\/post"}],"author":[{"embeddable":true,"href":"http:\/\/www.lecarrefourdesopinions.ca\/index.php?rest_route=\/wp\/v2\/users\/1"}],"replies":[{"embeddable":true,"href":"http:\/\/www.lecarrefourdesopinions.ca\/index.php?rest_route=%2Fwp%2Fv2%2Fcomments&post=12899"}],"version-history":[{"count":1,"href":"http:\/\/www.lecarrefourdesopinions.ca\/index.php?rest_route=\/wp\/v2\/posts\/12899\/revisions"}],"predecessor-version":[{"id":12904,"href":"http:\/\/www.lecarrefourdesopinions.ca\/index.php?rest_route=\/wp\/v2\/posts\/12899\/revisions\/12904"}],"wp:attachment":[{"href":"http:\/\/www.lecarrefourdesopinions.ca\/index.php?rest_route=%2Fwp%2Fv2%2Fmedia&parent=12899"}],"wp:term":[{"taxonomy":"category","embeddable":true,"href":"http:\/\/www.lecarrefourdesopinions.ca\/index.php?rest_route=%2Fwp%2Fv2%2Fcategories&post=12899"},{"taxonomy":"post_tag","embeddable":true,"href":"http:\/\/www.lecarrefourdesopinions.ca\/index.php?rest_route=%2Fwp%2Fv2%2Ftags&post=12899"}],"curies":[{"name":"wp","href":"https:\/\/api.w.org\/{rel}","templated":true}]}}