{"id":12832,"date":"2016-10-16T15:23:04","date_gmt":"2016-10-16T19:23:04","guid":{"rendered":"http:\/\/www.lecarrefourdesopinions.ca\/?p=12832"},"modified":"2016-10-16T15:23:04","modified_gmt":"2016-10-16T19:23:04","slug":"dou-vient-que-ce-soufflet-les-ait-si-peu-emus","status":"publish","type":"post","link":"http:\/\/www.lecarrefourdesopinions.ca\/?p=12832","title":{"rendered":"D\u2019o\u00f9 vient que ce Soufflet, les ait si peu \u00e9mus !"},"content":{"rendered":"<p align=\"CENTER\"><span><strong>Le Cri d\u2019Alarme.<\/strong><\/span><\/p>\n<p align=\"CENTER\"><span style=\"color: #000000;\"><span><strong>Chronique d\u2019\u00c9ric E.G. NOGARD<\/strong><\/span><\/span><\/p>\n<p align=\"CENTER\"><span style=\"color: #000000;\"><span><strong>De l\u2019Ex. Martinique Province Fran\u00e7aise d\u2019Am\u00e9rique Amie du Canada<\/strong><\/span><\/span><\/p>\n<p align=\"CENTER\"><em><strong>=========<\/strong><\/em><\/p>\n<p align=\"JUSTIFY\"><span style=\"color: #c00000;\"> <span style=\"font-family: 'Comic Sans MS', cursive;\"><span>\u00ab\u00a0<\/span><\/span><\/span><span style=\"color: #c00000;\"><span style=\"font-family: Cambria, serif;\"><span><strong>Notre M\u00e9tier n\u2019est pas de faire plaisir, Non plus de faire tort \u00e0 qui que ce soit, Ni pour quoi que ce soit, Il est de porter la plume dans la plaie<\/strong><\/span><\/span><\/span><span style=\"color: #c00000;\"><span style=\"font-family: Cambria, serif;\"><span>\u00a0\u00bb. (Albert LONDRES).<\/span><\/span><\/span><\/p>\n<p align=\"CENTER\"><span style=\"color: #c00000;\"><em><strong>*** ***<\/strong><\/em><\/span><\/p>\n<p align=\"JUSTIFY\"><span style=\"color: #632423;\"><em><strong>Pardonnez-nous si jamais, tel Aristarque De SAMOS, nous troublons quelque part, jusqu\u2019au \u00ab\u00a0Repos des Dieux\u00a0\u00bb. (\u00c9ric EG Nogard, Chroniqueur).<\/strong><\/em><\/span><\/p>\n<p align=\"CENTER\"><span style=\"color: #c00000;\"><em><strong>==========<\/strong><\/em><\/span><\/p>\n<p style=\"text-align: center;\"><span style=\"color: #632423;\"><span style=\"font-family: 'Comic Sans MS', cursive;\"><span style=\"font-size: large;\"><em><strong>D\u2019o\u00f9 vient que ce Soufflet, les ait si peu \u00e9mus\u00a0!<\/strong><\/em><\/span><\/span><\/span><\/p>\n<p align=\"JUSTIFY\">\n<p align=\"JUSTIFY\"><img loading=\"lazy\" decoding=\"async\" class=\"alignnone size-full wp-image-12833\" title=\"Eric\" src=\"http:\/\/www.lecarrefourdesopinions.ca\/wp-content\/uploads\/2016\/10\/Eric4.jpg\" alt=\"\" width=\"134\" height=\"107\" \/><\/p>\n<p align=\"JUSTIFY\"><span style=\"color: #632423;\"><span style=\"font-family: 'Comic Sans MS', cursive;\"><span style=\"font-size: large;\">\u00c9ric EG Nogard<\/span><\/span><\/span><\/p>\n<p align=\"JUSTIFY\"><span style=\"color: #c00000;\"><span style=\"font-size: large;\"><em>Chroniqueur<\/em><\/span><\/span><span style=\"color: #c00000;\"><span style=\"font-size: large;\">.<\/span><\/span><\/p>\n<p align=\"CENTER\">\n<p align=\"JUSTIFY\"><span style=\"font-size: large;\"><em><strong>D\u2019o\u00f9 vient que ce Soufflet, les ait si peu \u00e9mus\u00a0!<\/strong><\/em><\/span><\/p>\n<p align=\"JUSTIFY\">\n<p align=\"JUSTIFY\">\n<p align=\"JUSTIFY\"><span style=\"font-family: 'Comic Sans MS', cursive;\"><span style=\"font-size: large;\">Pourtant ne sont-ils pas les D\u00e9fenseurs de Nos Institutions, les Porteurs de nos Voix, les D\u00e9cideurs de nos Destins\u2026 Ces Scrupuleux Repr\u00e9sentants du Peuple de France.<\/span><\/span><\/p>\n<p align=\"JUSTIFY\">\n<p align=\"JUSTIFY\"><span style=\"font-family: 'Comic Sans MS', cursive;\"><span style=\"font-size: large;\">Voil\u00e0 que par l\u2019Autorit\u00e9 supr\u00eame de l\u2019\u00c9tat, la Magistrature Fran\u00e7aise se voit trait\u00e9e de la sorte\u00a0:<\/span><\/span><\/p>\n<p align=\"JUSTIFY\">\n<p align=\"CENTER\"><span style=\"font-family: 'Comic Sans MS', cursive;\"><span style=\"font-size: large;\">\u00ab\u00a0<\/span><\/span><span style=\"font-family: 'Comic Sans MS', cursive;\"><span style=\"font-size: large;\"><em><strong>Une Institution de L\u00e2chet\u00e9<\/strong><\/em><\/span><\/span><span style=\"font-family: 'Comic Sans MS', cursive;\"><span style=\"font-size: large;\">\u00a0\u00bb.<\/span><\/span><\/p>\n<p align=\"JUSTIFY\">\n<p align=\"JUSTIFY\">\n<p align=\"CENTER\">\n<p align=\"CENTER\"><img loading=\"lazy\" decoding=\"async\" class=\"alignnone size-medium wp-image-12837\" title=\"f1\" src=\"http:\/\/www.lecarrefourdesopinions.ca\/wp-content\/uploads\/2016\/10\/f1-300x129.jpg\" alt=\"\" width=\"300\" height=\"129\" srcset=\"http:\/\/www.lecarrefourdesopinions.ca\/wp-content\/uploads\/2016\/10\/f1-300x129.jpg 300w, http:\/\/www.lecarrefourdesopinions.ca\/wp-content\/uploads\/2016\/10\/f1-400x173.jpg 400w, http:\/\/www.lecarrefourdesopinions.ca\/wp-content\/uploads\/2016\/10\/f1.jpg 979w\" sizes=\"auto, (max-width: 300px) 100vw, 300px\" \/><\/p>\n<p align=\"CENTER\"><span style=\"font-size: large;\"><strong>F1\u00a0: <\/strong><\/span><span style=\"color: #c00000;\"><span style=\"font-size: large;\"><em><strong>Est-ce un Gamin qui parle, ou le Chef de l\u2019\u00c9tat.<\/strong><\/em><\/span><\/span><\/p>\n<p align=\"CENTER\"><span style=\"color: #943634;\"><span style=\"font-size: large;\"><em><strong>Un Pr\u00e9sident ne devrait pas dire \u00e7a\u2026 cependant, il l\u2019a fait.<\/strong><\/em><\/span><\/span><\/p>\n<p align=\"CENTER\"><span style=\"color: #632423;\"><span style=\"font-size: large;\"><em><strong>Quelles Cons\u00e9quences devons-nous en tirer.<\/strong><\/em><\/span><\/span><\/p>\n<p align=\"JUSTIFY\">\n<p align=\"JUSTIFY\">\n<p align=\"JUSTIFY\"><span style=\"font-size: large;\"><strong>Aussit\u00f4t PLOUF\u00a0!<\/strong><\/span><\/p>\n<p align=\"JUSTIFY\">\n<p align=\"JUSTIFY\"><span style=\"font-size: large;\">Comme un seul homme, c\u2019est le Plongeon des Grenouilles dans la Mare.<\/span><\/p>\n<p align=\"JUSTIFY\">\n<p align=\"JUSTIFY\"><span style=\"font-size: large;\">L\u2019affaire n\u2019\u00e9tant, ni de leur Comp\u00e9tence, ni de leur Ressort, pas plus que de ce pour quoi ils sont \u00c9lus et trait\u00e9s comme des Rats Emprisonn\u00e9s dans la grande roue d\u2019un fromage de Gruy\u00e8re.<\/span><\/p>\n<p align=\"JUSTIFY\">\n<p align=\"JUSTIFY\">\n<p align=\"JUSTIFY\"><span style=\"font-size: large;\"><strong>PLOUF dans la Mare jusqu\u2019\u00e0 l\u2019Ing\u00e9nu\u00a0:<\/strong><\/span><\/p>\n<p align=\"JUSTIFY\">\n<p align=\"CENTER\"><span style=\"font-size: large;\">\u00ab\u00a0<\/span><span style=\"font-family: 'Comic Sans MS', cursive;\"><span style=\"font-size: large;\"><em>Excusez-moi, c\u2019est pas ma faute, je ne l\u2019ai pas fait expr\u00e8s<\/em><\/span><\/span><span style=\"font-size: large;\">\u00a0\u00bb.<\/span><\/p>\n<p align=\"JUSTIFY\">\n<p align=\"JUSTIFY\"><span style=\"font-size: large;\">Obtenu apr\u00e8s R\u00e9quisition, comme Consolation \u00e0 ceux qui se croient les seuls Concern\u00e9s.<\/span><\/p>\n<p align=\"JUSTIFY\">\n<p align=\"JUSTIFY\">\n<p align=\"CENTER\">\n<p align=\"CENTER\"><img loading=\"lazy\" decoding=\"async\" class=\"alignnone size-medium wp-image-12838\" title=\"f2\" src=\"http:\/\/www.lecarrefourdesopinions.ca\/wp-content\/uploads\/2016\/10\/f2-300x158.jpg\" alt=\"\" width=\"300\" height=\"158\" srcset=\"http:\/\/www.lecarrefourdesopinions.ca\/wp-content\/uploads\/2016\/10\/f2-300x158.jpg 300w, http:\/\/www.lecarrefourdesopinions.ca\/wp-content\/uploads\/2016\/10\/f2-400x211.jpg 400w, http:\/\/www.lecarrefourdesopinions.ca\/wp-content\/uploads\/2016\/10\/f2.jpg 1014w\" sizes=\"auto, (max-width: 300px) 100vw, 300px\" \/><\/p>\n<p align=\"CENTER\"><span style=\"font-size: large;\"><strong>F2\u00a0: <\/strong><\/span><span style=\"color: #c00000;\"><span style=\"font-size: large;\"><em><strong>Un \u00ab\u00a0<\/strong><\/em><\/span><\/span><span style=\"color: #632423;\"><span style=\"font-size: large;\"><em><strong>C\u2019est pas ma faute<\/strong><\/em><\/span><\/span><span style=\"color: #c00000;\"><span style=\"font-size: large;\"><em><strong>\u00a0\u00bb qui semble satisfaire.<\/strong><\/em><\/span><\/span><\/p>\n<p align=\"JUSTIFY\">\n<p align=\"JUSTIFY\">\n<p align=\"JUSTIFY\"><span style=\"font-family: Arial, sans-serif;\"><span style=\"font-size: large;\"><em><strong>Et Ite Misa Est<\/strong><\/em><\/span><\/span><span style=\"font-size: large;\"><strong>, le tour semble jou\u00e9 mais il est loin de l\u2019\u00eatre, les Fran\u00e7ais veulent comprendre.<\/strong><\/span><\/p>\n<p align=\"JUSTIFY\">\n<p align=\"CENTER\"><span style=\"font-size: large;\">\u00ab\u00a0<\/span><span style=\"font-family: 'Arial Rounded MT Bold', sans-serif;\"><span style=\"font-size: large;\"><em>Une Institution de L\u00e2chet\u00e9<\/em><\/span><\/span><span style=\"font-size: large;\">\u00a0\u00bb.<\/span><\/p>\n<p align=\"JUSTIFY\">\n<p align=\"JUSTIFY\"><span style=\"font-size: large;\">Fran\u00e7ois HOLLANDE ne doit-il pas s\u2019en expliquer Publiquement, l\u2019Affront \u00e9tant Public.<\/span><\/p>\n<p align=\"JUSTIFY\">\n<p align=\"JUSTIFY\">\n<p align=\"JUSTIFY\"><span style=\"font-size: large;\"><strong>HOLLANDE n\u2019y est-il pas tenu, ne doit-il pas s\u2019y soumettre\u2026 ou Rendre sa D\u00e9mission, faute de pouvoir Assumer.<\/strong><\/span><\/p>\n<p align=\"JUSTIFY\">\n<p align=\"JUSTIFY\"><span style=\"font-family: Cambria, serif;\"><span style=\"font-size: large;\">Le Gouvernement, Ex\u00e9cutif et L\u00e9gislatif Confondus, ne devrait-il pas l\u2019y Contraindre et\u2026 le D\u00e9poser en Cas de Refus d\u2019Obtemp\u00e9rer.<\/span><\/span><\/p>\n<p align=\"JUSTIFY\">\n<p align=\"JUSTIFY\"><span style=\"font-family: Cambria, serif;\"><span style=\"font-size: large;\">Sauf \u00e0 le D\u00e9poser en Douceur, si son Mental le Justifie.<\/span><\/span><\/p>\n<p align=\"JUSTIFY\">\n<p align=\"JUSTIFY\"><span style=\"font-family: Cambria, serif;\"><span style=\"font-size: large;\">Car, si les Magistrats sont soufflet\u00e9s quel Fran\u00e7ais n\u2019a re\u00e7u le soufflet.<\/span><\/span><\/p>\n<p align=\"JUSTIFY\">\n<p align=\"JUSTIFY\">\n<p align=\"JUSTIFY\"><span style=\"font-family: Cambria, serif;\"><span style=\"font-size: large;\"><em><strong>Est-ce aux Chroniqueurs de demander des Comptes\u2026 ce serait sur le Fondement de quelle Habilitation.<\/strong><\/em><\/span><\/span><\/p>\n<p align=\"JUSTIFY\">\n<p align=\"JUSTIFY\"><span style=\"font-family: Cambria, serif;\"><span style=\"font-size: large;\"><em><strong>Est-ce \u00e0 la Magistrature de se faire Justice elle-m\u00eame, faisant voler en \u00c9clats l\u2019un des Principes Fondamentaux du Droit Fran\u00e7ais.<\/strong><\/em><\/span><\/span><\/p>\n<p align=\"JUSTIFY\">\n<p align=\"JUSTIFY\"><span style=\"font-size: large;\">Qu\u2019avez-vous \u00e0 en dire, Nicolas, Fran\u00e7ois, Alain, Arnaud, Jean-Luc etc. etc. qui pr\u00e9tendez \u00e0 la Magistrature Supr\u00eame.<\/span><\/p>\n<p align=\"JUSTIFY\">\n<p align=\"JUSTIFY\">\n<p align=\"CENTER\">\n<p align=\"JUSTIFY\">\n<p align=\"JUSTIFY\">\u00a0 \u00a0 \u00a0 \u00a0 \u00a0 \u00a0 \u00a0 \u00a0 \u00a0 \u00a0 \u00a0 \u00a0 \u00a0 \u00a0 \u00a0 \u00a0 \u00a0 \u00a0 \u00a0 \u00a0 \u00a0 \u00a0 \u00a0 \u00a0 \u00a0<img loading=\"lazy\" decoding=\"async\" class=\"alignnone size-large wp-image-12840\" title=\"f3\" src=\"http:\/\/www.lecarrefourdesopinions.ca\/wp-content\/uploads\/2016\/10\/f3-1024x261.jpg\" alt=\"\" width=\"450\" height=\"114\" srcset=\"http:\/\/www.lecarrefourdesopinions.ca\/wp-content\/uploads\/2016\/10\/f3-1024x261.jpg 1024w, http:\/\/www.lecarrefourdesopinions.ca\/wp-content\/uploads\/2016\/10\/f3-300x76.jpg 300w, http:\/\/www.lecarrefourdesopinions.ca\/wp-content\/uploads\/2016\/10\/f3-400x102.jpg 400w, http:\/\/www.lecarrefourdesopinions.ca\/wp-content\/uploads\/2016\/10\/f3.jpg 1206w\" sizes=\"auto, (max-width: 450px) 100vw, 450px\" \/><\/p>\n<p align=\"CENTER\"><span style=\"font-size: large;\"><strong>F3\u00a0: <\/strong><\/span><span style=\"color: #c00000;\"><span style=\"font-size: large;\"><em><strong>Qu\u2019en dites-vous\u2026 les Comp\u00e8res.<\/strong><\/em><\/span><\/span><\/p>\n<p align=\"JUSTIFY\">\n<p align=\"JUSTIFY\">\n<p align=\"JUSTIFY\"><span style=\"font-family: 'Arial Rounded MT Bold', sans-serif;\"><span style=\"font-size: large;\">Quant au menu-fretin de nos \u00c9lus, n\u2019en parlons pas, tellement il est douteux qu\u2019il se pr\u00e9occupe d\u2019autre chose que de son porte-monnaie\u2026 soit dit sous r\u00e9serve de l\u2019Exception qui Confirme la R\u00e8gle.<\/span><\/span><\/p>\n<p align=\"JUSTIFY\">\n<p align=\"JUSTIFY\"><span style=\"font-size: large;\">\u00c9ric EG Nogard<\/span><\/p>\n<p align=\"JUSTIFY\"><span style=\"color: #c00000;\"><span style=\"font-size: large;\"><em>Chroniqueur<\/em><\/span><\/span><span style=\"color: #c00000;\"><span style=\"font-size: large;\">.<\/span><\/span><\/p>\n<p align=\"CENTER\"><span style=\"font-size: large;\"><strong>*** *** ***<\/strong><\/span><\/p>\n<p align=\"CENTER\"><span style=\"color: #ff0000;\"><span style=\"font-size: large;\"><strong>Nota : <\/strong><\/span><\/span><span style=\"color: #000000;\"><span style=\"font-size: large;\">Nous ne traitons que de Faits et de Noms rendus Publics.<\/span><\/span><\/p>\n<p align=\"CENTER\">\n<p align=\"JUSTIFY\"><span style=\"font-size: large;\"><strong>N.B.:<\/strong><\/span><span style=\"font-size: large;\"> &#8211; <\/span><span style=\"color: #c00000;\"><span style=\"font-family: 'Comic Sans MS', cursive;\"><span style=\"font-size: large;\">Nous Recommandons instamment et syst\u00e9matiquement l\u2019ouverture de la (ou des) pi\u00e8ce(s) jointe(s) \u00e0 l\u2019e-mail, sous format Pdf, <\/span><\/span><\/span><span style=\"color: #c00000;\"><span style=\"font-family: 'Comic Sans MS', cursive;\"><span style=\"font-size: large;\"><span style=\"text-decoration: underline;\">les illustrations y sont incluses<\/span><\/span><\/span><\/span><span style=\"color: #c00000;\"><span style=\"font-family: 'Comic Sans MS', cursive;\"><span style=\"font-size: large;\">.<\/span><\/span><\/span><\/p>\n<p align=\"CENTER\"><span style=\"color: #ff0000;\"><span><strong>Ne Peut \u00eatre reproduit &#8211; m\u00eame partiellement &#8211; sans l\u2019autorisation de l\u2019Auteur.<\/strong><\/span><\/span><\/p>\n<p align=\"JUSTIFY\"><span style=\"text-decoration: underline;\"><strong>Liens Sugg\u00e9r\u00e9s\u00a0:<\/strong><\/span><\/p>\n<ul>\n<li>\n<p align=\"JUSTIFY\"><span style=\"color: #0000ff;\"><span style=\"text-decoration: underline;\"><a href=\"http:\/\/www.lescrutateur.com\/\">http:\/\/www.lescrutateur.com\/<\/a><\/span><\/span><\/p>\n<\/li>\n<li>\n<p align=\"JUSTIFY\"><span style=\"color: #0000ff;\"><span style=\"text-decoration: underline;\"><a href=\"http:\/\/www.etatsgenerauxdeloutremer.fr\/reflexions\">http:\/\/www.etatsgenerauxdeloutremer.fr\/reflexions<\/a><\/span><\/span><\/p>\n<\/li>\n<\/ul>\n<p align=\"CENTER\">\n<p align=\"CENTER\"><strong>==================================================================<\/strong><\/p>\n<script type=\"text\/javascript\">\n\nvar addthis_config = {\"data_track_clickback\":false,\"data_track_addressbar\":false,\"data_track_textcopy\":false};\n<\/script><script type=\"text\/javascript\" src=\"\/\/s7.addthis.com\/js\/250\/addthis_widget.js#pubid=a457a6d63fb9e6ccabdde4110343bd85\"><\/script>","protected":false},"excerpt":{"rendered":"<p align=\"CENTER\"><span>Le Cri d\u2019Alarme.<\/span><\/p>\n<p align=\"CENTER\"><span style=\"color: #000000;\"><span>Chronique d\u2019\u00c9ric E.G. NOGARD<\/span><\/span><\/p>\n<p align=\"CENTER\"><span style=\"color: #000000;\"><span>De l\u2019Ex. Martinique Province Fran\u00e7aise d\u2019Am\u00e9rique Amie du Canada<\/span><\/span><\/p>\n<p align=\"CENTER\">=========<\/p>\n<p align=\"JUSTIFY\"><span style=\"color: #c00000;\"> <span style=\"font-family: 'Comic Sans MS', cursive;\"><span>\u00ab\u00a0<\/span><\/span><\/span><span style=\"color: #c00000;\"><span style=\"font-family: Cambria, serif;\"><span>Notre M\u00e9tier n\u2019est pas de faire plaisir, Non plus de faire tort \u00e0 qui que ce soit, Ni pour <\/span><\/span><\/span>&hellip;<\/p>\n","protected":false},"author":1,"featured_media":0,"comment_status":"open","ping_status":"open","sticky":false,"template":"","format":"standard","meta":{"footnotes":""},"categories":[1],"tags":[],"class_list":["post-12832","post","type-post","status-publish","format-standard","hentry","category-accueil"],"_links":{"self":[{"href":"http:\/\/www.lecarrefourdesopinions.ca\/index.php?rest_route=\/wp\/v2\/posts\/12832","targetHints":{"allow":["GET"]}}],"collection":[{"href":"http:\/\/www.lecarrefourdesopinions.ca\/index.php?rest_route=\/wp\/v2\/posts"}],"about":[{"href":"http:\/\/www.lecarrefourdesopinions.ca\/index.php?rest_route=\/wp\/v2\/types\/post"}],"author":[{"embeddable":true,"href":"http:\/\/www.lecarrefourdesopinions.ca\/index.php?rest_route=\/wp\/v2\/users\/1"}],"replies":[{"embeddable":true,"href":"http:\/\/www.lecarrefourdesopinions.ca\/index.php?rest_route=%2Fwp%2Fv2%2Fcomments&post=12832"}],"version-history":[{"count":1,"href":"http:\/\/www.lecarrefourdesopinions.ca\/index.php?rest_route=\/wp\/v2\/posts\/12832\/revisions"}],"predecessor-version":[{"id":12841,"href":"http:\/\/www.lecarrefourdesopinions.ca\/index.php?rest_route=\/wp\/v2\/posts\/12832\/revisions\/12841"}],"wp:attachment":[{"href":"http:\/\/www.lecarrefourdesopinions.ca\/index.php?rest_route=%2Fwp%2Fv2%2Fmedia&parent=12832"}],"wp:term":[{"taxonomy":"category","embeddable":true,"href":"http:\/\/www.lecarrefourdesopinions.ca\/index.php?rest_route=%2Fwp%2Fv2%2Fcategories&post=12832"},{"taxonomy":"post_tag","embeddable":true,"href":"http:\/\/www.lecarrefourdesopinions.ca\/index.php?rest_route=%2Fwp%2Fv2%2Ftags&post=12832"}],"curies":[{"name":"wp","href":"https:\/\/api.w.org\/{rel}","templated":true}]}}