{"id":12829,"date":"2016-10-14T17:55:00","date_gmt":"2016-10-14T21:55:00","guid":{"rendered":"http:\/\/www.lecarrefourdesopinions.ca\/?p=12829"},"modified":"2016-11-01T17:53:58","modified_gmt":"2016-11-01T21:53:58","slug":"therese-martin","status":"publish","type":"post","link":"http:\/\/www.lecarrefourdesopinions.ca\/?p=12829","title":{"rendered":"TH\u00c9R\u00c8SE MARTIN"},"content":{"rendered":"<h2 style=\"text-align: center;\"><span style=\"color: #800000;\"><strong><span style=\"font-family: Helvetica;\">TH\u00c9R\u00c8SE MARTIN<\/span><\/strong><\/span><\/h2>\n<p><span style=\"color: #717d84;\"><span style=\"font-family: Helvetica;\"><span>2 au 27 novembre<\/span><\/span><\/span><\/p>\n<p><span style=\"font-family: Helvetica;\"><span style=\"font-size: x-large;\"><span style=\"color: #ff0000;\"><strong>Vernissage<\/strong><\/span><span style=\"color: #252525;\"> : <\/span><span style=\"color: #000000;\">dimanche 6 novembre \u00e0 13 h<\/span><\/span><\/span><\/p>\n<p style=\"text-align: center;\">\u00a0<img loading=\"lazy\" decoding=\"async\" class=\"alignnone size-large wp-image-12830\" title=\"affiche_toile_ther_martin\" src=\"http:\/\/www.lecarrefourdesopinions.ca\/wp-content\/uploads\/2016\/10\/affiche_toile_ther_martin-663x1024.jpg\" alt=\"\" width=\"450\" height=\"695\" srcset=\"http:\/\/www.lecarrefourdesopinions.ca\/wp-content\/uploads\/2016\/10\/affiche_toile_ther_martin-663x1024.jpg 663w, http:\/\/www.lecarrefourdesopinions.ca\/wp-content\/uploads\/2016\/10\/affiche_toile_ther_martin-194x300.jpg 194w, http:\/\/www.lecarrefourdesopinions.ca\/wp-content\/uploads\/2016\/10\/affiche_toile_ther_martin-400x617.jpg 400w, http:\/\/www.lecarrefourdesopinions.ca\/wp-content\/uploads\/2016\/10\/affiche_toile_ther_martin.jpg 700w\" sizes=\"auto, (max-width: 450px) 100vw, 450px\" \/><\/p>\n<p><span style=\"font-family: Helvetica;\"><span style=\"font-size: medium;\">\u00ab\u00a0Th\u00e9r\u00e8se Martin est dipl\u00f4m\u00e9e en arts visuels de l\u2019Universit\u00e9 du Qu\u00e9bec \u00e0 Montr\u00e9al et de l\u2019Universit\u00e9 Bishop.<\/span><\/span><\/p>\n<p><span style=\"font-family: Helvetica;\"><span style=\"font-size: medium;\">\u00c0 travers son art, l\u2019artiste essaie de donner un sens au chaos et \u00e0 la multitude de personnages qui \u00e9mergent de son inconscient.<\/span><\/span><\/p>\n<p><span style=\"font-family: Helvetica;\"><span style=\"font-size: medium;\">Ses oeuvres, parfois lumineuses et parfois plus sombres, traduisent des r\u00e9alit\u00e9s souvent venues du monde de l\u2019enfance.\u00a0\u00bb<\/span><\/span><\/p>\n<p>&nbsp;<\/p>\n<div><span style=\"font-family: Arial;\">\u00a0https:\/\/www.behance.net\/theresemartin<\/span><\/div>\n<div><strong><span style=\"font-family: Arial;\"><br \/><\/span><\/strong><\/div>\n<p><span style=\"font-size: large; color: #0000ff;\">Portfolio en ligne : https:\/\/www.behance.net\/theresemartin<\/span><\/p>\n<p>&nbsp;<\/p>\n<p><span style=\"font-size: medium;\"><strong>Adresse :\u00a0<\/strong><\/span><\/p>\n<p><span style=\"font-size: large;\">Galerie Vincent-D&rsquo;Indy<\/span><\/p>\n<p><span style=\"font-size: large;\">Centre Francine Gadbois<\/span><\/p>\n<p><span style=\"font-size: large;\">1075 rue Lionel-Daunais<\/span><\/p>\n<p>&nbsp;<\/p>\n<p><span style=\"font-size: large;\">450-449-2800, poste 2<\/span><\/p>\n<p><span style=\"font-size: large;\">Heures &#8211;\u00a0mardi-mercredi : 18h-22h +\u00a0jeudi-vendredi : 13h-17h et 18h-21h +\u00a0samedi-dimanche : 13h-17h<\/span><\/p>\n<script type=\"text\/javascript\">\n\nvar addthis_config = {\"data_track_clickback\":false,\"data_track_addressbar\":false,\"data_track_textcopy\":false};\n<\/script><script type=\"text\/javascript\" src=\"\/\/s7.addthis.com\/js\/250\/addthis_widget.js#pubid=a457a6d63fb9e6ccabdde4110343bd85\"><\/script>","protected":false},"excerpt":{"rendered":"<p><span style=\"color: #800000;\"><span style=\"font-family: Helvetica;\">TH\u00c9R\u00c8SE MARTIN<\/span><\/span><\/p>\n<p><span style=\"color: #717d84;\"><span style=\"font-family: Helvetica;\"><span>2 au 27 novembre<\/span><\/span><\/span><\/p>\n<p><span style=\"font-family: Helvetica;\"><span style=\"font-size: x-large;\"><span style=\"color: #ff0000;\">Vernissage<\/span><span style=\"color: #252525;\"> : <\/span><span style=\"color: #000000;\">dimanche 6 novembre \u00e0 13 h<\/span><\/span><\/span><\/p>\n<p style=\"text-align: center;\">\u00a0<\/p>\n<p><span style=\"font-family: Helvetica;\"><span style=\"font-size: medium;\">\u00ab\u00a0Th\u00e9r\u00e8se Martin est dipl\u00f4m\u00e9e en arts visuels de l\u2019Universit\u00e9 du Qu\u00e9bec \u00e0 Montr\u00e9al et de l\u2019Universit\u00e9 Bishop.<\/span><\/span><\/p>\n<p><span style=\"font-family: Helvetica;\"><span style=\"font-size: medium;\">\u00c0 travers son art, l\u2019artiste <\/span><\/span>&hellip;<\/p>\n","protected":false},"author":1,"featured_media":0,"comment_status":"open","ping_status":"open","sticky":false,"template":"","format":"standard","meta":{"footnotes":""},"categories":[1],"tags":[],"class_list":["post-12829","post","type-post","status-publish","format-standard","hentry","category-accueil"],"_links":{"self":[{"href":"http:\/\/www.lecarrefourdesopinions.ca\/index.php?rest_route=\/wp\/v2\/posts\/12829","targetHints":{"allow":["GET"]}}],"collection":[{"href":"http:\/\/www.lecarrefourdesopinions.ca\/index.php?rest_route=\/wp\/v2\/posts"}],"about":[{"href":"http:\/\/www.lecarrefourdesopinions.ca\/index.php?rest_route=\/wp\/v2\/types\/post"}],"author":[{"embeddable":true,"href":"http:\/\/www.lecarrefourdesopinions.ca\/index.php?rest_route=\/wp\/v2\/users\/1"}],"replies":[{"embeddable":true,"href":"http:\/\/www.lecarrefourdesopinions.ca\/index.php?rest_route=%2Fwp%2Fv2%2Fcomments&post=12829"}],"version-history":[{"count":2,"href":"http:\/\/www.lecarrefourdesopinions.ca\/index.php?rest_route=\/wp\/v2\/posts\/12829\/revisions"}],"predecessor-version":[{"id":12905,"href":"http:\/\/www.lecarrefourdesopinions.ca\/index.php?rest_route=\/wp\/v2\/posts\/12829\/revisions\/12905"}],"wp:attachment":[{"href":"http:\/\/www.lecarrefourdesopinions.ca\/index.php?rest_route=%2Fwp%2Fv2%2Fmedia&parent=12829"}],"wp:term":[{"taxonomy":"category","embeddable":true,"href":"http:\/\/www.lecarrefourdesopinions.ca\/index.php?rest_route=%2Fwp%2Fv2%2Fcategories&post=12829"},{"taxonomy":"post_tag","embeddable":true,"href":"http:\/\/www.lecarrefourdesopinions.ca\/index.php?rest_route=%2Fwp%2Fv2%2Ftags&post=12829"}],"curies":[{"name":"wp","href":"https:\/\/api.w.org\/{rel}","templated":true}]}}