{"id":12821,"date":"2016-10-14T11:29:41","date_gmt":"2016-10-14T15:29:41","guid":{"rendered":"http:\/\/www.lecarrefourdesopinions.ca\/?p=12821"},"modified":"2016-10-14T11:29:41","modified_gmt":"2016-10-14T15:29:41","slug":"cest-un-affront-public-il-doit-sen-expliquer","status":"publish","type":"post","link":"http:\/\/www.lecarrefourdesopinions.ca\/?p=12821","title":{"rendered":"C\u2019est un Affront Public, \u00ab Il \u00bb doit s\u2019en expliquer."},"content":{"rendered":"<p align=\"CENTER\">\n<p align=\"CENTER\"><em style=\"font-family: 'Comic Sans MS', cursive; color: #632423;\"><strong>C\u2019est un Affront Public, \u00ab\u00a0Il\u00a0\u00bb doit s\u2019en expliquer.<\/strong><\/em><\/p>\n<p>&nbsp;<\/p>\n<p>\u00a0<img loading=\"lazy\" decoding=\"async\" class=\"alignnone size-full wp-image-12827\" title=\"Eric\" src=\"http:\/\/www.lecarrefourdesopinions.ca\/wp-content\/uploads\/2016\/10\/Eric3.jpg\" alt=\"\" width=\"134\" height=\"107\" \/><\/p>\n<p align=\"JUSTIFY\"><span style=\"color: #993300;\"><em>\u00c9ric EG Nogard<\/em><\/span><\/p>\n<p align=\"JUSTIFY\"><span style=\"color: #993300;\"><em>Chroniqueur.<\/em><\/span><\/p>\n<p>&nbsp;<\/p>\n<p><span style=\"color: #632423;\"><span style=\"font-family: 'Comic Sans MS', cursive;\"><span style=\"font-size: large;\">Dans une lettre au Conseil Sup\u00e9rieur de la Magistrature,<\/span><\/span><\/span><span style=\"color: #632423;\"><span style=\"font-family: 'Comic Sans MS', cursive;\"><span style=\"font-size: large;\">Fran\u00e7ois HOLLANDE<\/span><\/span><\/span><span style=\"color: #632423;\"><span style=\"font-family: 'Comic Sans MS', cursive;\"><span style=\"font-size: large;\">\u00ab\u00a0regrette profond\u00e9ment ce qui a \u00e9t\u00e9 ressenti comme une blessure par les magistrats\u00a0\u00bb.<\/p>\n<p>Il y explique que ces propos sont \u00ab\u00a0sans rapport avec la r\u00e9alit\u00e9 de sa pens\u00e9e comme avec la ligne de conduite et d&rsquo;action\u00a0\u00bb qu&rsquo;il s&rsquo;est fix\u00e9 en tant que pr\u00e9sident.<\/span><\/span><\/span><\/p>\n<p>&nbsp;<\/p>\n<p><span style=\"color: #632423;\"><span style=\"font-size: large;\"><em><strong>Le Figaro ( 14\/10\/16 12:31).<\/strong><\/em><\/span><\/span><\/p>\n<p align=\"CENTER\">\n<p align=\"CENTER\">\n<p align=\"CENTER\">\n<p align=\"CENTER\"><img loading=\"lazy\" decoding=\"async\" class=\"alignnone size-large wp-image-12822\" title=\"F1   Lettre de Regrets du President HOLLANDE\" src=\"http:\/\/www.lecarrefourdesopinions.ca\/wp-content\/uploads\/2016\/10\/F1-Lettre-de-Regrets-du-President-HOLLANDE-725x1024.jpg\" alt=\"\" width=\"450\" height=\"635\" srcset=\"http:\/\/www.lecarrefourdesopinions.ca\/wp-content\/uploads\/2016\/10\/F1-Lettre-de-Regrets-du-President-HOLLANDE-725x1024.jpg 725w, http:\/\/www.lecarrefourdesopinions.ca\/wp-content\/uploads\/2016\/10\/F1-Lettre-de-Regrets-du-President-HOLLANDE-212x300.jpg 212w, http:\/\/www.lecarrefourdesopinions.ca\/wp-content\/uploads\/2016\/10\/F1-Lettre-de-Regrets-du-President-HOLLANDE-400x564.jpg 400w, http:\/\/www.lecarrefourdesopinions.ca\/wp-content\/uploads\/2016\/10\/F1-Lettre-de-Regrets-du-President-HOLLANDE.jpg 904w\" sizes=\"auto, (max-width: 450px) 100vw, 450px\" \/><\/p>\n<p align=\"CENTER\"><span style=\"font-size: large;\"><strong>F1\u00a0: <\/strong><\/span><span style=\"color: #c00000;\"><span style=\"font-size: large;\"><em><strong>Lettre de Regrets du Pr\u00e9sident HOLLANDE.<\/strong><\/em><\/span><\/span><\/p>\n<p align=\"CENTER\">\n<p align=\"CENTER\"><span style=\"color: #632423;\"><span style=\"font-size: large;\">*** *** ***<\/span><\/span><\/p>\n<p>&nbsp;<\/p>\n<p align=\"JUSTIFY\"><span style=\"font-size: large;\"><em><strong>C\u2019est un Affront Public, \u00ab\u00a0Il\u00a0\u00bb doit s\u2019en expliquer et non s\u2019en excuser pour \u00ab\u00a0noyer le poisson\u00a0\u00bb.<\/strong><\/em><\/span><\/p>\n<p>&nbsp;<\/p>\n<p>&nbsp;<\/p>\n<p align=\"CENTER\"><img loading=\"lazy\" decoding=\"async\" class=\"alignnone size-full wp-image-12823\" title=\"ce_t_il_d=E2=80=99un_semblant_de_re_= gret    c est au Cid d y r\u00e9pondre    il y a r\u00e9pondu\" src=\"http:\/\/www.lecarrefourdesopinions.ca\/wp-content\/uploads\/2016\/10\/ce_t_il_dE28099un_semblant_de_re_-gret-c-est-au-Cid-d-y-r\u00e9pondre-il-y-a-r\u00e9pondu.jpg\" alt=\"\" width=\"262\" height=\"300\" \/><\/p>\n<p align=\"JUSTIFY\">\n<p align=\"JUSTIFY\"><span style=\"font-size: large;\"><strong>F2\u00a0: <\/strong><\/span><span style=\"color: #c00000;\"><span style=\"font-size: large;\"><em><strong>Un tel soufflet s\u2019efface-t-il d\u2019un semblant de regret\u2026 c\u2019est au Cid d\u2019y r\u00e9pondre&#8230; <\/strong><\/em><\/span><\/span><span style=\"color: #632423;\"><span style=\"font-size: large;\"><em><strong>il y a r\u00e9pondu<\/strong><\/em><\/span><\/span><span style=\"color: #c00000;\"><span style=\"font-size: large;\"><em><strong>.<\/strong><\/em><\/span><\/span><\/p>\n<p align=\"JUSTIFY\">\n<p align=\"JUSTIFY\">\n<p align=\"JUSTIFY\"><span style=\"font-family: 'Comic Sans MS', cursive;\"><span style=\"font-size: large;\">Peut-\u00eatre n\u2019a-t-il pas \u00e9t\u00e9 fait en Public, n\u00e9anmoins le voil\u00e0 sur la Place Publique, le Propos Outrageant de Monsieur Fran\u00e7ois HOLLANDE, jet\u00e9 tel un gant d\u2019Infamie sans le moindre m\u00e9nagement, \u00e0 la face du Premier des Piliers Institutionnels de la France, sa Magistrature.<\/span><\/span><\/p>\n<p align=\"JUSTIFY\">\n<p align=\"JUSTIFY\">\n<p align=\"CENTER\">\n<p align=\"CENTER\"><img loading=\"lazy\" decoding=\"async\" class=\"alignnone size-medium wp-image-12824\" title=\"F3   L Offense qui leur est faite est faite a la France  est faite a tout Fran\u00e7ais\" src=\"http:\/\/www.lecarrefourdesopinions.ca\/wp-content\/uploads\/2016\/10\/F3-L-Offense-qui-leur-est-faite-est-faite-a-la-France-est-faite-a-tout-Fran\u00e7ais-300x197.jpg\" alt=\"\" width=\"300\" height=\"197\" srcset=\"http:\/\/www.lecarrefourdesopinions.ca\/wp-content\/uploads\/2016\/10\/F3-L-Offense-qui-leur-est-faite-est-faite-a-la-France-est-faite-a-tout-Fran\u00e7ais-300x197.jpg 300w, http:\/\/www.lecarrefourdesopinions.ca\/wp-content\/uploads\/2016\/10\/F3-L-Offense-qui-leur-est-faite-est-faite-a-la-France-est-faite-a-tout-Fran\u00e7ais-400x263.jpg 400w, http:\/\/www.lecarrefourdesopinions.ca\/wp-content\/uploads\/2016\/10\/F3-L-Offense-qui-leur-est-faite-est-faite-a-la-France-est-faite-a-tout-Fran\u00e7ais.jpg 940w\" sizes=\"auto, (max-width: 300px) 100vw, 300px\" \/><\/p>\n<p align=\"JUSTIFY\"><span style=\"font-size: large;\"><strong>F3\u00a0: <\/strong><\/span><span style=\"color: #c00000;\"><span style=\"font-size: large;\"><em><strong>L\u2019Offense qui leur est faite est faite \u00e0 la France, est faite \u00e0 tout Fran\u00e7ais.<\/strong><\/em><\/span><\/span><\/p>\n<p>&nbsp;<\/p>\n<p>&nbsp;<\/p>\n<p>&nbsp;<\/p>\n<p align=\"JUSTIFY\"><span style=\"font-size: large;\"><strong>La Magistrature Fran\u00e7aise serait une Couv\u00e9e de L\u00e2ches.<\/strong><\/span><\/p>\n<p align=\"JUSTIFY\">\n<p align=\"JUSTIFY\"><span style=\"font-size: large;\">Quoi de moins supportable, qu\u2019en son For Int\u00e9rieur, ou qu\u2019\u00e0 la Face du Monde qui nous regarde, que cet Opprobre jet\u00e9 sans m\u00e9nagement sur la France toute enti\u00e8re.<\/span><\/p>\n<p align=\"JUSTIFY\">\n<p align=\"JUSTIFY\"><span style=\"font-size: large;\">S\u2019agit-il seulement d\u2019une Humiliation r\u00e9parable par un Semblant d\u2019Excuse, suite \u00e0 un vague Sursaut d\u2019Amour Propre venant de l\u2019Offens\u00e9.<\/span><\/p>\n<p align=\"JUSTIFY\">\n<p align=\"JUSTIFY\">\n<p align=\"CENTER\"><img loading=\"lazy\" decoding=\"async\" class=\"alignnone size-medium wp-image-12825\" title=\"F4   Se derobera t il  tel un Potache  par un larmoyant   ce n est pas ma faute  je ne l ai pas fait expres\" src=\"http:\/\/www.lecarrefourdesopinions.ca\/wp-content\/uploads\/2016\/10\/F4-Se-derobera-t-il-tel-un-Potache-par-un-larmoyant-ce-n-est-pas-ma-faute-je-ne-l-ai-pas-fait-expres-300x127.jpg\" alt=\"\" width=\"300\" height=\"127\" srcset=\"http:\/\/www.lecarrefourdesopinions.ca\/wp-content\/uploads\/2016\/10\/F4-Se-derobera-t-il-tel-un-Potache-par-un-larmoyant-ce-n-est-pas-ma-faute-je-ne-l-ai-pas-fait-expres-300x127.jpg 300w, http:\/\/www.lecarrefourdesopinions.ca\/wp-content\/uploads\/2016\/10\/F4-Se-derobera-t-il-tel-un-Potache-par-un-larmoyant-ce-n-est-pas-ma-faute-je-ne-l-ai-pas-fait-expres-400x170.jpg 400w, http:\/\/www.lecarrefourdesopinions.ca\/wp-content\/uploads\/2016\/10\/F4-Se-derobera-t-il-tel-un-Potache-par-un-larmoyant-ce-n-est-pas-ma-faute-je-ne-l-ai-pas-fait-expres.jpg 660w\" sizes=\"auto, (max-width: 300px) 100vw, 300px\" \/><\/p>\n<p align=\"CENTER\">\n<p align=\"JUSTIFY\"><span style=\"font-size: large;\"><strong>F4\u00a0: <\/strong><\/span><span style=\"color: #c00000;\"><span style=\"font-size: large;\"><em><strong>Se d\u00e9robera-t-il, tel un Potache, par un larmoyant \u00ab\u00a0<\/strong><\/em><\/span><\/span><span style=\"color: #632423;\"><span style=\"font-size: large;\"><em><strong>ce n\u2019est pas ma faute, je ne l\u2019ai pas fait expr\u00e8s<\/strong><\/em><\/span><\/span><span style=\"color: #c00000;\"><span style=\"font-size: large;\"><em><strong>\u00a0\u00bb.<\/strong><\/em><\/span><\/span><\/p>\n<p align=\"JUSTIFY\">\n<p align=\"JUSTIFY\">\n<p align=\"JUSTIFY\">\n<p align=\"JUSTIFY\"><span style=\"font-size: large;\"><strong>Les Magistrats Fran\u00e7ais, les Premiers \u00e0 \u00eatre soufflet\u00e9s comme les Premiers \u00e0 Devoir et \u00e0 Pouvoir s\u2019en D\u00e9fendre, se Contenteront-ils de cette simagr\u00e9e aussi enfantine que d\u00e9risoire.<\/strong><\/span><\/p>\n<p align=\"JUSTIFY\">\n<p align=\"CENTER\"><span style=\"font-size: large;\">\u00ab\u00a0<\/span><span style=\"font-size: large;\"><em><strong>Excusez-moi\u2026 Je ne l\u2019ai pas fait expr\u00e8s<\/strong><\/em><\/span><span style=\"font-size: large;\">\u00a0\u00bb,<\/span><\/p>\n<p align=\"JUSTIFY\">\n<p align=\"JUSTIFY\"><span style=\"font-size: large;\">Quand l\u2019\u00a0\u00ab\u00a0<\/span><span style=\"font-size: large;\"><em>erreur de jeunesse<\/em><\/span><span style=\"font-size: large;\">\u00a0\u00bb ne pardonne plus la moindre incartade du mineur de Quatorze ans <\/span><span style=\"font-size: large;\"><strong>Class\u00e9 \u00ab\u00a0S\u00a0\u00bb<\/strong><\/span><span style=\"font-size: large;\"> voire jet\u00e9 en Prison pour la moindre broutille.<\/span><\/p>\n<p align=\"JUSTIFY\">\n<p align=\"JUSTIFY\">\n<p align=\"JUSTIFY\"><span style=\"font-size: large;\"><strong>Qui d\u2019une Nation doit \u00eatre pris pour un Sage, davantage que son Chef, son Autorit\u00e9 supr\u00eame\u2026 Un Sage, autant dire un Homme de Bien.<\/strong><\/span><\/p>\n<p align=\"JUSTIFY\">\n<p align=\"JUSTIFY\"><span style=\"font-size: large;\">Or, n\u2019est-il pas dit\u00a0:<\/span><\/p>\n<p align=\"JUSTIFY\">\n<p align=\"CENTER\"><span style=\"font-family: Arial, sans-serif;\"><span style=\"font-size: large;\"><em>Sapiens nihil affirmat quod non probet.<\/em><\/span><\/span><\/p>\n<p align=\"CENTER\"><span style=\"font-size: large;\"><em>L\u2019Homme de Bien n\u2019affirme rien qu\u2019il ne doive Prouver.<\/em><\/span><\/p>\n<p align=\"JUSTIFY\">\n<p align=\"JUSTIFY\">\n<p align=\"JUSTIFY\"><span style=\"font-size: large;\"><strong>Se peut-il que Fran\u00e7ois HOLLANDE soit exon\u00e9r\u00e9 de fournir Publiquement la Preuve de ses All\u00e9gations qui D\u00e9shonorent la France, son Sol comme ses Gens.<\/strong><\/span><\/p>\n<p align=\"JUSTIFY\">\n<p align=\"JUSTIFY\"><span style=\"font-size: large;\">Ou, Fran\u00e7ois HOLLANDE se d\u00e9robera-t-il, sous peine de ne pas valoir un Crachat, de l\u2019Obligation qu\u2019il doit se faire, de Justifier son Propos, sauf \u00e0 D\u00e9missionner d\u2019une Fonction pour laquelle il n\u2019est pas fait\u2026 ne l\u2019a-t-il pas montr\u00e9.<\/span><\/p>\n<p align=\"JUSTIFY\">\n<p align=\"JUSTIFY\">\n<p align=\"CENTER\">\n<p align=\"CENTER\">\u00a0<img loading=\"lazy\" decoding=\"async\" class=\"alignnone size-medium wp-image-12826\" title=\"F5   The times are changing   Are nt they\" src=\"http:\/\/www.lecarrefourdesopinions.ca\/wp-content\/uploads\/2016\/10\/F5-The-times-are-changing-Are-nt-they-300x254.jpg\" alt=\"\" width=\"300\" height=\"254\" srcset=\"http:\/\/www.lecarrefourdesopinions.ca\/wp-content\/uploads\/2016\/10\/F5-The-times-are-changing-Are-nt-they-300x254.jpg 300w, http:\/\/www.lecarrefourdesopinions.ca\/wp-content\/uploads\/2016\/10\/F5-The-times-are-changing-Are-nt-they-400x339.jpg 400w, http:\/\/www.lecarrefourdesopinions.ca\/wp-content\/uploads\/2016\/10\/F5-The-times-are-changing-Are-nt-they.jpg 534w\" sizes=\"auto, (max-width: 300px) 100vw, 300px\" \/><\/p>\n<p align=\"CENTER\"><span style=\"font-size: large;\"><strong>F5\u00a0: <\/strong><\/span><span style=\"color: #c00000;\"><span style=\"font-family: Arial, sans-serif;\"><span style=\"font-size: large;\"><em><strong>The times are changing\u2026<\/strong><\/em><\/span><\/span><\/span><\/p>\n<p align=\"CENTER\"><span style=\"color: #c00000;\"><span style=\"font-family: Arial, sans-serif;\"><span style=\"font-size: large;\"><em><strong>Are\u2019nt they.<\/strong><\/em><\/span><\/span><\/span><\/p>\n<p align=\"JUSTIFY\">\n<p align=\"JUSTIFY\">\n<p align=\"JUSTIFY\"><span style=\"font-family: 'Comic Sans MS', cursive;\"><span style=\"font-size: large;\"><strong>En tout cas, nous, au \u00ab\u00a0Cri d\u2019Alarme\u00a0\u00bb, comment ne pas nous rappeler ce Titre de Bob DYLAN, ce Nobel de la Paix nomm\u00e9 comme \u00e0 propos\u00a0:<\/strong><\/span><\/span><\/p>\n<p align=\"JUSTIFY\">\n<p align=\"CENTER\"><span style=\"font-family: Arial, sans-serif;\"><span style=\"font-size: large;\"><em>\u00ab\u00a0The Times are Changing\u00a0!\u00a0\u00bb<\/em><\/span><\/span><\/p>\n<p align=\"JUSTIFY\">\n<p align=\"JUSTIFY\"><span style=\"font-family: 'Comic Sans MS', cursive;\"><span style=\"font-size: large;\"><strong>Ce \u00e0 quoi nous ajoutons\u00a0:<\/strong><\/span><\/span><\/p>\n<p align=\"JUSTIFY\">\n<p align=\"CENTER\"><span style=\"font-family: 'Arial Rounded MT Bold', sans-serif;\"><span style=\"font-size: large;\"><em>Are\u2019nt they.<\/em><\/span><\/span><\/p>\n<p lang=\"en-US\" align=\"JUSTIFY\">\n<p align=\"JUSTIFY\"><span style=\"font-size: large;\">\u00c9ric EG Nogard<\/span><\/p>\n<p align=\"JUSTIFY\"><span style=\"color: #c00000;\"><span style=\"font-size: large;\"><em>Chroniqueur<\/em><\/span><\/span><span style=\"color: #c00000;\"><span style=\"font-size: large;\">.<\/span><\/span><\/p>\n<p align=\"JUSTIFY\">\n<p align=\"CENTER\"><span style=\"color: #ff0000;\"><span style=\"font-size: large;\"><strong>Nota : <\/strong><\/span><\/span><span style=\"color: #000000;\"><span style=\"font-size: large;\">Nous ne traitons que de Faits et de Noms rendus Publics.<\/span><\/span><\/p>\n<p align=\"CENTER\">\n<p align=\"JUSTIFY\"><span style=\"font-size: large;\"><strong>N.B.:<\/strong><\/span><span style=\"font-size: large;\"> &#8211; <\/span><span style=\"color: #c00000;\"><span style=\"font-family: 'Comic Sans MS', cursive;\"><span style=\"font-size: large;\">Nous Recommandons instamment et syst\u00e9matiquement l\u2019ouverture de la (ou des) pi\u00e8ce(s) jointe(s) \u00e0 l\u2019e-mail, sous format Pdf, <\/span><\/span><\/span><span style=\"color: #c00000;\"><span style=\"font-family: 'Comic Sans MS', cursive;\"><span style=\"font-size: large;\"><span style=\"text-decoration: underline;\">les illustrations y sont incluses<\/span><\/span><\/span><\/span><span style=\"color: #c00000;\"><span style=\"font-family: 'Comic Sans MS', cursive;\"><span style=\"font-size: large;\">.<\/span><\/span><\/span><\/p>\n<p align=\"JUSTIFY\">\n<p align=\"CENTER\"><span style=\"color: #ff0000;\"><span><strong>Ne Peut \u00eatre reproduit &#8211; m\u00eame partiellement &#8211; sans l\u2019autorisation de l\u2019Auteur.<\/strong><\/span><\/span><\/p>\n<p align=\"JUSTIFY\"><span style=\"text-decoration: underline;\"><strong>Liens Sugg\u00e9r\u00e9s\u00a0:<\/strong><\/span><\/p>\n<ul>\n<li>\n<p align=\"JUSTIFY\"><span style=\"color: #0000ff;\"><span style=\"text-decoration: underline;\"><a href=\"http:\/\/www.lescrutateur.com\/\">http:\/\/www.lescrutateur.com\/<\/a><\/span><\/span><\/p>\n<\/li>\n<li>\n<p align=\"JUSTIFY\"><span style=\"color: #0000ff;\"><span style=\"text-decoration: underline;\"><a href=\"http:\/\/www.etatsgenerauxdeloutremer.fr\/reflexions\">http:\/\/www.etatsgenerauxdeloutremer.fr\/reflexions<\/a><\/span><\/span><\/p>\n<\/li>\n<\/ul>\n<p align=\"CENTER\">\n<p align=\"CENTER\"><strong>==================================================================<\/strong><\/p>\n<script type=\"text\/javascript\">\n\nvar addthis_config = {\"data_track_clickback\":false,\"data_track_addressbar\":false,\"data_track_textcopy\":false};\n<\/script><script type=\"text\/javascript\" src=\"\/\/s7.addthis.com\/js\/250\/addthis_widget.js#pubid=a457a6d63fb9e6ccabdde4110343bd85\"><\/script>","protected":false},"excerpt":{"rendered":"<p align=\"CENTER\">\n<p align=\"CENTER\">C\u2019est un Affront Public, \u00ab\u00a0Il\u00a0\u00bb doit s\u2019en expliquer.<\/p>\n<p>&nbsp;<\/p>\n<p>\u00a0<\/p>\n<p align=\"JUSTIFY\"><span style=\"color: #993300;\">\u00c9ric EG Nogard<\/span><\/p>\n<p align=\"JUSTIFY\"><span style=\"color: #993300;\">Chroniqueur.<\/span><\/p>\n<p>&nbsp;<\/p>\n<p><span style=\"color: #632423;\"><span style=\"font-family: 'Comic Sans MS', cursive;\"><span style=\"font-size: large;\">Dans une lettre au Conseil Sup\u00e9rieur de la Magistrature,<\/span><\/span><\/span><span style=\"color: #632423;\"><span style=\"font-family: 'Comic Sans MS', cursive;\"><span style=\"font-size: large;\">Fran\u00e7ois HOLLANDE<\/span><\/span><\/span><span style=\"color: #632423;\"><span style=\"font-family: 'Comic Sans MS', cursive;\"><span style=\"font-size: large;\">\u00ab\u00a0regrette profond\u00e9ment ce qui a \u00e9t\u00e9 ressenti comme une <\/span><\/span><\/span>&hellip;<\/p>\n","protected":false},"author":1,"featured_media":0,"comment_status":"open","ping_status":"open","sticky":false,"template":"","format":"standard","meta":{"footnotes":""},"categories":[1],"tags":[],"class_list":["post-12821","post","type-post","status-publish","format-standard","hentry","category-accueil"],"_links":{"self":[{"href":"http:\/\/www.lecarrefourdesopinions.ca\/index.php?rest_route=\/wp\/v2\/posts\/12821","targetHints":{"allow":["GET"]}}],"collection":[{"href":"http:\/\/www.lecarrefourdesopinions.ca\/index.php?rest_route=\/wp\/v2\/posts"}],"about":[{"href":"http:\/\/www.lecarrefourdesopinions.ca\/index.php?rest_route=\/wp\/v2\/types\/post"}],"author":[{"embeddable":true,"href":"http:\/\/www.lecarrefourdesopinions.ca\/index.php?rest_route=\/wp\/v2\/users\/1"}],"replies":[{"embeddable":true,"href":"http:\/\/www.lecarrefourdesopinions.ca\/index.php?rest_route=%2Fwp%2Fv2%2Fcomments&post=12821"}],"version-history":[{"count":1,"href":"http:\/\/www.lecarrefourdesopinions.ca\/index.php?rest_route=\/wp\/v2\/posts\/12821\/revisions"}],"predecessor-version":[{"id":12828,"href":"http:\/\/www.lecarrefourdesopinions.ca\/index.php?rest_route=\/wp\/v2\/posts\/12821\/revisions\/12828"}],"wp:attachment":[{"href":"http:\/\/www.lecarrefourdesopinions.ca\/index.php?rest_route=%2Fwp%2Fv2%2Fmedia&parent=12821"}],"wp:term":[{"taxonomy":"category","embeddable":true,"href":"http:\/\/www.lecarrefourdesopinions.ca\/index.php?rest_route=%2Fwp%2Fv2%2Fcategories&post=12821"},{"taxonomy":"post_tag","embeddable":true,"href":"http:\/\/www.lecarrefourdesopinions.ca\/index.php?rest_route=%2Fwp%2Fv2%2Ftags&post=12821"}],"curies":[{"name":"wp","href":"https:\/\/api.w.org\/{rel}","templated":true}]}}