{"id":12796,"date":"2016-10-10T12:27:15","date_gmt":"2016-10-10T16:27:15","guid":{"rendered":"http:\/\/www.lecarrefourdesopinions.ca\/?p=12796"},"modified":"2016-10-10T12:27:15","modified_gmt":"2016-10-10T16:27:15","slug":"que-se-passe-t-il-maman-est-ce-bien-vous-qui-pleurez","status":"publish","type":"post","link":"http:\/\/www.lecarrefourdesopinions.ca\/?p=12796","title":{"rendered":"Que se passe-t-il Maman, est-ce bien vous qui pleurez !"},"content":{"rendered":"<p align=\"CENTER\">\n<p align=\"CENTER\"><em style=\"font-size: large; font-family: 'Comic Sans MS', cursive; color: #632423;\"><strong>Que se passe-t-il Maman, est-ce bien vous qui pleurez\u00a0!<\/strong><\/em><\/p>\n<p align=\"JUSTIFY\">\n<p align=\"JUSTIFY\"><img loading=\"lazy\" decoding=\"async\" class=\"alignnone size-full wp-image-12797\" title=\"Eric\" src=\"http:\/\/www.lecarrefourdesopinions.ca\/wp-content\/uploads\/2016\/10\/Eric2.jpg\" alt=\"\" width=\"134\" height=\"107\" \/><\/p>\n<p align=\"JUSTIFY\"><span style=\"color: #632423;\"><span style=\"font-family: 'Comic Sans MS', cursive;\"><span style=\"font-size: large;\">\u00c9ric EG Nogard<\/span><\/span><\/span><\/p>\n<p align=\"JUSTIFY\"><span style=\"color: #c00000;\"><span style=\"font-size: large;\"><em>Chroniqueur<\/em><\/span><\/span><span style=\"color: #c00000;\"><span style=\"font-size: large;\">.<\/span><\/span><\/p>\n<p align=\"CENTER\">\n<p align=\"CENTER\"><span style=\"color: #632423;\"><span style=\"font-size: large;\">*** *** ***<\/span><\/span><\/p>\n<p align=\"CENTER\">\n<p><span style=\"font-size: large;\"><em><strong>Que se passe-t-il Maman, est-ce bien vous qui pleurez\u00a0!<\/strong><\/em><\/span><\/p>\n<p>&nbsp;<\/p>\n<p>&nbsp;<\/p>\n<p>&nbsp;<\/p>\n<p align=\"CENTER\">\n<p align=\"CENTER\"><img loading=\"lazy\" decoding=\"async\" class=\"alignnone size-medium wp-image-12798\" title=\"F1   Le Cyclone Mattew\" src=\"http:\/\/www.lecarrefourdesopinions.ca\/wp-content\/uploads\/2016\/10\/F1-Le-Cyclone-Mattew-300x168.jpg\" alt=\"\" width=\"300\" height=\"168\" srcset=\"http:\/\/www.lecarrefourdesopinions.ca\/wp-content\/uploads\/2016\/10\/F1-Le-Cyclone-Mattew-300x168.jpg 300w, http:\/\/www.lecarrefourdesopinions.ca\/wp-content\/uploads\/2016\/10\/F1-Le-Cyclone-Mattew-400x225.jpg 400w, http:\/\/www.lecarrefourdesopinions.ca\/wp-content\/uploads\/2016\/10\/F1-Le-Cyclone-Mattew.jpg 640w\" sizes=\"auto, (max-width: 300px) 100vw, 300px\" \/><\/p>\n<p align=\"CENTER\"><span style=\"font-size: large;\"><strong>F1\u00a0: <\/strong><\/span><span style=\"color: #c00000;\"><span style=\"font-size: large;\"><em><strong>Le Cyclone Mattew\u2026<\/strong><\/em><\/span><\/span><\/p>\n<p align=\"CENTER\">\n<p>&nbsp;<\/p>\n<p align=\"JUSTIFY\"><span style=\"font-family: 'Comic Sans MS', cursive;\"><span style=\"font-size: large;\">Voir sa m\u00e8re pleurer quand ce n\u2019est pas son fort, m\u00eame dans l\u2019\u00e9preuve insoutenable\u2026 et malgr\u00e9 son c\u0153ur tendre comme le pain de mie.<\/span><\/span><\/p>\n<p align=\"JUSTIFY\">\n<p align=\"JUSTIFY\"><span style=\"font-family: 'Comic Sans MS', cursive;\"><span style=\"font-size: large;\">Comment vous dire quel effet cela vous fait\u2026 Quelque chose de terrible\u2026 \u00e0 vous \u00ab\u00a0d\u00e9boussoler\u00a0\u00bb.<\/span><\/span><\/p>\n<p align=\"JUSTIFY\">\n<p align=\"JUSTIFY\"><span style=\"font-size: large;\">* <\/span><span style=\"font-family: 'Arial Rounded MT Bold', sans-serif;\"><span style=\"font-size: large;\"><em>What\u2019s the matter Mother, I am seeing you Crying.<\/em><\/span><\/span><\/p>\n<p lang=\"en-US\" align=\"JUSTIFY\">\n<p align=\"JUSTIFY\"><span style=\"font-size: large;\">&#8211; <\/span><span style=\"font-family: Cambria, serif;\"><span style=\"font-size: large;\"><em>Ha\u00efti\u2026<\/em><\/span><\/span><span style=\"font-family: Arial, sans-serif;\"><span style=\"font-size: large;\"><em>my son<\/em><\/span><\/span><span style=\"font-size: large;\">. <\/span><span style=\"font-family: Cambria, serif;\"><span style=\"font-size: large;\"><em>Elle ne le m\u00e9ritait pas<\/em><\/span><\/span><span style=\"font-family: Cambria, serif;\"><span style=\"font-size: large;\">.<\/span><\/span><\/p>\n<p align=\"JUSTIFY\">\n<p align=\"JUSTIFY\"><span style=\"font-family: Cambria, serif;\"><span style=\"font-size: large;\"><em>Je priais Dieu pour elle, qu\u2019Il lui envoie enfin un Simon de Syr\u00e8ne pour soulager sa peine, sa d\u00e9solation, sa \u00ab\u00a0Passion\u00a0\u00bb.<\/em><\/span><\/span><\/p>\n<p align=\"JUSTIFY\">\n<p align=\"JUSTIFY\"><span style=\"font-family: Cambria, serif;\"><span style=\"font-size: large;\"><em>Elle ne m\u00e9ritait pas le Supplice que Matthew vient de lui infliger, la laissant hagarde, an\u00e9antie, comme il n\u2019est pas d\u2019exemple d\u2019une telle ampleur, en aussi peu de temps.<\/em><\/span><\/span><\/p>\n<p align=\"JUSTIFY\">\n<p align=\"JUSTIFY\">\n<p align=\"CENTER\">\u00a0<img loading=\"lazy\" decoding=\"async\" class=\"alignnone size-large wp-image-12807\" title=\"F2 Haiti\" src=\"http:\/\/www.lecarrefourdesopinions.ca\/wp-content\/uploads\/2016\/10\/F2-Haiti-1024x298.jpg\" alt=\"\" width=\"450\" height=\"130\" srcset=\"http:\/\/www.lecarrefourdesopinions.ca\/wp-content\/uploads\/2016\/10\/F2-Haiti-1024x298.jpg 1024w, http:\/\/www.lecarrefourdesopinions.ca\/wp-content\/uploads\/2016\/10\/F2-Haiti-300x87.jpg 300w, http:\/\/www.lecarrefourdesopinions.ca\/wp-content\/uploads\/2016\/10\/F2-Haiti-400x116.jpg 400w, http:\/\/www.lecarrefourdesopinions.ca\/wp-content\/uploads\/2016\/10\/F2-Haiti.jpg 1211w\" sizes=\"auto, (max-width: 450px) 100vw, 450px\" \/><\/p>\n<p align=\"JUSTIFY\">\n<p align=\"CENTER\"><span style=\"font-size: large;\"><strong>F2\u00a0: <\/strong><\/span><span style=\"color: #c00000;\"><span style=\"font-size: large;\"><em><strong>\u2026 dans ses \u0152uvres en Ha\u00efti. <\/strong><\/em><\/span><\/span><\/p>\n<p align=\"JUSTIFY\">\n<p align=\"JUSTIFY\">\n<p align=\"JUSTIFY\"><span style=\"font-family: 'Comic Sans MS', cursive;\"><span style=\"font-size: large;\">Et aussit\u00f4t Paula me revint \u00e0 l\u2019esprit.<\/span><\/span><\/p>\n<p align=\"JUSTIFY\">\n<p align=\"JUSTIFY\">\n<p align=\"JUSTIFY\"><span style=\"font-size: large;\"><strong>Paula, pr\u00e8s de Cinquante Ans d\u00e9j\u00e0.<\/strong><\/span><\/p>\n<p align=\"JUSTIFY\">\n<p align=\"JUSTIFY\"><span style=\"font-size: large;\">Une Migrante Ha\u00eftienne \u00e0 peine sortie de l\u2019adolescence, ma M\u00e8re la connut par hasard un jour \u00e0 Fort-de-France, la prit en sympathie et fit de son mieux pour que Paula s\u2019int\u00e8gre sans obstacle dans la Soci\u00e9t\u00e9 Martiniquaise.<\/span><\/p>\n<p align=\"JUSTIFY\">\n<p align=\"JUSTIFY\"><span style=\"font-size: large;\">Quelques ann\u00e9es plus tard, Paula convainquit ma M\u00e8re de consentir \u00e0 mon Mariage, j\u2019\u00e9tais encore mineur\u2026 et je devins le Parrain de sa Fille A\u00een\u00e9e\u2026<\/span><\/p>\n<p align=\"JUSTIFY\">\n<p align=\"JUSTIFY\"><span style=\"font-family: Calibri, sans-serif;\"><span style=\"font-size: large;\"><em>Est-il besoin d\u2019en dire davantage pour que chacun comprenne les larmes de ma M\u00e8re et mon d\u00e9sir d\u2019apporter ma Contribution \u00e0 la Sympathie, \u00e0 la Compassion et au Soutien \u00e0 ce Peuple Courageux sur lequel le Destin semble s\u2019acharner<\/em><\/span><\/span><span style=\"font-size: large;\">.<\/span><\/p>\n<p align=\"JUSTIFY\">\n<p align=\"JUSTIFY\">\n<p align=\"JUSTIFY\"><span style=\"font-size: large;\"><strong>Le Destin OUI. Mais aussi.<\/strong><\/span><\/p>\n<p align=\"JUSTIFY\">\n<p align=\"JUSTIFY\"><span style=\"font-size: large;\">Mais aussi cette poign\u00e9e de Ha\u00eftiens \u00ab\u00a0Parvenus\u00a0\u00bb , dont l\u2019\u00c9go\u00efsme, la Voracit\u00e9 et la Cruaut\u00e9 n\u2019ont rien qui n\u2019aggrave au M\u00e9guple la Passion de ce Peuple\u2026 sa Passion de tous les instants sur un Chemin de Croix dont il serait blasph\u00e9matoire de dire que J\u00e9sus lui-m\u00eame n\u2019a certes pas connu, lui qui fait sienne la Croix de chacun d\u2019entre nous.<\/span><\/p>\n<p align=\"JUSTIFY\">\n<p align=\"JUSTIFY\">\n<p align=\"CENTER\"><img loading=\"lazy\" decoding=\"async\" class=\"alignnone size-large wp-image-12808\" title=\"F3 oliga\" src=\"http:\/\/www.lecarrefourdesopinions.ca\/wp-content\/uploads\/2016\/10\/F3-oliga-1024x282.jpg\" alt=\"\" width=\"450\" height=\"123\" srcset=\"http:\/\/www.lecarrefourdesopinions.ca\/wp-content\/uploads\/2016\/10\/F3-oliga-1024x282.jpg 1024w, http:\/\/www.lecarrefourdesopinions.ca\/wp-content\/uploads\/2016\/10\/F3-oliga-300x82.jpg 300w, http:\/\/www.lecarrefourdesopinions.ca\/wp-content\/uploads\/2016\/10\/F3-oliga-400x110.jpg 400w, http:\/\/www.lecarrefourdesopinions.ca\/wp-content\/uploads\/2016\/10\/F3-oliga.jpg 1226w\" sizes=\"auto, (max-width: 450px) 100vw, 450px\" \/><\/p>\n<p align=\"JUSTIFY\">\n<p align=\"CENTER\"><span style=\"font-size: large;\"><strong>F3\u00a0: <\/strong><\/span><span style=\"color: #c00000;\"><span style=\"font-size: large;\"><em><strong>La Vie y est si belle pour les Oligarques.<\/strong><\/em><\/span><\/span><\/p>\n<p align=\"JUSTIFY\">\n<p align=\"JUSTIFY\">\n<p align=\"JUSTIFY\"><span style=\"font-size: large;\"><em><strong>C\u2019est pourquoi en tout premier lieu<\/strong><\/em><\/span><span style=\"font-size: large;\">, nous en appelons \u00e0 lui, \u00e0 sa Mis\u00e9ricorde sans limite, pour qu\u2019il entende le <\/span><span style=\"font-family: Arial, sans-serif;\"><span style=\"font-size: large;\"><em>Miserere Nobis<\/em><\/span><\/span><span style=\"font-size: large;\"> du Peuple Ha\u00eftien.<\/span><\/p>\n<p align=\"JUSTIFY\">\n<p align=\"JUSTIFY\"><span style=\"font-size: large;\"><em><strong>Puis aux autres Pays du Monde<\/strong><\/em><\/span><span style=\"font-size: large;\"> dont le C\u0153ur une fois encore devrait compatir au sort des Ha\u00eftiens sur lesquels les ph\u00e9nom\u00e8nes g\u00e9ologiques, quelle qu\u2019en soit l\u2019origine, interne ou externe, semblent s\u2019acharner avec une f\u00e9rocit\u00e9 toute particuli\u00e8re, tel le Pr\u00e9dateur sur sa Proie d\u00e9munie. <\/span><\/p>\n<p align=\"JUSTIFY\">\n<p align=\"JUSTIFY\">\n<p align=\"CENTER\"><img loading=\"lazy\" decoding=\"async\" class=\"alignnone size-large wp-image-12810\" title=\"F4 Seisme\" src=\"http:\/\/www.lecarrefourdesopinions.ca\/wp-content\/uploads\/2016\/10\/F4-Seisme-1024x279.jpg\" alt=\"\" width=\"450\" height=\"122\" srcset=\"http:\/\/www.lecarrefourdesopinions.ca\/wp-content\/uploads\/2016\/10\/F4-Seisme-1024x279.jpg 1024w, http:\/\/www.lecarrefourdesopinions.ca\/wp-content\/uploads\/2016\/10\/F4-Seisme-300x81.jpg 300w, http:\/\/www.lecarrefourdesopinions.ca\/wp-content\/uploads\/2016\/10\/F4-Seisme-400x109.jpg 400w, http:\/\/www.lecarrefourdesopinions.ca\/wp-content\/uploads\/2016\/10\/F4-Seisme.jpg 1276w\" sizes=\"auto, (max-width: 450px) 100vw, 450px\" \/><\/p>\n<p align=\"CENTER\">\n<p align=\"CENTER\"><span style=\"font-size: large;\"><strong>F4\u00a0: <\/strong><\/span><span style=\"color: #c00000;\"><span style=\"font-size: large;\"><em><strong>S\u00e9ismes, Ouragans, Mont\u00e9e des Eaux sur ce Peuple d\u00e9muni.<\/strong><\/em><\/span><\/span><\/p>\n<p align=\"JUSTIFY\">\n<p align=\"JUSTIFY\">\n<p align=\"JUSTIFY\"><span style=\"font-size: large;\"><em><strong>Mais aussi et avant tout, que notre Pri\u00e8re soit entendue de ces Tortionnaires du Peuple Ha\u00eftien qu\u2019ils r\u00e9duisent \u00e0 la derni\u00e8re mis\u00e8re<\/strong><\/em><\/span><span style=\"font-size: large;\"> \u2013 \u00ab\u00a0un G\u00e9rant la Cou\u00a0\u00bb le gardien de nuit des villas bourgeoises devant coucher par terre, sur un sac de jute, quand les Ma\u00eetres sillonnent dans leurs \u00ab\u00a0Am\u00e9ricaines\u00a0\u00bb l\u2019Avenue de DELMAS qui relie Port-au-Prince au niveau de la mer, \u00e0 P\u00e9tion-Ville, dans la fra\u00eecheur des hauteurs, et se prolonge jusqu\u2019\u00e0 Kenskoff au sommet temp\u00e9r\u00e9 de la Montagne\u2026 on s\u2019y croirait en Europe.<\/span><\/p>\n<p align=\"JUSTIFY\">\n<p align=\"JUSTIFY\">\n<p align=\"CENTER\">\n<p align=\"CENTER\"><img loading=\"lazy\" decoding=\"async\" class=\"alignnone size-large wp-image-12814\" title=\"F5 Le gerant\" src=\"http:\/\/www.lecarrefourdesopinions.ca\/wp-content\/uploads\/2016\/10\/F5-Le-gerant-1024x308.jpg\" alt=\"\" width=\"450\" height=\"135\" srcset=\"http:\/\/www.lecarrefourdesopinions.ca\/wp-content\/uploads\/2016\/10\/F5-Le-gerant-1024x308.jpg 1024w, http:\/\/www.lecarrefourdesopinions.ca\/wp-content\/uploads\/2016\/10\/F5-Le-gerant-300x90.jpg 300w, http:\/\/www.lecarrefourdesopinions.ca\/wp-content\/uploads\/2016\/10\/F5-Le-gerant-400x120.jpg 400w, http:\/\/www.lecarrefourdesopinions.ca\/wp-content\/uploads\/2016\/10\/F5-Le-gerant.jpg 1241w\" sizes=\"auto, (max-width: 450px) 100vw, 450px\" \/><\/p>\n<p align=\"CENTER\"><span style=\"font-size: large;\"><strong>F5\u00a0: <\/strong><\/span><span style=\"color: #c00000;\"><span style=\"font-size: large;\"><em><strong>Le \u00ab\u00a0G\u00e9rant la Cou\u00a0\u00bb veillant sur le \u00ab\u00a0Repos des Dieux\u00a0\u00bb.<\/strong><\/em><\/span><\/span><\/p>\n<p align=\"CENTER\"><span style=\"color: #c00000;\"><span style=\"font-size: large;\"><em><strong>Port-au-Prince, Delmas, P\u00e9tion, Kenscoff,<\/strong><\/em><\/span><\/span><\/p>\n<p align=\"CENTER\"><span style=\"color: #c00000;\"><span style=\"font-size: large;\"><em><strong>Autant dire en ce temps-l\u00e0, le Tapis roulant des Belles \u00ab\u00a0Am\u00e9ricaines\u00a0\u00bb. <\/strong><\/em><\/span><\/span><\/p>\n<p align=\"JUSTIFY\">\n<p align=\"JUSTIFY\">\n<p align=\"JUSTIFY\"><span style=\"font-family: Calibri, sans-serif;\"><span style=\"font-size: large;\">Que ces Tortionnaires ne frustrent pas le Peuple des Aides Internationales plus que suffisantes pour la remise sur pied de Ha\u00efti.<\/span><\/span><\/p>\n<p align=\"JUSTIFY\">\n<p align=\"JUSTIFY\"><span style=\"font-family: Calibri, sans-serif;\"><span style=\"font-size: large;\">Que ces Profiteurs Compatissent \u00e0 l\u2019Enfer que subit Ha\u00efti, qu\u2019endurent leurs semblables.<\/span><\/span><\/p>\n<p align=\"JUSTIFY\">\n<p align=\"JUSTIFY\"><span style=\"font-size: large;\"><em><strong>Et que les Ha\u00eftiens eux-m\u00eames, car il faut qu\u2019on le leur dise<\/strong><\/em><\/span><span style=\"font-size: large;\">, que les Ha\u00eftiens foulent au pied leur Orgueil et prennent exemple sur d\u2019autres Peuples comme les Indon\u00e9siens qu\u2019on a vu se relever en quelques instants d\u2019un Tsunami qu\u2019on croyait les avoir ray\u00e9s de la Carte du Monde.<\/span><\/p>\n<p align=\"JUSTIFY\">\n<p align=\"JUSTIFY\">\n<p align=\"JUSTIFY\"><span style=\"font-size: large;\"><strong>Le Ha\u00eftien.<\/strong><\/span><\/p>\n<p align=\"JUSTIFY\">\n<p align=\"JUSTIFY\"><span style=\"font-size: large;\"><em><strong>Sans vouloir le critiquer en quoi que ce soit ni lui dicter quoi que ce soit, d\u2019ailleurs, c\u2019e\u00fbt \u00e9t\u00e9 de quel droit.<\/strong><\/em><\/span><\/p>\n<p align=\"JUSTIFY\">\n<p align=\"JUSTIFY\"><span style=\"font-size: large;\">Nous croyons qu\u2019il porte en lui le Germe de l\u2019Enfer qui le Consume, il aime la Puissance et le Pouvoir, en m\u00eame temps que l\u2019Ostentation et l\u2019Exercice de l\u2019Ostracisme, histoire de rendre la pareille, par <\/span><span style=\"font-family: Arial, sans-serif;\"><span style=\"font-size: large;\"><em>pari refertur<\/em><\/span><\/span><span style=\"font-size: large;\">.<\/span><\/p>\n<p align=\"JUSTIFY\">\n<p align=\"JUSTIFY\"><span style=\"font-size: large;\">Germe Inn\u00e9, Germe dont il est inconscient\u00a0? <\/span><span style=\"font-family: Calibri, sans-serif;\"><span style=\"font-size: large;\"><em>Il ne nous appartient pas d\u2019y r\u00e9pondre<\/em><\/span><\/span><span style=\"font-size: large;\"><em>. <\/em><\/span><\/p>\n<p align=\"JUSTIFY\">\n<p align=\"JUSTIFY\"><span style=\"font-size: large;\">Ce Peuple est Courageux, il a de Grands M\u00e9rites, au-del\u00e0 de l\u2019imaginable, mais cela suffit-il.<\/span><\/p>\n<p align=\"JUSTIFY\">\n<p align=\"JUSTIFY\">\n<p align=\"CENTER\"><img loading=\"lazy\" decoding=\"async\" class=\"alignnone size-large wp-image-12812\" title=\"F6   Un Peuple Courageux qui peut sF6   Un Peuple Courageux qui\" src=\"http:\/\/www.lecarrefourdesopinions.ca\/wp-content\/uploads\/2016\/10\/F6-Un-Peuple-Courageux-qui-peut-sF6-Un-Peuple-Courageux-qui-1024x281.jpg\" alt=\"\" width=\"450\" height=\"123\" srcset=\"http:\/\/www.lecarrefourdesopinions.ca\/wp-content\/uploads\/2016\/10\/F6-Un-Peuple-Courageux-qui-peut-sF6-Un-Peuple-Courageux-qui-1024x281.jpg 1024w, http:\/\/www.lecarrefourdesopinions.ca\/wp-content\/uploads\/2016\/10\/F6-Un-Peuple-Courageux-qui-peut-sF6-Un-Peuple-Courageux-qui-300x82.jpg 300w, http:\/\/www.lecarrefourdesopinions.ca\/wp-content\/uploads\/2016\/10\/F6-Un-Peuple-Courageux-qui-peut-sF6-Un-Peuple-Courageux-qui-400x109.jpg 400w, http:\/\/www.lecarrefourdesopinions.ca\/wp-content\/uploads\/2016\/10\/F6-Un-Peuple-Courageux-qui-peut-sF6-Un-Peuple-Courageux-qui.jpg 1140w\" sizes=\"auto, (max-width: 450px) 100vw, 450px\" \/><\/p>\n<p align=\"CENTER\">\n<p align=\"CENTER\"><span style=\"font-size: large;\"><strong>F6\u00a0: <\/strong><\/span><span style=\"color: #c00000;\"><span style=\"font-size: large;\"><em><strong>Un Peuple Courageux qui peut survivre au plus grand d\u00e9nuement.<\/strong><\/em><\/span><\/span><\/p>\n<p align=\"JUSTIFY\">\n<p align=\"JUSTIFY\">\n<p align=\"JUSTIFY\"><span style=\"font-size: large;\"><em><strong>Mettez \u00e0 un Ha\u00eftien des plus humbles qui soient un peu d\u2019argent dans la poche et le voil\u00e0 chang\u00e9 en Oligarque attirant naturellement les uns sous sa Protection et r\u00e9duisant les autres \u00e0 subir les rigueurs de ses app\u00e9tits comme de sa Loi d\u2019Airain.<\/strong><\/em><\/span><\/p>\n<p align=\"JUSTIFY\">\n<p align=\"JUSTIFY\"><span style=\"font-size: large;\">La Vuln\u00e9rabilit\u00e9 de Ha\u00efti s\u2019en trouvant \u00ab\u00a0M\u00e9gupl\u00e9e\u00a0\u00bb sous le choc des Ph\u00e9nom\u00e8nes Naturels.<\/span><\/p>\n<p align=\"JUSTIFY\">\n<p align=\"JUSTIFY\"><span style=\"font-size: large;\">Son Aptitude \u00e0 se Reconstruire s\u2019en trouvant entrav\u00e9e malgr\u00e9 les Aides Humanitaires.<\/span><\/p>\n<p align=\"JUSTIFY\">\n<p align=\"JUSTIFY\"><span style=\"font-size: large;\">Tellement en ce Pays le Mauvais Riche est un Loup pour les Pauvres.<\/span><\/p>\n<p align=\"JUSTIFY\">\n<p align=\"JUSTIFY\">\n<p align=\"JUSTIFY\"><span style=\"font-family: 'Comic Sans MS', cursive;\"><span style=\"font-size: large;\"><strong>Sans la France, la Martinique en serait davantage encore, \u00e0 plaindre qu\u2019Ha\u00efti, tellement elles se ressemblent ici et l\u00e0, Ces deux Populations.<\/strong><\/span><\/span><\/p>\n<p align=\"JUSTIFY\">\n<p align=\"JUSTIFY\"><span style=\"font-family: 'Comic Sans MS', cursive;\"><span style=\"font-size: large;\"><strong>Sauf que la Martinique est plus vuln\u00e9rable encore que ne l\u2019est Ha\u00efti qui, elle, a des Ressources V\u00e9ritables, Naturelles ou pas.<\/strong><\/span><\/span><\/p>\n<p align=\"JUSTIFY\">\n<p align=\"JUSTIFY\"><span style=\"font-family: 'Comic Sans MS', cursive;\"><span style=\"font-size: large;\">Est-il d\u00e9j\u00e0 n\u00e9, celui qui pourrait le leur faire Comprendre.<\/span><\/span><\/p>\n<p align=\"JUSTIFY\">\n<p align=\"JUSTIFY\"><span style=\"font-family: 'Comic Sans MS', cursive;\"><span style=\"font-size: large;\">Alors, venons tous en Aide \u00e0 Ha\u00efti, sans pour autant nous faire trop d\u2019Illusions\u00a0: <\/span><\/span><\/p>\n<p align=\"JUSTIFY\">\n<p align=\"JUSTIFY\"><span style=\"font-family: Calibri, sans-serif;\"><span style=\"font-size: large;\"><em><strong>Rien n\u2019y fera et Nul n\u2019y passera o\u00f9 l\u2019\u00c9ducation Ad\u00e9quate ne passe pas.<\/strong><\/em><\/span><\/span><\/p>\n<p align=\"JUSTIFY\">\n<p align=\"JUSTIFY\">\n<p align=\"CENTER\"><img loading=\"lazy\" decoding=\"async\" class=\"alignnone size-full wp-image-12813\" title=\"F7     Il y a de l Espoir   nous dit Me  MOiSE dans sa   Lettre Oubliee\" src=\"http:\/\/www.lecarrefourdesopinions.ca\/wp-content\/uploads\/2016\/10\/F7-Il-y-a-de-l-Espoir-nous-dit-Me-MOiSE-dans-sa-Lettre-Oubliee-.jpg\" alt=\"\" width=\"480\" height=\"360\" srcset=\"http:\/\/www.lecarrefourdesopinions.ca\/wp-content\/uploads\/2016\/10\/F7-Il-y-a-de-l-Espoir-nous-dit-Me-MOiSE-dans-sa-Lettre-Oubliee-.jpg 480w, http:\/\/www.lecarrefourdesopinions.ca\/wp-content\/uploads\/2016\/10\/F7-Il-y-a-de-l-Espoir-nous-dit-Me-MOiSE-dans-sa-Lettre-Oubliee--300x225.jpg 300w, http:\/\/www.lecarrefourdesopinions.ca\/wp-content\/uploads\/2016\/10\/F7-Il-y-a-de-l-Espoir-nous-dit-Me-MOiSE-dans-sa-Lettre-Oubliee--400x300.jpg 400w\" sizes=\"auto, (max-width: 480px) 100vw, 480px\" \/><\/p>\n<p align=\"CENTER\">\n<p align=\"CENTER\"><span style=\"font-size: large;\"><strong>F7\u00a0: <\/strong><\/span><span style=\"color: #c00000;\"><span style=\"font-size: large;\"><em><strong>\u00ab\u00a0Il y a de l\u2019Espoir\u00a0\u00bb nous dit Me. MO\u00cfSE dans sa \u00ab\u00a0Lettre Oubli\u00e9e\u00a0\u00bb.<\/strong><\/em><\/span><\/span><\/p>\n<p align=\"JUSTIFY\">\n<p align=\"JUSTIFY\">\n<p align=\"JUSTIFY\"><span style=\"font-family: 'Arial Rounded MT Bold', sans-serif;\"><span style=\"font-size: large;\">Cependant \u00ab\u00a0Il y a encore de l\u2019Espoir\u00a0\u00bb nous sugg\u00e8re Ma\u00eetre Serge H. Mo\u00efse, Avocat, dans sa \u00ab\u00a0Lettre Oubli\u00e9e\u00a0\u00bb du 07 Octobre 2016.<\/span><\/span><\/p>\n<p align=\"JUSTIFY\">\n<p align=\"JUSTIFY\"><span style=\"font-family: 'Arial Rounded MT Bold', sans-serif;\"><span style=\"font-size: large;\">Alors, que l\u2019Humanit\u00e9 ne d\u00e9sesp\u00e8re pas de Ha\u00efti, et qu\u2019\u00e0 l\u2019Unanimit\u00e9, elle se porte \u00e0 son Aide, \u00e0 son Secours, comme le veut notre Foi, comme l\u2019esp\u00e8re notre Nature Fonci\u00e8re. <\/span><\/span><\/p>\n<p align=\"JUSTIFY\">\n<p align=\"JUSTIFY\"><span style=\"font-size: large;\">\u00c9ric EG Nogard<\/span><\/p>\n<p align=\"JUSTIFY\"><span style=\"color: #c00000;\"><span style=\"font-size: large;\"><em>Chroniqueur<\/em><\/span><\/span><span style=\"color: #c00000;\"><span style=\"font-size: large;\">.<\/span><\/span><\/p>\n<p align=\"CENTER\"><span style=\"color: #ff0000;\"><span style=\"font-size: large;\"><strong>Nota : <\/strong><\/span><\/span><span style=\"color: #000000;\"><span style=\"font-size: large;\">Nous ne traitons que de Faits et de Noms rendus Publics.<\/span><\/span><\/p>\n<p align=\"JUSTIFY\"><span style=\"font-size: large;\"><strong>N.B.:<\/strong><\/span><span style=\"font-size: large;\"> &#8211; <\/span><span style=\"color: #c00000;\"><span style=\"font-family: 'Comic Sans MS', cursive;\"><span style=\"font-size: large;\">Nous Recommandons instamment et syst\u00e9matiquement l\u2019ouverture de la (ou des) pi\u00e8ce(s) jointe(s) \u00e0 l\u2019e-mail, sous format Pdf, <\/span><\/span><\/span><span style=\"color: #c00000;\"><span style=\"font-family: 'Comic Sans MS', cursive;\"><span style=\"font-size: large;\"><span style=\"text-decoration: underline;\">les illustrations y sont incluses<\/span><\/span><\/span><\/span><span style=\"color: #c00000;\"><span style=\"font-family: 'Comic Sans MS', cursive;\"><span style=\"font-size: large;\">.<\/span><\/span><\/span><\/p>\n<p align=\"JUSTIFY\">\n<p align=\"CENTER\"><span style=\"color: #ff0000;\"><span><strong>Ne Peut \u00eatre reproduit &#8211; m\u00eame partiellement &#8211; sans l\u2019autorisation de l\u2019Auteur.<\/strong><\/span><\/span><\/p>\n<p align=\"JUSTIFY\"><span style=\"text-decoration: underline;\"><strong>Liens Sugg\u00e9r\u00e9s\u00a0:<\/strong><\/span><\/p>\n<ul>\n<li>\n<p align=\"JUSTIFY\"><span style=\"color: #0000ff;\"><span style=\"text-decoration: underline;\"><a href=\"http:\/\/www.lescrutateur.com\/\">http:\/\/www.lescrutateur.com\/<\/a><\/span><\/span><\/p>\n<\/li>\n<li>\n<p align=\"JUSTIFY\"><span style=\"color: #0000ff;\"><span style=\"text-decoration: underline;\"><a href=\"http:\/\/www.etatsgenerauxdeloutremer.fr\/reflexions\">http:\/\/www.etatsgenerauxdeloutremer.fr\/reflexions<\/a><\/span><\/span><\/p>\n<\/li>\n<\/ul>\n<p align=\"CENTER\">\n<p align=\"CENTER\"><strong>==================================================================<\/strong><\/p>\n<script type=\"text\/javascript\">\n\nvar addthis_config = {\"data_track_clickback\":false,\"data_track_addressbar\":false,\"data_track_textcopy\":false};\n<\/script><script type=\"text\/javascript\" src=\"\/\/s7.addthis.com\/js\/250\/addthis_widget.js#pubid=a457a6d63fb9e6ccabdde4110343bd85\"><\/script>","protected":false},"excerpt":{"rendered":"<p align=\"CENTER\">\n<p align=\"CENTER\">Que se passe-t-il Maman, est-ce bien vous qui pleurez\u00a0!<\/p>\n<p align=\"JUSTIFY\">\n<p align=\"JUSTIFY\">\n<p align=\"JUSTIFY\"><span style=\"color: #632423;\"><span style=\"font-family: 'Comic Sans MS', cursive;\"><span style=\"font-size: large;\">\u00c9ric EG Nogard<\/span><\/span><\/span><\/p>\n<p align=\"JUSTIFY\"><span style=\"color: #c00000;\"><span style=\"font-size: large;\">Chroniqueur<\/span><\/span><span style=\"color: #c00000;\"><span style=\"font-size: large;\">.<\/span><\/span><\/p>\n<p align=\"CENTER\">\n<p align=\"CENTER\"><span style=\"color: #632423;\"><span style=\"font-size: large;\">*** *** ***<\/span><\/span><\/p>\n<p align=\"CENTER\">\n<p><span style=\"font-size: large;\">Que se passe-t-il Maman, est-ce bien vous qui pleurez\u00a0!<\/span><\/p>\n<p>&nbsp;<\/p>\n<p>&nbsp;<\/p>\n<p>&nbsp;<\/p>\n<p align=\"CENTER\">\n<p align=\"CENTER\">\n<p align=\"CENTER\"><span style=\"font-size: large;\">F1\u00a0: <\/span><span style=\"color: #c00000;\"><span style=\"font-size: large;\">Le Cyclone Mattew\u2026<\/span><\/span><\/p>\n<p align=\"CENTER\">\n<p>&nbsp;&hellip;<\/p>\n","protected":false},"author":1,"featured_media":0,"comment_status":"open","ping_status":"open","sticky":false,"template":"","format":"standard","meta":{"footnotes":""},"categories":[1],"tags":[],"class_list":["post-12796","post","type-post","status-publish","format-standard","hentry","category-accueil"],"_links":{"self":[{"href":"http:\/\/www.lecarrefourdesopinions.ca\/index.php?rest_route=\/wp\/v2\/posts\/12796","targetHints":{"allow":["GET"]}}],"collection":[{"href":"http:\/\/www.lecarrefourdesopinions.ca\/index.php?rest_route=\/wp\/v2\/posts"}],"about":[{"href":"http:\/\/www.lecarrefourdesopinions.ca\/index.php?rest_route=\/wp\/v2\/types\/post"}],"author":[{"embeddable":true,"href":"http:\/\/www.lecarrefourdesopinions.ca\/index.php?rest_route=\/wp\/v2\/users\/1"}],"replies":[{"embeddable":true,"href":"http:\/\/www.lecarrefourdesopinions.ca\/index.php?rest_route=%2Fwp%2Fv2%2Fcomments&post=12796"}],"version-history":[{"count":1,"href":"http:\/\/www.lecarrefourdesopinions.ca\/index.php?rest_route=\/wp\/v2\/posts\/12796\/revisions"}],"predecessor-version":[{"id":12815,"href":"http:\/\/www.lecarrefourdesopinions.ca\/index.php?rest_route=\/wp\/v2\/posts\/12796\/revisions\/12815"}],"wp:attachment":[{"href":"http:\/\/www.lecarrefourdesopinions.ca\/index.php?rest_route=%2Fwp%2Fv2%2Fmedia&parent=12796"}],"wp:term":[{"taxonomy":"category","embeddable":true,"href":"http:\/\/www.lecarrefourdesopinions.ca\/index.php?rest_route=%2Fwp%2Fv2%2Fcategories&post=12796"},{"taxonomy":"post_tag","embeddable":true,"href":"http:\/\/www.lecarrefourdesopinions.ca\/index.php?rest_route=%2Fwp%2Fv2%2Ftags&post=12796"}],"curies":[{"name":"wp","href":"https:\/\/api.w.org\/{rel}","templated":true}]}}