{"id":12744,"date":"2016-10-04T13:26:48","date_gmt":"2016-10-04T17:26:48","guid":{"rendered":"http:\/\/www.lecarrefourdesopinions.ca\/?p=12744"},"modified":"2016-10-04T13:26:48","modified_gmt":"2016-10-04T17:26:48","slug":"a-qui-devrait-echoir-lindependance-requise","status":"publish","type":"post","link":"http:\/\/www.lecarrefourdesopinions.ca\/?p=12744","title":{"rendered":"A qui devrait \u00e9choir, l\u2019Ind\u00e9pendance Requise."},"content":{"rendered":"<p align=\"CENTER\">\n<p style=\"text-align: center;\"><em style=\"font-size: large; font-family: 'Comic Sans MS', cursive; color: #632423;\"><strong>A qui devrait \u00e9choir, l\u2019Ind\u00e9pendance Requise.<\/strong><\/em><\/p>\n<p align=\"JUSTIFY\">\n<p align=\"JUSTIFY\"><img loading=\"lazy\" decoding=\"async\" class=\"alignnone size-full wp-image-12457\" title=\"Eric\" src=\"http:\/\/www.lecarrefourdesopinions.ca\/wp-content\/uploads\/2016\/07\/Eric.jpg\" alt=\"\" width=\"134\" height=\"107\" \/><\/p>\n<p align=\"JUSTIFY\"><span style=\"color: #632423;\"><span style=\"font-family: 'Comic Sans MS', cursive;\"><span style=\"font-size: large;\">\u00c9ric EG Nogard<\/span><\/span><\/span><\/p>\n<p align=\"JUSTIFY\"><span style=\"color: #c00000;\"><span style=\"font-size: large;\"><em>Chroniqueur<\/em><\/span><\/span><span style=\"color: #c00000;\"><span style=\"font-size: large;\">.<\/span><\/span><\/p>\n<p align=\"CENTER\">\n<p align=\"CENTER\"><span style=\"color: #632423;\"><span style=\"font-size: large;\">*** *** ***<\/span><\/span><\/p>\n<p align=\"JUSTIFY\"><span style=\"font-size: large;\"><em><strong>A qui devrait \u00e9choir, l\u2019Ind\u00e9pendance Requise.<\/strong><\/em><\/span><\/p>\n<p align=\"JUSTIFY\">\n<p align=\"JUSTIFY\">\n<p align=\"JUSTIFY\"><span style=\"font-family: 'Comic Sans MS', cursive;\"><span style=\"font-size: large;\">A qui apprendrions-nous la Revendication d\u2019Ind\u00e9pendance dont fait l\u2019Objet la Martinique, cette Ex-Province Fran\u00e7aise d\u2019Am\u00e9rique, en mer des Cara\u00efbes, que nous prenons pour r\u00e9duite \u00e0 l\u2019\u00e9tat de Ca\u00efdat.<\/span><\/span><\/p>\n<p align=\"JUSTIFY\">\n<p align=\"JUSTIFY\">\n<p align=\"CENTER\">\n<p style=\"text-align: center;\" align=\"JUSTIFY\">\u00a0<img loading=\"lazy\" decoding=\"async\" class=\"alignnone size-medium wp-image-12745\" title=\"1   La Martinique serait elle autre part que dans l Espace amerindien  bref  serait elle autre chose qu une Terre Americaine\" src=\"http:\/\/www.lecarrefourdesopinions.ca\/wp-content\/uploads\/2016\/10\/1-La-Martinique-serait-elle-autre-part-que-dans-l-Espace-amerindien-bref-serait-elle-autre-chose-qu-une-Terre-Americaine-300x178.jpg\" alt=\"\" width=\"300\" height=\"178\" srcset=\"http:\/\/www.lecarrefourdesopinions.ca\/wp-content\/uploads\/2016\/10\/1-La-Martinique-serait-elle-autre-part-que-dans-l-Espace-amerindien-bref-serait-elle-autre-chose-qu-une-Terre-Americaine-300x178.jpg 300w, http:\/\/www.lecarrefourdesopinions.ca\/wp-content\/uploads\/2016\/10\/1-La-Martinique-serait-elle-autre-part-que-dans-l-Espace-amerindien-bref-serait-elle-autre-chose-qu-une-Terre-Americaine-400x238.jpg 400w, http:\/\/www.lecarrefourdesopinions.ca\/wp-content\/uploads\/2016\/10\/1-La-Martinique-serait-elle-autre-part-que-dans-l-Espace-amerindien-bref-serait-elle-autre-chose-qu-une-Terre-Americaine.jpg 986w\" sizes=\"auto, (max-width: 300px) 100vw, 300px\" \/><\/p>\n<p align=\"JUSTIFY\"><span style=\"font-size: large;\"><strong>F1\u00a0: <\/strong><\/span><span style=\"color: #c00000;\"><span style=\"font-size: large;\"><em><strong>La Martinique serait-elle autre part que dans l\u2019Espace am\u00e9rindien, bref, serait-elle autre chose qu\u2019une Terre Am\u00e9ricaine.<\/strong><\/em><\/span><\/span><\/p>\n<p align=\"JUSTIFY\">\n<p align=\"JUSTIFY\">\n<p align=\"JUSTIFY\"><span style=\"font-family: 'Comic Sans MS', cursive;\"><span style=\"font-size: large;\">Comme si, prenant la rel\u00e8ve du Parti Progressiste Martiniquais (PPM) Conduit par Aim\u00e9 C\u00c9SAIRE, le Mouvement Ind\u00e9pendantiste Martiniquais (MIM) men\u00e9 par Alfred MARIE-JEANNE, l\u2019un suivant l\u2019autre, l\u2019un et l\u2019autre ayant fait de la Martinique un CA\u00cfDAT plus Terrible encore que Ha\u00efti, cette Premi\u00e8re R\u00e9publique Noire en Eaux Am\u00e9ricaines<\/span><\/span><span style=\"font-size: large;\">.<\/span><\/p>\n<p align=\"JUSTIFY\">\n<p align=\"JUSTIFY\"><span style=\"font-family: 'Comic Sans MS', cursive;\"><span style=\"font-size: large;\">Comme si l\u2019un et l\u2019autre ignoraient l\u2019Implantation de la Martinique dans l\u2019Espace Am\u00e9ricain, l\u2019Espace des Autochtones Am\u00e9rindiens.<\/span><\/span><\/p>\n<p align=\"JUSTIFY\">\n<p align=\"JUSTIFY\">\n<p align=\"JUSTIFY\"><span style=\"font-size: large;\"><strong>La Martinique se trouvant prise en \u00e9tau entre ces deux Partis qui Cultivent la N\u00e9gritude et la Dignit\u00e9 du Martiniquais, comme jamais ils n\u2019ont pu cultiver la Canne \u00e0 Sucre ou la Banane les seules mamelles en propre du Pays.<\/strong><\/span><\/p>\n<p align=\"JUSTIFY\">\n<p align=\"JUSTIFY\"><span style=\"font-size: large;\">A qui donc devrait \u00e9choir l\u2019Ind\u00e9pendance Requise, sauf \u00e0 envisager l\u2019abandon pur et simple par la France de ce Territoire qu\u2019elle tient des Indiens d\u2019Am\u00e9riques, des Am\u00e9rindiens quelle qu\u2019en soit la Tribu, <\/span><span style=\"font-size: large;\"><strong>Arawak ou Cara\u00efbe.<\/strong><\/span><\/p>\n<p align=\"JUSTIFY\">\n<p align=\"JUSTIFY\">\n<p align=\"CENTER\"><img loading=\"lazy\" decoding=\"async\" class=\"alignnone size-large wp-image-12746\" title=\"F2   Qui sont ils  ou sont ils  en Australie peut etre\" src=\"http:\/\/www.lecarrefourdesopinions.ca\/wp-content\/uploads\/2016\/10\/F2-Qui-sont-ils-ou-sont-ils-en-Australie-peut-etre-1024x215.jpg\" alt=\"\" width=\"450\" height=\"94\" srcset=\"http:\/\/www.lecarrefourdesopinions.ca\/wp-content\/uploads\/2016\/10\/F2-Qui-sont-ils-ou-sont-ils-en-Australie-peut-etre-1024x215.jpg 1024w, http:\/\/www.lecarrefourdesopinions.ca\/wp-content\/uploads\/2016\/10\/F2-Qui-sont-ils-ou-sont-ils-en-Australie-peut-etre-300x63.jpg 300w, http:\/\/www.lecarrefourdesopinions.ca\/wp-content\/uploads\/2016\/10\/F2-Qui-sont-ils-ou-sont-ils-en-Australie-peut-etre-400x84.jpg 400w, http:\/\/www.lecarrefourdesopinions.ca\/wp-content\/uploads\/2016\/10\/F2-Qui-sont-ils-ou-sont-ils-en-Australie-peut-etre.jpg 1194w\" sizes=\"auto, (max-width: 450px) 100vw, 450px\" \/><\/p>\n<p align=\"CENTER\">\n<p align=\"CENTER\"><span style=\"font-size: large;\"><strong>F2\u00a0: <\/strong><\/span><span style=\"color: #c00000;\"><span style=\"font-size: large;\"><em><strong>Qui sont-ils, o\u00f9 sont-ils, en Australie peut-\u00eatre\u00a0?..<\/strong><\/em><\/span><\/span><\/p>\n<p align=\"CENTER\">\n<p align=\"CENTER\">\n<p align=\"JUSTIFY\"><span style=\"font-size: large;\">La France, en sa qualit\u00e9 de Ma\u00eetresse des Lieux, y ayant fait venir de la Main d\u2019\u0152uvre \u00c9trang\u00e8re, et d\u2019Afrique, et du Sous-Continent Indien, puis l\u2019ayant Adopt\u00e9e, faisant d\u2019elle ses Enfants L\u00e9gitimes, Scolaris\u00e9s du Premier jusqu\u2019au Dernier, Gratuitement.<\/span><\/p>\n<p align=\"JUSTIFY\">\n<p align=\"JUSTIFY\">\n<p align=\"CENTER\">\u00a0<img loading=\"lazy\" decoding=\"async\" class=\"alignnone size-large wp-image-12747\" title=\"F3   Fran\u00e7ais de Martinique  et leurs fils sortant de l Ecole P\" src=\"http:\/\/www.lecarrefourdesopinions.ca\/wp-content\/uploads\/2016\/10\/F3-Fran\u00e7ais-de-Martinique-et-leurs-fils-sortant-de-l-Ecole-P-1024x327.jpg\" alt=\"\" width=\"450\" height=\"143\" srcset=\"http:\/\/www.lecarrefourdesopinions.ca\/wp-content\/uploads\/2016\/10\/F3-Fran\u00e7ais-de-Martinique-et-leurs-fils-sortant-de-l-Ecole-P-1024x327.jpg 1024w, http:\/\/www.lecarrefourdesopinions.ca\/wp-content\/uploads\/2016\/10\/F3-Fran\u00e7ais-de-Martinique-et-leurs-fils-sortant-de-l-Ecole-P-300x95.jpg 300w, http:\/\/www.lecarrefourdesopinions.ca\/wp-content\/uploads\/2016\/10\/F3-Fran\u00e7ais-de-Martinique-et-leurs-fils-sortant-de-l-Ecole-P-400x127.jpg 400w, http:\/\/www.lecarrefourdesopinions.ca\/wp-content\/uploads\/2016\/10\/F3-Fran\u00e7ais-de-Martinique-et-leurs-fils-sortant-de-l-Ecole-P.jpg 1105w\" sizes=\"auto, (max-width: 450px) 100vw, 450px\" \/><\/p>\n<p align=\"JUSTIFY\">\n<p align=\"JUSTIFY\"><span style=\"font-size: large;\"><strong>F3\u00a0: <\/strong><\/span><span style=\"color: #c00000;\"><span style=\"font-size: large;\"><em><strong>Fran\u00e7ais de Martinique, et leurs fils sortant de l\u2019\u00c9cole Publique, La\u00efque, Obligatoire et&#8230; Gratuite.<\/strong><\/em><\/span><\/span><\/p>\n<p align=\"JUSTIFY\">\n<p align=\"JUSTIFY\">\n<p align=\"JUSTIFY\"><span style=\"font-size: large;\"><strong>L\u2019Ind\u00e9pendance de la Martinique au Profit de la Descendance de cette Main d\u2019\u0152uvre, aurait-elle la L\u00e9gitimit\u00e9 de l\u2019Ind\u00e9pendance Fran\u00e7aise arrach\u00e9e au Nazisme r\u00e9prouv\u00e9e par l\u2019Allemagne elle-m\u00eame, ou de celle de l\u2019Indochine \u00e0 l\u2019encontre de la France.<\/strong><\/span><\/p>\n<p align=\"JUSTIFY\">\n<p align=\"JUSTIFY\"><span style=\"font-size: large;\">Dans l\u2019un et l\u2019autre Cas, le Peuple Autochtone se Lib\u00e9rant de l\u2019Occupation de son Envahisseur.<\/span><\/p>\n<p align=\"JUSTIFY\">\n<p align=\"JUSTIFY\"><span style=\"font-size: large;\">Quelle serait l\u2019analogie entre ces Cas et une Ind\u00e9pendance de la Martinique au profit de la Main-d\u2019\u0153uvre Import\u00e9e d\u2019Afrique ou d\u2019ailleurs.<\/span><\/p>\n<p align=\"JUSTIFY\">\n<p align=\"JUSTIFY\">\n<p align=\"JUSTIFY\"><span style=\"font-size: large;\"><strong>La France ne serait-elle pas Critiquable dans toute la mesure o\u00f9 elle h\u00e9siterait davantage \u00e0 clarifier cette Situation.<\/strong><\/span><\/p>\n<p align=\"JUSTIFY\">\n<p align=\"JUSTIFY\"><span style=\"font-size: large;\">Ind\u00e9pendance pour Ind\u00e9pendance, puisque la France passe pour n\u2019avoir plus <\/span><span style=\"font-family: Arial, sans-serif;\"><span style=\"font-size: large;\"><em>one half penny in her pocket<\/em><\/span><\/span><span style=\"font-size: large;\">, l\u2019Ind\u00e9pendance de la Martinique ne devrait-elle pas valoir Restitution de cette \u00cele \u00e0 son Continent Naturel\u2026 l\u2019Am\u00e9rique, cette <\/span><span style=\"font-family: Arial, sans-serif;\"><span style=\"font-size: large;\"><em>Mother-Land<\/em><\/span><\/span><span style=\"font-size: large;\"> des Peuples Am\u00e9rindiens.<\/span><\/p>\n<p align=\"JUSTIFY\">\n<p align=\"JUSTIFY\"><span style=\"font-size: large;\">Le Principe Juridique voulant que les Biens des Enfants reviennent \u00e0 leurs Parents\u2026 l\u2019Am\u00e9rique n\u2019est-elle pas Fond\u00e9e \u00e0 revendiquer la Martinique.<\/span><\/p>\n<p align=\"JUSTIFY\">\n<p align=\"JUSTIFY\"><span style=\"font-family: Cambria, serif;\"><span style=\"font-size: large;\">Napol\u00e9on BONAPARTE n\u2019a-t-il pas \u00ab\u00a0Restitu\u00e9\u00a0\u00bb la Louisiane \u00e0 qui de Droit, bien que sous les dehors d\u2019une vente \u00e0 l\u2019amiable<\/span><\/span><span style=\"font-size: large;\">.<\/span><\/p>\n<p align=\"JUSTIFY\">\n<p align=\"JUSTIFY\">\n<p align=\"JUSTIFY\"><span style=\"font-family: 'Comic Sans MS', cursive;\"><span style=\"font-size: large;\"><strong>Aux Experts en Droit International d\u2019y r\u00e9pondre en conscience, apr\u00e8s Analyse Objective du Cas.<\/strong><\/span><\/span><\/p>\n<p align=\"JUSTIFY\">\n<p align=\"JUSTIFY\"><span style=\"font-family: 'Comic Sans MS', cursive;\"><span style=\"font-size: large;\">Toute Revendication L\u00e9gitime d\u2019Ind\u00e9pendance de la Martinique ne concernerait-elle l\u2019Am\u00e9rique, l\u2019Afrique et l\u2019Inde comme Demandeurs \u00e0 une France D\u00e9faillante\u2026 ou ne serait-elle pas une Affaire Franco-Am\u00e9ricaine au <\/span><\/span><span style=\"font-family: Arial, sans-serif;\"><span style=\"font-size: large;\"><em>Stricto Sensu<\/em><\/span><\/span><span style=\"font-family: 'Comic Sans MS', cursive;\"><span style=\"font-size: large;\">. <\/span><\/span><\/p>\n<p align=\"JUSTIFY\">\n<p align=\"JUSTIFY\">\n<p align=\"CENTER\"><img loading=\"lazy\" decoding=\"async\" class=\"alignnone size-large wp-image-12748\" title=\"F4       Ou une Affaire Franco Americaine\" src=\"http:\/\/www.lecarrefourdesopinions.ca\/wp-content\/uploads\/2016\/10\/F4-Ou-une-Affaire-Franco-Americaine-1024x188.jpg\" alt=\"\" width=\"450\" height=\"82\" srcset=\"http:\/\/www.lecarrefourdesopinions.ca\/wp-content\/uploads\/2016\/10\/F4-Ou-une-Affaire-Franco-Americaine-1024x188.jpg 1024w, http:\/\/www.lecarrefourdesopinions.ca\/wp-content\/uploads\/2016\/10\/F4-Ou-une-Affaire-Franco-Americaine-300x55.jpg 300w, http:\/\/www.lecarrefourdesopinions.ca\/wp-content\/uploads\/2016\/10\/F4-Ou-une-Affaire-Franco-Americaine-400x73.jpg 400w, http:\/\/www.lecarrefourdesopinions.ca\/wp-content\/uploads\/2016\/10\/F4-Ou-une-Affaire-Franco-Americaine.jpg 1203w\" sizes=\"auto, (max-width: 450px) 100vw, 450px\" \/><\/p>\n<p align=\"JUSTIFY\">\n<p align=\"CENTER\"><span style=\"font-size: large;\"><strong>F4\u00a0: <\/strong><\/span><span style=\"color: #c00000;\"><span style=\"font-size: large;\"><em><strong>\u2026 Ou une Affaire Franco-Am\u00e9ricaine.<\/strong><\/em><\/span><\/span><\/p>\n<p align=\"JUSTIFY\">\n<p align=\"JUSTIFY\">\n<p align=\"JUSTIFY\"><span style=\"font-family: 'Comic Sans MS', cursive;\"><span style=\"font-size: large;\">Et la L\u00e9gitime Propri\u00e9t\u00e9, n\u2019\u00e9cherrait-elle pas \u00e0 l\u2019Am\u00e9rique, n\u2019en d\u00e9plaise \u00e0 l\u2019\u00c9cholalie dont sont frapp\u00e9s les glapisseurs du <\/span><\/span><span style=\"font-family: Arial, sans-serif;\"><span style=\"font-size: large;\"><em>P\u00e9\u00ef Nou Ki ta Nou<\/em><\/span><\/span><span style=\"font-family: 'Comic Sans MS', cursive;\"><span style=\"font-size: large;\">.<\/span><\/span><\/p>\n<p align=\"JUSTIFY\">\n<p align=\"JUSTIFY\">\n<p align=\"JUSTIFY\"><span style=\"font-family: 'Arial Rounded MT Bold', sans-serif;\"><span style=\"font-size: large;\">Au \u00ab\u00a0Cri d\u2019alarme\u00a0\u00bb, notre sentiment est entier\u00a0:<\/span><\/span><\/p>\n<p align=\"JUSTIFY\">\n<p align=\"JUSTIFY\"><span style=\"font-family: 'Arial Rounded MT Bold', sans-serif;\"><span style=\"font-size: large;\">La Martinique doit \u00eatre Am\u00e9ricaine, si la France n\u2019en veut plus. <\/span><\/span><\/p>\n<p align=\"JUSTIFY\">\n<p align=\"JUSTIFY\"><span style=\"font-size: large;\">\u00c9ric EG Nogard<\/span><\/p>\n<p align=\"JUSTIFY\"><span style=\"color: #c00000;\"><span style=\"font-size: large;\"><em>Chroniqueur<\/em><\/span><\/span><span style=\"color: #c00000;\"><span style=\"font-size: large;\">.<\/span><\/span><\/p>\n<p align=\"CENTER\"><span style=\"font-size: large;\"><strong>*** *** ***<\/strong><\/span><\/p>\n<p align=\"CENTER\"><span style=\"color: #ff0000;\"><span style=\"font-size: large;\"><strong>Nota : <\/strong><\/span><\/span><span style=\"color: #000000;\"><span style=\"font-size: large;\">Nous ne traitons que de Faits et de Noms rendus Publics.<\/span><\/span><\/p>\n<p align=\"CENTER\">\n<p align=\"JUSTIFY\"><span style=\"font-size: large;\"><strong>N.B.:<\/strong><\/span><span style=\"font-size: large;\"> &#8211; <\/span><span style=\"color: #c00000;\"><span style=\"font-family: 'Comic Sans MS', cursive;\"><span style=\"font-size: large;\">Nous Recommandons instamment et syst\u00e9matiquement l\u2019ouverture de la (ou des) pi\u00e8ce(s) jointe(s) \u00e0 l\u2019e-mail, sous format Pdf, <\/span><\/span><\/span><span style=\"color: #c00000;\"><span style=\"font-family: 'Comic Sans MS', cursive;\"><span style=\"font-size: large;\"><span style=\"text-decoration: underline;\">les illustrations y sont incluses<\/span><\/span><\/span><\/span><span style=\"color: #c00000;\"><span style=\"font-family: 'Comic Sans MS', cursive;\"><span style=\"font-size: large;\">.<\/span><\/span><\/span><\/p>\n<p align=\"CENTER\"><span style=\"color: #ff0000;\"><span><strong>Ne Peut \u00eatre reproduit &#8211; m\u00eame partiellement &#8211; sans l\u2019autorisation de l\u2019Auteur.<\/strong><\/span><\/span><\/p>\n<p align=\"JUSTIFY\"><span style=\"text-decoration: underline;\"><strong>Liens Sugg\u00e9r\u00e9s\u00a0:<\/strong><\/span><\/p>\n<ul>\n<li>\n<p align=\"JUSTIFY\"><span style=\"color: #0000ff;\"><span style=\"text-decoration: underline;\"><a href=\"http:\/\/www.lescrutateur.com\/\">http:\/\/www.lescrutateur.com\/<\/a><\/span><\/span><\/p>\n<\/li>\n<li>\n<p align=\"JUSTIFY\"><span style=\"color: #0000ff;\"><span style=\"text-decoration: underline;\"><a href=\"http:\/\/www.etatsgenerauxdeloutremer.fr\/reflexions\">http:\/\/www.etatsgenerauxdeloutremer.fr\/reflexions<\/a><\/span><\/span><\/p>\n<\/li>\n<\/ul>\n<p align=\"CENTER\">\n<script type=\"text\/javascript\">\n\nvar addthis_config = {\"data_track_clickback\":false,\"data_track_addressbar\":false,\"data_track_textcopy\":false};\n<\/script><script type=\"text\/javascript\" src=\"\/\/s7.addthis.com\/js\/250\/addthis_widget.js#pubid=a457a6d63fb9e6ccabdde4110343bd85\"><\/script>","protected":false},"excerpt":{"rendered":"<p align=\"CENTER\">\n<p style=\"text-align: center;\">A qui devrait \u00e9choir, l\u2019Ind\u00e9pendance Requise.<\/p>\n<p align=\"JUSTIFY\">\n<p align=\"JUSTIFY\">\n<p align=\"JUSTIFY\"><span style=\"color: #632423;\"><span style=\"font-family: 'Comic Sans MS', cursive;\"><span style=\"font-size: large;\">\u00c9ric EG Nogard<\/span><\/span><\/span><\/p>\n<p align=\"JUSTIFY\"><span style=\"color: #c00000;\"><span style=\"font-size: large;\">Chroniqueur<\/span><\/span><span style=\"color: #c00000;\"><span style=\"font-size: large;\">.<\/span><\/span><\/p>\n<p align=\"CENTER\">\n<p align=\"CENTER\"><span style=\"color: #632423;\"><span style=\"font-size: large;\">*** *** ***<\/span><\/span><\/p>\n<p align=\"JUSTIFY\"><span style=\"font-size: large;\">A qui devrait \u00e9choir, l\u2019Ind\u00e9pendance Requise.<\/span><\/p>\n<p align=\"JUSTIFY\">\n<p align=\"JUSTIFY\">\n<p align=\"JUSTIFY\"><span style=\"font-family: 'Comic Sans MS', cursive;\"><span style=\"font-size: large;\">A qui apprendrions-nous la Revendication d\u2019Ind\u00e9pendance dont fait l\u2019Objet la Martinique, cette Ex-Province Fran\u00e7aise d\u2019Am\u00e9rique, en mer <\/span><\/span>&hellip;<\/p>\n","protected":false},"author":1,"featured_media":0,"comment_status":"open","ping_status":"open","sticky":false,"template":"","format":"standard","meta":{"footnotes":""},"categories":[1],"tags":[],"class_list":["post-12744","post","type-post","status-publish","format-standard","hentry","category-accueil"],"_links":{"self":[{"href":"http:\/\/www.lecarrefourdesopinions.ca\/index.php?rest_route=\/wp\/v2\/posts\/12744","targetHints":{"allow":["GET"]}}],"collection":[{"href":"http:\/\/www.lecarrefourdesopinions.ca\/index.php?rest_route=\/wp\/v2\/posts"}],"about":[{"href":"http:\/\/www.lecarrefourdesopinions.ca\/index.php?rest_route=\/wp\/v2\/types\/post"}],"author":[{"embeddable":true,"href":"http:\/\/www.lecarrefourdesopinions.ca\/index.php?rest_route=\/wp\/v2\/users\/1"}],"replies":[{"embeddable":true,"href":"http:\/\/www.lecarrefourdesopinions.ca\/index.php?rest_route=%2Fwp%2Fv2%2Fcomments&post=12744"}],"version-history":[{"count":1,"href":"http:\/\/www.lecarrefourdesopinions.ca\/index.php?rest_route=\/wp\/v2\/posts\/12744\/revisions"}],"predecessor-version":[{"id":12749,"href":"http:\/\/www.lecarrefourdesopinions.ca\/index.php?rest_route=\/wp\/v2\/posts\/12744\/revisions\/12749"}],"wp:attachment":[{"href":"http:\/\/www.lecarrefourdesopinions.ca\/index.php?rest_route=%2Fwp%2Fv2%2Fmedia&parent=12744"}],"wp:term":[{"taxonomy":"category","embeddable":true,"href":"http:\/\/www.lecarrefourdesopinions.ca\/index.php?rest_route=%2Fwp%2Fv2%2Fcategories&post=12744"},{"taxonomy":"post_tag","embeddable":true,"href":"http:\/\/www.lecarrefourdesopinions.ca\/index.php?rest_route=%2Fwp%2Fv2%2Ftags&post=12744"}],"curies":[{"name":"wp","href":"https:\/\/api.w.org\/{rel}","templated":true}]}}