{"id":12742,"date":"2016-10-04T13:00:46","date_gmt":"2016-10-04T17:00:46","guid":{"rendered":"http:\/\/www.lecarrefourdesopinions.ca\/?p=12742"},"modified":"2016-10-04T13:00:46","modified_gmt":"2016-10-04T17:00:46","slug":"merci-aux-peuples-autochtones","status":"publish","type":"post","link":"http:\/\/www.lecarrefourdesopinions.ca\/?p=12742","title":{"rendered":"Merci aux peuples autochtones"},"content":{"rendered":"<p style=\"text-align: center;\"><span style=\"font-size: medium;\">Merci aux peuples autochtones<\/span><\/p>\n<p>&nbsp;<\/p>\n<p><img loading=\"lazy\" decoding=\"async\" class=\"alignnone size-thumbnail wp-image-12581\" title=\"P8097469\" src=\"http:\/\/www.lecarrefourdesopinions.ca\/wp-content\/uploads\/2016\/08\/P8097469-134x107.jpg\" alt=\"\" width=\"134\" height=\"107\" \/><\/p>\n<p><span style=\"color: #800000;\"><em>par\u00a0Louise Morand<\/em><\/span><\/p>\n<p><span style=\"font-size: medium;\">Ils ont \u00e9t\u00e9 les premiers \u00e0 dresser des barricades pour bloquer l\u2019acc\u00e8s de leurs terres et de leurs rivi\u00e8res aux foreuses et aux pipelines. Ils ont \u00e9t\u00e9 les premiers \u00e0 marcher pour d\u00e9noncer la d\u00e9vastation perp\u00e9tr\u00e9e \u00e0 une \u00e9chelle sans pr\u00e9c\u00e9dent sur leurs territoires autrefois riches de ressources vitales. Merci aux peuples autochtones qui se l\u00e8vent pour faire reculer les p\u00e9troli\u00e8res et gazi\u00e8res. Merci aux Innus de la C\u00f4te-Nord qui luttent contre les forages \u00e0 Anticosti. Merci \u00e0 la nation Elsipogtog qui lutte contre le gaz de schiste au Nouveau-Brunswick. Merci aux Atikameks, Anishinabes, Ha\u00efdas, D\u00e9n\u00e9s, Cris, Sioux, Inuits, M\u00e9tis et toutes les autres Premi\u00e8res Nations du Qu\u00e9bec, du Canada et des \u00c9tats-Unis qui s\u2019unissent contre l\u2019expansion des sables bitumineux. <\/span><\/p>\n<p><span style=\"font-size: medium;\">Le monde est aujourd\u2019hui assi\u00e9g\u00e9 par l\u2019industrie des \u00e9nergies fossiles qui s\u2019approprie l\u2019atmosph\u00e8re, l\u2019eau et les sols sans \u00e9gard pour la survie des g\u00e9n\u00e9rations futures et de la biodiversit\u00e9. L\u2019essor possible vers une nouvelle \u00e9conomie plus viable, plus respectueuse du potentiel de la nature, est entrav\u00e9 par l\u2019avidit\u00e9 sans limite de ceux et celles qui se cachent derri\u00e8re un mod\u00e8le d\u2019affaires. Un jour, lorsque toute la lumi\u00e8re sera faite sur le d\u00e9ni de la g\u00e9n\u00e9ration actuelle envers le saccage des ressources de la plan\u00e8te et la crise climatique, l\u2019action des peuples autochtones resplendira comme une force de vie au milieu de la d\u00e9cadence humaine.<\/span><\/p>\n<p><span style=\"font-size: medium;\">Merci de vous tenir debout et de secouer l\u2019inertie des indiff\u00e9rents, des ignorants et des gouvernements. L\u2019issue de la lutte pour la protection des territoires et la stabilisation du climat est loin d\u2019\u00eatre assur\u00e9e. Tout va plus vite que ce qu\u2019avaient pr\u00e9vu les climatologues. Mais par votre exemple, un espoir est permis. Merci pour votre amour de la Terre qui fait de nous des fr\u00e8res et des s\u0153urs, des fils et des filles de Ga\u00efa. <\/span><\/p>\n<p lang=\"fr-CA\">\n<p lang=\"fr-CA\">\n<script type=\"text\/javascript\">\n\nvar addthis_config = {\"data_track_clickback\":false,\"data_track_addressbar\":false,\"data_track_textcopy\":false};\n<\/script><script type=\"text\/javascript\" src=\"\/\/s7.addthis.com\/js\/250\/addthis_widget.js#pubid=a457a6d63fb9e6ccabdde4110343bd85\"><\/script>","protected":false},"excerpt":{"rendered":"<p style=\"text-align: center;\"><span style=\"font-size: medium;\">Merci aux peuples autochtones<\/span><\/p>\n<p>&nbsp;<\/p>\n<\/p>\n<p><span style=\"color: #800000;\">par\u00a0Louise Morand<\/span><\/p>\n<p><span style=\"font-size: medium;\">Ils ont \u00e9t\u00e9 les premiers \u00e0 dresser des barricades pour bloquer l\u2019acc\u00e8s de leurs terres et de leurs rivi\u00e8res aux foreuses et aux pipelines. Ils ont \u00e9t\u00e9 les premiers <\/span>&hellip;<\/p>\n","protected":false},"author":1,"featured_media":0,"comment_status":"open","ping_status":"open","sticky":false,"template":"","format":"standard","meta":{"footnotes":""},"categories":[1],"tags":[],"class_list":["post-12742","post","type-post","status-publish","format-standard","hentry","category-accueil"],"_links":{"self":[{"href":"http:\/\/www.lecarrefourdesopinions.ca\/index.php?rest_route=\/wp\/v2\/posts\/12742","targetHints":{"allow":["GET"]}}],"collection":[{"href":"http:\/\/www.lecarrefourdesopinions.ca\/index.php?rest_route=\/wp\/v2\/posts"}],"about":[{"href":"http:\/\/www.lecarrefourdesopinions.ca\/index.php?rest_route=\/wp\/v2\/types\/post"}],"author":[{"embeddable":true,"href":"http:\/\/www.lecarrefourdesopinions.ca\/index.php?rest_route=\/wp\/v2\/users\/1"}],"replies":[{"embeddable":true,"href":"http:\/\/www.lecarrefourdesopinions.ca\/index.php?rest_route=%2Fwp%2Fv2%2Fcomments&post=12742"}],"version-history":[{"count":1,"href":"http:\/\/www.lecarrefourdesopinions.ca\/index.php?rest_route=\/wp\/v2\/posts\/12742\/revisions"}],"predecessor-version":[{"id":12743,"href":"http:\/\/www.lecarrefourdesopinions.ca\/index.php?rest_route=\/wp\/v2\/posts\/12742\/revisions\/12743"}],"wp:attachment":[{"href":"http:\/\/www.lecarrefourdesopinions.ca\/index.php?rest_route=%2Fwp%2Fv2%2Fmedia&parent=12742"}],"wp:term":[{"taxonomy":"category","embeddable":true,"href":"http:\/\/www.lecarrefourdesopinions.ca\/index.php?rest_route=%2Fwp%2Fv2%2Fcategories&post=12742"},{"taxonomy":"post_tag","embeddable":true,"href":"http:\/\/www.lecarrefourdesopinions.ca\/index.php?rest_route=%2Fwp%2Fv2%2Ftags&post=12742"}],"curies":[{"name":"wp","href":"https:\/\/api.w.org\/{rel}","templated":true}]}}