{"id":12725,"date":"2016-09-30T11:33:26","date_gmt":"2016-09-30T15:33:26","guid":{"rendered":"http:\/\/www.lecarrefourdesopinions.ca\/?p=12725"},"modified":"2016-09-30T11:33:26","modified_gmt":"2016-09-30T15:33:26","slug":"pepe-alain-elude-la-question-des-mosquees","status":"publish","type":"post","link":"http:\/\/www.lecarrefourdesopinions.ca\/?p=12725","title":{"rendered":"\u00ab P\u00e9p\u00e9 \u00bb Alain \u00e9lude la question des Mosqu\u00e9es."},"content":{"rendered":"<p style=\"text-align: center;\" align=\"JUSTIFY\"><em><strong>\u00ab\u00a0P\u00e9p\u00e9\u00a0\u00bb Alain \u00e9lude la question des Mosqu\u00e9es.<\/strong><\/em><\/p>\n<p align=\"JUSTIFY\"><span style=\"color: #c00000;\"><span style=\"font-family: 'Comic Sans MS', cursive;\"><span>\u00ab\u00a0<\/span><\/span><\/span><span style=\"color: #c00000;\"><span style=\"font-family: Cambria, serif;\"><span><strong>Notre M\u00e9tier n\u2019est pas de faire plaisir, Non plus de faire tort \u00e0 qui que ce soit, Ni pour quoi que ce soit, Il est de porter la plume dans la plaie<\/strong><\/span><\/span><\/span><span style=\"color: #c00000;\"><span style=\"font-family: Cambria, serif;\"><span>\u00a0\u00bb. (Albert LONDRES).<\/span><\/span><\/span><\/p>\n<p align=\"CENTER\"><span style=\"color: #c00000;\"><em><strong>*** ***<\/strong><\/em><\/span><\/p>\n<p align=\"JUSTIFY\"><span style=\"color: #632423;\"><em><strong>Pardonnez-nous si jamais, tel Aristarque De SAMOS, nous troublons quelque part, jusqu\u2019au \u00ab\u00a0Repos des Dieux\u00a0\u00bb. (\u00c9ric EG Nogard, Chroniqueur).<\/strong><\/em><\/span><\/p>\n<p align=\"CENTER\"><span style=\"color: #c00000;\"><em><strong>=========<\/strong><\/em><\/span><\/p>\n<p align=\"CENTER\">\n<p style=\"text-align: center;\" align=\"JUSTIFY\"><span style=\"color: #632423;\"><span style=\"font-family: 'Comic Sans MS', cursive;\"><span><em><strong>\u00ab\u00a0P\u00e9p\u00e9\u00a0\u00bb Alain \u00e9lude la question des Mosqu\u00e9es.<\/strong><\/em><\/span><\/span><\/span><\/p>\n<p align=\"JUSTIFY\">\n<p align=\"JUSTIFY\"><img loading=\"lazy\" decoding=\"async\" class=\"alignnone size-thumbnail wp-image-11439\" title=\"Eric\" src=\"http:\/\/www.lecarrefourdesopinions.ca\/wp-content\/uploads\/2015\/04\/Eric-134x107.jpg\" alt=\"\" width=\"134\" height=\"107\" \/><\/p>\n<p align=\"JUSTIFY\"><span style=\"color: #632423;\"><span style=\"font-family: 'Comic Sans MS', cursive;\"><span style=\"font-size: large;\">\u00c9ric EG Nogard<\/span><\/span><\/span><\/p>\n<p align=\"JUSTIFY\"><span style=\"color: #c00000;\"><span style=\"font-size: large;\"><em>Chroniqueur<\/em><\/span><\/span><span style=\"color: #c00000;\"><span style=\"font-size: large;\">.<\/span><\/span><\/p>\n<p align=\"CENTER\">\n<p align=\"CENTER\">\n<p align=\"CENTER\"><span style=\"color: #632423;\"><span style=\"font-size: large;\">*** *** ***<\/span><\/span><\/p>\n<p align=\"CENTER\">\n<p align=\"CENTER\">\n<p align=\"CENTER\"><img loading=\"lazy\" decoding=\"async\" class=\"alignnone size-medium wp-image-12726\" title=\"F1   Oh   Putain de putain\" src=\"http:\/\/www.lecarrefourdesopinions.ca\/wp-content\/uploads\/2016\/09\/F1-Oh-Putain-de-putain-300x150.jpg\" alt=\"\" width=\"300\" height=\"150\" srcset=\"http:\/\/www.lecarrefourdesopinions.ca\/wp-content\/uploads\/2016\/09\/F1-Oh-Putain-de-putain-300x150.jpg 300w, http:\/\/www.lecarrefourdesopinions.ca\/wp-content\/uploads\/2016\/09\/F1-Oh-Putain-de-putain-400x200.jpg 400w, http:\/\/www.lecarrefourdesopinions.ca\/wp-content\/uploads\/2016\/09\/F1-Oh-Putain-de-putain.jpg 612w\" sizes=\"auto, (max-width: 300px) 100vw, 300px\" \/><\/p>\n<p align=\"CENTER\"><span style=\"font-size: large;\"><strong>F1\u00a0: <\/strong><\/span><span style=\"color: #c00000;\"><span style=\"font-size: large;\"><em><strong>Oh\u00a0! Putain de putain.<\/strong><\/em><\/span><\/span><\/p>\n<p align=\"JUSTIFY\">\n<p align=\"JUSTIFY\">\n<p align=\"JUSTIFY\"><span style=\"font-family: 'Comic Sans MS', cursive;\"><span><strong>Est-ce par Ignorance, nous affirmons que NON.<\/strong><\/span><\/span><\/p>\n<p align=\"JUSTIFY\">\n<p align=\"JUSTIFY\"><span style=\"font-family: 'Comic Sans MS', cursive;\"><span style=\"font-size: large;\">De son Tablier de Potache allant sagement \u00e0 l\u2019\u00c9cole Primaire \u00e0 sa V\u00e9n\u00e9rable Calvitie de Grand Druide d\u2019Aquitaine, lointain successeur des MONTAIGNE et MONTESQUIEU, ce n\u2019est pas peu dire, sans parler de l\u2019aimable CHABAN-DELMAS dont la voix pourrait faire dire au P\u00e8re SEGUIN \u00ab\u00a0Ma Chevrette est revenue\u00a0\u00bb\u2026<\/span><\/span><\/p>\n<p align=\"JUSTIFY\">\n<p align=\"JUSTIFY\"><span style=\"font-family: 'Comic Sans MS', cursive;\"><span style=\"font-size: large;\">De son Tablier de Potache \u00e0 sa V\u00e9n\u00e9rable Calvitie, toujours Alain \u00ab\u00a0P\u00e9p\u00e9\u00a0\u00bb a crois\u00e9 \u00e0 Bordeaux le regard des Arabes et pu dire avec eux\u2026 Oh\u00a0! Putain de Putain.<\/span><\/span><\/p>\n<p align=\"JUSTIFY\">\n<p align=\"JUSTIFY\">\n<p align=\"JUSTIFY\"><span><strong>Ils se connaissent comme fr\u00e8res et S\u0153urs, les Arabes et \u00ab\u00a0P\u00e9p\u00e9\u00a0\u00bb.<\/strong><\/span><\/p>\n<p align=\"JUSTIFY\">\n<p align=\"JUSTIFY\">\n<p align=\"CENTER\">\n<p align=\"CENTER\"><img loading=\"lazy\" decoding=\"async\" class=\"alignnone size-medium wp-image-12727\" title=\"F2   Ils ont bien leurs   Seucres\" src=\"http:\/\/www.lecarrefourdesopinions.ca\/wp-content\/uploads\/2016\/09\/F2-Ils-ont-bien-leurs-Seucres--300x114.jpg\" alt=\"\" width=\"300\" height=\"114\" srcset=\"http:\/\/www.lecarrefourdesopinions.ca\/wp-content\/uploads\/2016\/09\/F2-Ils-ont-bien-leurs-Seucres--300x114.jpg 300w, http:\/\/www.lecarrefourdesopinions.ca\/wp-content\/uploads\/2016\/09\/F2-Ils-ont-bien-leurs-Seucres--400x153.jpg 400w, http:\/\/www.lecarrefourdesopinions.ca\/wp-content\/uploads\/2016\/09\/F2-Ils-ont-bien-leurs-Seucres-.jpg 1013w\" sizes=\"auto, (max-width: 300px) 100vw, 300px\" \/><\/p>\n<p align=\"CENTER\"><span style=\"font-size: large;\"><strong>F2\u00a0: <\/strong><\/span><span style=\"color: #c00000;\"><span style=\"font-size: large;\"><em><strong>Ils ont bien leurs \u00ab\u00a0<\/strong><\/em><\/span><\/span><span style=\"color: #c00000;\"><span style=\"font-family: Arial, sans-serif;\"><span style=\"font-size: large;\"><em><strong>Seucr\u00e9s<\/strong><\/em><\/span><\/span><\/span><span style=\"color: #c00000;\"><span style=\"font-size: large;\"><em><strong>\u00a0\u00bb.<\/strong><\/em><\/span><\/span><\/p>\n<p align=\"CENTER\">\n<p align=\"JUSTIFY\">\n<p align=\"JUSTIFY\"><span style=\"font-size: large;\">Que le \u00ab\u00a0P\u00e9p\u00e9\u00a0\u00bb \u00e9lude \u00e0 ce point la question des Mosqu\u00e9es, nous prenons pour douteux que ce soit par ignorance du sujet\u2026 Ils ont bien leurs \u00ab\u00a0<\/span><span style=\"font-family: Arial, sans-serif;\"><span style=\"font-size: large;\"><em>Seucr\u00e9s<\/em><\/span><\/span><span style=\"font-size: large;\">\u00a0\u00bb, pour parler Girondin.<\/span><\/p>\n<p align=\"JUSTIFY\">\n<p align=\"JUSTIFY\">\n<p align=\"JUSTIFY\"><span><strong>Rappelons-nous le Cas COPP\u00c9-FILLON et la D\u00e9robade sur la pointe des pieds du Comp\u00e8re \u00ab\u00a0P\u00e9p\u00e9\u00a0\u00bb retenu comme Arbitre, eu \u00e9gard \u00e0 sa V\u00e9n\u00e9rabilit\u00e9, et filant comme une Lamproie en Estuaire de Gironde, pour ne pas se \u00ab\u00a0mouiller\u00a0\u00bb.<\/strong><\/span><\/p>\n<p align=\"JUSTIFY\">\n<p align=\"JUSTIFY\">\n<p align=\"CENTER\"><img loading=\"lazy\" decoding=\"async\" class=\"alignnone size-full wp-image-12728\" title=\"F3   Lamproie en Estuaire de Gironde\" src=\"http:\/\/www.lecarrefourdesopinions.ca\/wp-content\/uploads\/2016\/09\/F3-Lamproie-en-Estuaire-de-Gironde.jpg\" alt=\"\" width=\"390\" height=\"250\" srcset=\"http:\/\/www.lecarrefourdesopinions.ca\/wp-content\/uploads\/2016\/09\/F3-Lamproie-en-Estuaire-de-Gironde.jpg 390w, http:\/\/www.lecarrefourdesopinions.ca\/wp-content\/uploads\/2016\/09\/F3-Lamproie-en-Estuaire-de-Gironde-300x192.jpg 300w\" sizes=\"auto, (max-width: 390px) 100vw, 390px\" \/><\/p>\n<p align=\"JUSTIFY\">\n<p align=\"CENTER\"><span style=\"font-size: large;\"><strong>F3\u00a0: <\/strong><\/span><span style=\"color: #c00000;\"><span style=\"font-size: large;\"><em><strong>Lamproie en Estuaire de Gironde.<\/strong><\/em><\/span><\/span><\/p>\n<p align=\"JUSTIFY\">\n<p align=\"JUSTIFY\">\n<p align=\"JUSTIFY\"><span style=\"font-size: large;\">\u00c9tait-il dans l\u2019ignorance de leurs Secrets d\u2019alc\u00f4ve\u2026 le saint\u2019homme d\u2019Aquitaine.<\/span><\/p>\n<p align=\"JUSTIFY\">\n<p align=\"JUSTIFY\">\n<p align=\"JUSTIFY\"><span style=\"font-size: x-large;\"><strong>Consid\u00e9rons le Cas LAOUCHEZ en Martinique, dans le Soutien de sa Cause aupr\u00e8s des Martiniquais.<\/strong><\/span><\/p>\n<p align=\"JUSTIFY\">\n<p align=\"JUSTIFY\">\n<p align=\"CENTER\"><img loading=\"lazy\" decoding=\"async\" class=\"alignnone size-large wp-image-12729\" title=\"F4   Ce   Pot de Terre    selon l idee qu on veut s en faire\" src=\"http:\/\/www.lecarrefourdesopinions.ca\/wp-content\/uploads\/2016\/09\/F4-Ce-Pot-de-Terre-selon-l-idee-qu-on-veut-s-en-faire-1024x378.jpg\" alt=\"\" width=\"450\" height=\"166\" srcset=\"http:\/\/www.lecarrefourdesopinions.ca\/wp-content\/uploads\/2016\/09\/F4-Ce-Pot-de-Terre-selon-l-idee-qu-on-veut-s-en-faire-1024x378.jpg 1024w, http:\/\/www.lecarrefourdesopinions.ca\/wp-content\/uploads\/2016\/09\/F4-Ce-Pot-de-Terre-selon-l-idee-qu-on-veut-s-en-faire-300x110.jpg 300w, http:\/\/www.lecarrefourdesopinions.ca\/wp-content\/uploads\/2016\/09\/F4-Ce-Pot-de-Terre-selon-l-idee-qu-on-veut-s-en-faire-400x147.jpg 400w, http:\/\/www.lecarrefourdesopinions.ca\/wp-content\/uploads\/2016\/09\/F4-Ce-Pot-de-Terre-selon-l-idee-qu-on-veut-s-en-faire.jpg 1210w\" sizes=\"auto, (max-width: 450px) 100vw, 450px\" \/><\/p>\n<p align=\"JUSTIFY\">\n<p align=\"CENTER\"><span style=\"font-size: large;\"><strong>F4\u00a0: <\/strong><\/span><span style=\"color: #c00000;\"><span style=\"font-size: large;\"><em><strong>Ce \u00ab\u00a0Pot de Terre\u00a0\u00bb, selon l\u2019id\u00e9e qu\u2019on veut s\u2019en faire.<\/strong><\/em><\/span><\/span><\/p>\n<p align=\"JUSTIFY\">\n<p align=\"JUSTIFY\">\n<p align=\"JUSTIFY\"><span style=\"font-family: Cambria, serif;\"><span style=\"font-size: large;\"><em>\u00c9tait-il dans l\u2019Ignorance de la Valeur Morale de son Ap\u00f4tre au Pays de C\u00c9SAIRE\u2026 ou au Pays dont LAOUCHEZ a tout lieu de se prendre pour le Ma\u00eetre de Fait<\/em><\/span><\/span><span style=\"font-size: large;\">. <\/span><\/p>\n<p align=\"JUSTIFY\">\n<p align=\"JUSTIFY\"><span style=\"font-size: large;\">Un C\u00c9SAIRE r\u00e9duit \u00e0 l\u2019Impuissance, heureux de n\u2019\u00eatre plus qu\u2019un Pr\u00eate-Nom aux Ordres d\u2019un \u00ab\u00a0Pot de Terre\u00a0\u00bb tenant en laisse par ses Sbires, tant la Municipalit\u00e9 de Fort-de-France que tout ce qui a semblant d\u2019Autorit\u00e9 en Martinique\u2026 Communistes, PPM, Ind\u00e9pendantistes, Transfuges qu\u2019ils soient de Droite, qu\u2019ils soient de Gauche, le Compas et l\u2019\u00c9querre, l\u2019Entreprise, quel qu\u2019en soit le Pigment\u2026 nonobstant les Clubs, les Administrations, les M\u00e9dias <\/span><span style=\"font-family: Arial, sans-serif;\"><span style=\"font-size: large;\"><em>etc\u2026 Etc<\/em><\/span><\/span><span style=\"font-size: large;\">.<\/span><\/p>\n<p align=\"JUSTIFY\">\n<p align=\"JUSTIFY\"><span style=\"font-size: large;\">Ce \u00ab\u00a0Pot de Terre\u00a0\u00bb selon l\u2019id\u00e9e qu\u2019on veut s\u2019en faire aujourd\u2019hui, pour mieux \u00e9riger demain ce bonhomme de David, au rang de H\u00e9ros vainqueur de Goliath, voire des Dieux de l\u2019Olympe \u00e0 la Fran\u00e7aise.<\/span><\/p>\n<p align=\"JUSTIFY\">\n<p align=\"JUSTIFY\">\n<p align=\"JUSTIFY\"><span style=\"font-family: Cambria, serif;\"><span style=\"font-size: large;\"><em><strong>Donc MOSQU\u00c9ES, COPP\u00c9, LAOUCHEZ, sans compter tous les \u00c9pineux qui se cachent derri\u00e8re, aussi v\u00e9n\u00e9neux en soi, que venimeux par le Biotope qu\u2019ils rec\u00e8lent.<\/strong><\/em><\/span><\/span><\/p>\n<p align=\"JUSTIFY\">\n<p align=\"JUSTIFY\">\n<p align=\"JUSTIFY\"><span><strong>Et puis, \u00ab\u00a0Payer sa Dette\u00a0\u00bb, c\u2019est tr\u00e8s bien<\/strong><\/span><span style=\"font-size: large;\"><strong>.<\/strong><\/span><\/p>\n<p align=\"JUSTIFY\">\n<p align=\"JUSTIFY\"><span style=\"font-size: large;\">Or, pourquoi en garder le Dossier si l\u2019Affaire est Gomm\u00e9e, n\u2019est-ce pas pour mettre en garde, sans pour autant qu\u2019il soit pr\u00eat\u00e9 la moindre intention de r\u00e9cidive\u2026 Clause de Pr\u00e9caution n\u2019\u00e9tant en rien Crime d\u2019Intention.<\/span><\/p>\n<p align=\"JUSTIFY\">\n<p align=\"JUSTIFY\"><span style=\"font-size: large;\"><em><strong>Un Terroriste sorti de Prison, aurait-il Pay\u00e9 sa Dette.<\/strong><\/em><\/span><\/p>\n<p align=\"JUSTIFY\">\n<p align=\"JUSTIFY\"><span style=\"font-size: large;\"><em><strong>Un Escroc Lib\u00e9r\u00e9 de son Sursis, aurait-il Pay\u00e9 la Sienne.<\/strong><\/em><\/span><\/p>\n<p align=\"JUSTIFY\">\n<p align=\"JUSTIFY\">\n<p align=\"JUSTIFY\"><span style=\"font-family: Cambria, serif;\"><span><em><strong>La Victime, ou d\u2019un Escroc, ou d\u2019un Terroriste, n\u2019aurait-elle rien d\u2019un Harki\u2026 dans un Pays de Droit ou Force reste \u00e0 la Loi.<\/strong><\/em><\/span><\/span><\/p>\n<p align=\"JUSTIFY\">\n<p style=\"text-align: center;\" align=\"JUSTIFY\"><img loading=\"lazy\" decoding=\"async\" class=\"alignnone size-large wp-image-12730\" title=\"ollic_= itude  Monsieur HOLLANDE  Vous viendrait elle du C\u0153ur ou de quelqu autre Consideration\" src=\"http:\/\/www.lecarrefourdesopinions.ca\/wp-content\/uploads\/2016\/09\/ollic_-itude-Monsieur-HOLLANDE-Vous-viendrait-elle-du-C\u0153ur-ou-de-quelqu-autre-Consideration-1024x351.jpg\" alt=\"\" width=\"450\" height=\"154\" srcset=\"http:\/\/www.lecarrefourdesopinions.ca\/wp-content\/uploads\/2016\/09\/ollic_-itude-Monsieur-HOLLANDE-Vous-viendrait-elle-du-C\u0153ur-ou-de-quelqu-autre-Consideration-1024x351.jpg 1024w, http:\/\/www.lecarrefourdesopinions.ca\/wp-content\/uploads\/2016\/09\/ollic_-itude-Monsieur-HOLLANDE-Vous-viendrait-elle-du-C\u0153ur-ou-de-quelqu-autre-Consideration-300x102.jpg 300w, http:\/\/www.lecarrefourdesopinions.ca\/wp-content\/uploads\/2016\/09\/ollic_-itude-Monsieur-HOLLANDE-Vous-viendrait-elle-du-C\u0153ur-ou-de-quelqu-autre-Consideration-400x137.jpg 400w, http:\/\/www.lecarrefourdesopinions.ca\/wp-content\/uploads\/2016\/09\/ollic_-itude-Monsieur-HOLLANDE-Vous-viendrait-elle-du-C\u0153ur-ou-de-quelqu-autre-Consideration.jpg 1245w\" sizes=\"auto, (max-width: 450px) 100vw, 450px\" \/><\/p>\n<p style=\"text-align: center;\" align=\"JUSTIFY\">\n<p align=\"JUSTIFY\">\n<p align=\"CENTER\"><span style=\"font-size: large;\"><strong>F5\u00a0: <\/strong><\/span><span style=\"color: #c00000;\"><span style=\"font-size: large;\"><em><strong>Victimes, ils le sont d\u2019une \u00c9poque et nous compatissons.<\/strong><\/em><\/span><\/span><\/p>\n<p align=\"CENTER\"><span style=\"color: #c00000;\"><span style=\"font-size: large;\"><em><strong>Cependant, une telle sollicitude, Monsieur HOLLANDE, <\/strong><\/em><\/span><\/span><\/p>\n<p align=\"CENTER\"><span style=\"color: #c00000;\"><span style=\"font-size: large;\"><em><strong>Vous viendrait-elle du C\u0153ur ou de quelqu\u2019autre Consid\u00e9ration.<\/strong><\/em><\/span><\/span><\/p>\n<p align=\"CENTER\">\n<p align=\"CENTER\">\n<p align=\"JUSTIFY\"><span style=\"font-family: 'Comic Sans MS', cursive;\"><span><strong>C\u2019est bien les Jolis Mots et encore mieux les Beaux Parleurs, mais \u00e0 ce point, Alain \u00ab\u00a0P\u00e9p\u00e9\u00a0\u00bb.<\/strong><\/span><\/span><\/p>\n<p align=\"JUSTIFY\">\n<p align=\"JUSTIFY\"><span style=\"font-family: 'Comic Sans MS', cursive;\"><span style=\"font-size: large;\">Comment la France pourrait-elle se laisser prendre \u00e0 votre dialectique sans une certaine sensation fort justifi\u00e9e au niveau des Boyaux comme \u00e0 celui du Syst\u00e8me Pileux.<\/span><\/span><\/p>\n<p align=\"JUSTIFY\">\n<p align=\"JUSTIFY\"><span style=\"font-family: 'Comic Sans MS', cursive;\"><span style=\"font-size: large;\">D\u2019ailleurs, des \u00c9coles Fran\u00e7aises, petites ou grandes, ne serait-il pas sorti le moindre Aspirant au Pouvoir qui soit aussi Propre qu\u2019un Sou Neuf de tant d\u2019Empreintes aux Secrets bien gard\u00e9s, qui font taches cependant\u2026 et ce serait pourquoi.<\/span><\/span><\/p>\n<p align=\"JUSTIFY\">\n<p lang=\"en-US\" align=\"CENTER\"><span style=\"font-family: Arial, sans-serif;\"><span style=\"font-size: large;\"><em>Someone who would be a Gentleman, we should say.<\/em><\/span><\/span><\/p>\n<p lang=\"en-US\" align=\"JUSTIFY\">\n<p align=\"JUSTIFY\"><span style=\"font-family: 'Comic Sans MS', cursive;\"><span style=\"font-size: large;\">N\u2019est-ce pas de ce besoin que souffre vraiment la France.<\/span><\/span><\/p>\n<p align=\"JUSTIFY\">\n<p align=\"JUSTIFY\"><span style=\"font-size: large;\">\u00c9ric EG Nogard<\/span><\/p>\n<p align=\"JUSTIFY\"><span style=\"color: #c00000;\"><span style=\"font-size: large;\"><em>Chroniqueur<\/em><\/span><\/span><span style=\"color: #c00000;\"><span style=\"font-size: large;\">.<\/span><\/span><\/p>\n<p align=\"CENTER\"><span style=\"color: #ff0000;\"><span style=\"font-size: large;\"><strong>Nota : <\/strong><\/span><\/span><span style=\"color: #000000;\"><span style=\"font-size: large;\">Nous ne traitons que de Faits et de Noms rendus Publics.<\/span><\/span><\/p>\n<p align=\"CENTER\">\n<p align=\"JUSTIFY\"><span style=\"font-size: large;\"><strong>N.B.:<\/strong><\/span><span style=\"font-size: large;\"> &#8211; <\/span><span style=\"color: #c00000;\"><span style=\"font-family: 'Comic Sans MS', cursive;\"><span style=\"font-size: large;\">Nous Recommandons instamment et syst\u00e9matiquement l\u2019ouverture de la (ou des) pi\u00e8ce(s) jointe(s) \u00e0 l\u2019e-mail, sous format Pdf, <\/span><\/span><\/span><span style=\"color: #c00000;\"><span style=\"font-family: 'Comic Sans MS', cursive;\"><span style=\"font-size: large;\"><span style=\"text-decoration: underline;\">les illustrations y sont incluses<\/span><\/span><\/span><\/span><span style=\"color: #c00000;\"><span style=\"font-family: 'Comic Sans MS', cursive;\"><span style=\"font-size: large;\">.<\/span><\/span><\/span><\/p>\n<p align=\"CENTER\"><span style=\"color: #ff0000;\"><span><strong>Ne Peut \u00eatre reproduit &#8211; m\u00eame partiellement &#8211; sans l\u2019autorisation de l\u2019Auteur.<\/strong><\/span><\/span><\/p>\n<p align=\"JUSTIFY\"><span style=\"text-decoration: underline;\"><strong>Liens Sugg\u00e9r\u00e9s\u00a0:<\/strong><\/span><\/p>\n<ul>\n<li>\n<p align=\"JUSTIFY\"><span style=\"color: #0000ff;\"><span style=\"text-decoration: underline;\"><a href=\"http:\/\/www.lescrutateur.com\/\">http:\/\/www.lescrutateur.com\/<\/a><\/span><\/span><\/p>\n<\/li>\n<li>\n<p align=\"JUSTIFY\"><span style=\"color: #0000ff;\"><span style=\"text-decoration: underline;\"><a href=\"http:\/\/www.etatsgenerauxdeloutremer.fr\/reflexions\">http:\/\/www.etatsgenerauxdeloutremer.fr\/reflexions<\/a><\/span><\/span><\/p>\n<\/li>\n<\/ul>\n<p align=\"CENTER\">\n<p align=\"CENTER\"><strong>==================================================================<\/strong><\/p>\n<script type=\"text\/javascript\">\n\nvar addthis_config = {\"data_track_clickback\":false,\"data_track_addressbar\":false,\"data_track_textcopy\":false};\n<\/script><script type=\"text\/javascript\" src=\"\/\/s7.addthis.com\/js\/250\/addthis_widget.js#pubid=a457a6d63fb9e6ccabdde4110343bd85\"><\/script>","protected":false},"excerpt":{"rendered":"<p style=\"text-align: center;\" align=\"JUSTIFY\">\u00ab\u00a0P\u00e9p\u00e9\u00a0\u00bb Alain \u00e9lude la question des Mosqu\u00e9es.<\/p>\n<p align=\"JUSTIFY\"><span style=\"color: #c00000;\"><span style=\"font-family: 'Comic Sans MS', cursive;\"><span>\u00ab\u00a0<\/span><\/span><\/span><span style=\"color: #c00000;\"><span style=\"font-family: Cambria, serif;\"><span>Notre M\u00e9tier n\u2019est pas de faire plaisir, Non plus de faire tort \u00e0 qui que ce soit, Ni pour quoi que ce soit, Il est de porter <\/span><\/span><\/span>&hellip;<\/p>\n","protected":false},"author":1,"featured_media":0,"comment_status":"open","ping_status":"open","sticky":false,"template":"","format":"standard","meta":{"footnotes":""},"categories":[1],"tags":[],"class_list":["post-12725","post","type-post","status-publish","format-standard","hentry","category-accueil"],"_links":{"self":[{"href":"http:\/\/www.lecarrefourdesopinions.ca\/index.php?rest_route=\/wp\/v2\/posts\/12725","targetHints":{"allow":["GET"]}}],"collection":[{"href":"http:\/\/www.lecarrefourdesopinions.ca\/index.php?rest_route=\/wp\/v2\/posts"}],"about":[{"href":"http:\/\/www.lecarrefourdesopinions.ca\/index.php?rest_route=\/wp\/v2\/types\/post"}],"author":[{"embeddable":true,"href":"http:\/\/www.lecarrefourdesopinions.ca\/index.php?rest_route=\/wp\/v2\/users\/1"}],"replies":[{"embeddable":true,"href":"http:\/\/www.lecarrefourdesopinions.ca\/index.php?rest_route=%2Fwp%2Fv2%2Fcomments&post=12725"}],"version-history":[{"count":1,"href":"http:\/\/www.lecarrefourdesopinions.ca\/index.php?rest_route=\/wp\/v2\/posts\/12725\/revisions"}],"predecessor-version":[{"id":12731,"href":"http:\/\/www.lecarrefourdesopinions.ca\/index.php?rest_route=\/wp\/v2\/posts\/12725\/revisions\/12731"}],"wp:attachment":[{"href":"http:\/\/www.lecarrefourdesopinions.ca\/index.php?rest_route=%2Fwp%2Fv2%2Fmedia&parent=12725"}],"wp:term":[{"taxonomy":"category","embeddable":true,"href":"http:\/\/www.lecarrefourdesopinions.ca\/index.php?rest_route=%2Fwp%2Fv2%2Fcategories&post=12725"},{"taxonomy":"post_tag","embeddable":true,"href":"http:\/\/www.lecarrefourdesopinions.ca\/index.php?rest_route=%2Fwp%2Fv2%2Ftags&post=12725"}],"curies":[{"name":"wp","href":"https:\/\/api.w.org\/{rel}","templated":true}]}}