{"id":12683,"date":"2016-09-21T12:11:20","date_gmt":"2016-09-21T16:11:20","guid":{"rendered":"http:\/\/www.lecarrefourdesopinions.ca\/?p=12683"},"modified":"2016-09-21T12:11:20","modified_gmt":"2016-09-21T16:11:20","slug":"nos-ancetres-les-gaulois-apres-tout-pourquoi-pas","status":"publish","type":"post","link":"http:\/\/www.lecarrefourdesopinions.ca\/?p=12683","title":{"rendered":"Nos Anc\u00eatres les Gaulois, apr\u00e8s tout pourquoi pas."},"content":{"rendered":"<p align=\"CENTER\">\n<p align=\"CENTER\"><span style=\"color: #000099;\"><span style=\"font-family: Arial, sans-serif;\"><span><em><strong>Nos Anc\u00eatres les Gaulois, apr\u00e8s tout pourquoi pas.<\/strong><\/em><\/span><\/span><\/span><\/p>\n<p align=\"CENTER\">\n<p align=\"JUSTIFY\"><span style=\"color: #632423;\"><span style=\"font-family: 'Comic Sans MS', cursive;\"><span style=\"font-size: large;\"><em><strong>\u00ab\u00a0Et s\u2019il est Juste,<\/strong><\/em><\/span><\/span><\/span><em style=\"font-size: large; font-family: 'Comic Sans MS', cursive; color: #632423;\"><strong>Ce Mot que lance aujourd\u2019hui le \u00ab\u00a0Cri d\u2019Alarme\u00a0\u00bb,<\/strong><\/em><\/p>\n<p align=\"JUSTIFY\"><span style=\"color: #632423;\"><span style=\"font-family: 'Comic Sans MS', cursive;\"><span style=\"font-size: large;\"><em><strong>N\u2019\u00e9tait-ce pas \u00e0 nos Gouvernants de le Tenir,<\/strong><\/em><\/span><\/span><\/span><em style=\"font-size: large; font-family: 'Comic Sans MS', cursive; color: #632423;\"><strong>N\u2019est-ce pas \u00e0 nos \u00c9coles de l\u2019Enseigner,<\/strong><\/em><em style=\"font-size: large; font-family: 'Comic Sans MS', cursive; color: #632423;\"><strong>N\u2019est-ce pas aux Adopt\u00e9s par la France de le Garder \u00e0 l\u2019Esprit\u00a0\u00bb.<\/strong><\/em><\/p>\n<p align=\"JUSTIFY\">\u00a0<img loading=\"lazy\" decoding=\"async\" class=\"alignnone size-thumbnail wp-image-11439\" title=\"Eric\" src=\"http:\/\/www.lecarrefourdesopinions.ca\/wp-content\/uploads\/2015\/04\/Eric-134x107.jpg\" alt=\"\" width=\"134\" height=\"107\" \/><\/p>\n<p align=\"JUSTIFY\"><span style=\"color: #632423;\"><span style=\"font-family: 'Comic Sans MS', cursive;\"><span style=\"font-size: large;\">\u00c9ric EG Nogard<\/span><\/span><\/span><\/p>\n<p align=\"JUSTIFY\"><span style=\"color: #c00000;\"><span style=\"font-size: large;\"><em>Chroniqueur<\/em><\/span><\/span><span style=\"color: #c00000;\"><span style=\"font-size: large;\">.<\/span><\/span><\/p>\n<p align=\"CENTER\">\n<p align=\"CENTER\"><span style=\"color: #632423;\"><span style=\"font-size: large;\">*** *** ***<\/span><\/span><\/p>\n<p align=\"JUSTIFY\"><span style=\"font-family: 'Comic Sans MS', cursive;\"><span style=\"font-size: large;\">Si ce n\u2019\u00e9taient les Gaulois, qui seraient les Anc\u00eatres des Fran\u00e7ais, qui seraient les aborig\u00e8nes de leur Pays la France.<\/span><\/span><\/p>\n<p align=\"JUSTIFY\">\n<p align=\"JUSTIFY\"><span style=\"font-family: 'Comic Sans MS', cursive;\"><span style=\"font-size: large;\">Les Aborig\u00e8nes, les Premiers habitants d\u2019 un Pays, qui en sont Originaires et qui y Vivent.<\/span><\/span><\/p>\n<p align=\"JUSTIFY\">\n<p align=\"JUSTIFY\">\n<p align=\"CENTER\">\n<p align=\"CENTER\"><img loading=\"lazy\" decoding=\"async\" class=\"alignnone size-medium wp-image-12684\" title=\"F1   La Source    les Anc\u00eatres    l Origine\" src=\"http:\/\/www.lecarrefourdesopinions.ca\/wp-content\/uploads\/2016\/09\/F1-La-Source-les-Anc\u00eatres-l-Origine-300x224.jpg\" alt=\"\" width=\"300\" height=\"224\" srcset=\"http:\/\/www.lecarrefourdesopinions.ca\/wp-content\/uploads\/2016\/09\/F1-La-Source-les-Anc\u00eatres-l-Origine-300x224.jpg 300w, http:\/\/www.lecarrefourdesopinions.ca\/wp-content\/uploads\/2016\/09\/F1-La-Source-les-Anc\u00eatres-l-Origine-400x299.jpg 400w, http:\/\/www.lecarrefourdesopinions.ca\/wp-content\/uploads\/2016\/09\/F1-La-Source-les-Anc\u00eatres-l-Origine.jpg 800w\" sizes=\"auto, (max-width: 300px) 100vw, 300px\" \/><\/p>\n<p align=\"CENTER\"><span style=\"font-size: large;\"><strong>F1\u00a0: <\/strong><\/span><span style=\"color: #c00000;\"><span style=\"font-size: large;\"><em><strong>La Source\u2026 les Anc\u00eatres\u2026 l\u2019Origine.<\/strong><\/em><\/span><\/span><\/p>\n<p align=\"JUSTIFY\">\n<p align=\"JUSTIFY\">\n<p align=\"JUSTIFY\"><span style=\"font-size: large;\"><strong>Qui d\u2019autres que les Gaulois peuvent avoir cette pr\u00e9tention en Terre de France.<\/strong><\/span><\/p>\n<p align=\"JUSTIFY\">\n<p align=\"JUSTIFY\"><span style=\"font-size: large;\">Est-ce les Burgondes, est-ce les Francs, ou les Vikings, ou les Romains, voire ceux qui y sont venus bien apr\u00e8s et s\u2019y sont install\u00e9s pour y avoir \u00e9t\u00e9 Adopt\u00e9s, Naturalis\u00e9s.<\/span><\/p>\n<p align=\"JUSTIFY\">\n<p align=\"JUSTIFY\">\n<p align=\"CENTER\">\n<p align=\"CENTER\"><img loading=\"lazy\" decoding=\"async\" class=\"alignnone size-large wp-image-12685\" title=\"F2   La Souche    les Fran\u00e7ais\" src=\"http:\/\/www.lecarrefourdesopinions.ca\/wp-content\/uploads\/2016\/09\/F2-La-Souche-les-Fran\u00e7ais-1024x300.jpg\" alt=\"\" width=\"450\" height=\"131\" srcset=\"http:\/\/www.lecarrefourdesopinions.ca\/wp-content\/uploads\/2016\/09\/F2-La-Souche-les-Fran\u00e7ais-1024x300.jpg 1024w, http:\/\/www.lecarrefourdesopinions.ca\/wp-content\/uploads\/2016\/09\/F2-La-Souche-les-Fran\u00e7ais-300x88.jpg 300w, http:\/\/www.lecarrefourdesopinions.ca\/wp-content\/uploads\/2016\/09\/F2-La-Souche-les-Fran\u00e7ais-400x117.jpg 400w, http:\/\/www.lecarrefourdesopinions.ca\/wp-content\/uploads\/2016\/09\/F2-La-Souche-les-Fran\u00e7ais.jpg 1179w\" sizes=\"auto, (max-width: 450px) 100vw, 450px\" \/><\/p>\n<p align=\"CENTER\"><span style=\"font-size: large;\"><strong>F2\u00a0: <\/strong><\/span><span style=\"color: #c00000;\"><span style=\"font-size: large;\"><em><strong>La Souche\u2026 les Fran\u00e7ais.<\/strong><\/em><\/span><\/span><\/p>\n<p align=\"JUSTIFY\">\n<p align=\"JUSTIFY\">\n<p align=\"JUSTIFY\"><span style=\"font-size: large;\"><strong>Or, se faire adopter de son Libre Consentement ou de son Consentement Confirm\u00e9 \u00e0 sa Majorit\u00e9, n\u2019est-ce pas un acte de Filiation par lequel on devient L\u00e9gitimement de la Famille et des Anc\u00eatres, de ses Parents Adoptifs comme de son Pays d\u2019Adoption.<\/strong><\/span><\/p>\n<p align=\"JUSTIFY\">\n<p align=\"JUSTIFY\"><span style=\"font-size: large;\">Sollicite-t-on et Garde-t-on le B\u00e9n\u00e9fice de la Nationalit\u00e9 Fran\u00e7aise pour les Seuls Bienfaits de la France et pour le Reniement de son Histoire, la N\u00e9gation de sa Culture, voire la Recherche de leur Destruction, pour s\u2019Imposer en fin de compte \u00e0 ses Parents Adoptifs.<\/span><\/p>\n<p align=\"JUSTIFY\">\n<p align=\"JUSTIFY\">\n<p align=\"JUSTIFY\"><span style=\"font-size: large;\"><span style=\"text-decoration: underline;\"><strong>Bref.<\/strong><\/span><\/span><\/p>\n<p align=\"JUSTIFY\">\n<p align=\"JUSTIFY\"><span style=\"font-size: large;\"><em><strong>Les Gaulois sont bien nos Anc\u00eatres\u00a0:<\/strong><\/em><\/span><\/p>\n<p align=\"JUSTIFY\">\n<p align=\"JUSTIFY\"><span style=\"font-family: Cambria, serif;\"><span style=\"font-size: large;\"><em>Que nous soyions de Souche ou d\u2019Adoption.<\/em><\/span><\/span><\/p>\n<p align=\"JUSTIFY\">\n<p align=\"JUSTIFY\">\n<p align=\"CENTER\">\n<p align=\"CENTER\"><img loading=\"lazy\" decoding=\"async\" class=\"alignnone size-full wp-image-12686\" title=\"F3   L\u2019Adoption    par Naturalisation\" src=\"http:\/\/www.lecarrefourdesopinions.ca\/wp-content\/uploads\/2016\/09\/F3-L\u2019Adoption-par-Naturalisation.jpg\" alt=\"\" width=\"259\" height=\"194\" \/><\/p>\n<p align=\"CENTER\"><span style=\"font-size: large;\"><strong>F3\u00a0: <\/strong><\/span><span style=\"color: #c00000;\"><span style=\"font-size: large;\"><em><strong>L\u2019Adoption\u2026 par Naturalisation.<\/strong><\/em><\/span><\/span><\/p>\n<p align=\"JUSTIFY\">\n<p align=\"JUSTIFY\">\n<p align=\"JUSTIFY\"><span style=\"font-family: Cambria, serif;\"><span style=\"font-size: large;\"><em>Que nous soyions Blancs, Jaunes, Noirs, rouges ou de Peau de Couleur Basan\u00e9e ou Tabac Blond ou Noir<\/em><\/span><\/span><span style=\"font-size: large;\">.<\/span><\/p>\n<p align=\"JUSTIFY\">\n<p align=\"JUSTIFY\">\n<p align=\"JUSTIFY\"><span style=\"font-size: large;\"><em><strong>Sinon.<\/strong><\/em><\/span><\/p>\n<p align=\"JUSTIFY\">\n<p align=\"JUSTIFY\"><span style=\"font-family: Arial, sans-serif;\"><span style=\"font-size: large;\">A quoi s\u2019engagerait-on en introduisant sa Demande de Naturalisation Fran\u00e7aise<\/span><\/span><span style=\"font-size: large;\">.<\/span><\/p>\n<p align=\"JUSTIFY\">\n<p align=\"JUSTIFY\">\n<p align=\"JUSTIFY\">\n<p align=\"CENTER\">\n<p align=\"CENTER\">\u00a0<img loading=\"lazy\" decoding=\"async\" class=\"alignnone size-large wp-image-12687\" title=\"F4   L Ancetre    et les Fils Adoptifs\" src=\"http:\/\/www.lecarrefourdesopinions.ca\/wp-content\/uploads\/2016\/09\/F4-L-Ancetre-et-les-Fils-Adoptifs-1024x454.jpg\" alt=\"\" width=\"450\" height=\"199\" srcset=\"http:\/\/www.lecarrefourdesopinions.ca\/wp-content\/uploads\/2016\/09\/F4-L-Ancetre-et-les-Fils-Adoptifs-1024x454.jpg 1024w, http:\/\/www.lecarrefourdesopinions.ca\/wp-content\/uploads\/2016\/09\/F4-L-Ancetre-et-les-Fils-Adoptifs-300x133.jpg 300w, http:\/\/www.lecarrefourdesopinions.ca\/wp-content\/uploads\/2016\/09\/F4-L-Ancetre-et-les-Fils-Adoptifs-400x177.jpg 400w, http:\/\/www.lecarrefourdesopinions.ca\/wp-content\/uploads\/2016\/09\/F4-L-Ancetre-et-les-Fils-Adoptifs.jpg 1062w\" sizes=\"auto, (max-width: 450px) 100vw, 450px\" \/><\/p>\n<p align=\"CENTER\"><span style=\"font-size: large;\"><strong>F4\u00a0: <\/strong><\/span><span style=\"color: #c00000;\"><span style=\"font-size: large;\"><em><strong>L\u2019Anc\u00eatre\u2026 et les Fils Adoptifs.<\/strong><\/em><\/span><\/span><\/p>\n<p align=\"JUSTIFY\">\n<p align=\"JUSTIFY\">\n<p align=\"JUSTIFY\">\n<p align=\"JUSTIFY\"><span><em><strong>En Cons\u00e9quence, n\u2019est-ce pas se Parjurer, se rendre Coupable de F\u00e9lonie, que de Renier ses Anc\u00eatres Adoptifs et la Culture de son Pays d\u2019Accueil<\/strong><\/em><\/span><span>.<\/span><\/p>\n<p align=\"JUSTIFY\">\n<p align=\"JUSTIFY\">\n<p align=\"CENTER\">\n<p align=\"CENTER\"><img loading=\"lazy\" decoding=\"async\" class=\"alignnone size-full wp-image-12688\" title=\"est ce pas etre un Renegat que de s opposer a l Integration comme a l Assimilation a son Pays d Adoption    Un Renegat    un\" src=\"http:\/\/www.lecarrefourdesopinions.ca\/wp-content\/uploads\/2016\/09\/est-ce-pas-etre-un-Renegat-que-de-s-opposer-a-l-Integration-comme-a-l-Assimilation-a-son-Pays-d-Adoption-Un-Renegat-un.jpg\" alt=\"\" width=\"300\" height=\"168\" \/><\/p>\n<p align=\"JUSTIFY\"><span style=\"font-size: large;\"><strong>F5\u00a0: <\/strong><\/span><span style=\"color: #c00000;\"><span style=\"font-size: large;\"><em><strong>N\u2019est-ce pas \u00eatre un Ren\u00e9gat que de s\u2019opposer \u00e0 l\u2019Int\u00e9gration comme \u00e0 l\u2019Assimilation \u00e0 son Pays d\u2019Adoption. <\/strong><\/em><\/span><\/span><span style=\"color: #632423;\"><span style=\"font-size: large;\"><em><strong>Un Ren\u00e9gat\u2026 un F\u00e9lon<\/strong><\/em><\/span><\/span><span style=\"color: #c00000;\"><span style=\"font-size: large;\"><em><strong>.<\/strong><\/em><\/span><\/span><\/p>\n<p align=\"JUSTIFY\">\n<p align=\"JUSTIFY\">\n<p align=\"JUSTIFY\"><span style=\"font-family: 'Comic Sans MS', cursive;\"><span style=\"font-size: large;\">D\u00e8s-lors, nous prenons Monsieur Nicolas SARKOZY pour Parfaitement Fond\u00e9 \u00e0 pr\u00e9tendre qu\u2019on Descend des Gaulois, d\u00e8s-lors qu\u2019on est Fran\u00e7ais, qu\u2019on le soit de Souche, qu\u2019on le soit d\u2019Adoption.<\/span><\/span><\/p>\n<p align=\"JUSTIFY\">\n<p align=\"JUSTIFY\"><span style=\"font-family: 'Comic Sans MS', cursive;\"><span style=\"font-size: large;\">A trop vouloir persifler, ne risque-t-on pas de gratter le vernis de son inculture ou de ses sentiments inavou\u00e9s voire douteux.<\/span><\/span><\/p>\n<p align=\"JUSTIFY\">\n<p align=\"JUSTIFY\"><span style=\"font-size: large;\">\u00c9ric EG Nogard<\/span><\/p>\n<p align=\"JUSTIFY\"><span style=\"color: #c00000;\"><span style=\"font-size: large;\"><em>Chroniqueur<\/em><\/span><\/span><span style=\"color: #c00000;\"><span style=\"font-size: large;\">.<\/span><\/span><\/p>\n<p align=\"CENTER\"><span style=\"font-size: large;\"><strong>*** *** ***<\/strong><\/span><\/p>\n<p align=\"CENTER\"><span style=\"color: #ff0000;\"><span style=\"font-size: large;\"><strong>Nota : <\/strong><\/span><\/span><span style=\"color: #000000;\"><span style=\"font-size: large;\">Nous ne traitons que de Faits et de Noms rendus Publics.<\/span><\/span><\/p>\n<p align=\"CENTER\">\n<p align=\"JUSTIFY\"><span style=\"font-size: large;\"><strong>N.B.:<\/strong><\/span><span style=\"font-size: large;\"> &#8211; <\/span><span style=\"color: #c00000;\"><span style=\"font-family: 'Comic Sans MS', cursive;\"><span style=\"font-size: large;\">Nous Recommandons instamment et syst\u00e9matiquement l\u2019ouverture de la (ou des) pi\u00e8ce(s) jointe(s) \u00e0 l\u2019e-mail, sous format Pdf, <\/span><\/span><\/span><span style=\"color: #c00000;\"><span style=\"font-family: 'Comic Sans MS', cursive;\"><span style=\"font-size: large;\"><span style=\"text-decoration: underline;\">les illustrations y sont incluses<\/span><\/span><\/span><\/span><span style=\"color: #c00000;\"><span style=\"font-family: 'Comic Sans MS', cursive;\"><span style=\"font-size: large;\">.<\/span><\/span><\/span><\/p>\n<p align=\"JUSTIFY\">\n<p align=\"CENTER\"><span style=\"color: #ff0000;\"><span><strong>Ne Peut \u00eatre reproduit &#8211; m\u00eame partiellement &#8211; sans l\u2019autorisation de l\u2019Auteur.<\/strong><\/span><\/span><\/p>\n<p align=\"JUSTIFY\"><span style=\"text-decoration: underline;\"><strong>Liens Sugg\u00e9r\u00e9s\u00a0:<\/strong><\/span><\/p>\n<ul>\n<li>\n<p align=\"JUSTIFY\"><span style=\"color: #0000ff;\"><span style=\"text-decoration: underline;\"><a href=\"http:\/\/www.lescrutateur.com\/\">http:\/\/www.lescrutateur.com\/<\/a><\/span><\/span><\/p>\n<\/li>\n<li>\n<p align=\"JUSTIFY\"><span style=\"color: #0000ff;\"><span style=\"text-decoration: underline;\"><a href=\"http:\/\/www.etatsgenerauxdeloutremer.fr\/reflexions\">http:\/\/www.etatsgenerauxdeloutremer.fr\/reflexions<\/a><\/span><\/span><\/p>\n<\/li>\n<\/ul>\n<p align=\"CENTER\">\n<p align=\"CENTER\"><strong>==================================================================<\/strong><\/p>\n<script type=\"text\/javascript\">\n\nvar addthis_config = {\"data_track_clickback\":false,\"data_track_addressbar\":false,\"data_track_textcopy\":false};\n<\/script><script type=\"text\/javascript\" src=\"\/\/s7.addthis.com\/js\/250\/addthis_widget.js#pubid=a457a6d63fb9e6ccabdde4110343bd85\"><\/script>","protected":false},"excerpt":{"rendered":"<p align=\"CENTER\">\n<p align=\"CENTER\"><span style=\"color: #000099;\"><span style=\"font-family: Arial, sans-serif;\"><span>Nos Anc\u00eatres les Gaulois, apr\u00e8s tout pourquoi pas.<\/span><\/span><\/span><\/p>\n<p align=\"CENTER\">\n<p align=\"JUSTIFY\"><span style=\"color: #632423;\"><span style=\"font-family: 'Comic Sans MS', cursive;\"><span style=\"font-size: large;\">\u00ab\u00a0Et s\u2019il est Juste,<\/span><\/span><\/span>Ce Mot que lance aujourd\u2019hui le \u00ab\u00a0Cri d\u2019Alarme\u00a0\u00bb,<\/p>\n<p align=\"JUSTIFY\"><span style=\"color: #632423;\"><span style=\"font-family: 'Comic Sans MS', cursive;\"><span style=\"font-size: large;\">N\u2019\u00e9tait-ce pas \u00e0 nos Gouvernants de le Tenir,<\/span><\/span><\/span>N\u2019est-ce pas \u00e0 nos \u00c9coles de &hellip;<\/p>\n","protected":false},"author":1,"featured_media":0,"comment_status":"open","ping_status":"open","sticky":false,"template":"","format":"standard","meta":{"footnotes":""},"categories":[1],"tags":[],"class_list":["post-12683","post","type-post","status-publish","format-standard","hentry","category-accueil"],"_links":{"self":[{"href":"http:\/\/www.lecarrefourdesopinions.ca\/index.php?rest_route=\/wp\/v2\/posts\/12683","targetHints":{"allow":["GET"]}}],"collection":[{"href":"http:\/\/www.lecarrefourdesopinions.ca\/index.php?rest_route=\/wp\/v2\/posts"}],"about":[{"href":"http:\/\/www.lecarrefourdesopinions.ca\/index.php?rest_route=\/wp\/v2\/types\/post"}],"author":[{"embeddable":true,"href":"http:\/\/www.lecarrefourdesopinions.ca\/index.php?rest_route=\/wp\/v2\/users\/1"}],"replies":[{"embeddable":true,"href":"http:\/\/www.lecarrefourdesopinions.ca\/index.php?rest_route=%2Fwp%2Fv2%2Fcomments&post=12683"}],"version-history":[{"count":1,"href":"http:\/\/www.lecarrefourdesopinions.ca\/index.php?rest_route=\/wp\/v2\/posts\/12683\/revisions"}],"predecessor-version":[{"id":12689,"href":"http:\/\/www.lecarrefourdesopinions.ca\/index.php?rest_route=\/wp\/v2\/posts\/12683\/revisions\/12689"}],"wp:attachment":[{"href":"http:\/\/www.lecarrefourdesopinions.ca\/index.php?rest_route=%2Fwp%2Fv2%2Fmedia&parent=12683"}],"wp:term":[{"taxonomy":"category","embeddable":true,"href":"http:\/\/www.lecarrefourdesopinions.ca\/index.php?rest_route=%2Fwp%2Fv2%2Fcategories&post=12683"},{"taxonomy":"post_tag","embeddable":true,"href":"http:\/\/www.lecarrefourdesopinions.ca\/index.php?rest_route=%2Fwp%2Fv2%2Ftags&post=12683"}],"curies":[{"name":"wp","href":"https:\/\/api.w.org\/{rel}","templated":true}]}}