{"id":12662,"date":"2016-09-15T14:42:46","date_gmt":"2016-09-15T18:42:46","guid":{"rendered":"http:\/\/www.lecarrefourdesopinions.ca\/?p=12662"},"modified":"2016-09-15T14:42:46","modified_gmt":"2016-09-15T18:42:46","slug":"et-puis-lange-est-tombe-le-spectacle-continue","status":"publish","type":"post","link":"http:\/\/www.lecarrefourdesopinions.ca\/?p=12662","title":{"rendered":"Et puis l\u2019Ange est Tomb\u00e9\u2026 le Spectacle Continue."},"content":{"rendered":"<p align=\"CENTER\"><span><strong>Le Cri d\u2019Alarme.<\/strong><\/span><\/p>\n<p align=\"CENTER\"><span style=\"color: #000000;\"><span><strong>Chronique d\u2019\u00c9ric E.G. NOGARD<\/strong><\/span><\/span><\/p>\n<p align=\"CENTER\"><span style=\"color: #000000;\"><span><strong>De l\u2019Ex. Martinique Province Fran\u00e7aise d\u2019Am\u00e9rique Amie du Canada (1061 Titres).<\/strong><\/span><\/span><\/p>\n<p align=\"CENTER\"><span style=\"color: #c00000;\"><em><strong>==========<\/strong><\/em><\/span><\/p>\n<p align=\"JUSTIFY\"><span style=\"color: #c00000;\"> <span style=\"font-family: 'Comic Sans MS', cursive;\"><span>\u00ab\u00a0<\/span><\/span><\/span><span style=\"color: #c00000;\"><span style=\"font-family: Cambria, serif;\"><span><strong>Notre M\u00e9tier n\u2019est pas de faire plaisir, Non plus de faire tort \u00e0 qui que ce soit, Ni pour quoi que ce soit, Il est de porter la plume dans la plaie<\/strong><\/span><\/span><\/span><span style=\"color: #c00000;\"><span style=\"font-family: Cambria, serif;\"><span>\u00a0\u00bb. (Albert LONDRES).<\/span><\/span><\/span><\/p>\n<p align=\"CENTER\"><span style=\"color: #c00000;\"><em><strong>*** ***<\/strong><\/em><\/span><\/p>\n<p align=\"JUSTIFY\"><span style=\"color: #632423;\"><em><strong>Pardonnez-nous si jamais, tel Aristarque De SAMOS, nous troublons quelque part, jusqu\u2019au \u00ab\u00a0Repos des Dieux\u00a0\u00bb. (\u00c9ric EG Nogard, Chroniqueur).<\/strong><\/em><\/span><\/p>\n<p align=\"CENTER\"><span style=\"color: #000099;\"><span style=\"font-family: Arial, sans-serif;\"><span><em><strong>Et puis l\u2019Ange est Tomb\u00e9\u2026 le Spectacle Continue.<\/strong><\/em><\/span><\/span><\/span><\/p>\n<p align=\"CENTER\">\n<p align=\"JUSTIFY\">\u00a0<img loading=\"lazy\" decoding=\"async\" class=\"alignnone size-full wp-image-12457\" title=\"Eric\" src=\"http:\/\/www.lecarrefourdesopinions.ca\/wp-content\/uploads\/2016\/07\/Eric.jpg\" alt=\"\" width=\"134\" height=\"107\" \/><\/p>\n<p align=\"JUSTIFY\"><span style=\"color: #632423;\"><span style=\"font-family: 'Comic Sans MS', cursive;\"><span style=\"font-size: large;\">\u00c9ric EG Nogard<\/span><\/span><\/span><\/p>\n<p align=\"JUSTIFY\"><span style=\"color: #c00000;\"><span style=\"font-size: large;\"><em>Chroniqueur<\/em><\/span><\/span><span style=\"color: #c00000;\"><span style=\"font-size: large;\">.<\/span><\/span><\/p>\n<p align=\"CENTER\">\n<p align=\"CENTER\"><span style=\"color: #632423;\"><span style=\"font-size: large;\">*** *** ***<\/span><\/span><\/p>\n<p>&nbsp;<\/p>\n<p align=\"JUSTIFY\"><span><em><strong>Et puis l\u2019Ange est Tomb\u00e9\u2026 le Spectacle Continue.<\/strong><\/em><\/span><\/p>\n<p align=\"JUSTIFY\">\n<p align=\"JUSTIFY\">\n<p align=\"CENTER\"><img loading=\"lazy\" decoding=\"async\" class=\"alignnone size-full wp-image-12663\" title=\"F1   Jusqu a la Lie de l Agenouillement\" src=\"http:\/\/www.lecarrefourdesopinions.ca\/wp-content\/uploads\/2016\/09\/F1-Jusqu-a-la-Lie-de-l-Agenouillement-.jpg\" alt=\"\" width=\"340\" height=\"340\" srcset=\"http:\/\/www.lecarrefourdesopinions.ca\/wp-content\/uploads\/2016\/09\/F1-Jusqu-a-la-Lie-de-l-Agenouillement-.jpg 340w, http:\/\/www.lecarrefourdesopinions.ca\/wp-content\/uploads\/2016\/09\/F1-Jusqu-a-la-Lie-de-l-Agenouillement--300x300.jpg 300w\" sizes=\"auto, (max-width: 340px) 100vw, 340px\" \/><\/p>\n<p align=\"JUSTIFY\">\n<p align=\"CENTER\"><span style=\"font-size: large;\"><strong>F1\u00a0: <\/strong><\/span><span style=\"color: #c00000;\"><span style=\"font-size: large;\"><em><strong>Jusqu\u2019\u00e0 la Lie de l\u2019Agenouillement\u00a0?<\/strong><\/em><\/span><\/span><\/p>\n<p align=\"JUSTIFY\">\n<p align=\"JUSTIFY\">\n<p align=\"JUSTIFY\"><span style=\"font-family: 'Comic Sans MS', cursive;\"><span style=\"font-size: large;\"><strong>Que Continue le Spectacle, un Mythe s\u2019est \u00e9vanoui.<\/strong><\/span><\/span><\/p>\n<p align=\"JUSTIFY\">\n<p align=\"JUSTIFY\"><span style=\"font-family: 'Comic Sans MS', cursive;\"><span style=\"font-size: large;\">O\u00f9 \u00e9taient donc ses M\u00e9decins, ses Experts-sp\u00e9cialistes, ses Diplomates si empress\u00e9s d\u2019ordinaire autour de son petit Roi Fran\u00e7ois \u00e0 la voix incertaine\u2026<\/span><\/span><\/p>\n<p align=\"JUSTIFY\">\n<p align=\"CENTER\"><img loading=\"lazy\" decoding=\"async\" class=\"alignnone size-large wp-image-12664\" title=\"F2   Le Maitre  son Vassal  l Excommuni\u00e9   N est ce pas un Cas\" src=\"http:\/\/www.lecarrefourdesopinions.ca\/wp-content\/uploads\/2016\/09\/F2-Le-Maitre-son-Vassal-l-Excommuni\u00e9-N-est-ce-pas-un-Cas--1024x348.jpg\" alt=\"\" width=\"450\" height=\"152\" srcset=\"http:\/\/www.lecarrefourdesopinions.ca\/wp-content\/uploads\/2016\/09\/F2-Le-Maitre-son-Vassal-l-Excommuni\u00e9-N-est-ce-pas-un-Cas--1024x348.jpg 1024w, http:\/\/www.lecarrefourdesopinions.ca\/wp-content\/uploads\/2016\/09\/F2-Le-Maitre-son-Vassal-l-Excommuni\u00e9-N-est-ce-pas-un-Cas--300x102.jpg 300w, http:\/\/www.lecarrefourdesopinions.ca\/wp-content\/uploads\/2016\/09\/F2-Le-Maitre-son-Vassal-l-Excommuni\u00e9-N-est-ce-pas-un-Cas--400x136.jpg 400w, http:\/\/www.lecarrefourdesopinions.ca\/wp-content\/uploads\/2016\/09\/F2-Le-Maitre-son-Vassal-l-Excommuni\u00e9-N-est-ce-pas-un-Cas-.jpg 1246w\" sizes=\"auto, (max-width: 450px) 100vw, 450px\" \/><\/p>\n<p align=\"JUSTIFY\">\n<p align=\"CENTER\"><span style=\"font-size: large;\"><strong>F2\u00a0: <\/strong><\/span><span style=\"color: #c00000;\"><span style=\"font-size: large;\"><em><strong>Le Ma\u00eetre, son Vassal, l\u2019Excommuni\u00e9.<\/strong><\/em><\/span><\/span><\/p>\n<p align=\"JUSTIFY\"><span style=\"color: #c00000;\"><span style=\"font-size: large;\"><em><strong>N\u2019est-ce pas un Cas Flagrant d\u2019Excommunication, Comme on le pratique gaillardement chez nous.<\/strong><\/em><\/span><\/span><\/p>\n<p align=\"JUSTIFY\">\n<p align=\"JUSTIFY\">\n<p align=\"JUSTIFY\"><span style=\"font-family: 'Comic Sans MS', cursive;\"><span style=\"font-size: large;\"><strong>Extraordinaire\u2026 vraiment.<\/strong><\/span><\/span><\/p>\n<p align=\"JUSTIFY\">\n<p align=\"JUSTIFY\"><span style=\"font-family: 'Comic Sans MS', cursive;\"><span style=\"font-size: large;\">Et voil\u00e0 qu\u2019est fait le Coup, atroce mais sans rem\u00e8de pour les Gens du Voyage ou qui s\u2019en sentent l\u2019\u00c2me.<\/span><\/span><\/p>\n<p align=\"JUSTIFY\">\n<p align=\"JUSTIFY\"><span style=\"font-family: 'Comic Sans MS', cursive;\"><span style=\"font-size: large;\">Alors, sans une Larme&#8230; que Continue le Spectacle.<\/span><\/span><\/p>\n<p align=\"JUSTIFY\">\n<p align=\"JUSTIFY\">\n<p align=\"JUSTIFY\"><span style=\"font-size: large;\"><strong>Incroyable\u2026 mais vrai.<\/strong><\/span><\/p>\n<p align=\"JUSTIFY\">\n<p align=\"JUSTIFY\"><span style=\"font-size: large;\">Et songeons.<\/span><\/p>\n<p align=\"JUSTIFY\">\n<p align=\"JUSTIFY\">\n<p align=\"CENTER\">\n<p align=\"CENTER\"><img loading=\"lazy\" decoding=\"async\" class=\"alignnone size-medium wp-image-12665\" title=\"F3   Vos Voies  Homme Dieu  ou nous conduiront elles\" src=\"http:\/\/www.lecarrefourdesopinions.ca\/wp-content\/uploads\/2016\/09\/F3-Vos-Voies-Homme-Dieu-ou-nous-conduiront-elles-200x300.jpg\" alt=\"\" width=\"200\" height=\"300\" srcset=\"http:\/\/www.lecarrefourdesopinions.ca\/wp-content\/uploads\/2016\/09\/F3-Vos-Voies-Homme-Dieu-ou-nous-conduiront-elles-200x300.jpg 200w, http:\/\/www.lecarrefourdesopinions.ca\/wp-content\/uploads\/2016\/09\/F3-Vos-Voies-Homme-Dieu-ou-nous-conduiront-elles-400x598.jpg 400w, http:\/\/www.lecarrefourdesopinions.ca\/wp-content\/uploads\/2016\/09\/F3-Vos-Voies-Homme-Dieu-ou-nous-conduiront-elles.jpg 600w\" sizes=\"auto, (max-width: 200px) 100vw, 200px\" \/><\/p>\n<p align=\"CENTER\"><span style=\"font-size: large;\"><strong>F3\u00a0: <\/strong><\/span><span style=\"color: #c00000;\"><span style=\"font-size: large;\"><em><strong>Vos Voies, Homme-Dieu, o\u00f9 nous conduiront-elles.<\/strong><\/em><\/span><\/span><\/p>\n<p align=\"JUSTIFY\">\n<p align=\"JUSTIFY\">\n<p align=\"JUSTIFY\"><span style=\"font-size: large;\">&#8211; <\/span><span style=\"font-size: large;\"><em><strong>Comme si sa Divinit\u00e9 Monsieur le Dala\u00ef Lama ne pouvait retarder de six mois son voyage en Terre de France\u2026 le temps d\u2019une \u00c9lection. <\/strong><\/em><\/span><\/p>\n<p align=\"JUSTIFY\">\n<p align=\"JUSTIFY\"><span style=\"font-size: large;\">C\u2019e\u00fbt \u00e9t\u00e9 toujours \u00e7a de gagn\u00e9 pour nos Ch\u00e8res Illusions\u2026 et c\u2019est la France qui trinque.<\/span><\/p>\n<p align=\"JUSTIFY\">\n<p align=\"JUSTIFY\">\n<p align=\"JUSTIFY\"><span style=\"font-size: large;\"><em><strong>&#8211; Comme si Fran\u00e7ois HOLLANDE n\u2019aurait pu avoir l\u2019Id\u00e9e de le lui sugg\u00e9rer.<\/strong><\/em><\/span><\/p>\n<p align=\"JUSTIFY\">\n<p align=\"JUSTIFY\"><span style=\"font-size: large;\">Qu\u2019a-t-il donc dans la t\u00eate, dans sa t\u00eate de Pr\u00e9sident\u2026 et c\u2019est le Cul-Sec pour la France, s\u2019en remettra-t-elle cette fois.<\/span><\/p>\n<p align=\"JUSTIFY\">\n<p align=\"JUSTIFY\">\n<p align=\"JUSTIFY\"><span style=\"font-size: large;\">&#8211; <\/span><span style=\"font-size: large;\"><em><strong>Comme si la France ne Comptait ni Ministre, ni Diplomate, ni Parlementaire, m\u00eame pas un MACRON, un MONTEBOURG, un M\u00c9LENCHON, un JUPP\u00c9, un SARKOZY pour le lui dire\u2026 \u00ab\u00a0Fais Gaffe\u00a0\u00bb\u00a0!..<\/strong><\/em><\/span><\/p>\n<p align=\"JUSTIFY\">\n<p align=\"JUSTIFY\"><span style=\"font-size: large;\">O\u00f9 avaient-ils l\u2019Esprit\u2026 il est vrai que \u00ab\u00a0Tout pour Elle\u00a0\u00bb implique aussi que la France boive ces Costauds d\u2019Ap\u00e9ros\u2026 jusqu\u2019\u00e0 la Lie.<\/span><\/p>\n<p align=\"JUSTIFY\">\n<p align=\"JUSTIFY\"><span style=\"font-size: large;\">Et reconnaissons que la France en a perdu jusqu\u2019au sens de l\u2019\u00c9l\u00e9mentaire Pr\u00e9caution.<\/span><\/p>\n<p align=\"JUSTIFY\">\n<p align=\"JUSTIFY\"><span style=\"font-size: large;\">N\u2019est-il pas l\u00e0, le V\u00e9n\u00e9rable Dala\u00ef Lama, dans son aimable Innocence de Liqueur de Tournesol au Grand Pouvoir d\u2019Indicateur.<\/span><\/p>\n<p align=\"JUSTIFY\">\n<p align=\"JUSTIFY\">\n<p align=\"JUSTIFY\"><span style=\"font-size: large;\"><strong>La France n\u2019est plus une Puissance Souveraine.<\/strong><\/span><\/p>\n<p align=\"JUSTIFY\">\n<p align=\"JUSTIFY\"><span style=\"font-size: large;\">Le Mythe s\u2019est \u00e9vanoui, <\/span><span style=\"font-family: Arial, sans-serif;\"><span style=\"font-size: large;\"><em>taking off to the sky..<\/em><\/span><\/span><span style=\"font-size: large;\">. <\/span><span style=\"font-family: Arial, sans-serif;\"><span style=\"font-size: large;\"><em>and why not, to the Eternity<\/em><\/span><\/span><span style=\"font-size: large;\">.<\/span><\/p>\n<p lang=\"en-US\" align=\"JUSTIFY\">\n<p lang=\"en-US\" align=\"JUSTIFY\">\n<p lang=\"en-US\" align=\"CENTER\">\n<p lang=\"en-US\" align=\"CENTER\"><img loading=\"lazy\" decoding=\"async\" class=\"alignnone size-large wp-image-12666\" title=\"F4  Et Droits d un Pays Souverain\" src=\"http:\/\/www.lecarrefourdesopinions.ca\/wp-content\/uploads\/2016\/09\/F4-Et-Droits-d-un-Pays-Souverain-1024x768.jpg\" alt=\"\" width=\"450\" height=\"337\" srcset=\"http:\/\/www.lecarrefourdesopinions.ca\/wp-content\/uploads\/2016\/09\/F4-Et-Droits-d-un-Pays-Souverain-1024x768.jpg 1024w, http:\/\/www.lecarrefourdesopinions.ca\/wp-content\/uploads\/2016\/09\/F4-Et-Droits-d-un-Pays-Souverain-300x225.jpg 300w, http:\/\/www.lecarrefourdesopinions.ca\/wp-content\/uploads\/2016\/09\/F4-Et-Droits-d-un-Pays-Souverain-400x300.jpg 400w, http:\/\/www.lecarrefourdesopinions.ca\/wp-content\/uploads\/2016\/09\/F4-Et-Droits-d-un-Pays-Souverain.jpg 2000w\" sizes=\"auto, (max-width: 450px) 100vw, 450px\" \/><\/p>\n<p align=\"CENTER\"><span style=\"font-size: large;\"><strong>F4: <\/strong><\/span><span style=\"color: #c00000;\"><span style=\"font-size: large;\"><em><strong>Et Droits d\u2019un Pays Souverain.<\/strong><\/em><\/span><\/span><\/p>\n<p align=\"JUSTIFY\">\n<p align=\"JUSTIFY\">\n<p align=\"JUSTIFY\"><span style=\"font-size: large;\"><strong>La France est Vassale de la Chine, et comme telle, elle doit bien se garder de tout ce dont pourrait prendre OMBRAGE cet Empire\u2026 son Suzerain rendu Notoire.<\/strong><\/span><\/p>\n<p align=\"JUSTIFY\">\n<p align=\"CENTER\">\n<p align=\"CENTER\"><img loading=\"lazy\" decoding=\"async\" class=\"alignnone size-full wp-image-12667\" title=\"F5   Adoubement du Vassal\" src=\"http:\/\/www.lecarrefourdesopinions.ca\/wp-content\/uploads\/2016\/09\/F5-Adoubement-du-Vassal.jpg\" alt=\"\" width=\"300\" height=\"438\" srcset=\"http:\/\/www.lecarrefourdesopinions.ca\/wp-content\/uploads\/2016\/09\/F5-Adoubement-du-Vassal.jpg 300w, http:\/\/www.lecarrefourdesopinions.ca\/wp-content\/uploads\/2016\/09\/F5-Adoubement-du-Vassal-205x300.jpg 205w\" sizes=\"auto, (max-width: 300px) 100vw, 300px\" \/><\/p>\n<p align=\"CENTER\"><span style=\"font-size: large;\"><strong>F5\u00a0: <\/strong><\/span><span style=\"color: #c00000;\"><span style=\"font-size: large;\"><em><strong>Adoubement du Vassal.<\/strong><\/em><\/span><\/span><\/p>\n<p align=\"JUSTIFY\">\n<p align=\"JUSTIFY\">\n<p align=\"JUSTIFY\"><span style=\"font-family: 'Comic Sans MS', cursive;\"><span style=\"font-size: large;\"><strong>Le Vassal se Courbe et Ob\u00e9\u00eet\u2026 n\u2019est-ce pas ce qu\u2019elle a fait devant la CHINE, en se refusant tout Contact significatif avec le Dieu fait Homme du Peuple N\u00e9palais.<\/strong><\/span><\/span><\/p>\n<p align=\"JUSTIFY\">\n<p align=\"JUSTIFY\"><span style=\"font-family: 'Comic Sans MS', cursive;\"><span style=\"font-size: large;\">D\u00e9sormais, nous devrons faire avec l\u2019Humilit\u00e9, un Ange est Tomb\u00e9, un Mythe s\u2019est \u00c9vanoui\u2026 finie l\u2019id\u00e9e que nous nous faisions de nous-m\u00eames.<\/span><\/span><\/p>\n<p align=\"JUSTIFY\">\n<p align=\"JUSTIFY\"><span style=\"font-family: 'Arial Rounded MT Bold', sans-serif;\"><span style=\"font-size: large;\">Que le Spectacle Continue\u2026 que Dieu y mette la main<\/span><\/span><span style=\"font-family: 'Comic Sans MS', cursive;\"><span style=\"font-size: large;\">.<\/span><\/span><\/p>\n<p align=\"JUSTIFY\">\n<p align=\"JUSTIFY\"><span style=\"font-size: large;\">\u00c9ric EG Nogard<\/span><\/p>\n<p align=\"JUSTIFY\"><span style=\"color: #c00000;\"><span style=\"font-size: large;\"><em>Chroniqueur<\/em><\/span><\/span><span style=\"color: #c00000;\"><span style=\"font-size: large;\">.<\/span><\/span><\/p>\n<p align=\"CENTER\"><span style=\"color: #ff0000;\"><span style=\"font-size: large;\"><strong>Nota : <\/strong><\/span><\/span><span style=\"color: #000000;\"><span style=\"font-size: large;\">Nous ne traitons que de Faits et de Noms rendus Publics<\/span><\/span><\/p>\n<p align=\"JUSTIFY\"><span style=\"font-size: large;\"><strong>N.B.:<\/strong><\/span><span style=\"font-size: large;\"> &#8211; <\/span><span style=\"color: #c00000;\"><span style=\"font-family: 'Comic Sans MS', cursive;\"><span style=\"font-size: large;\">Nous Recommandons instamment et syst\u00e9matiquement l\u2019ouverture de la (ou des) pi\u00e8ce(s) jointe(s) \u00e0 l\u2019e-mail, sous format Pdf, <\/span><\/span><\/span><span style=\"color: #c00000;\"><span style=\"font-family: 'Comic Sans MS', cursive;\"><span style=\"font-size: large;\"><span style=\"text-decoration: underline;\">les illustrations y sont incluses<\/span><\/span><\/span><\/span><span style=\"color: #c00000;\"><span style=\"font-family: 'Comic Sans MS', cursive;\"><span style=\"font-size: large;\">.<\/span><\/span><\/span><\/p>\n<p align=\"JUSTIFY\">\n<p align=\"CENTER\"><span style=\"color: #ff0000;\"><span><strong>Ne Peut \u00eatre reproduit &#8211; m\u00eame partiellement &#8211; sans l\u2019autorisation de l\u2019Auteur.<\/strong><\/span><\/span><\/p>\n<p align=\"JUSTIFY\"><span style=\"text-decoration: underline;\"><strong>Liens Sugg\u00e9r\u00e9s\u00a0:<\/strong><\/span><\/p>\n<ul>\n<li>\n<p align=\"JUSTIFY\"><span style=\"color: #0000ff;\"><span style=\"text-decoration: underline;\"><a href=\"http:\/\/www.lescrutateur.com\/\">http:\/\/www.lescrutateur.com\/<\/a><\/span><\/span><\/p>\n<\/li>\n<li>\n<p align=\"JUSTIFY\"><span style=\"color: #0000ff;\"><span style=\"text-decoration: underline;\"><a href=\"http:\/\/www.etatsgenerauxdeloutremer.fr\/reflexions\">http:\/\/www.etatsgenerauxdeloutremer.fr\/reflexions<\/a><\/span><\/span><\/p>\n<\/li>\n<\/ul>\n<p align=\"CENTER\">\n<script type=\"text\/javascript\">\n\nvar addthis_config = {\"data_track_clickback\":false,\"data_track_addressbar\":false,\"data_track_textcopy\":false};\n<\/script><script type=\"text\/javascript\" src=\"\/\/s7.addthis.com\/js\/250\/addthis_widget.js#pubid=a457a6d63fb9e6ccabdde4110343bd85\"><\/script>","protected":false},"excerpt":{"rendered":"<p align=\"CENTER\"><span>Le Cri d\u2019Alarme.<\/span><\/p>\n<p align=\"CENTER\"><span style=\"color: #000000;\"><span>Chronique d\u2019\u00c9ric E.G. NOGARD<\/span><\/span><\/p>\n<p align=\"CENTER\"><span style=\"color: #000000;\"><span>De l\u2019Ex. Martinique Province Fran\u00e7aise d\u2019Am\u00e9rique Amie du Canada (1061 Titres).<\/span><\/span><\/p>\n<p align=\"CENTER\"><span style=\"color: #c00000;\">==========<\/span><\/p>\n<p align=\"JUSTIFY\"><span style=\"color: #c00000;\"> <span style=\"font-family: 'Comic Sans MS', cursive;\"><span>\u00ab\u00a0<\/span><\/span><\/span><span style=\"color: #c00000;\"><span style=\"font-family: Cambria, serif;\"><span>Notre M\u00e9tier n\u2019est pas de faire plaisir, Non plus de faire tort \u00e0 qui que ce soit, <\/span><\/span><\/span>&hellip;<\/p>\n","protected":false},"author":1,"featured_media":0,"comment_status":"open","ping_status":"open","sticky":false,"template":"","format":"standard","meta":{"footnotes":""},"categories":[1],"tags":[],"class_list":["post-12662","post","type-post","status-publish","format-standard","hentry","category-accueil"],"_links":{"self":[{"href":"http:\/\/www.lecarrefourdesopinions.ca\/index.php?rest_route=\/wp\/v2\/posts\/12662","targetHints":{"allow":["GET"]}}],"collection":[{"href":"http:\/\/www.lecarrefourdesopinions.ca\/index.php?rest_route=\/wp\/v2\/posts"}],"about":[{"href":"http:\/\/www.lecarrefourdesopinions.ca\/index.php?rest_route=\/wp\/v2\/types\/post"}],"author":[{"embeddable":true,"href":"http:\/\/www.lecarrefourdesopinions.ca\/index.php?rest_route=\/wp\/v2\/users\/1"}],"replies":[{"embeddable":true,"href":"http:\/\/www.lecarrefourdesopinions.ca\/index.php?rest_route=%2Fwp%2Fv2%2Fcomments&post=12662"}],"version-history":[{"count":1,"href":"http:\/\/www.lecarrefourdesopinions.ca\/index.php?rest_route=\/wp\/v2\/posts\/12662\/revisions"}],"predecessor-version":[{"id":12668,"href":"http:\/\/www.lecarrefourdesopinions.ca\/index.php?rest_route=\/wp\/v2\/posts\/12662\/revisions\/12668"}],"wp:attachment":[{"href":"http:\/\/www.lecarrefourdesopinions.ca\/index.php?rest_route=%2Fwp%2Fv2%2Fmedia&parent=12662"}],"wp:term":[{"taxonomy":"category","embeddable":true,"href":"http:\/\/www.lecarrefourdesopinions.ca\/index.php?rest_route=%2Fwp%2Fv2%2Fcategories&post=12662"},{"taxonomy":"post_tag","embeddable":true,"href":"http:\/\/www.lecarrefourdesopinions.ca\/index.php?rest_route=%2Fwp%2Fv2%2Ftags&post=12662"}],"curies":[{"name":"wp","href":"https:\/\/api.w.org\/{rel}","templated":true}]}}