{"id":12639,"date":"2016-09-08T17:55:04","date_gmt":"2016-09-08T21:55:04","guid":{"rendered":"http:\/\/www.lecarrefourdesopinions.ca\/?p=12639"},"modified":"2016-09-08T17:55:04","modified_gmt":"2016-09-08T21:55:04","slug":"blooming-de-seminaires-pour-faire-front-au-racisme","status":"publish","type":"post","link":"http:\/\/www.lecarrefourdesopinions.ca\/?p=12639","title":{"rendered":"Blooming de s\u00e9minaires, pour faire front au Racisme"},"content":{"rendered":"<p align=\"CENTER\"><em style=\"font-size: x-large; font-family: 'Comic Sans MS', cursive; color: #632423;\"><strong>Blooming de s\u00e9minaires, pour faire front au Racisme.<\/strong><\/em><\/p>\n<p align=\"JUSTIFY\">\u00a0<img loading=\"lazy\" decoding=\"async\" class=\"alignnone size-full wp-image-12457\" title=\"Eric\" src=\"http:\/\/www.lecarrefourdesopinions.ca\/wp-content\/uploads\/2016\/07\/Eric.jpg\" alt=\"\" width=\"134\" height=\"107\" \/><\/p>\n<p align=\"JUSTIFY\"><span style=\"color: #632423;\"><span style=\"font-family: 'Comic Sans MS', cursive;\"><span style=\"font-size: large;\">\u00c9ric EG Nogard<\/span><\/span><\/span><\/p>\n<p align=\"JUSTIFY\"><span style=\"color: #c00000;\"><span style=\"font-size: large;\"><em>Chroniqueur<\/em><\/span><\/span><span style=\"color: #c00000;\"><span style=\"font-size: large;\">.<\/span><\/span><\/p>\n<p align=\"CENTER\">\n<p align=\"CENTER\"><span style=\"color: #632423;\"><span style=\"font-size: large;\">*** *** ***<\/span><\/span><\/p>\n<p align=\"JUSTIFY\"><span style=\"font-size: x-large;\"><em><strong>Blooming<\/strong><\/em><\/span><span style=\"font-size: x-large;\"><strong> de s\u00e9minaires, pour faire front au Racisme.<\/strong><\/span><\/p>\n<p align=\"JUSTIFY\">\n<p align=\"JUSTIFY\">\n<p align=\"CENTER\"><img loading=\"lazy\" decoding=\"async\" class=\"alignnone size-full wp-image-12640\" title=\"F1       ou se mettre la Burqua sur les   Nichons\" src=\"http:\/\/www.lecarrefourdesopinions.ca\/wp-content\/uploads\/2016\/09\/F1-ou-se-mettre-la-Burqua-sur-les-Nichons-.jpg\" alt=\"\" width=\"640\" height=\"420\" srcset=\"http:\/\/www.lecarrefourdesopinions.ca\/wp-content\/uploads\/2016\/09\/F1-ou-se-mettre-la-Burqua-sur-les-Nichons-.jpg 640w, http:\/\/www.lecarrefourdesopinions.ca\/wp-content\/uploads\/2016\/09\/F1-ou-se-mettre-la-Burqua-sur-les-Nichons--300x196.jpg 300w, http:\/\/www.lecarrefourdesopinions.ca\/wp-content\/uploads\/2016\/09\/F1-ou-se-mettre-la-Burqua-sur-les-Nichons--400x262.jpg 400w\" sizes=\"auto, (max-width: 640px) 100vw, 640px\" \/><\/p>\n<p align=\"CENTER\">\n<p align=\"CENTER\"><span style=\"font-size: large;\"><strong>F1\u00a0: <\/strong><\/span><span style=\"color: #c00000;\"><span style=\"font-size: large;\"><em><strong>\u2026 ou se mettre la Burqua\u00a0sur les \u00ab\u00a0Nichons\u00a0\u00bb\u00a0!<\/strong><\/em><\/span><\/span><\/p>\n<p align=\"JUSTIFY\">\n<p align=\"JUSTIFY\">\n<p align=\"JUSTIFY\"><span style=\"font-family: 'Comic Sans MS', cursive;\"><span style=\"font-size: large;\">Tel est ce que nous apprenons en ce petit matin du 22 Aout 2016,<\/span><\/span><\/p>\n<p align=\"JUSTIFY\">\n<p align=\"CENTER\"><span style=\"font-family: 'Comic Sans MS', cursive;\"><span style=\"font-size: large;\"><strong>Les S\u00e9minaires fleuriront pour faire front au Racisme<\/strong><\/span><\/span><span style=\"font-family: 'Comic Sans MS', cursive;\"><span style=\"font-size: large;\">,<\/span><\/span><\/p>\n<p align=\"JUSTIFY\">\n<p align=\"JUSTIFY\"><span style=\"font-family: 'Comic Sans MS', cursive;\"><span style=\"font-size: large;\">Par ceux-l\u00e0 qui reconnaissent, la Science l\u2019ayant admis, que les Races n\u2019existent pas, quand nous soutenons<\/span><\/span><span style=\"font-family: Arial, sans-serif;\"><span style=\"font-size: large;\"><em>aperto libro<\/em><\/span><\/span><span style=\"font-size: large;\">\u00a0:<\/span><\/p>\n<p align=\"JUSTIFY\">\n<p align=\"CENTER\"><span style=\"font-family: Arial, sans-serif;\"><span style=\"font-size: large;\"><em>No root, no tree\u00a0!<\/em><\/span><\/span><span style=\"font-family: 'Comic Sans MS', cursive;\"><span style=\"font-size: large;\">Pas de Race, pas de Racisme<\/span><\/span><span style=\"font-size: large;\">.<\/span><\/p>\n<p align=\"JUSTIFY\">\n<p align=\"JUSTIFY\">\n<p align=\"JUSTIFY\"><span style=\"font-size: large;\"><strong>Et des S\u00e9minaires par \u00c9chantillons Sp\u00e9cifiques de Couleur et peut-\u00eatre d\u2019Esprit\u2026 la R\u00e9flexion se trouvant prise en Ghetto.<\/strong><\/span><\/p>\n<p align=\"JUSTIFY\">\n<p align=\"JUSTIFY\"><span style=\"font-size: large;\">Pourquoi parler de Racisme quand il n\u2019y-a pas de Races dans le Souffle Populaire, la <\/span><span style=\"font-family: Arial, sans-serif;\"><span style=\"font-size: large;\"><em>Aura Popularis<\/em><\/span><\/span><span style=\"font-size: large;\">, rejetant des go\u00fbts et des mani\u00e8res qui lui sont indigestes et qu\u2019il doive rejeter, comme le lui r\u00e9clame son instinct de conservation\u2026 ni plus\u2026 ni moins.<\/span><\/p>\n<p align=\"JUSTIFY\">\n<p align=\"JUSTIFY\">\n<p align=\"JUSTIFY\"><span style=\"font-size: large;\"><strong>Quoi de plus Biologiquement et Socialement Naturel que le Processus de Rejet.<\/strong><\/span><\/p>\n<p align=\"JUSTIFY\">\n<p align=\"JUSTIFY\">\n<p align=\"CENTER\">\n<p align=\"CENTER\"><img loading=\"lazy\" decoding=\"async\" class=\"alignnone size-medium wp-image-12641\" title=\"F2      A toi de te faire Elephant    nous ne souhaitons pas changer notre trompe en Cou de Girafe\" src=\"http:\/\/www.lecarrefourdesopinions.ca\/wp-content\/uploads\/2016\/09\/F2-A-toi-de-te-faire-Elephant-nous-ne-souhaitons-pas-changer-notre-trompe-en-Cou-de-Girafe-300x300.jpg\" alt=\"\" width=\"300\" height=\"300\" srcset=\"http:\/\/www.lecarrefourdesopinions.ca\/wp-content\/uploads\/2016\/09\/F2-A-toi-de-te-faire-Elephant-nous-ne-souhaitons-pas-changer-notre-trompe-en-Cou-de-Girafe-300x300.jpg 300w, http:\/\/www.lecarrefourdesopinions.ca\/wp-content\/uploads\/2016\/09\/F2-A-toi-de-te-faire-Elephant-nous-ne-souhaitons-pas-changer-notre-trompe-en-Cou-de-Girafe-400x400.jpg 400w, http:\/\/www.lecarrefourdesopinions.ca\/wp-content\/uploads\/2016\/09\/F2-A-toi-de-te-faire-Elephant-nous-ne-souhaitons-pas-changer-notre-trompe-en-Cou-de-Girafe.jpg 534w\" sizes=\"auto, (max-width: 300px) 100vw, 300px\" \/><\/p>\n<p align=\"JUSTIFY\"><span style=\"font-size: large;\"><strong>F2\u00a0: <\/strong><\/span><span style=\"color: #c00000;\"><span style=\"font-size: large;\"><em><strong>\u2026 A toi de te faire \u00c9l\u00e9phant\u2026 nous ne souhaitons pas changer notre trompe en Cou de Girafe.<\/strong><\/em><\/span><\/span><\/p>\n<p align=\"JUSTIFY\">\n<p align=\"JUSTIFY\">\n<p align=\"JUSTIFY\"><span style=\"font-size: large;\">L\u2019\u00c9ducation, la Formation et l\u2019Instruction que dispensent nos \u00c9coles y seraient-elles oppos\u00e9es, autrement dit, quelle serait leur raison d\u2019\u00eatre si ce n\u2019est la Distinction \u00e0 faire entre ce qui convient et ce qui ne convient pas au sein d\u2019un Peuple donn\u00e9\u2026 ce qui n\u2019emp\u00eache en rien ni l\u2019accueil du Visiteur, ni l\u2019hospitalit\u00e9 envers l\u2019\u00c9tranger, ni les bons \u00c9changes et le bon Voisinage.<\/span><\/p>\n<p align=\"JUSTIFY\">\n<p align=\"JUSTIFY\">\n<p align=\"JUSTIFY\"><span style=\"font-size: large;\"><strong>Or, dans la mesure o\u00f9 Distinguer c\u2019est choisir, donc trier, que voudrait dire trier, sinon se mettre au Standard ou choisir de se retirer selon le Principe Existentiel de toute Communaut\u00e9, si hospitali\u00e8re soit-elle, la France, sans risque de se perdre, ne devant pas faillir \u00e0 cette R\u00e8gle Vitale.<\/strong><\/span><\/p>\n<p align=\"JUSTIFY\">\n<p align=\"JUSTIFY\">\n<p align=\"CENTER\"><img loading=\"lazy\" decoding=\"async\" class=\"alignnone size-large wp-image-12642\" title=\"F3   Autant de furoncles et de risques qu ils virent a la tumeu\" src=\"http:\/\/www.lecarrefourdesopinions.ca\/wp-content\/uploads\/2016\/09\/F3-Autant-de-furoncles-et-de-risques-qu-ils-virent-a-la-tumeu-1024x108.jpg\" alt=\"\" width=\"450\" height=\"47\" srcset=\"http:\/\/www.lecarrefourdesopinions.ca\/wp-content\/uploads\/2016\/09\/F3-Autant-de-furoncles-et-de-risques-qu-ils-virent-a-la-tumeu-1024x108.jpg 1024w, http:\/\/www.lecarrefourdesopinions.ca\/wp-content\/uploads\/2016\/09\/F3-Autant-de-furoncles-et-de-risques-qu-ils-virent-a-la-tumeu-300x31.jpg 300w, http:\/\/www.lecarrefourdesopinions.ca\/wp-content\/uploads\/2016\/09\/F3-Autant-de-furoncles-et-de-risques-qu-ils-virent-a-la-tumeu-400x42.jpg 400w, http:\/\/www.lecarrefourdesopinions.ca\/wp-content\/uploads\/2016\/09\/F3-Autant-de-furoncles-et-de-risques-qu-ils-virent-a-la-tumeu.jpg 1241w\" sizes=\"auto, (max-width: 450px) 100vw, 450px\" \/><\/p>\n<p align=\"JUSTIFY\">\n<p align=\"CENTER\"><span style=\"font-size: large;\"><strong>F3\u00a0: <\/strong><\/span><span style=\"color: #c00000;\"><span style=\"font-size: large;\"><em><strong>Autant de furoncles et de risques qu\u2019ils virent \u00e0 la tumeur maligne.<\/strong><\/em><\/span><\/span><\/p>\n<p align=\"CENTER\">\n<p align=\"JUSTIFY\">\n<p align=\"JUSTIFY\"><span style=\"font-size: large;\">D\u00e8s-lors, libres soient les groupuscules de partir en guerre contre ce croque-mitaines qu\u2019ils nomment abusivement ou b\u00eatement racisme, quand les races n\u2019existent pas selon eux-m\u00eames et quand la France les a Princi\u00e8rement Accueillis, dorlot\u00e9s au point qu\u2019ils se croient davantage chez-eux que le Ma\u00eetre de C\u00e9ans.<\/span><\/p>\n<p align=\"JUSTIFY\">\n<p align=\"JUSTIFY\">\n<p align=\"JUSTIFY\"><span style=\"font-family: 'Arial Rounded MT Bold', sans-serif;\"><span style=\"font-size: large;\">Au \u00ab\u00a0Cri d\u2019Alarme\u00a0\u00bb nous prenons pour Juste et Bon qu\u2019un Peuple quel qu\u2019il soit, soit Seul Ma\u00eetre chez lui, soit-il Charbonnier, son chez soi une Chaumi\u00e8re.<\/span><\/span><\/p>\n<p align=\"JUSTIFY\">\n<p align=\"JUSTIFY\"><span style=\"font-family: 'Comic Sans MS', cursive;\"><span style=\"font-size: large;\">D\u00e8s-lors que ces S\u00e9minaires Anti-Racistes se le seront mis dans le Cr\u00e2ne\u2026 no more Reject Process, tout rentrera dans l\u2019Ordre, sans le moindre<\/span><\/span><\/p>\n<p align=\"JUSTIFY\">\n<p align=\"CENTER\"><span style=\"font-family: Arial, sans-serif;\"><span style=\"font-size: large;\"><em>Argumentum baculinum<\/em><\/span><\/span><\/p>\n<p align=\"JUSTIFY\">\n<p align=\"JUSTIFY\"><span style=\"font-family: 'Comic Sans MS', cursive;\"><span style=\"font-size: large;\">Sans le moindre b\u00e2ton en mani\u00e8re d\u2019argument, sans le Recours \u00e0 des Associations plus Vampiristes que porteuses de Rameaux d\u2019Olivier<\/span><\/span><span style=\"font-size: large;\">.<\/span><\/p>\n<p align=\"JUSTIFY\">\n<p align=\"JUSTIFY\"><span style=\"font-size: large;\">Et m\u00eame, sans le moindre Saule Pleureur <\/span><span style=\"font-family: Arial, sans-serif;\"><span style=\"font-size: large;\"><em>Chev\u00e8nementesque<\/em><\/span><\/span><span style=\"font-size: large;\">, tr\u00e9buchant, z\u00e9zayant et croulant qui ne saurait donner le change. <\/span><\/p>\n<p align=\"JUSTIFY\">\n<p align=\"JUSTIFY\"><span style=\"font-size: large;\">\u00c9ric EG Nogard<\/span><\/p>\n<p align=\"JUSTIFY\"><span style=\"color: #c00000;\"><span style=\"font-size: large;\"><em>Chroniqueur<\/em><\/span><\/span><span style=\"color: #c00000;\"><span style=\"font-size: large;\">.<\/span><\/span><\/p>\n<p align=\"CENTER\"><span style=\"font-size: large;\"><strong>*** *** ***<\/strong><\/span><\/p>\n<p align=\"CENTER\"><span style=\"color: #ff0000;\"><span style=\"font-size: large;\"><strong>Nota : <\/strong><\/span><\/span><span style=\"color: #000000;\"><span style=\"font-size: large;\">Nous ne traitons que de Faits et de Noms rendus Publics.<\/span><\/span><\/p>\n<p align=\"CENTER\">\n<p align=\"JUSTIFY\"><span style=\"font-size: large;\"><strong>N.B.:<\/strong><\/span><span style=\"font-size: large;\"> &#8211; <\/span><span style=\"color: #c00000;\"><span style=\"font-family: 'Comic Sans MS', cursive;\"><span style=\"font-size: large;\">Nous Recommandons instamment et syst\u00e9matiquement l\u2019ouverture de la (ou des) pi\u00e8ce(s) jointe(s) \u00e0 l\u2019e-mail, sous format Pdf, <\/span><\/span><\/span><span style=\"color: #c00000;\"><span style=\"font-family: 'Comic Sans MS', cursive;\"><span style=\"font-size: large;\"><span style=\"text-decoration: underline;\">les illustrations y sont incluses<\/span><\/span><\/span><\/span><span style=\"color: #c00000;\"><span style=\"font-family: 'Comic Sans MS', cursive;\"><span style=\"font-size: large;\">.<\/span><\/span><\/span><\/p>\n<p align=\"JUSTIFY\">\n<p align=\"CENTER\"><span style=\"color: #ff0000;\"><span><strong>Ne Peut \u00eatre reproduit &#8211; m\u00eame partiellement &#8211; sans l\u2019autorisation de l\u2019Auteur.<\/strong><\/span><\/span><\/p>\n<p align=\"JUSTIFY\"><span style=\"text-decoration: underline;\"><strong>Liens Sugg\u00e9r\u00e9s\u00a0:<\/strong><\/span><\/p>\n<p align=\"JUSTIFY\">\n<ul>\n<li>\n<p align=\"JUSTIFY\"><span style=\"color: #0000ff;\"><span style=\"text-decoration: underline;\"><a href=\"http:\/\/www.lescrutateur.com\/\">http:\/\/www.lescrutateur.com\/<\/a><\/span><\/span><\/p>\n<\/li>\n<li>\n<p align=\"JUSTIFY\"><span style=\"color: #0000ff;\"><span style=\"text-decoration: underline;\"><a href=\"http:\/\/www.etatsgenerauxdeloutremer.fr\/reflexions\">http:\/\/www.etatsgenerauxdeloutremer.fr\/reflexions<\/a><\/span><\/span><\/p>\n<\/li>\n<\/ul>\n<p align=\"CENTER\">\n<p align=\"CENTER\">\n<script type=\"text\/javascript\">\n\nvar addthis_config = {\"data_track_clickback\":false,\"data_track_addressbar\":false,\"data_track_textcopy\":false};\n<\/script><script type=\"text\/javascript\" src=\"\/\/s7.addthis.com\/js\/250\/addthis_widget.js#pubid=a457a6d63fb9e6ccabdde4110343bd85\"><\/script>","protected":false},"excerpt":{"rendered":"<p align=\"CENTER\">Blooming de s\u00e9minaires, pour faire front au Racisme.<\/p>\n<p align=\"JUSTIFY\">\u00a0<\/p>\n<p align=\"JUSTIFY\"><span style=\"color: #632423;\"><span style=\"font-family: 'Comic Sans MS', cursive;\"><span style=\"font-size: large;\">\u00c9ric EG Nogard<\/span><\/span><\/span><\/p>\n<p align=\"JUSTIFY\"><span style=\"color: #c00000;\"><span style=\"font-size: large;\">Chroniqueur<\/span><\/span><span style=\"color: #c00000;\"><span style=\"font-size: large;\">.<\/span><\/span><\/p>\n<p align=\"CENTER\">\n<p align=\"CENTER\"><span style=\"color: #632423;\"><span style=\"font-size: large;\">*** *** ***<\/span><\/span><\/p>\n<p align=\"JUSTIFY\"><span style=\"font-size: x-large;\">Blooming<\/span><span style=\"font-size: x-large;\"> de s\u00e9minaires, pour faire front au Racisme.<\/span><\/p>\n<p align=\"JUSTIFY\">\n<p align=\"JUSTIFY\">\n<p align=\"CENTER\">\n<p align=\"CENTER\">\n<p align=\"CENTER\"><span style=\"font-size: large;\">F1\u00a0: <\/span><span style=\"color: #c00000;\"><span style=\"font-size: large;\">\u2026 ou se mettre la Burqua\u00a0sur les \u00ab\u00a0Nichons\u00a0\u00bb\u00a0<\/span><\/span>&hellip;<\/p>\n","protected":false},"author":1,"featured_media":0,"comment_status":"open","ping_status":"open","sticky":false,"template":"","format":"standard","meta":{"footnotes":""},"categories":[1],"tags":[],"class_list":["post-12639","post","type-post","status-publish","format-standard","hentry","category-accueil"],"_links":{"self":[{"href":"http:\/\/www.lecarrefourdesopinions.ca\/index.php?rest_route=\/wp\/v2\/posts\/12639","targetHints":{"allow":["GET"]}}],"collection":[{"href":"http:\/\/www.lecarrefourdesopinions.ca\/index.php?rest_route=\/wp\/v2\/posts"}],"about":[{"href":"http:\/\/www.lecarrefourdesopinions.ca\/index.php?rest_route=\/wp\/v2\/types\/post"}],"author":[{"embeddable":true,"href":"http:\/\/www.lecarrefourdesopinions.ca\/index.php?rest_route=\/wp\/v2\/users\/1"}],"replies":[{"embeddable":true,"href":"http:\/\/www.lecarrefourdesopinions.ca\/index.php?rest_route=%2Fwp%2Fv2%2Fcomments&post=12639"}],"version-history":[{"count":1,"href":"http:\/\/www.lecarrefourdesopinions.ca\/index.php?rest_route=\/wp\/v2\/posts\/12639\/revisions"}],"predecessor-version":[{"id":12643,"href":"http:\/\/www.lecarrefourdesopinions.ca\/index.php?rest_route=\/wp\/v2\/posts\/12639\/revisions\/12643"}],"wp:attachment":[{"href":"http:\/\/www.lecarrefourdesopinions.ca\/index.php?rest_route=%2Fwp%2Fv2%2Fmedia&parent=12639"}],"wp:term":[{"taxonomy":"category","embeddable":true,"href":"http:\/\/www.lecarrefourdesopinions.ca\/index.php?rest_route=%2Fwp%2Fv2%2Fcategories&post=12639"},{"taxonomy":"post_tag","embeddable":true,"href":"http:\/\/www.lecarrefourdesopinions.ca\/index.php?rest_route=%2Fwp%2Fv2%2Ftags&post=12639"}],"curies":[{"name":"wp","href":"https:\/\/api.w.org\/{rel}","templated":true}]}}