{"id":12628,"date":"2016-09-04T14:00:41","date_gmt":"2016-09-04T18:00:41","guid":{"rendered":"http:\/\/www.lecarrefourdesopinions.ca\/?p=12628"},"modified":"2016-09-04T14:01:08","modified_gmt":"2016-09-04T18:01:08","slug":"12628","status":"publish","type":"post","link":"http:\/\/www.lecarrefourdesopinions.ca\/?p=12628","title":{"rendered":"L\u2019\u00e9cocitoyennet\u00e9 \u00e0 l\u2019\u00e9cole : pour vaincre la crise climatique"},"content":{"rendered":"<h1 align=\"JUSTIFY\">L\u2019\u00e9cocitoyennet\u00e9 \u00e0 l\u2019\u00e9cole\u00a0: pour vaincre la crise climatique<\/h1>\n<p><img loading=\"lazy\" decoding=\"async\" class=\"alignnone size-thumbnail wp-image-12581\" title=\"P8097469\" src=\"http:\/\/www.lecarrefourdesopinions.ca\/wp-content\/uploads\/2016\/08\/P8097469-134x107.jpg\" alt=\"\" width=\"134\" height=\"107\" \/><\/p>\n<p align=\"JUSTIFY\"><span style=\"color: #800000;\"><em>\u00a0par\u00a0Louise Morand, Ph.D.<\/em><\/span><\/p>\n<p align=\"JUSTIFY\">L\u2019Archev\u00eaque d\u2019Afrique du sud et compagnon de lutte de Nelson Mandela, Mgr. Desmond Tutu, fait un lien entre le r\u00e9chauffement climatique et l\u2019apartheid<sup><a name=\"sdfootnote1anc\" href=\"#sdfootnote1sym\"><\/a><sup>1<\/sup><\/sup>. Depuis plus de 30 ans, des scientifiques sonnent l\u2019alarme sur les impacts des gaz \u00e0 effet de serre (GES) et le r\u00e9chauffement climatique. Pourtant, les \u00e9missions de GES continuent d\u2019augmenter. Comme dans un r\u00e9gime d\u2019apartheid, la poursuite des int\u00e9r\u00eats \u00e9conomiques d\u2019une fraction de la population domine les int\u00e9r\u00eats de l\u2019ensemble des citoyens, \u00e0 la diff\u00e9rence que, avec le n\u00e9olib\u00e9ralisme actuel, c\u2019est la survie de la civilisation et de toutes les esp\u00e8ces vivantes qui sont en p\u00e9ril.<\/p>\n<p align=\"JUSTIFY\">Le virage annonc\u00e9 dans la nouvelle politique \u00e9nerg\u00e9tique du gouvernement Couillard vers l\u2019exploitation du gaz et du p\u00e9trole non conventionnels<sup><a name=\"sdfootnote2anc\" href=\"#sdfootnote2sym\"><\/a><sup>2<\/sup><\/sup>, qui produisent davantage de GES que les hydrocarbures conventionnels, vient confirmer le laxisme de nos \u00e9lus. Le Qu\u00e9bec s\u2019avance aujourd\u2019hui dans la voie de l\u2019\u00e9chec en ce qui concerne la lutte contre les changements climatiques. Ce qui, nous le savons, condamne au chaos les g\u00e9n\u00e9rations futures, c&rsquo;est-\u00e0-dire celles des enfants qui sont aujourd\u2019hui assis \u00e0 leur pupitre d\u2019\u00e9l\u00e8ves<sup><a name=\"sdfootnote3anc\" href=\"#sdfootnote3sym\"><\/a><sup>3<\/sup><\/sup>.<\/p>\n<p align=\"JUSTIFY\">Des experts reconnaissent que les pays comme le Canada, les \u00c9tats-Unis et l\u2019Australie poss\u00e8dent toutes les ressources pour op\u00e9rer une transition \u00e9nerg\u00e9tique rapide. Plusieurs sc\u00e9narios de sortie de crise sont d\u00e9j\u00e0 \u00e9tablis<sup><a name=\"sdfootnote4anc\" href=\"#sdfootnote4sym\"><\/a><sup>4<\/sup><\/sup>. En 15 ans, un pays fortement \u00e9metteur de GES comme le Canada pourrait \u00eatre aliment\u00e9 \u00e0 100\u00a0% en \u00e9nergie renouvelable. Le probl\u00e8me de la transition \u00e9nerg\u00e9tique n\u2019est pas technologique ou financier, il est politique.<\/p>\n<p align=\"JUSTIFY\">Face \u00e0 la faillite morale de nos politiciens, de nombreuses personnalit\u00e9s font appel \u00e0 la mobilisation de la soci\u00e9t\u00e9 civile pour contrer le d\u00e9sastre annonc\u00e9. Le milieu de l\u2019\u00e9ducation doit prendre acte de ce contexte exceptionnel. Tout comme il est devenu non viable de continuer la pr\u00e9dation capitaliste des ressources de la plan\u00e8te, il n\u2019est plus possible de poursuivre le mod\u00e8le traditionnel de l\u2019\u00e9cole ax\u00e9e vers la formation de la main d\u2019\u0153uvre tout en faisant abstraction des crises qui s\u2019avancent.<\/p>\n<p align=\"JUSTIFY\">Si l\u2019humanit\u00e9 doit survivre au 21<sup>\u00e8me<\/sup> si\u00e8cle<sup><a name=\"sdfootnote5anc\" href=\"#sdfootnote5sym\"><\/a><sup>5<\/sup><\/sup>, il faut que l\u2019\u00e9ducation se mette au service de la soci\u00e9t\u00e9 civile pour faire \u00e9chec au n\u00e9olib\u00e9ralisme et d\u00e9velopper la culture d\u2019\u00e9cocitoyennet\u00e9 dont nous avons besoin. L\u2019\u00e9cole ne doit plus \u00eatre un instrument au service des int\u00e9r\u00eats du march\u00e9. Elle doit devenir un moyen d\u2019orienter les jeunes dans la construction d\u2019une soci\u00e9t\u00e9 viable. C\u2019est donc dire que le milieu de l\u2019\u00e9ducation doit apprendre \u00e0 conna\u00eetre, d\u00e9velopper et ma\u00eetriser les moyens de lutte collective pour la transition \u00e9nerg\u00e9tique. La lutte aux changements climatiques doit devenir une priorit\u00e9 de l\u2019\u00e9ducation au Qu\u00e9bec comme partout dans le monde.<\/p>\n<p lang=\"fr-CA\" align=\"JUSTIFY\"><span style=\"color: #000000;\"><span style=\"font-family: Calibri, sans-serif;\"><span>Louise Morand, Ph.D. <\/span><\/span><\/span><\/p>\n<p lang=\"fr-CA\" align=\"JUSTIFY\"><span style=\"color: #000000;\"><span style=\"font-family: Calibri, sans-serif;\"><span>Charg\u00e9e de cours, UQAM<\/span><\/span><\/span><\/p>\n<p lang=\"fr-CA\" align=\"JUSTIFY\"><span style=\"color: #000000;\"><span style=\"font-family: Calibri, sans-serif;\"><span>Enseignante au primaire<\/span><\/span><\/span><\/p>\n<p lang=\"fr-CA\" align=\"JUSTIFY\"><span style=\"color: #000000;\"><span style=\"font-family: Calibri, sans-serif;\"><span>Le 3 septembre 2016<\/span><\/span><\/span><\/p>\n<p align=\"JUSTIFY\">\n<p align=\"JUSTIFY\">\n<p align=\"JUSTIFY\">\n<div id=\"sdfootnote1\">\n<p><a name=\"sdfootnote1sym\" href=\"#sdfootnote1anc\"><\/a>1Desmond Tutu (2015). <em>Crime climatique Stop! L\u2019appel de la soci\u00e9t\u00e9 civile<\/em>. Paris\u00a0: Seuil, p. 17-22.<\/p>\n<p>&nbsp;<\/p>\n<\/div>\n<div id=\"sdfootnote2\">\n<p><a name=\"sdfootnote2sym\" href=\"#sdfootnote2anc\"><\/a>2 <span style=\"color: #0000ff;\"><span style=\"text-decoration: underline;\"><a href=\"http:\/\/mern.gouv.qc.ca\/wp-content\/uploads\/2016\/04\/Politique-energetique-2030.pdf\"><span style=\"font-size: small;\">http:\/\/mern.gouv.qc.ca\/wp-content\/uploads\/2016\/04\/Politique-energetique-2030.pdf<\/span><\/a><\/span><\/span><\/p>\n<p>&nbsp;<\/p>\n<\/div>\n<div id=\"sdfootnote3\">\n<p><a name=\"sdfootnote3sym\" href=\"#sdfootnote3anc\"><\/a>3<span style=\"font-size: small;\"> Eric Zuesse. Climate catastrophe will hit tropics around 2020, rest of the world around 2047, study says. <\/span><span style=\"color: #0000ff;\"><span style=\"text-decoration: underline;\"><a href=\"http:\/\/www.huffingtonpost.com\/eric-zuesse\/climate-catastrophe-to-hi_b_4089746.html\"><span style=\"font-size: small;\">http:\/\/www.huffingtonpost.com\/eric-zuesse\/climate-catastrophe-to-hi_b_4089746.html<\/span><\/a><\/span><\/span><span style=\"font-size: small;\">; <\/span><span style=\"font-size: small;\"><em>Crime climatique Stop! L\u2019appel de la soci\u00e9t\u00e9 civile<\/em><\/span><span style=\"font-size: small;\">. Paris\u00a0: Seuil.<\/span><\/p>\n<p>&nbsp;<\/p>\n<\/div>\n<div id=\"sdfootnote4\">\n<p><a name=\"sdfootnote4sym\" href=\"#sdfootnote4anc\"><\/a>4 Gordon Laxer (2015). <em>After the Sands. Energy and Ecological Security for Canadians<\/em>. Madeira Park, BC : Douglas &amp; McIntyre; C. Potvin et coll. (2015). <em>Agir sur les changements climatiques<\/em>. <span style=\"color: #0000ff;\"><span style=\"text-decoration: underline;\"><a href=\"http:\/\/biology.mcgill.ca\/unesco\/FR_Fullreport.pdf\">http:\/\/biology.mcgill.ca\/unesco\/FR_Fullreport.pdf<\/a><\/span><\/span>.; Tim Flannery, <em>Solutions to the climate crisis<\/em>. Town Hall, Seattle, WA 12 November 2015. <a href=\"http:\/\/www.alternativeradio.org\/\"><span style=\"color: #0000ff;\"><span style=\"text-decoration: underline;\"><em>www.alternative<\/em><\/span><\/span><span style=\"color: #0000ff;\"><span style=\"text-decoration: underline;\">radio.org<\/span><\/span><\/a>; <em>Un grand bond vers l\u2019avant.<\/em> https:\/\/leapmanifesto.org\/fr\/un-grand-bond-vers-lavant\/.<\/p>\n<\/div>\n<div id=\"sdfootnote5\">\n<p><a name=\"sdfootnote5sym\" href=\"#sdfootnote5anc\"><\/a>5 Villeneuve, C. (2013). <em>Est-il trop tard? Le point sur les changements climatiques<\/em>. Montr\u00e9al\u00a0: MultiMondes, p.31.<\/p>\n<p>&nbsp;<\/p>\n<\/div>\n<script type=\"text\/javascript\">\n\nvar addthis_config = {\"data_track_clickback\":false,\"data_track_addressbar\":false,\"data_track_textcopy\":false};\n<\/script><script type=\"text\/javascript\" src=\"\/\/s7.addthis.com\/js\/250\/addthis_widget.js#pubid=a457a6d63fb9e6ccabdde4110343bd85\"><\/script>","protected":false},"excerpt":{"rendered":"<p>L\u2019\u00e9cocitoyennet\u00e9 \u00e0 l\u2019\u00e9cole\u00a0: pour vaincre la crise climatique<\/p>\n<p align=\"JUSTIFY\"><span style=\"color: #800000;\">\u00a0par\u00a0Louise Morand, Ph.D.<\/span><\/p>\n<p align=\"JUSTIFY\">L\u2019Archev\u00eaque d\u2019Afrique du sud et compagnon de lutte de Nelson Mandela, Mgr. Desmond Tutu, fait un lien entre le r\u00e9chauffement climatique et l\u2019apartheid<sup><\/sup><sup>1<\/sup>&hellip;<\/p>\n","protected":false},"author":1,"featured_media":0,"comment_status":"open","ping_status":"open","sticky":false,"template":"","format":"standard","meta":{"footnotes":""},"categories":[1],"tags":[],"class_list":["post-12628","post","type-post","status-publish","format-standard","hentry","category-accueil"],"_links":{"self":[{"href":"http:\/\/www.lecarrefourdesopinions.ca\/index.php?rest_route=\/wp\/v2\/posts\/12628","targetHints":{"allow":["GET"]}}],"collection":[{"href":"http:\/\/www.lecarrefourdesopinions.ca\/index.php?rest_route=\/wp\/v2\/posts"}],"about":[{"href":"http:\/\/www.lecarrefourdesopinions.ca\/index.php?rest_route=\/wp\/v2\/types\/post"}],"author":[{"embeddable":true,"href":"http:\/\/www.lecarrefourdesopinions.ca\/index.php?rest_route=\/wp\/v2\/users\/1"}],"replies":[{"embeddable":true,"href":"http:\/\/www.lecarrefourdesopinions.ca\/index.php?rest_route=%2Fwp%2Fv2%2Fcomments&post=12628"}],"version-history":[{"count":2,"href":"http:\/\/www.lecarrefourdesopinions.ca\/index.php?rest_route=\/wp\/v2\/posts\/12628\/revisions"}],"predecessor-version":[{"id":12630,"href":"http:\/\/www.lecarrefourdesopinions.ca\/index.php?rest_route=\/wp\/v2\/posts\/12628\/revisions\/12630"}],"wp:attachment":[{"href":"http:\/\/www.lecarrefourdesopinions.ca\/index.php?rest_route=%2Fwp%2Fv2%2Fmedia&parent=12628"}],"wp:term":[{"taxonomy":"category","embeddable":true,"href":"http:\/\/www.lecarrefourdesopinions.ca\/index.php?rest_route=%2Fwp%2Fv2%2Fcategories&post=12628"},{"taxonomy":"post_tag","embeddable":true,"href":"http:\/\/www.lecarrefourdesopinions.ca\/index.php?rest_route=%2Fwp%2Fv2%2Ftags&post=12628"}],"curies":[{"name":"wp","href":"https:\/\/api.w.org\/{rel}","templated":true}]}}