{"id":12622,"date":"2016-09-02T12:17:48","date_gmt":"2016-09-02T16:17:48","guid":{"rendered":"http:\/\/www.lecarrefourdesopinions.ca\/?p=12622"},"modified":"2016-09-02T12:17:48","modified_gmt":"2016-09-02T16:17:48","slug":"si-ce-nest-la-descente-ce-nest-pas-la-montee","status":"publish","type":"post","link":"http:\/\/www.lecarrefourdesopinions.ca\/?p=12622","title":{"rendered":"Si ce n\u2019est la Descente, ce n\u2019est pas la Mont\u00e9e."},"content":{"rendered":"<p align=\"CENTER\">\n<p align=\"CENTER\"><span><strong>Le Cri d\u2019Alarme.<\/strong><\/span><\/p>\n<p align=\"CENTER\"><span style=\"color: #000000;\"><span><strong>Chronique d\u2019\u00c9ric E.G. NOGARD<\/strong><\/span><\/span><\/p>\n<p align=\"CENTER\"><span style=\"color: #000000;\"><span><strong>De l\u2019Ex. Martinique Province Fran\u00e7aise d\u2019Am\u00e9rique Amie du Canada (1061 Titres).<\/strong><\/span><\/span><\/p>\n<p align=\"CENTER\"><span style=\"color: #c00000;\"><em><strong>==========<\/strong><\/em><\/span><\/p>\n<p align=\"JUSTIFY\"><span style=\"color: #c00000;\"> <span style=\"font-family: 'Comic Sans MS', cursive;\"><span>\u00ab\u00a0<\/span><\/span><\/span><span style=\"color: #c00000;\"><span style=\"font-family: Cambria, serif;\"><span><strong>Notre M\u00e9tier n\u2019est pas de faire plaisir, Non plus de faire tort \u00e0 qui que ce soit, Ni pour quoi que ce soit, Il est de porter la plume dans la plaie<\/strong><\/span><\/span><\/span><span style=\"color: #c00000;\"><span style=\"font-family: Cambria, serif;\"><span>\u00a0\u00bb. (Albert LONDRES).<\/span><\/span><\/span><\/p>\n<p align=\"JUSTIFY\">\n<p align=\"CENTER\"><span style=\"color: #c00000;\"><em><strong>*** ***<\/strong><\/em><\/span><\/p>\n<p align=\"JUSTIFY\"><span style=\"color: #632423;\"><em><strong>Pardonnez-nous si jamais, tel Aristarque De SAMOS, nous troublons quelque part, jusqu\u2019au \u00ab\u00a0Repos des Dieux\u00a0\u00bb. (\u00c9ric EG Nogard, Chroniqueur).<\/strong><\/em><\/span><\/p>\n<p align=\"CENTER\">\n<p align=\"CENTER\"><span style=\"color: #000099;\"><span style=\"font-family: Arial, sans-serif;\"><span><em><strong>Si ce n\u2019est la Descente, ce n\u2019est pas la Mont\u00e9e.<\/strong><\/em><\/span><\/span><\/span><\/p>\n<p align=\"CENTER\">\n<p align=\"CENTER\"><span style=\"color: #000099;\"><span><strong>=====<\/strong><\/span><\/span><\/p>\n<p>&nbsp;<\/p>\n<p align=\"JUSTIFY\"><span style=\"color: #632423;\"><span style=\"font-family: 'Comic Sans MS', cursive;\"><span style=\"font-size: large;\"><em><strong>Si ce n\u2019est la Descente, ce n\u2019est pas la Mont\u00e9e.<\/strong><\/em><\/span><\/span><\/span><\/p>\n<p align=\"JUSTIFY\">\u00a0<img loading=\"lazy\" decoding=\"async\" class=\"alignnone size-full wp-image-12457\" title=\"Eric\" src=\"http:\/\/www.lecarrefourdesopinions.ca\/wp-content\/uploads\/2016\/07\/Eric.jpg\" alt=\"\" width=\"134\" height=\"107\" \/><\/p>\n<p align=\"JUSTIFY\"><span style=\"color: #632423;\"><span style=\"font-family: 'Comic Sans MS', cursive;\"><span style=\"font-size: large;\">\u00c9ric EG Nogard<\/span><\/span><\/span><\/p>\n<p align=\"JUSTIFY\"><span style=\"color: #c00000;\"><span style=\"font-size: large;\"><em>Chroniqueur<\/em><\/span><\/span><span style=\"color: #c00000;\"><span style=\"font-size: large;\">.<\/span><\/span><\/p>\n<p style=\"text-align: center;\" align=\"JUSTIFY\"><span style=\"font-family: 'Comic Sans MS', cursive;\"><span style=\"font-size: large;\">La Descente aux Enfers\u2026 la Mont\u00e9e au Paradis\u00a0;<\/span><\/span><\/p>\n<p align=\"JUSTIFY\">\n<p align=\"JUSTIFY\"><span style=\"font-family: 'Comic Sans MS', cursive;\"><span style=\"font-size: large;\">La France en tout cas semble l\u2019avoir compris, la voil\u00e0 qui donne les premiers signes que tous ceux qui l\u2019aiment, esp\u00e9raient tant pour Elle, les Signes du Renouveau\u2026 le Perce-Neige fleurit\u00a0!..<\/span><\/span><\/p>\n<p align=\"JUSTIFY\">\n<p align=\"JUSTIFY\">\n<p align=\"CENTER\">\n<p align=\"CENTER\"><img loading=\"lazy\" decoding=\"async\" class=\"alignnone size-large wp-image-12623\" title=\"F1   MACRON et PAU LANGEVIN  en touchant au Sommet et ses Avant\" src=\"http:\/\/www.lecarrefourdesopinions.ca\/wp-content\/uploads\/2016\/09\/F1-MACRON-et-PAU-LANGEVIN-en-touchant-au-Sommet-et-ses-Avant-1024x306.jpg\" alt=\"\" width=\"450\" height=\"134\" srcset=\"http:\/\/www.lecarrefourdesopinions.ca\/wp-content\/uploads\/2016\/09\/F1-MACRON-et-PAU-LANGEVIN-en-touchant-au-Sommet-et-ses-Avant-1024x306.jpg 1024w, http:\/\/www.lecarrefourdesopinions.ca\/wp-content\/uploads\/2016\/09\/F1-MACRON-et-PAU-LANGEVIN-en-touchant-au-Sommet-et-ses-Avant-300x89.jpg 300w, http:\/\/www.lecarrefourdesopinions.ca\/wp-content\/uploads\/2016\/09\/F1-MACRON-et-PAU-LANGEVIN-en-touchant-au-Sommet-et-ses-Avant-400x119.jpg 400w, http:\/\/www.lecarrefourdesopinions.ca\/wp-content\/uploads\/2016\/09\/F1-MACRON-et-PAU-LANGEVIN-en-touchant-au-Sommet-et-ses-Avant.jpg 1251w\" sizes=\"auto, (max-width: 450px) 100vw, 450px\" \/><\/p>\n<p align=\"JUSTIFY\"><span style=\"font-size: large;\"><strong>F1\u00a0: <\/strong><\/span><span style=\"color: #c00000;\"><span style=\"font-size: large;\"><em><strong>MACRON et PAU-LANGEVIN, en touchant au Sommet et ses Avantages, ils ont touch\u00e9 au Fond avec toute sa Lie.<\/strong><\/em><\/span><\/span><\/p>\n<p align=\"CENTER\">\n<p align=\"JUSTIFY\">\n<p align=\"JUSTIFY\"><span style=\"font-size: large;\"><strong>MACRON et PAU-LANGEVIN ont pu dire MERCI, chacun \u00e0 sa fa\u00e7on, par la voie de son choix.<\/strong><\/span><\/p>\n<p align=\"JUSTIFY\">\n<p align=\"JUSTIFY\"><span style=\"font-size: large;\">L\u2019un donnant l\u2019air d\u2019\u00eatre ingrat\u2026 est-ce de l\u2019Ingratitude.<\/span><\/p>\n<p align=\"JUSTIFY\">\n<p align=\"JUSTIFY\"><span style=\"font-size: large;\">Et par la voie des Mers en embarquant sur Seine.<\/span><\/p>\n<p align=\"JUSTIFY\">\n<p align=\"JUSTIFY\"><span style=\"font-size: large;\">L\u2019autre sur la pointe des pieds, pour raisons personnelles\u2026 ou pour Raison d\u2019\u00c9tat.<\/span><\/p>\n<p align=\"JUSTIFY\">\n<p align=\"JUSTIFY\"><span style=\"font-size: large;\">Et par Conf\u00e9rence de Presse \u00e0 taux r\u00e9duit par tri sur les volets.<\/span><\/p>\n<p align=\"JUSTIFY\">\n<p align=\"JUSTIFY\">\n<p align=\"JUSTIFY\"><span style=\"font-family: Cambria, serif;\"><span style=\"font-size: large;\"><em>Quand le M\u00e9decin se retire, quand l\u2019Abbesse le suit\u2026 n\u2019est-ce pas l\u2019Extr\u00eame-Onction, quoi d\u2019autre esp\u00e9rer pour cette R\u00e9publique, pour sa CONSTITUTION comme pour sa Pr\u00e9sidence\u2026 pour le BIEN de la France.<\/em><\/span><\/span><\/p>\n<p align=\"JUSTIFY\">\n<p align=\"JUSTIFY\">\n<p align=\"JUSTIFY\"><span style=\"font-size: large;\"><strong>Monsieur Fran\u00e7ois HOLLANDE n\u2019\u00e9tait pas fait pour le <\/strong><\/span><span style=\"font-family: Arial, sans-serif;\"><span style=\"font-size: large;\"><em><strong>JOB<\/strong><\/em><\/span><\/span><span style=\"font-size: large;\"><strong>, chacun le savait bien\u2026 il ne l\u2019ignorait pas.<\/strong><\/span><\/p>\n<p align=\"JUSTIFY\">\n<p align=\"JUSTIFY\">\n<p align=\"CENTER\"><img loading=\"lazy\" decoding=\"async\" class=\"alignnone size-medium wp-image-12624\" title=\"F2   Prends la  Croque la  D\u00e9vore la  elle est toute \u00e0 toi\" src=\"http:\/\/www.lecarrefourdesopinions.ca\/wp-content\/uploads\/2016\/09\/F2-Prends-la-Croque-la-D\u00e9vore-la-elle-est-toute-\u00e0-toi-300x199.jpg\" alt=\"\" width=\"300\" height=\"199\" srcset=\"http:\/\/www.lecarrefourdesopinions.ca\/wp-content\/uploads\/2016\/09\/F2-Prends-la-Croque-la-D\u00e9vore-la-elle-est-toute-\u00e0-toi-300x199.jpg 300w, http:\/\/www.lecarrefourdesopinions.ca\/wp-content\/uploads\/2016\/09\/F2-Prends-la-Croque-la-D\u00e9vore-la-elle-est-toute-\u00e0-toi-400x266.jpg 400w, http:\/\/www.lecarrefourdesopinions.ca\/wp-content\/uploads\/2016\/09\/F2-Prends-la-Croque-la-D\u00e9vore-la-elle-est-toute-\u00e0-toi.jpg 950w\" sizes=\"auto, (max-width: 300px) 100vw, 300px\" \/><\/p>\n<p align=\"JUSTIFY\">\n<p align=\"CENTER\"><span style=\"font-size: large;\"><strong>F2\u00a0: <\/strong><\/span><span style=\"color: #c00000;\"><span style=\"font-size: large;\"><em><strong>Prends la, Croque la, D\u00e9vore la, elle est toute \u00e0 toi.<\/strong><\/em><\/span><\/span><\/p>\n<p align=\"JUSTIFY\">\n<p align=\"JUSTIFY\">\n<p align=\"JUSTIFY\"><span style=\"font-size: large;\">Cependant l\u2019Occasion\u2026 la Tentation\u2026les Pressions\u2026 imaginons ADAM subjugu\u00e9 par la Pomme que dans sa Nudit\u00e9 \u0116VE lui propose en lui disant de sa voix qui ensorcelle\u00a0:<\/span><\/p>\n<p align=\"JUSTIFY\">\n<p align=\"CENTER\"><span style=\"font-size: large;\">\u00ab\u00a0<\/span><span style=\"font-size: large;\"><em>Prends la\u2026 Elle est \u00e0 toi<\/em><\/span><span style=\"font-size: large;\">\u00a0\u00bb\u00a0!..<\/span><\/p>\n<p align=\"JUSTIFY\">\n<p align=\"JUSTIFY\"><span style=\"font-size: large;\">Et, comme ADAM, HOLLANDE y a Croqu\u00e9, depuis quand la Chair aurait-elle cess\u00e9 d\u2019\u00eatre Faible, \u00e0 moins d\u2019un Caract\u00e8re qui sorte de l\u2019Ordinaire.<\/span><\/p>\n<p align=\"JUSTIFY\">\n<p align=\"JUSTIFY\">\n<p align=\"JUSTIFY\"><span style=\"font-size: large;\"><strong>MACRON et PAU-LANGEVIN ont eu la Pomme aux L\u00e8vres\u2026 et puis ils l\u2019ont VOMIE pour avoir enfin Compris.<\/strong><\/span><\/p>\n<p align=\"JUSTIFY\">\n<p align=\"JUSTIFY\">\n<p align=\"CENTER\"><img loading=\"lazy\" decoding=\"async\" class=\"alignnone size-medium wp-image-12625\" title=\"F3   Vomie  avant qu il soit trop tard\" src=\"http:\/\/www.lecarrefourdesopinions.ca\/wp-content\/uploads\/2016\/09\/F3-Vomie-avant-qu-il-soit-trop-tard-300x225.jpg\" alt=\"\" width=\"300\" height=\"225\" srcset=\"http:\/\/www.lecarrefourdesopinions.ca\/wp-content\/uploads\/2016\/09\/F3-Vomie-avant-qu-il-soit-trop-tard-300x225.jpg 300w, http:\/\/www.lecarrefourdesopinions.ca\/wp-content\/uploads\/2016\/09\/F3-Vomie-avant-qu-il-soit-trop-tard-400x300.jpg 400w, http:\/\/www.lecarrefourdesopinions.ca\/wp-content\/uploads\/2016\/09\/F3-Vomie-avant-qu-il-soit-trop-tard.jpg 800w\" sizes=\"auto, (max-width: 300px) 100vw, 300px\" \/><\/p>\n<p align=\"CENTER\">\n<p align=\"CENTER\"><span style=\"font-size: large;\"><strong>F3\u00a0: <\/strong><\/span><span style=\"color: #c00000;\"><span style=\"font-size: large;\"><em><strong>Vomie, avant qu\u2019il soit trop tard.<\/strong><\/em><\/span><\/span><\/p>\n<p>&nbsp;<\/p>\n<p>&nbsp;<\/p>\n<p align=\"JUSTIFY\"><span style=\"font-size: large;\">On peut aimer sa M\u00e8re la France, m\u00eame si parfois elle fait pipi dans sa robe \u2013 par quelle incontinence \u2013 ou crache partout-partout\u2026 et par quel bon plaisir.<\/span><\/p>\n<p align=\"JUSTIFY\">\n<p align=\"JUSTIFY\"><span style=\"font-size: large;\">Cependant, pardonne-t-on ais\u00e9ment \u00e0 son P\u00e8re-Pr\u00e9sident les Vices de sa M\u00e8re la France, tellement on peut les prendre pour Contract\u00e9s par la Contamination dont sont Certainement Coupables le P\u00e9p\u00e9-Pr\u00e9sident son Mari\u2026 et sa Cour.<\/span><\/p>\n<p align=\"JUSTIFY\">\n<p align=\"JUSTIFY\">\n<p align=\"JUSTIFY\"><span style=\"font-family: Cambria, serif;\"><span style=\"font-size: large;\"><em>En tout cas, nous n\u2019avons eu de cesse, qu\u2019aux <\/em><\/span><\/span><span style=\"font-family: Cambria, serif;\"><span style=\"font-size: large;\"><em><strong>\u00c9tats G\u00e9n\u00e9raux de l\u2019Outremer<\/strong><\/em><\/span><\/span><span style=\"font-family: Cambria, serif;\"><span style=\"font-size: large;\"><em> initi\u00e9s par Monsieur Nicolas SARKOZY, que dans \u00ab\u00a0<\/em><\/span><\/span><span style=\"font-family: Cambria, serif;\"><span style=\"font-size: large;\"><em><strong>Martinique Province Fran\u00e7aise d\u2019Am\u00e9rique, Amie du Canada\u00a0<\/strong><\/em><\/span><\/span><span style=\"font-family: Cambria, serif;\"><span style=\"font-size: large;\"><em>\u00bb que dans notre \u00ab\u00a0<\/em><\/span><\/span><span style=\"font-family: Cambria, serif;\"><span style=\"font-size: large;\"><em><strong>Cri d\u2019Alarme<\/strong><\/em><\/span><\/span><span style=\"font-family: Cambria, serif;\"><span style=\"font-size: large;\"><em>\u00a0\u00bb et voire Bien Avant, pour peu qu\u2019on s\u2019en souvienne, de D\u00e9noncer des Tares auxquelles NUL ne voulait croire, davantage par Couardise que par C\u00e9cit\u00e9<\/em><\/span><\/span><span style=\"font-family: Cambria, serif;\"><span style=\"font-size: large;\">.<\/span><\/span><\/p>\n<p align=\"JUSTIFY\">\n<p align=\"JUSTIFY\">\n<p align=\"CENTER\"><img loading=\"lazy\" decoding=\"async\" class=\"alignnone size-large wp-image-12626\" title=\"F4   Il est fort All\u00e9chant  mais nous n en voulons pas\" src=\"http:\/\/www.lecarrefourdesopinions.ca\/wp-content\/uploads\/2016\/09\/F4-Il-est-fort-All\u00e9chant-mais-nous-n-en-voulons-pas-1024x512.jpg\" alt=\"\" width=\"450\" height=\"225\" srcset=\"http:\/\/www.lecarrefourdesopinions.ca\/wp-content\/uploads\/2016\/09\/F4-Il-est-fort-All\u00e9chant-mais-nous-n-en-voulons-pas-1024x512.jpg 1024w, http:\/\/www.lecarrefourdesopinions.ca\/wp-content\/uploads\/2016\/09\/F4-Il-est-fort-All\u00e9chant-mais-nous-n-en-voulons-pas-300x150.jpg 300w, http:\/\/www.lecarrefourdesopinions.ca\/wp-content\/uploads\/2016\/09\/F4-Il-est-fort-All\u00e9chant-mais-nous-n-en-voulons-pas-400x200.jpg 400w, http:\/\/www.lecarrefourdesopinions.ca\/wp-content\/uploads\/2016\/09\/F4-Il-est-fort-All\u00e9chant-mais-nous-n-en-voulons-pas.jpg 2000w\" sizes=\"auto, (max-width: 450px) 100vw, 450px\" \/><\/p>\n<p align=\"JUSTIFY\">\n<p align=\"JUSTIFY\">\n<p align=\"CENTER\"><span style=\"font-size: large;\"><strong>F4\u00a0: <\/strong><\/span><span style=\"color: #c00000;\"><span style=\"font-size: large;\"><em><strong>Il est fort All\u00e9chant, mais nous n\u2019en voulons pas.<\/strong><\/em><\/span><\/span><\/p>\n<p align=\"JUSTIFY\">\n<p align=\"JUSTIFY\">\n<p align=\"JUSTIFY\"><span style=\"font-family: 'Comic Sans MS', cursive;\"><span style=\"font-size: large;\"><strong>Peu importe que MACRON et que PAU-LANGEVIN ne nous aient jamais entendu.<\/strong><\/span><\/span><\/p>\n<p align=\"JUSTIFY\">\n<p align=\"JUSTIFY\"><span style=\"font-family: 'Comic Sans MS', cursive;\"><span style=\"font-size: large;\">En touchant au Sommet et ses Pompes, ils ont touch\u00e9 le Fond avec toute sa Lie\u2026 alors ils sont \u00ab\u00a0partis\u00a0\u00bb.<\/span><\/span><\/p>\n<p align=\"JUSTIFY\">\n<p align=\"JUSTIFY\"><span style=\"font-family: 'Comic Sans MS', cursive;\"><span style=\"font-size: large;\">Et pour le PARTI SOCIALISTE, et pour les <\/span><\/span><span style=\"font-family: 'Arial Rounded MT Bold', sans-serif;\"><span style=\"font-size: large;\"><em>SO-SALAUDS<\/em><\/span><\/span><span style=\"font-family: 'Comic Sans MS', cursive;\"><span style=\"font-size: large;\"> comme pour tous les autres, si ce n\u2019est la Descente aux Enfers, ce n\u2019est pas la Mont\u00e9e en Paradis\u2026<\/span><\/span><\/p>\n<p align=\"JUSTIFY\">\n<p align=\"JUSTIFY\"><span style=\"font-family: 'Comic Sans MS', cursive;\"><span style=\"font-size: x-large;\"><strong>La France se R\u00e9veille.<\/strong><\/span><\/span><\/p>\n<p align=\"JUSTIFY\">\n<p align=\"JUSTIFY\"><span style=\"font-size: large;\">\u00c9ric EG Nogard<\/span><\/p>\n<p align=\"JUSTIFY\"><span style=\"color: #c00000;\"><span style=\"font-size: large;\"><em>Chroniqueur<\/em><\/span><\/span><span style=\"color: #c00000;\"><span style=\"font-size: large;\">.<\/span><\/span><\/p>\n<p align=\"CENTER\"><span style=\"font-size: large;\"><strong>*** *** ***<\/strong><\/span><\/p>\n<p align=\"CENTER\"><span style=\"color: #ff0000;\"><span style=\"font-size: large;\"><strong>Nota : <\/strong><\/span><\/span><span style=\"color: #000000;\"><span style=\"font-size: large;\">Nous ne traitons que de Faits et de Noms rendus Publics.<\/span><\/span><\/p>\n<p align=\"CENTER\">\n<p align=\"JUSTIFY\"><span style=\"font-size: large;\"><strong>N.B.:<\/strong><\/span><span style=\"font-size: large;\"> &#8211; <\/span><span style=\"color: #c00000;\"><span style=\"font-family: 'Comic Sans MS', cursive;\"><span style=\"font-size: large;\">Nous Recommandons instamment et syst\u00e9matiquement l\u2019ouverture de la (ou des) pi\u00e8ce(s) jointe(s) \u00e0 l\u2019e-mail, sous format Pdf, <\/span><\/span><\/span><span style=\"color: #c00000;\"><span style=\"font-family: 'Comic Sans MS', cursive;\"><span style=\"font-size: large;\"><span style=\"text-decoration: underline;\">les illustrations y sont incluses<\/span><\/span><\/span><\/span><span style=\"color: #c00000;\"><span style=\"font-family: 'Comic Sans MS', cursive;\"><span style=\"font-size: large;\">.<\/span><\/span><\/span><\/p>\n<p align=\"CENTER\"><span style=\"color: #ff0000;\"><span><strong>Ne Peut \u00eatre reproduit &#8211; m\u00eame partiellement &#8211; sans l\u2019autorisation de l\u2019Auteur.<\/strong><\/span><\/span><\/p>\n<p align=\"JUSTIFY\"><span style=\"text-decoration: underline;\"><strong>Liens Sugg\u00e9r\u00e9s\u00a0:<\/strong><\/span><\/p>\n<ul>\n<li>\n<p align=\"JUSTIFY\"><span style=\"color: #0000ff;\"><span style=\"text-decoration: underline;\"><a href=\"http:\/\/www.lescrutateur.com\/\">http:\/\/www.lescrutateur.com\/<\/a><\/span><\/span><\/p>\n<\/li>\n<li>\n<p align=\"JUSTIFY\"><span style=\"color: #0000ff;\"><span style=\"text-decoration: underline;\"><a href=\"http:\/\/www.etatsgenerauxdeloutremer.fr\/reflexions\">http:\/\/www.etatsgenerauxdeloutremer.fr\/reflexions<\/a><\/span><\/span><\/p>\n<\/li>\n<\/ul>\n<p align=\"CENTER\">\n<p align=\"CENTER\"><strong>==================================================================<\/strong><\/p>\n<script type=\"text\/javascript\">\n\nvar addthis_config = {\"data_track_clickback\":false,\"data_track_addressbar\":false,\"data_track_textcopy\":false};\n<\/script><script type=\"text\/javascript\" src=\"\/\/s7.addthis.com\/js\/250\/addthis_widget.js#pubid=a457a6d63fb9e6ccabdde4110343bd85\"><\/script>","protected":false},"excerpt":{"rendered":"<p align=\"CENTER\">\n<p align=\"CENTER\"><span>Le Cri d\u2019Alarme.<\/span><\/p>\n<p align=\"CENTER\"><span style=\"color: #000000;\"><span>Chronique d\u2019\u00c9ric E.G. NOGARD<\/span><\/span><\/p>\n<p align=\"CENTER\"><span style=\"color: #000000;\"><span>De l\u2019Ex. Martinique Province Fran\u00e7aise d\u2019Am\u00e9rique Amie du Canada (1061 Titres).<\/span><\/span><\/p>\n<p align=\"CENTER\"><span style=\"color: #c00000;\">==========<\/span><\/p>\n<p align=\"JUSTIFY\"><span style=\"color: #c00000;\"> <span style=\"font-family: 'Comic Sans MS', cursive;\"><span>\u00ab\u00a0<\/span><\/span><\/span><span style=\"color: #c00000;\"><span style=\"font-family: Cambria, serif;\"><span>Notre M\u00e9tier n\u2019est pas de faire plaisir, Non plus de faire tort \u00e0 qui que ce soit, <\/span><\/span><\/span>&hellip;<\/p>\n","protected":false},"author":1,"featured_media":0,"comment_status":"open","ping_status":"open","sticky":false,"template":"","format":"standard","meta":{"footnotes":""},"categories":[1],"tags":[],"class_list":["post-12622","post","type-post","status-publish","format-standard","hentry","category-accueil"],"_links":{"self":[{"href":"http:\/\/www.lecarrefourdesopinions.ca\/index.php?rest_route=\/wp\/v2\/posts\/12622","targetHints":{"allow":["GET"]}}],"collection":[{"href":"http:\/\/www.lecarrefourdesopinions.ca\/index.php?rest_route=\/wp\/v2\/posts"}],"about":[{"href":"http:\/\/www.lecarrefourdesopinions.ca\/index.php?rest_route=\/wp\/v2\/types\/post"}],"author":[{"embeddable":true,"href":"http:\/\/www.lecarrefourdesopinions.ca\/index.php?rest_route=\/wp\/v2\/users\/1"}],"replies":[{"embeddable":true,"href":"http:\/\/www.lecarrefourdesopinions.ca\/index.php?rest_route=%2Fwp%2Fv2%2Fcomments&post=12622"}],"version-history":[{"count":1,"href":"http:\/\/www.lecarrefourdesopinions.ca\/index.php?rest_route=\/wp\/v2\/posts\/12622\/revisions"}],"predecessor-version":[{"id":12627,"href":"http:\/\/www.lecarrefourdesopinions.ca\/index.php?rest_route=\/wp\/v2\/posts\/12622\/revisions\/12627"}],"wp:attachment":[{"href":"http:\/\/www.lecarrefourdesopinions.ca\/index.php?rest_route=%2Fwp%2Fv2%2Fmedia&parent=12622"}],"wp:term":[{"taxonomy":"category","embeddable":true,"href":"http:\/\/www.lecarrefourdesopinions.ca\/index.php?rest_route=%2Fwp%2Fv2%2Fcategories&post=12622"},{"taxonomy":"post_tag","embeddable":true,"href":"http:\/\/www.lecarrefourdesopinions.ca\/index.php?rest_route=%2Fwp%2Fv2%2Ftags&post=12622"}],"curies":[{"name":"wp","href":"https:\/\/api.w.org\/{rel}","templated":true}]}}