{"id":12616,"date":"2016-09-01T15:43:51","date_gmt":"2016-09-01T19:43:51","guid":{"rendered":"http:\/\/www.lecarrefourdesopinions.ca\/?p=12616"},"modified":"2016-09-01T15:43:51","modified_gmt":"2016-09-01T19:43:51","slug":"lislam-semble-devenu-leur-carte-la-plus-sure","status":"publish","type":"post","link":"http:\/\/www.lecarrefourdesopinions.ca\/?p=12616","title":{"rendered":"L\u2019Islam semble devenu, leur Carte la plus s\u00fbre."},"content":{"rendered":"<p align=\"CENTER\"><span><strong>Le Cri d\u2019Alarme.<\/strong><\/span><\/p>\n<p align=\"CENTER\"><span style=\"color: #000000;\"><span><strong>Chronique d\u2019\u00c9ric E.G. NOGARD<\/strong><\/span><\/span><\/p>\n<p align=\"CENTER\"><span style=\"color: #000000;\"><span><strong>De l\u2019Ex. Martinique Province Fran\u00e7aise d\u2019Am\u00e9rique Amie du Canada (1061 Titres).<\/strong><\/span><\/span><\/p>\n<p align=\"CENTER\"><span style=\"color: #c00000;\"><em><strong>==========<\/strong><\/em><\/span><\/p>\n<p align=\"JUSTIFY\"><span style=\"color: #c00000;\"> <span style=\"font-family: 'Comic Sans MS', cursive;\"><span>\u00ab\u00a0<\/span><\/span><\/span><span style=\"color: #c00000;\"><span style=\"font-family: Cambria, serif;\"><span><strong>Notre M\u00e9tier n\u2019est pas de faire plaisir, Non plus de faire tort \u00e0 qui que ce soit, Ni pour quoi que ce soit, Il est de porter la plume dans la plaie<\/strong><\/span><\/span><\/span><span style=\"color: #c00000;\"><span style=\"font-family: Cambria, serif;\"><span>\u00a0\u00bb. (Albert LONDRES).<\/span><\/span><\/span><\/p>\n<p align=\"CENTER\"><span style=\"color: #c00000;\"><em><strong>*** ***<\/strong><\/em><\/span><\/p>\n<p align=\"JUSTIFY\"><span style=\"color: #632423;\"><em><strong>Pardonnez-nous si jamais, tel Aristarque De SAMOS, nous troublons quelque part, jusqu\u2019au \u00ab\u00a0Repos des Dieux\u00a0\u00bb. (\u00c9ric EG Nogard, Chroniqueur).<\/strong><\/em><\/span><\/p>\n<p>&nbsp;<\/p>\n<p style=\"text-align: center;\" align=\"JUSTIFY\"><span style=\"color: #632423;\"><span style=\"font-family: 'Comic Sans MS', cursive;\"><span style=\"font-size: large;\"><em><strong>L\u2019Islam semble devenu, leur Carte la plus s\u00fbre.<\/strong><\/em><\/span><\/span><\/span><\/p>\n<p align=\"JUSTIFY\">\n<p align=\"JUSTIFY\"><img loading=\"lazy\" decoding=\"async\" class=\"alignnone size-full wp-image-12457\" title=\"Eric\" src=\"http:\/\/www.lecarrefourdesopinions.ca\/wp-content\/uploads\/2016\/07\/Eric.jpg\" alt=\"\" width=\"134\" height=\"107\" \/><\/p>\n<p align=\"JUSTIFY\"><span style=\"color: #632423;\"><span style=\"font-family: 'Comic Sans MS', cursive;\"><span style=\"font-size: large;\">\u00c9ric EG Nogard<\/span><\/span><\/span><\/p>\n<p align=\"JUSTIFY\"><span style=\"color: #c00000;\"><span style=\"font-size: large;\"><em>Chroniqueur<\/em><\/span><\/span><span style=\"color: #c00000;\"><span style=\"font-size: large;\">.<\/span><\/span><\/p>\n<p align=\"CENTER\">\n<p align=\"CENTER\"><span style=\"color: #632423;\"><span style=\"font-size: large;\">*** *** ***<\/span><\/span><\/p>\n<p align=\"CENTER\">\n<p align=\"JUSTIFY\"><span><em><strong>L\u2019Islam semble devenu, leur Carte la plus s\u00fbre.<\/strong><\/em><\/span><\/p>\n<p align=\"JUSTIFY\">\n<p align=\"JUSTIFY\">\n<p align=\"JUSTIFY\"><span style=\"font-family: 'Comic Sans MS', cursive;\"><span style=\"font-size: large;\">Tant de Signes le montrent en France.<\/span><\/span><\/p>\n<p align=\"JUSTIFY\">\n<p align=\"JUSTIFY\"><span style=\"font-family: 'Comic Sans MS', cursive;\"><span style=\"font-size: large;\">En France, ce beau Pays o\u00f9 l\u2019on est si habile \u00e0 \u00e9touffer toute alerte sous l\u2019Accusation Gratuite de Crime d\u2019Intention, de Stigmatisation sans raison ou de Provocation, m\u00eame de Racisme\u2026 \u00e0 vous faire la boucher tout net et sans un mot.<\/span><\/span><\/p>\n<p align=\"JUSTIFY\">\n<p align=\"JUSTIFY\">\n<p align=\"CENTER\">\n<p align=\"CENTER\"><img loading=\"lazy\" decoding=\"async\" class=\"alignnone size-medium wp-image-12617\" title=\"F1   Parler de Conviction\" src=\"http:\/\/www.lecarrefourdesopinions.ca\/wp-content\/uploads\/2016\/09\/F1-Parler-de-Conviction--300x208.jpg\" alt=\"\" width=\"300\" height=\"208\" srcset=\"http:\/\/www.lecarrefourdesopinions.ca\/wp-content\/uploads\/2016\/09\/F1-Parler-de-Conviction--300x208.jpg 300w, http:\/\/www.lecarrefourdesopinions.ca\/wp-content\/uploads\/2016\/09\/F1-Parler-de-Conviction--400x278.jpg 400w, http:\/\/www.lecarrefourdesopinions.ca\/wp-content\/uploads\/2016\/09\/F1-Parler-de-Conviction-.jpg 800w\" sizes=\"auto, (max-width: 300px) 100vw, 300px\" \/><\/p>\n<p align=\"CENTER\"><span style=\"font-size: large;\"><strong>F1\u00a0: <\/strong><\/span><span style=\"color: #c00000;\"><span style=\"font-size: large;\"><em><strong>Parler de Conviction\u00a0!..<\/strong><\/em><\/span><\/span><\/p>\n<p align=\"JUSTIFY\">\n<p align=\"JUSTIFY\">\n<p align=\"JUSTIFY\"><span style=\"font-size: large;\"><strong>Et puis c\u2019est le D\u00e9bat, un d\u00e9bat d\u00e9brid\u00e9 qui s\u2019apaise \u00e0 l\u2019usure, jamais par conviction\u2026 juste en queue de poisson.<\/strong><\/span><\/p>\n<p align=\"JUSTIFY\">\n<p align=\"JUSTIFY\"><span style=\"font-size: large;\">La Conviction venant apr\u00e8s que le Drame annonc\u00e9 apparaisse et s\u2019impose en seul Ma\u00eetre du Jeu.<\/span><\/p>\n<p align=\"JUSTIFY\">\n<p align=\"JUSTIFY\">\n<p align=\"JUSTIFY\"><span style=\"font-size: large;\"><strong>Toute Alerte Contre l\u2019Islam ne fait-elle pas chez-nous l\u2019objet des pires critiques et reproches de ceux qui nous Gouvernent, qu\u2019ils soient de Droite ou de Gauche<\/strong><\/span><span style=\"font-size: large;\">.<\/span><\/p>\n<p align=\"JUSTIFY\">\n<p align=\"JUSTIFY\"><span style=\"font-size: large;\">Et qui peut dire de la Cl\u00e9 de ce Myst\u00e8re \u00ab\u00a0\u2026 <\/span><span style=\"font-family: Arial, sans-serif;\"><span style=\"font-size: large;\"><em>Eureka<\/em><\/span><\/span><span style=\"font-size: large;\">\u00a0\u00bb tout comme Archim\u00e8de, \u00e0 l\u2019occasion d\u2019une trempette dans sa baignoire, comme l\u2019Histoire nous le rapporte.<\/span><\/p>\n<p align=\"JUSTIFY\">\n<p align=\"JUSTIFY\">\n<p align=\"JUSTIFY\"><span style=\"font-size: large;\"><strong>Or, la d\u00e9cision h\u00e2tive de notre Conseil d\u2019\u00c9tat, suite \u00e0 l\u2019Arr\u00eat\u00e9 de certains maires, portant sur le Burkini<\/strong><\/span><span style=\"font-size: large;\">.<\/span><\/p>\n<p align=\"JUSTIFY\">\n<p align=\"JUSTIFY\"><span style=\"font-size: large;\">Or, la s\u00e9v\u00e8re mise en garde de notre Ministre de l\u2019Int\u00e9rieur en faveur du Monde Arabe \u00ab\u00a0Fran\u00e7ais\u00a0\u00bb.<\/span><\/p>\n<p align=\"JUSTIFY\">\n<p align=\"JUSTIFY\"><span style=\"font-size: large;\">Or, \u00e0 entendre notre ancien ministre JUPP\u00c9, \u00e0 consid\u00e9rer ses faveurs en mati\u00e8re de Mosqu\u00e9es, au point que le nommer \u00ab\u00a0JUPP\u00c9 la Mosqu\u00e9e\u00a0\u00bb lui irait comme un gant en sa bonne Ville de Bordeaux.<\/span><\/p>\n<p align=\"JUSTIFY\">\n<p align=\"JUSTIFY\"><span style=\"font-size: large;\">Or, or, or\u00a0!.. Mais il convient d\u2019\u00eatre bref en mati\u00e8re de Chroniques notamment, de pr\u00e9f\u00e9rer le tir au Collimateur, \u00e0 celui \u00e0 Mitraille.<\/span><\/p>\n<p align=\"JUSTIFY\">\n<p align=\"JUSTIFY\">\n<p align=\"JUSTIFY\"><span style=\"font-family: Cambria, serif;\"><span style=\"font-size: large;\"><em><strong>En tout cas, une telle Arabophilie toujours latente chez les uns, exacerb\u00e9e chez bon nombre, juste en p\u00e9riode \u00c9lectorale pour la Pr\u00e9sidence de la R\u00e9publique Fran\u00e7aise\u2026 devrait donner \u00e0 r\u00e9fl\u00e9chir, tant elle cr\u00e8ve les yeux. <\/strong><\/em><\/span><\/span><\/p>\n<p align=\"JUSTIFY\">\n<p align=\"JUSTIFY\"><span style=\"font-size: large;\"><strong>Que serions-nous devenus.<\/strong><\/span><\/p>\n<p align=\"JUSTIFY\">\n<p align=\"JUSTIFY\">\n<p align=\"CENTER\"><img loading=\"lazy\" decoding=\"async\" class=\"alignnone size-large wp-image-12618\" title=\"F2   Pourquoi cette   pouss\u00e9e de la Langue     Est ce \u00e7a la Feu\" src=\"http:\/\/www.lecarrefourdesopinions.ca\/wp-content\/uploads\/2016\/09\/F2-Pourquoi-cette-pouss\u00e9e-de-la-Langue-Est-ce-\u00e7a-la-Feu-1024x301.jpg\" alt=\"\" width=\"450\" height=\"132\" srcset=\"http:\/\/www.lecarrefourdesopinions.ca\/wp-content\/uploads\/2016\/09\/F2-Pourquoi-cette-pouss\u00e9e-de-la-Langue-Est-ce-\u00e7a-la-Feu-1024x301.jpg 1024w, http:\/\/www.lecarrefourdesopinions.ca\/wp-content\/uploads\/2016\/09\/F2-Pourquoi-cette-pouss\u00e9e-de-la-Langue-Est-ce-\u00e7a-la-Feu-300x88.jpg 300w, http:\/\/www.lecarrefourdesopinions.ca\/wp-content\/uploads\/2016\/09\/F2-Pourquoi-cette-pouss\u00e9e-de-la-Langue-Est-ce-\u00e7a-la-Feu-400x117.jpg 400w, http:\/\/www.lecarrefourdesopinions.ca\/wp-content\/uploads\/2016\/09\/F2-Pourquoi-cette-pouss\u00e9e-de-la-Langue-Est-ce-\u00e7a-la-Feu.jpg 1236w\" sizes=\"auto, (max-width: 450px) 100vw, 450px\" \/><\/p>\n<p align=\"CENTER\">\n<p align=\"CENTER\"><span style=\"font-size: large;\"><strong>F2\u00a0: <\/strong><\/span><span style=\"color: #c00000;\"><span style=\"font-size: large;\"><em><strong>Pourquoi cette \u00ab\u00a0pouss\u00e9e de la Langue\u00a0\u00bb\u2026<\/strong><\/em><\/span><\/span><\/p>\n<p align=\"CENTER\"><span style=\"color: #c00000;\"><span style=\"font-size: large;\"><em><strong>Est-ce \u00e7a la Feuille de Vigne ou le Vin du M\u00e9doc.<\/strong><\/em><\/span><\/span><\/p>\n<p align=\"JUSTIFY\">\n<p align=\"JUSTIFY\">\n<p align=\"JUSTIFY\"><span style=\"font-size: large;\"><strong>Pourquoi cette soudaine \u00ab\u00a0Pouss\u00e9e d\u2019Archim\u00e8de\u00a0\u00bb, qu\u2019est-ce qui l\u2019expliquerait.<\/strong><\/span><\/p>\n<p align=\"JUSTIFY\">\n<p align=\"JUSTIFY\"><span style=\"font-size: large;\">Qu\u2019est-ce qui pourrait mieux l\u2019expliquer que le Poids du Monde Islamique dans les choix Majeurs de la France.<\/span><\/p>\n<p align=\"JUSTIFY\">\n<p align=\"JUSTIFY\">\n<p align=\"JUSTIFY\"><span style=\"font-size: large;\"><strong>Certes on peut r\u00e9torquer\u00a0:<\/strong><\/span><\/p>\n<p align=\"JUSTIFY\">\n<p align=\"JUSTIFY\"><span style=\"font-size: large;\">\u00ab\u00a0<\/span><span style=\"font-family: Cambria, serif;\"><span style=\"font-size: large;\"><em>Si cette Communaut\u00e9 Fran\u00e7aise a un tel Pouvoir de Choix comme de D\u00e9cision.<\/em><\/span><\/span><\/p>\n<p align=\"JUSTIFY\">\n<p align=\"JUSTIFY\"><span style=\"font-family: Cambria, serif;\"><span style=\"font-size: large;\"><em>Pourquoi ne pr\u00e9sente-t-elle pas Ouvertement au Suffrage de la France un Musulman bon chic-bon teint\u00a0\u00bb\u00a0?<\/em><\/span><\/span><\/p>\n<p align=\"JUSTIFY\">\n<p align=\"JUSTIFY\">\n<p align=\"CENTER\">\n<p align=\"CENTER\">\u00a0<img loading=\"lazy\" decoding=\"async\" class=\"alignnone size-full wp-image-12619\" title=\"F3   L\u2019Echec et Mat    just a matter of time  The Check mate    juste une question de temps\" src=\"http:\/\/www.lecarrefourdesopinions.ca\/wp-content\/uploads\/2016\/09\/F3-L\u2019Echec-et-Mat-just-a-matter-of-time-The-Check-mate-juste-une-question-de-temps.jpg\" alt=\"\" width=\"490\" height=\"347\" srcset=\"http:\/\/www.lecarrefourdesopinions.ca\/wp-content\/uploads\/2016\/09\/F3-L\u2019Echec-et-Mat-just-a-matter-of-time-The-Check-mate-juste-une-question-de-temps.jpg 490w, http:\/\/www.lecarrefourdesopinions.ca\/wp-content\/uploads\/2016\/09\/F3-L\u2019Echec-et-Mat-just-a-matter-of-time-The-Check-mate-juste-une-question-de-temps-300x212.jpg 300w, http:\/\/www.lecarrefourdesopinions.ca\/wp-content\/uploads\/2016\/09\/F3-L\u2019Echec-et-Mat-just-a-matter-of-time-The-Check-mate-juste-une-question-de-temps-400x283.jpg 400w\" sizes=\"auto, (max-width: 490px) 100vw, 490px\" \/><\/p>\n<p align=\"CENTER\"><span style=\"font-size: large;\"><strong>F3\u00a0: <\/strong><\/span><span style=\"color: #c00000;\"><span style=\"font-size: large;\"><em><strong>L\u2019\u00c9chec et Mat\u2026 <\/strong><\/em><\/span><\/span><span style=\"color: #c00000;\"><span style=\"font-family: Arial, sans-serif;\"><span style=\"font-size: large;\"><em><strong>just a matter of time<\/strong><\/em><\/span><\/span><\/span><span style=\"color: #c00000;\"><span style=\"font-size: large;\"><em><strong>.<\/strong><\/em><\/span><\/span><\/p>\n<p align=\"CENTER\"><span style=\"color: #c00000;\"><span style=\"font-family: Arial, sans-serif;\"><span style=\"font-size: large;\"><em><strong>The Check mate<\/strong><\/em><\/span><\/span><\/span><span style=\"color: #c00000;\"><span style=\"font-size: large;\"><em><strong>\u2026 juste une question de temps.<\/strong><\/em><\/span><\/span><\/p>\n<p align=\"JUSTIFY\">\n<p align=\"JUSTIFY\">\n<p align=\"JUSTIFY\"><span style=\"font-size: large;\"><strong>C\u2019est que, <\/strong><\/span><span style=\"font-family: Arial, sans-serif;\"><span style=\"font-size: large;\"><em><strong>that is just a Matter of Time<\/strong><\/em><\/span><\/span><span style=\"font-size: large;\">.<\/span><\/p>\n<p lang=\"en-US\" align=\"JUSTIFY\">\n<p align=\"JUSTIFY\"><span style=\"font-size: large;\">Nous sommes en d\u00e9mocratie, ils attendent d\u2019\u00eatre le Plus Grand nombre, R\u00e9guliers et Suppl\u00e9tifs r\u00e9unis\u2026 ce qui ne saurait tarder, et Clic\u00a0! la France est dans la Trappe\u2026 Elle est <\/span><span style=\"font-family: Arial, sans-serif;\"><span style=\"font-size: large;\"><em>Check mate\u2026 She is<\/em><\/span><\/span><span style=\"font-size: large;\"> Echec et Mat.<\/span><\/p>\n<p align=\"JUSTIFY\">\n<p align=\"JUSTIFY\">\n<p align=\"JUSTIFY\"><span style=\"font-family: 'Comic Sans MS', cursive;\"><span style=\"font-size: large;\">Pour l\u2019Instant, elle se contente (Cette \u00ab\u00a0Communaut\u00e9\u00a0\u00bb) de poser sur la t\u00eate du Mieux Disant la Couronne Monarchique et Absolutiste du \u00ab\u00a0Peuple Souverain\u00a0\u00bb.<\/span><\/span><\/p>\n<p align=\"JUSTIFY\">\n<p align=\"JUSTIFY\"><span style=\"font-family: 'Comic Sans MS', cursive;\"><span style=\"font-size: large;\">La Carte Victorieuse sortira non pas des Urnes, mais\u2026 de la Mosqu\u00e9e, par Urnes interpos\u00e9es, n\u2019est-ce pas, P\u00e9p\u00e9 JUPP\u00c9.<\/span><\/span><\/p>\n<p align=\"JUSTIFY\">\n<p align=\"JUSTIFY\">\n<p align=\"CENTER\">\n<p align=\"CENTER\">\u00a0<img loading=\"lazy\" decoding=\"async\" class=\"alignnone size-full wp-image-12620\" title=\"F4       il ne le cache plus\" src=\"http:\/\/www.lecarrefourdesopinions.ca\/wp-content\/uploads\/2016\/09\/F4-il-ne-le-cache-plus.jpg\" alt=\"\" width=\"265\" height=\"190\" \/><\/p>\n<p align=\"CENTER\"><span style=\"font-size: large;\"><strong>F4\u00a0: <\/strong><\/span><span style=\"color: #c00000;\"><span style=\"font-size: large;\"><em><strong>\u2026 il ne le cache plus.<\/strong><\/em><\/span><\/span><\/p>\n<p align=\"JUSTIFY\">\n<p align=\"JUSTIFY\">\n<p align=\"JUSTIFY\"><span style=\"font-family: 'Comic Sans MS', cursive;\"><span style=\"font-size: large;\">H\u00e9las pour la France, si les Fran\u00e7ais s\u2019obstinent dans leur Aveuglement<\/span><\/span><span style=\"font-size: large;\">.<\/span><\/p>\n<p align=\"JUSTIFY\">\n<p align=\"JUSTIFY\"><span style=\"font-family: 'Arial Rounded MT Bold', sans-serif;\"><span style=\"font-size: large;\">Le Musulman Fran\u00e7ais est Arabe avant Tout\u2026 il ne le cache plus.<\/span><\/span><\/p>\n<p align=\"JUSTIFY\">\n<p align=\"JUSTIFY\"><span style=\"font-size: large;\">\u00c9ric EG Nogard<\/span><\/p>\n<p align=\"JUSTIFY\"><span style=\"color: #c00000;\"><span style=\"font-size: large;\"><em>Chroniqueur<\/em><\/span><\/span><span style=\"color: #c00000;\"><span style=\"font-size: large;\">.<\/span><\/span><\/p>\n<p align=\"CENTER\"><span style=\"font-size: large;\"><strong>*** *** ***<\/strong><\/span><\/p>\n<p align=\"CENTER\"><span style=\"color: #ff0000;\"><span style=\"font-size: large;\"><strong>Nota : <\/strong><\/span><\/span><span style=\"color: #000000;\"><span style=\"font-size: large;\">Nous ne traitons que de Faits et de Noms rendus Publics.<\/span><\/span><\/p>\n<p align=\"CENTER\"><span style=\"color: #000000;\"><span style=\"font-size: large;\">*** *** ***<\/span><\/span><\/p>\n<p align=\"JUSTIFY\"><span style=\"font-size: large;\"><strong>N.B.:<\/strong><\/span><span style=\"font-size: large;\"> &#8211; <\/span><span style=\"color: #c00000;\"><span style=\"font-family: 'Comic Sans MS', cursive;\"><span style=\"font-size: large;\">Nous Recommandons instamment et syst\u00e9matiquement l\u2019ouverture de la (ou des) pi\u00e8ce(s) jointe(s) \u00e0 l\u2019e-mail, sous format Pdf, <\/span><\/span><\/span><span style=\"color: #c00000;\"><span style=\"font-family: 'Comic Sans MS', cursive;\"><span style=\"font-size: large;\"><span style=\"text-decoration: underline;\">les illustrations y sont incluses<\/span><\/span><\/span><\/span><span style=\"color: #c00000;\"><span style=\"font-family: 'Comic Sans MS', cursive;\"><span style=\"font-size: large;\">.<\/span><\/span><\/span><\/p>\n<p align=\"CENTER\"><span style=\"color: #ff0000;\"><span><strong>Ne Peut \u00eatre reproduit &#8211; m\u00eame partiellement &#8211; sans l\u2019autorisation de l\u2019Auteur.<\/strong><\/span><\/span><\/p>\n<p align=\"CENTER\"><strong>Liens Sugg\u00e9r\u00e9s\u00a0:<\/strong><\/p>\n<ul>\n<li>\n<p align=\"JUSTIFY\"><span style=\"color: #0000ff;\"><span style=\"text-decoration: underline;\"><a href=\"http:\/\/www.lescrutateur.com\/\">http:\/\/www.lescrutateur.com\/<\/a><\/span><\/span><\/p>\n<\/li>\n<li>\n<p align=\"JUSTIFY\"><span style=\"color: #0000ff;\"><span style=\"text-decoration: underline;\"><a href=\"http:\/\/www.etatsgenerauxdeloutremer.fr\/reflexions\">http:\/\/www.etatsgenerauxdeloutremer.fr\/reflexions<\/a><\/span><\/span><\/p>\n<\/li>\n<\/ul>\n<p align=\"CENTER\">\n<script type=\"text\/javascript\">\n\nvar addthis_config = {\"data_track_clickback\":false,\"data_track_addressbar\":false,\"data_track_textcopy\":false};\n<\/script><script type=\"text\/javascript\" src=\"\/\/s7.addthis.com\/js\/250\/addthis_widget.js#pubid=a457a6d63fb9e6ccabdde4110343bd85\"><\/script>","protected":false},"excerpt":{"rendered":"<p align=\"CENTER\"><span>Le Cri d\u2019Alarme.<\/span><\/p>\n<p align=\"CENTER\"><span style=\"color: #000000;\"><span>Chronique d\u2019\u00c9ric E.G. NOGARD<\/span><\/span><\/p>\n<p align=\"CENTER\"><span style=\"color: #000000;\"><span>De l\u2019Ex. Martinique Province Fran\u00e7aise d\u2019Am\u00e9rique Amie du Canada (1061 Titres).<\/span><\/span><\/p>\n<p align=\"CENTER\"><span style=\"color: #c00000;\">==========<\/span><\/p>\n<p align=\"JUSTIFY\"><span style=\"color: #c00000;\"> <span style=\"font-family: 'Comic Sans MS', cursive;\"><span>\u00ab\u00a0<\/span><\/span><\/span><span style=\"color: #c00000;\"><span style=\"font-family: Cambria, serif;\"><span>Notre M\u00e9tier n\u2019est pas de faire plaisir, Non plus de faire tort \u00e0 qui que ce soit, <\/span><\/span><\/span>&hellip;<\/p>\n","protected":false},"author":1,"featured_media":0,"comment_status":"open","ping_status":"open","sticky":false,"template":"","format":"standard","meta":{"footnotes":""},"categories":[1],"tags":[],"class_list":["post-12616","post","type-post","status-publish","format-standard","hentry","category-accueil"],"_links":{"self":[{"href":"http:\/\/www.lecarrefourdesopinions.ca\/index.php?rest_route=\/wp\/v2\/posts\/12616","targetHints":{"allow":["GET"]}}],"collection":[{"href":"http:\/\/www.lecarrefourdesopinions.ca\/index.php?rest_route=\/wp\/v2\/posts"}],"about":[{"href":"http:\/\/www.lecarrefourdesopinions.ca\/index.php?rest_route=\/wp\/v2\/types\/post"}],"author":[{"embeddable":true,"href":"http:\/\/www.lecarrefourdesopinions.ca\/index.php?rest_route=\/wp\/v2\/users\/1"}],"replies":[{"embeddable":true,"href":"http:\/\/www.lecarrefourdesopinions.ca\/index.php?rest_route=%2Fwp%2Fv2%2Fcomments&post=12616"}],"version-history":[{"count":1,"href":"http:\/\/www.lecarrefourdesopinions.ca\/index.php?rest_route=\/wp\/v2\/posts\/12616\/revisions"}],"predecessor-version":[{"id":12621,"href":"http:\/\/www.lecarrefourdesopinions.ca\/index.php?rest_route=\/wp\/v2\/posts\/12616\/revisions\/12621"}],"wp:attachment":[{"href":"http:\/\/www.lecarrefourdesopinions.ca\/index.php?rest_route=%2Fwp%2Fv2%2Fmedia&parent=12616"}],"wp:term":[{"taxonomy":"category","embeddable":true,"href":"http:\/\/www.lecarrefourdesopinions.ca\/index.php?rest_route=%2Fwp%2Fv2%2Fcategories&post=12616"},{"taxonomy":"post_tag","embeddable":true,"href":"http:\/\/www.lecarrefourdesopinions.ca\/index.php?rest_route=%2Fwp%2Fv2%2Ftags&post=12616"}],"curies":[{"name":"wp","href":"https:\/\/api.w.org\/{rel}","templated":true}]}}