{"id":12591,"date":"2016-08-23T10:23:34","date_gmt":"2016-08-23T14:23:34","guid":{"rendered":"http:\/\/www.lecarrefourdesopinions.ca\/?p=12591"},"modified":"2016-08-23T10:23:34","modified_gmt":"2016-08-23T14:23:34","slug":"feuille-de-route-2","status":"publish","type":"post","link":"http:\/\/www.lecarrefourdesopinions.ca\/?p=12591","title":{"rendered":"\u00ab Feuille de route \u00bb"},"content":{"rendered":"<div><\/div>\n<div>\n<p lang=\"fr-CA\" align=\"center\"><span style=\"font-family: 'Times New Roman', serif;\"><span style=\"font-size: large;\">\u00ab\u00a0Feuille de route\u00a0\u00bb<\/span><\/span><\/p>\n<p lang=\"fr-CA\" align=\"center\">\n<p><img loading=\"lazy\" decoding=\"async\" class=\"size-thumbnail wp-image-12098\" title=\"Serge Moise\" src=\"http:\/\/www.lecarrefourdesopinions.ca\/wp-content\/uploads\/2010\/01\/Serge-Moise2-101x107.jpg\" alt=\"\" width=\"101\" height=\"107\" \/><\/p>\n<p align=\"justify\"><span style=\"color: #800000;\"><em>\u00a0par Me Serge H. Mo\u00efse av.<\/em><\/span><\/p>\n<p align=\"justify\"><span style=\"color: #800000;\"><em>Barreau de P-au-P.<\/em><\/span><\/p>\n<p align=\"justify\"><span style=\"color: #000000;\"><span style=\"font-family: 'Times New Roman', serif;\"><span style=\"font-size: large;\">Tout bon entrepreneur en construction sait que pour \u00e9riger un \u00e9difice qui soit solide et fonctionnel, il doit \u00e9laborer un plan d\u2019ensemble, pr\u00e9voir un chronogramme d\u2019activit\u00e9s ainsi que des \u00e9ch\u00e9anciers en commen\u00e7ant \u00e9videmment par la base. <\/span><\/span><\/span><\/p>\n<p align=\"justify\"><span style=\"color: #000000;\"><span style=\"font-family: 'Times New Roman', serif;\"><span style=\"font-size: large;\">L\u2019inverse sera toujours vou\u00e9 \u00e0 l\u2019\u00e9chec et c\u2019est chose connue depuis l\u2019\u00e9rection de la tour de Babel. Notre bon roi Henri 1er n\u2019a pas construit la citadelle Laferri\u00e8re, la plus grande forteresse des cara\u00efbes et qui lui tient lieu de s\u00e9pulture d\u2019ailleurs, en commen\u00e7ant par la fa\u00e7ade sup\u00e9rieure mais \u00e0 partir de solides fondations bien enracin\u00e9es dans le roc de Milot \u00e0 une quinzaine de kilom\u00e8tres de la fi\u00e8re cit\u00e9 capoise.<\/span><\/span><\/span><\/p>\n<p align=\"justify\"><span style=\"color: #000000;\"><span style=\"font-family: 'Times New Roman', serif;\"><span style=\"font-size: large;\">Aussi, pr\u00e9tendre que la reconstruction de notre pays passe par l\u2019\u00e9ducation, c\u2019est l\u2019\u00e9vidence m\u00eame puisque celle-ci commence au berceau et d\u00e8s la premi\u00e8re t\u00e9t\u00e9e. Sauf que nos th\u00e9oriciens confondent h\u00e9las, \u00e9ducation et scolarisation. Il s\u2019agit de deux processus qui se compl\u00e8tent mais qu\u2019il ne faut pas confondre.<\/span><\/span><\/span><\/p>\n<p align=\"justify\"><span style=\"color: #000000;\"><span style=\"font-family: 'Times New Roman', serif;\"><span style=\"font-size: large;\">La scolarisation ou formation demeure un passage oblig\u00e9 \u00e0 condition que les pr\u00e9alables soient r\u00e9unis. En d\u2019autres termes, le jeune pour \u00eatre \u00e0 m\u00eame de consommer le pain de l\u2019instruction, doit \u00eatre log\u00e9, habill\u00e9 et nourri par ses parents.<\/span><\/span><\/span><\/p>\n<p align=\"justify\"><span style=\"color: #000000;\"><span style=\"font-family: 'Times New Roman', serif;\"><span style=\"font-size: large;\">\u00c1 moins qu\u2019un \u00c9tat providence puisse se substituer aux parents, ces derniers doivent \u00eatre mis au travail afin de subvenir \u00e0 ces besoins primaires, auquel cas, la cr\u00e9ation d\u2019emplois demeure la priorit\u00e9 des priorit\u00e9s pour la reconstruction de notre tr\u00e8s ch\u00e8re nation.<\/span><\/span><\/span><\/p>\n<p align=\"justify\"><span style=\"color: #000000;\"><span style=\"font-family: 'Times New Roman', serif;\"><span style=\"font-size: large;\">Personne ne saurait contester l\u2019importance de la formation des jeunes et des moins jeunes, mais si en bout de ligne ces derniers, faute d\u2019emplois au pays, sont oblig\u00e9s de lorgner ailleurs, en qu\u00eate d\u2019un visa afin de gagner leur vie, rendez-nous fol ou sage, en quoi cela contribue t-il au d\u00e9veloppement du pays?<\/span><\/span><\/span><\/p>\n<p align=\"justify\"><span style=\"color: #000000;\"><span style=\"font-family: 'Times New Roman', serif;\"><span style=\"font-size: large;\">Et pour avoir le m\u00e2le courage de dire ces simples v\u00e9rit\u00e9s, les faux-jetons nous trouvent arrogants et s\u2019en plaignent en cachette, au lieu de participer ouvertement \u00e0 un d\u00e9bat d\u2019id\u00e9es dont ils seraient les premiers b\u00e9n\u00e9ficiaires. \u00ab\u00a0On ne na\u00eet pas homme, on le devient\u00a0\u00bb disait \u00c9rasme. Encore faut-il \u00eatre en mesure de faire les bons choix. Nous nous estimons heureux de ne pas \u00eatre appr\u00e9ci\u00e9 par la racaille et tout au cours de notre vie d\u2019adulte responsable, nous avons tenu \u00e0 garder une distance raisonnable vis-\u00e0-vis de ces crabes dans le panier.<\/span><\/span><\/span><\/p>\n<p align=\"justify\"><span style=\"color: #000000;\"><span style=\"font-family: 'Times New Roman', serif;\"><span style=\"font-size: large;\">Reconstruire cet \u00e9difice en peaufinant uniquement son sommet, sa toiture, ne nous semble pas le point de d\u00e9part id\u00e9al.<\/span><\/span><\/span><\/p>\n<p align=\"justify\"><span style=\"color: #000000;\"><span style=\"font-family: 'Times New Roman', serif;\"><span style=\"font-size: large;\">Le lecteur nous voit tr\u00e8s bien venir, notre questionnement est le suivant\u00a0:<\/span><\/span><\/span><\/p>\n<p align=\"justify\"><span style=\"color: #000000;\"><span style=\"font-family: 'Times New Roman', serif;\"><span style=\"font-size: large;\">Avant, pendant et apr\u00e8s la guerre h\u00e9ro\u00efque de l\u2019ind\u00e9pendance et de celle-ci \u00e0 nos jours, avons-nous jamais eu un quelconque projet de soci\u00e9t\u00e9 faisant l\u2019objet d\u2019un certain consensus national? Si oui, nos historiens feraient \u0153uvre utile en \u00e9clairant nos lecteurs, les dignes filles et fils de la patrie, en prenant soin d\u2019expliquer ce qui a foir\u00e9, quand, pourquoi et comment?<\/span><\/span><\/span><\/p>\n<p align=\"justify\"><span style=\"color: #000000;\"><span style=\"font-family: 'Times New Roman', serif;\"><span style=\"font-size: large;\">Et si la r\u00e9ponse se r\u00e9v\u00e8le n\u00e9gative, il appartiendra sans doute et, autant que faire se peut, \u00e0 nos psycho-sociologues, nos experts en sciences-po et \u00e9ventuellement nos psychanalystes, d\u2019agiter toute la lumi\u00e8re autour de ces lacunes et\/ou d\u00e9ficiences collectives, si tant est qu\u2019il faille savoir d\u2019o\u00f9 l\u2019on vient pour \u00e9valuer jusqu\u2019o\u00f9 l\u2019on peut aller.<\/span><\/span><\/span><\/p>\n<p align=\"justify\"><span style=\"color: #000000;\"><span style=\"font-family: 'Times New Roman', serif;\"><span style=\"font-size: large;\">Lorsqu\u2019on n\u2019est ni fou ni sage, ni beau ni laid, peut-on pr\u00e9tendre qu\u2019on existe, \u00ab\u00a0 qu\u2019on est vraiment l\u00e0\u00a0\u00bb? Et en guise de r\u00e9ponse, offrir la r\u00e9partie apparemment savante\u00a0: Poser la question c\u2019est y r\u00e9pondre, ne fait nullement avancer les d\u00e9bats!<\/span><\/span><\/span><\/p>\n<p align=\"justify\"><span style=\"color: #000000;\"><span style=\"font-family: 'Times New Roman', serif;\"><span style=\"font-size: large;\">Dr Jean L. Th\u00e9ag\u00e8ne se demande \u00e0 bon droit si l\u2019h\u00e9ritage ha\u00eftien ne serait pas tronqu\u00e9 des g\u00e8nes et chromosomes des p\u00e8res fondateurs de la patrie.<\/span><\/span><\/span><\/p>\n<p align=\"justify\"><span style=\"color: #000000;\"><span style=\"font-family: 'Times New Roman', serif;\"><span style=\"font-size: large;\">Accumuler des milliers d\u2019heures de lecture, d\u00e9vorer des tonnes de livres et collectionner des dipl\u00f4mes, semblent tr\u00e8s loin de nous apporter r\u00e9ponses \u00e0 nos probl\u00e8mes complexes et multidimensionnels. Les faits ont l\u2019air de prouver que nous sommes plus efficaces, plus utiles aux amis qu\u2019\u00e0 notre propre famille et nous en faisons \u00e9talage avec un fracas aux r\u00e9sonances quelque peu funestes.<\/span><\/span><\/span><\/p>\n<p align=\"justify\"><span style=\"color: #000000;\"><span style=\"font-family: 'Times New Roman', serif;\"><span style=\"font-size: large;\">Cet app\u00e9tit gargantuesque pour les connaissances simplement livresques, font l\u2019objet des spectacles pittoresques que nous offrent all\u00e8grement nos \u00ab\u00a0P-H-D\u00a0\u00bb. Perroquets-H\u00e2bleurs-D\u00e9lirants. Emmagasiner des montagnes de savoir et si peu de savoir-faire ne sert qu\u2019\u00e0 exciter les gueux pour mieux les maintenir dans leur m\u00e9diocrit\u00e9.<\/span><\/span><\/span><\/p>\n<p align=\"justify\"><span style=\"color: #000000;\"><span style=\"font-family: 'Times New Roman', serif;\"><span style=\"font-size: large;\">Pour progresser, nous avons certes un grand besoin de comp\u00e9tences av\u00e9r\u00e9es, mais pas de ces enregistreuses ambulantes. Il nous faut dans les plus brefs d\u00e9lais, des magiciens de la pens\u00e9e profonde.<\/span><\/span><\/span><\/p>\n<p align=\"justify\"><span style=\"color: #000000;\"><span style=\"font-family: 'Times New Roman', serif;\"><span style=\"font-size: large;\">La pens\u00e9e, la r\u00e9flexion, l\u2019analyse, les voil\u00e0, les ma\u00eetres-mots qui pourraient nous guider dans notre l\u00e9gitime qu\u00eate de mieux-\u00eatre collectif.<\/span><\/span><\/span><\/p>\n<p align=\"justify\"><span style=\"color: #000000;\"><span style=\"font-family: 'Times New Roman', serif;\"><span style=\"font-size: large;\">Et afin d\u2019y parvenir, ces n\u00e9fastes tares ou ha\u00efti\u00e2neries plus d\u00e9vastatrices que le chol\u00e9ra et le sida tels\u00a0: l\u2019individualisme, l\u2019indiff\u00e9rence, la mesquinerie sous toutes ses formes et cette acculturation qui nous caract\u00e9risent, doivent \u00eatre \u00e9radiqu\u00e9es avec la derni\u00e8re rigueur.<\/span><\/span><\/span><\/p>\n<p align=\"justify\"><span style=\"color: #000000;\"><span style=\"font-family: 'Times New Roman', serif;\"><span style=\"font-size: large;\">Quand nous nous d\u00e9ciderons \u00e0 conjuguer le verbe \u00ab\u00a0transcender\u00a0\u00bb dans sa forme pronominale et \u00e0 le cultiver dans notre quotidien, nous parviendrons \u00e0 d\u00e9couvrir la beaut\u00e9 de l\u2019harmonie. Cette harmonie qui nous permettra d\u2019\u00eatre d&rsquo;accord pour \u00eatre en d\u00e9saccord sans entretenir la discorde. Il ne sera plus question de nous entretuer mais de rechercher plut\u00f4t la concertation dans un esprit de franche solidarit\u00e9. Alors nous \u00e9tablirons cette feuille de route qui nous conduira \u00e0 bon port et nous n\u2019aurons pas d\u00e9m\u00e9rit\u00e9 de la nation.<\/span><\/span><\/span><\/p>\n<p align=\"justify\">\n<p align=\"justify\">\n<p align=\"justify\">\n<p align=\"justify\">\n<p align=\"justify\">\n<p align=\"justify\">\n<\/div>\n<script type=\"text\/javascript\">\n\nvar addthis_config = {\"data_track_clickback\":false,\"data_track_addressbar\":false,\"data_track_textcopy\":false};\n<\/script><script type=\"text\/javascript\" src=\"\/\/s7.addthis.com\/js\/250\/addthis_widget.js#pubid=a457a6d63fb9e6ccabdde4110343bd85\"><\/script>","protected":false},"excerpt":{"rendered":"<p lang=\"fr-CA\" align=\"center\"><span style=\"font-family: 'Times New Roman', serif;\"><span style=\"font-size: large;\">\u00ab\u00a0Feuille de route\u00a0\u00bb<\/span><\/span><\/p>\n<p lang=\"fr-CA\" align=\"center\">\n<\/p>\n<p align=\"justify\"><span style=\"color: #800000;\">\u00a0par Me Serge H. Mo\u00efse av.<\/span><\/p>\n<p align=\"justify\"><span style=\"color: #800000;\">Barreau de P-au-P.<\/span><\/p>\n<p align=\"justify\"><span style=\"color: #000000;\"><span style=\"font-family: 'Times New Roman', serif;\"><span style=\"font-size: large;\">Tout bon entrepreneur en construction sait que pour \u00e9riger un \u00e9difice qui soit solide et fonctionnel, il doit \u00e9laborer un plan d\u2019ensemble, pr\u00e9voir <\/span><\/span><\/span>&hellip;<\/p>\n","protected":false},"author":1,"featured_media":0,"comment_status":"open","ping_status":"open","sticky":false,"template":"","format":"standard","meta":{"footnotes":""},"categories":[1],"tags":[],"class_list":["post-12591","post","type-post","status-publish","format-standard","hentry","category-accueil"],"_links":{"self":[{"href":"http:\/\/www.lecarrefourdesopinions.ca\/index.php?rest_route=\/wp\/v2\/posts\/12591","targetHints":{"allow":["GET"]}}],"collection":[{"href":"http:\/\/www.lecarrefourdesopinions.ca\/index.php?rest_route=\/wp\/v2\/posts"}],"about":[{"href":"http:\/\/www.lecarrefourdesopinions.ca\/index.php?rest_route=\/wp\/v2\/types\/post"}],"author":[{"embeddable":true,"href":"http:\/\/www.lecarrefourdesopinions.ca\/index.php?rest_route=\/wp\/v2\/users\/1"}],"replies":[{"embeddable":true,"href":"http:\/\/www.lecarrefourdesopinions.ca\/index.php?rest_route=%2Fwp%2Fv2%2Fcomments&post=12591"}],"version-history":[{"count":1,"href":"http:\/\/www.lecarrefourdesopinions.ca\/index.php?rest_route=\/wp\/v2\/posts\/12591\/revisions"}],"predecessor-version":[{"id":12592,"href":"http:\/\/www.lecarrefourdesopinions.ca\/index.php?rest_route=\/wp\/v2\/posts\/12591\/revisions\/12592"}],"wp:attachment":[{"href":"http:\/\/www.lecarrefourdesopinions.ca\/index.php?rest_route=%2Fwp%2Fv2%2Fmedia&parent=12591"}],"wp:term":[{"taxonomy":"category","embeddable":true,"href":"http:\/\/www.lecarrefourdesopinions.ca\/index.php?rest_route=%2Fwp%2Fv2%2Fcategories&post=12591"},{"taxonomy":"post_tag","embeddable":true,"href":"http:\/\/www.lecarrefourdesopinions.ca\/index.php?rest_route=%2Fwp%2Fv2%2Ftags&post=12591"}],"curies":[{"name":"wp","href":"https:\/\/api.w.org\/{rel}","templated":true}]}}