{"id":12583,"date":"2016-08-20T09:51:48","date_gmt":"2016-08-20T13:51:48","guid":{"rendered":"http:\/\/www.lecarrefourdesopinions.ca\/?p=12583"},"modified":"2016-08-20T09:51:48","modified_gmt":"2016-08-20T13:51:48","slug":"dordinaire-monsieur-myard-vous-tenez-mieux-la-route","status":"publish","type":"post","link":"http:\/\/www.lecarrefourdesopinions.ca\/?p=12583","title":{"rendered":"D\u2019ordinaire Monsieur MYARD, Vous tenez mieux la Route."},"content":{"rendered":"<p align=\"CENTER\"><span style=\"color: #000099;\"><span><strong>.<\/strong><\/span><\/span><\/p>\n<p style=\"text-align: center;\"><span style=\"color: #632423;\"><span style=\"font-family: 'Comic Sans MS', cursive;\"><span style=\"font-size: large;\"><em><strong>D\u2019ordinaire Monsieur MYARD, Vous tenez mieux la Route.<\/strong><\/em><\/span><\/span><\/span><\/p>\n<p align=\"JUSTIFY\">\u00a0<img loading=\"lazy\" decoding=\"async\" class=\"alignnone size-full wp-image-12457\" title=\"Eric\" src=\"http:\/\/www.lecarrefourdesopinions.ca\/wp-content\/uploads\/2016\/07\/Eric.jpg\" alt=\"\" width=\"134\" height=\"107\" \/><\/p>\n<p align=\"JUSTIFY\"><span style=\"color: #632423;\"><span style=\"font-family: 'Comic Sans MS', cursive;\"><span style=\"font-size: large;\">\u00c9ric EG Nogard<\/span><\/span><\/span><\/p>\n<p align=\"JUSTIFY\"><span style=\"color: #c00000;\"><span style=\"font-size: large;\"><em>Chroniqueur<\/em><\/span><\/span><span style=\"color: #c00000;\"><span style=\"font-size: large;\">.<\/span><\/span><\/p>\n<p align=\"CENTER\">\n<p align=\"CENTER\"><span style=\"color: #632423;\"><span style=\"font-size: large;\">*** *** ***<\/span><\/span><\/p>\n<p align=\"JUSTIFY\"><span style=\"font-size: large;\"><strong>D\u2019ordinaire Monsieur MYARD, Vous tenez mieux la Route.<\/strong><\/span><\/p>\n<p align=\"JUSTIFY\">\n<p align=\"JUSTIFY\">\n<p align=\"JUSTIFY\"><span style=\"font-family: 'Comic Sans MS', cursive;\"><span style=\"font-size: large;\">Notre surprise est grande, Honorable Monsieur MYARD, que s\u2019est-il donc pass\u00e9 ou que se passe-t-il, pour que\u00a0:<\/span><\/span><\/p>\n<p align=\"JUSTIFY\">\n<p align=\"JUSTIFY\">\n<p align=\"CENTER\">\n<p align=\"CENTER\"><img loading=\"lazy\" decoding=\"async\" class=\"alignnone size-medium wp-image-12584\" title=\"F1   Cela depuis quand    et pourquoi   sur le Sol de France\" src=\"http:\/\/www.lecarrefourdesopinions.ca\/wp-content\/uploads\/2016\/08\/F1-Cela-depuis-quand-et-pourquoi-sur-le-Sol-de-France-300x170.jpg\" alt=\"\" width=\"300\" height=\"170\" srcset=\"http:\/\/www.lecarrefourdesopinions.ca\/wp-content\/uploads\/2016\/08\/F1-Cela-depuis-quand-et-pourquoi-sur-le-Sol-de-France-300x170.jpg 300w, http:\/\/www.lecarrefourdesopinions.ca\/wp-content\/uploads\/2016\/08\/F1-Cela-depuis-quand-et-pourquoi-sur-le-Sol-de-France-400x227.jpg 400w, http:\/\/www.lecarrefourdesopinions.ca\/wp-content\/uploads\/2016\/08\/F1-Cela-depuis-quand-et-pourquoi-sur-le-Sol-de-France.jpg 772w\" sizes=\"auto, (max-width: 300px) 100vw, 300px\" \/><\/p>\n<p align=\"CENTER\"><span style=\"font-size: large;\"><strong>F1\u00a0: <\/strong><\/span><span style=\"color: #c00000;\"><span style=\"font-size: large;\"><em><strong>Cela depuis quand\u2026 et pourquoi, sur le Sol de France.<\/strong><\/em><\/span><\/span><\/p>\n<p align=\"JUSTIFY\">\n<p align=\"JUSTIFY\">\n<p align=\"JUSTIFY\"><span style=\"font-family: 'Comic Sans MS', cursive;\"><span style=\"font-size: large;\">Plut\u00f4t que sur la V\u00f4tre, vous preniez appui sur l\u2019Analyse d\u2019un Soufiane ZITOUNI pour r\u00e9aliser la brusque r\u00e9surgence sur le Sol Fran\u00e7ais, de la Burqua, puis du Voile, puis du Burkini\u2026 et puis bient\u00f4t du Sabre Musulman.<\/span><\/span><\/p>\n<p align=\"JUSTIFY\">\n<p align=\"JUSTIFY\">\n<p align=\"JUSTIFY\"><span style=\"font-family: Arial, sans-serif;\"><span style=\"font-size: large;\">Appui sur un Soufiane ZITOUNI pour que vous r\u00e9alisiez \u2013 et tout Fran\u00e7ais comme Vous \u2013 la Volont\u00e9 du faire valoir et pr\u00e9valoir la Conception Identitaire Musulmane, non seulement sur la Chr\u00e9tient\u00e9, mais aussi sur les Us, les Coutumes, l\u2019Identit\u00e9 Fran\u00e7aise\u2026 la France n\u2019\u00e9clairant plus\u2026 se ferait \u00e9clairer\u00a0!<\/span><\/span><\/p>\n<p align=\"JUSTIFY\">\n<p align=\"JUSTIFY\">\n<p align=\"JUSTIFY\"><span style=\"font-size: large;\"><strong>Est-ce de l\u2019Aveuglement Pathologique ou Affect\u00e9.<\/strong><\/span><\/p>\n<p align=\"JUSTIFY\">\n<p align=\"JUSTIFY\"><span style=\"font-size: large;\"><em><strong>Pire encore peut-\u00eatre\u00a0:<\/strong><\/em><\/span><\/p>\n<p align=\"JUSTIFY\">\n<p align=\"JUSTIFY\">\n<p align=\"CENTER\">\u00a0<img loading=\"lazy\" decoding=\"async\" class=\"alignnone size-full wp-image-12585\" title=\"F2   Voir sans etre vu  les Fran\u00e7ais seront pris\" src=\"http:\/\/www.lecarrefourdesopinions.ca\/wp-content\/uploads\/2016\/08\/F2-Voir-sans-etre-vu-les-Fran\u00e7ais-seront-pris.jpg\" alt=\"\" width=\"303\" height=\"166\" srcset=\"http:\/\/www.lecarrefourdesopinions.ca\/wp-content\/uploads\/2016\/08\/F2-Voir-sans-etre-vu-les-Fran\u00e7ais-seront-pris.jpg 303w, http:\/\/www.lecarrefourdesopinions.ca\/wp-content\/uploads\/2016\/08\/F2-Voir-sans-etre-vu-les-Fran\u00e7ais-seront-pris-300x164.jpg 300w\" sizes=\"auto, (max-width: 303px) 100vw, 303px\" \/><\/p>\n<p align=\"CENTER\">\n<p align=\"CENTER\"><span style=\"font-size: large;\"><strong>F2\u00a0: <\/strong><\/span><span style=\"color: #c00000;\"><span style=\"font-size: large;\"><em><strong>Voir sans \u00eatre vu, les Fran\u00e7ais seront pris.<\/strong><\/em><\/span><\/span><\/p>\n<p align=\"JUSTIFY\">\n<p align=\"JUSTIFY\">\n<p align=\"JUSTIFY\"><span style=\"font-size: large;\">* Donner rendez-vous aux Bretons d\u2019Outre-Manche pour rire de leurs Sanglots\u2026 \u00ab\u00a0<\/span><span style=\"font-size: large;\"><em>Rira bien qui rira le dernier<\/em><\/span><span style=\"font-size: large;\">\u00a0\u00bb dites-vous.<\/span><\/p>\n<p align=\"JUSTIFY\">\n<p align=\"JUSTIFY\">\n<p align=\"CENTER\"><img loading=\"lazy\" decoding=\"async\" class=\"alignnone size-medium wp-image-12586\" title=\"F3  Azincourt   Ils se sont battus pour la France a laquelle il\" src=\"http:\/\/www.lecarrefourdesopinions.ca\/wp-content\/uploads\/2016\/08\/F3-Azincourt-Ils-se-sont-battus-pour-la-France-a-laquelle-il-300x160.jpg\" alt=\"\" width=\"300\" height=\"160\" srcset=\"http:\/\/www.lecarrefourdesopinions.ca\/wp-content\/uploads\/2016\/08\/F3-Azincourt-Ils-se-sont-battus-pour-la-France-a-laquelle-il-300x160.jpg 300w, http:\/\/www.lecarrefourdesopinions.ca\/wp-content\/uploads\/2016\/08\/F3-Azincourt-Ils-se-sont-battus-pour-la-France-a-laquelle-il-400x213.jpg 400w, http:\/\/www.lecarrefourdesopinions.ca\/wp-content\/uploads\/2016\/08\/F3-Azincourt-Ils-se-sont-battus-pour-la-France-a-laquelle-il.jpg 812w\" sizes=\"auto, (max-width: 300px) 100vw, 300px\" \/><\/p>\n<p align=\"CENTER\">\n<p align=\"CENTER\"><span style=\"font-size: large;\"><strong>F3\u00a0: <\/strong><\/span><span style=\"color: #c00000;\"><span style=\"font-size: large;\"><em><span style=\"text-decoration: underline;\"><strong>Azincourt\u00a0:<\/strong><\/span><\/em><\/span><\/span><span style=\"color: #c00000;\"><span style=\"font-size: large;\"><em><strong> Ils se sont battus pour la France \u00e0 laquelle ils tenaient. <\/strong><\/em><\/span><\/span><\/p>\n<p align=\"CENTER\"><span style=\"color: #c00000;\"><span style=\"font-size: large;\"><em><span style=\"text-decoration: underline;\"><strong>Verdun\u00a0:<\/strong><\/span><\/em><\/span><\/span><span style=\"color: #c00000;\"><span style=\"font-size: large;\"><em><strong> ils se sont battus aux c\u00f4t\u00e9s des Fran\u00e7ais, par amour pour la France.<\/strong><\/em><\/span><\/span><\/p>\n<p align=\"JUSTIFY\">\n<p align=\"JUSTIFY\">\n<p align=\"JUSTIFY\"><span style=\"font-size: large;\">Pour quel sarcasme et quelle l\u00e2che na\u00efvet\u00e9, ou pour quelles petites Rosseries Coutumi\u00e8res entre chien et chat, tous deux condamn\u00e9s \u00e0 s\u2019entendre pour que vive l\u2019Europe, leur Patrie Indivise, malgr\u00e9 tant d\u2019Avatars.<\/span><\/p>\n<p align=\"JUSTIFY\">\n<p align=\"JUSTIFY\">\n<p align=\"CENTER\"><img loading=\"lazy\" decoding=\"async\" class=\"alignnone size-full wp-image-12587\" title=\"F4   N est ce pas  et sans haine pourtant  qu en bons Europeens  ils se sont toujours battus comme chien et chat\" src=\"http:\/\/www.lecarrefourdesopinions.ca\/wp-content\/uploads\/2016\/08\/F4-N-est-ce-pas-et-sans-haine-pourtant-qu-en-bons-Europeens-ils-se-sont-toujours-battus-comme-chien-et-chat.jpg\" alt=\"\" width=\"275\" height=\"183\" \/><\/p>\n<p align=\"CENTER\">\n<p align=\"JUSTIFY\"><span style=\"font-size: large;\"><strong>F4\u00a0: <\/strong><\/span><span style=\"color: #c00000;\"><span style=\"font-size: large;\"><em><strong>N\u2019est-ce pas, et sans haine pourtant, qu\u2019en bons Europ\u00e9ens, ils se sont toujours battus comme chien et chat.<\/strong><\/em><\/span><\/span><\/p>\n<p align=\"JUSTIFY\">\n<p align=\"JUSTIFY\">\n<p align=\"JUSTIFY\"><span style=\"font-size: large;\"><strong>O. Honorable Monsieur MYARD, notre Surprise est Grande.<\/strong><\/span><\/p>\n<p align=\"JUSTIFY\">\n<p align=\"JUSTIFY\"><span style=\"font-size: large;\">Venant de Vous, de tels \u00e9carts n\u2019auraient-ils pas vraiment de quoi surprendre.<\/span><\/p>\n<p align=\"JUSTIFY\">\n<p align=\"JUSTIFY\"><span style=\"font-size: large;\">Et comme une Surprise n\u2019arrive jamais seule.<\/span><\/p>\n<p align=\"JUSTIFY\">\n<p align=\"JUSTIFY\">\n<p align=\"CENTER\"><img loading=\"lazy\" decoding=\"async\" class=\"alignnone size-large wp-image-12588\" title=\"F5   Les Corses sont chez eux    Ils demandent qu a Rome  il so\" src=\"http:\/\/www.lecarrefourdesopinions.ca\/wp-content\/uploads\/2016\/08\/F5-Les-Corses-sont-chez-eux-Ils-demandent-qu-a-Rome-il-so-1024x256.jpg\" alt=\"\" width=\"450\" height=\"112\" srcset=\"http:\/\/www.lecarrefourdesopinions.ca\/wp-content\/uploads\/2016\/08\/F5-Les-Corses-sont-chez-eux-Ils-demandent-qu-a-Rome-il-so-1024x256.jpg 1024w, http:\/\/www.lecarrefourdesopinions.ca\/wp-content\/uploads\/2016\/08\/F5-Les-Corses-sont-chez-eux-Ils-demandent-qu-a-Rome-il-so-300x75.jpg 300w, http:\/\/www.lecarrefourdesopinions.ca\/wp-content\/uploads\/2016\/08\/F5-Les-Corses-sont-chez-eux-Ils-demandent-qu-a-Rome-il-so-400x100.jpg 400w, http:\/\/www.lecarrefourdesopinions.ca\/wp-content\/uploads\/2016\/08\/F5-Les-Corses-sont-chez-eux-Ils-demandent-qu-a-Rome-il-so.jpg 1312w\" sizes=\"auto, (max-width: 450px) 100vw, 450px\" \/><\/p>\n<p align=\"JUSTIFY\">\n<p align=\"JUSTIFY\"><span style=\"font-size: large;\"><strong>F5\u00a0: <\/strong><\/span><span style=\"color: #c00000;\"><span style=\"font-size: large;\"><em><strong>Les Corses sont chez eux\u2026 Ils demandent qu\u2019\u00e0 Rome, il soit fait comme les Romains, Sinon\u2026 <\/strong><\/em><\/span><\/span><span style=\"color: #c00000;\"><span style=\"font-family: Arial, sans-serif;\"><span style=\"font-size: large;\"><em><strong>Begone<\/strong><\/em><\/span><\/span><\/span><span style=\"color: #c00000;\"><span style=\"font-size: large;\"><em><strong>\u00a0!..<\/strong><\/em><\/span><\/span><\/p>\n<p align=\"JUSTIFY\">\n<p align=\"JUSTIFY\">\n<p align=\"JUSTIFY\"><span style=\"font-size: large;\">N\u2019y-a-t-il pas, non pas les Arr\u00eat\u00e9s Municipaux pris un \u00e0 un depuis la d\u00e9termination Corse suite \u00e0 l\u2019Affaire de Sisco, mais le fait que nul ne semble y voir m\u00eame pas Vous \u2013 ou l\u2019amorce, ou l\u2019effet d\u2019une Peur Collective assez T\u00e9tanisante pour les Fran\u00e7ais.<\/span><\/p>\n<p align=\"JUSTIFY\">\n<p align=\"JUSTIFY\">\n<p align=\"JUSTIFY\"><span style=\"font-size: large;\"><em><strong>Et le Pire du Pire certainement\u00a0:<\/strong><\/em><\/span><\/p>\n<p align=\"JUSTIFY\">\n<p align=\"JUSTIFY\"><span style=\"font-size: large;\">* Cet amalgame qui veut que vous mettiez dans le m\u00eame Pot-au-Feu une Invasion sans Coup de Feu, l\u2019\u00c9galit\u00e9 des Sexes, la L\u00e9gitimit\u00e9 d\u2019Interdit portant sur le c\u00f4t\u00e9 \u00ab\u00a0Archa\u00efque\u00a0\u00bb d\u2019un port vestimentaire et quelle Chanson encore, et quelle Volute ROSSIGNOLESQUE, ce en quoi, selon le \u00ab\u00a0<\/span><span style=\"font-size: large;\"><strong>Cri d\u2019Alarme<\/strong><\/span><span style=\"font-size: large;\">\u00a0\u00bb, nous m\u00e9ritons bien le Sarcasme des Anglais.<\/span><\/p>\n<p align=\"JUSTIFY\">\n<p align=\"JUSTIFY\">\n<p align=\"JUSTIFY\"><span style=\"font-size: large;\"><em><strong>La Sc\u00e8ne qui se joue sur le Sol de France.<\/strong><\/em><\/span><\/p>\n<p align=\"JUSTIFY\">\n<p align=\"JUSTIFY\"><span style=\"font-size: large;\">De la France pour laquelle ils se sont battus, vers\u00e9 leur Sang \u00e0 nos c\u00f4t\u00e9, n\u2019a-t-elle pas de quoi les \u00e9mouvoir, la Sc\u00e8ne qui s\u2019y joue, qui peut tourner au Drame.<\/span><\/p>\n<p align=\"JUSTIFY\">\n<p align=\"JUSTIFY\"><span style=\"font-family: Calibri, sans-serif;\"><span style=\"font-size: large;\"><em>Les Anglais, et le Flegme comme l\u2019Humour Britanniques, Vous seraient-ils \u00e0 ce point inconnus<\/em><\/span><\/span><span style=\"font-size: large;\">.<\/span><\/p>\n<p align=\"JUSTIFY\">\n<p align=\"JUSTIFY\">\n<p align=\"CENTER\">\u00a0<img loading=\"lazy\" decoding=\"async\" class=\"alignnone size-large wp-image-12589\" title=\"F6       Ils ont Tous du NELSON dans le Sang\" src=\"http:\/\/www.lecarrefourdesopinions.ca\/wp-content\/uploads\/2016\/08\/F6-Ils-ont-Tous-du-NELSON-dans-le-Sang-1024x290.jpg\" alt=\"\" width=\"450\" height=\"127\" srcset=\"http:\/\/www.lecarrefourdesopinions.ca\/wp-content\/uploads\/2016\/08\/F6-Ils-ont-Tous-du-NELSON-dans-le-Sang-1024x290.jpg 1024w, http:\/\/www.lecarrefourdesopinions.ca\/wp-content\/uploads\/2016\/08\/F6-Ils-ont-Tous-du-NELSON-dans-le-Sang-300x85.jpg 300w, http:\/\/www.lecarrefourdesopinions.ca\/wp-content\/uploads\/2016\/08\/F6-Ils-ont-Tous-du-NELSON-dans-le-Sang-400x113.jpg 400w, http:\/\/www.lecarrefourdesopinions.ca\/wp-content\/uploads\/2016\/08\/F6-Ils-ont-Tous-du-NELSON-dans-le-Sang.jpg 1301w\" sizes=\"auto, (max-width: 450px) 100vw, 450px\" \/><\/p>\n<p align=\"CENTER\">\n<p align=\"CENTER\"><span style=\"font-size: large;\"><strong>F6\u00a0: <\/strong><\/span><span style=\"color: #c00000;\"><span style=\"font-size: large;\"><em><strong>\u2026 Ils ont Tous du NELSON dans le Sang.<\/strong><\/em><\/span><\/span><\/p>\n<p align=\"JUSTIFY\">\n<p align=\"JUSTIFY\">\n<p align=\"JUSTIFY\"><span style=\"font-family: 'Comic Sans MS', cursive;\"><span style=\"font-size: large;\">Ils ne reconnaissent pas les Fran\u00e7ais qui semblent \u00eatre frapp\u00e9s de C\u00e9cit\u00e9 comme ils ne l\u2019ont jamais \u00e9t\u00e9.<\/span><\/span><\/p>\n<p align=\"JUSTIFY\">\n<p align=\"JUSTIFY\"><span style=\"font-family: 'Comic Sans MS', cursive;\"><span style=\"font-size: large;\">Ne les provoquez pas\u2026 songez \u00e0 Trafalgar\u2026 ils ont Tous du NELSON dans le Sang.<\/span><\/span><\/p>\n<p align=\"JUSTIFY\">\n<p align=\"JUSTIFY\">\n<p align=\"JUSTIFY\"><span style=\"font-family: 'Arial Rounded MT Bold', sans-serif;\"><span style=\"font-size: large;\">Merci pour votre Courriel, il est Signe de Reconnaissance voire de Consid\u00e9ration.<\/span><\/span><\/p>\n<p align=\"JUSTIFY\">\n<p align=\"JUSTIFY\"><span style=\"font-family: 'Arial Rounded MT Bold', sans-serif;\"><span style=\"font-size: large;\">Merci enfin et Respectueuses Salutations, Honorable Monsieur MYARD.<\/span><\/span><\/p>\n<p align=\"JUSTIFY\">\n<p align=\"JUSTIFY\"><span style=\"font-family: Calibri, sans-serif;\"><span style=\"font-size: large;\">Voici en Annexe le Courriel de Jacques MYARD.<\/span><\/span><\/p>\n<p align=\"JUSTIFY\">\n<p align=\"JUSTIFY\"><span style=\"font-size: large;\">\u00c9ric EG Nogard<\/span><\/p>\n<p align=\"JUSTIFY\"><span style=\"color: #c00000;\"><span style=\"font-size: large;\"><em>Chroniqueur<\/em><\/span><\/span><span style=\"color: #c00000;\"><span style=\"font-size: large;\">.<\/span><\/span><\/p>\n<p align=\"JUSTIFY\">\n<p align=\"CENTER\"><span style=\"color: #c00000;\"><span style=\"font-size: large;\"><strong>===*===<\/strong><\/span><\/span><\/p>\n<p align=\"JUSTIFY\">\n<p align=\"JUSTIFY\"><span style=\"font-family: Calibri, sans-serif;\"><span style=\"font-size: large;\"><strong>de \u00ab\u00a0Jacques MYARD\u00a0\u00bb &lt;jmyard@club-internet.fr&gt; <\/strong><\/span><\/span><\/p>\n<p align=\"JUSTIFY\"><span style=\"font-family: Calibri, sans-serif;\"><span style=\"font-size: large;\"><strong>\u00e0 \u00ab\u00a0Courrier\u00a0\u00bb &lt;eric.nogard@orange.fr&gt;<\/strong><\/span><\/span><\/p>\n<p align=\"JUSTIFY\"><span style=\"font-family: Calibri, sans-serif;\"><span style=\"font-size: large;\"><strong>date 17\/08\/16 18:16<\/strong><\/span><\/span><\/p>\n<p align=\"JUSTIFY\">\n<p align=\"JUSTIFY\"><span style=\"font-family: Calibri, sans-serif;\"><span style=\"font-size: large;\">objet Communiqu\u00e9 : Le Burkini un marqueur communautaire!<\/span><\/span><\/p>\n<p align=\"JUSTIFY\">\n<p align=\"JUSTIFY\">\n<p align=\"JUSTIFY\"><span style=\"font-family: Calibri, sans-serif;\"><span style=\"font-size: large;\">COMMUNIQUE DE PRESSE<\/span><\/span><\/p>\n<p align=\"JUSTIFY\"><span style=\"font-family: Calibri, sans-serif;\"><span style=\"font-size: large;\">de Jacques MYARD<\/span><\/span><\/p>\n<p align=\"JUSTIFY\"><span style=\"font-family: Calibri, sans-serif;\"><span style=\"font-size: large;\">D\u00e9put\u00e9 de la Nation<\/span><\/span><\/p>\n<p align=\"JUSTIFY\"><span style=\"font-family: Calibri, sans-serif;\"><span style=\"font-size: large;\">Maire de Maisons-Laffitte<\/span><\/span><\/p>\n<p align=\"JUSTIFY\"><span style=\"font-family: Calibri, sans-serif;\"><span style=\"font-size: large;\">Pr\u00e9sident du Cercle Nation et R\u00e9publique<\/span><\/span><\/p>\n<p align=\"JUSTIFY\">\n<p align=\"JUSTIFY\">\n<p align=\"JUSTIFY\">\n<p align=\"JUSTIFY\"><span style=\"font-family: Calibri, sans-serif;\"><span style=\"font-size: large;\">Le 17 ao\u00fbt 2016,<\/span><\/span><\/p>\n<p align=\"JUSTIFY\">\n<p align=\"JUSTIFY\">\n<p align=\"JUSTIFY\"><span style=\"font-family: Calibri, sans-serif;\"><span style=\"font-size: large;\">A\/S : Le Burkini un marqueur communautaire!<\/span><\/span><\/p>\n<p align=\"JUSTIFY\">\n<p align=\"JUSTIFY\">\n<p align=\"JUSTIFY\"><span style=\"font-family: Calibri, sans-serif;\"><span style=\"font-size: large;\">La question de l&rsquo;interdiction du port du burkini suscite des pol\u00e9miques voire les sarcasmes de la presse anglo-saxonne toujours pr\u00eate \u00e0 se laisser aller aux railleries anti fran\u00e7aises.<\/span><\/span><\/p>\n<p align=\"JUSTIFY\">\n<p align=\"JUSTIFY\"><span style=\"font-family: Calibri, sans-serif;\"><span style=\"font-size: large;\">En r\u00e9alit\u00e9 cette question m\u00e9rite plus et beaucoup mieux que des pol\u00e9miques d&rsquo;o\u00f9 quelles viennent. <\/span><\/span><\/p>\n<p align=\"JUSTIFY\">\n<p align=\"JUSTIFY\"><span style=\"font-family: Calibri, sans-serif;\"><span style=\"font-size: large;\">Il est ind\u00e9niable en premier lieu qu&rsquo;elle doit \u00eatre replac\u00e9e dans le contexte des attentats que la France vient de conna\u00eetre et qu&rsquo;\u00e0 ce titre \u2014 comme l&rsquo;a relev\u00e9 le tribunal de Nice\u2014le port de ce burkini en p\u00e9riode de l&rsquo;\u00e9tat d&rsquo;urgence peut appara\u00eetre comme une provocation .<\/span><\/span><\/p>\n<p align=\"JUSTIFY\">\n<p align=\"JUSTIFY\"><span style=\"font-family: Calibri, sans-serif;\"><span style=\"font-size: large;\">De plus il est l\u00e9gitime que les femmes fran\u00e7aises qui ont conquis avec force l&rsquo;\u00e9galit\u00e9 des sexes, jugent cet habit comme \u00e9tant \u00a0\u00bb archa\u00efque\u00a0\u00bb comme l&rsquo;a dit \u00e0 juste titre la ministre Laurence Rossignol, avis partag\u00e9 par la totalit\u00e9 ou presque des Fran\u00e7ais quel que soit leur sexe !<\/span><\/span><\/p>\n<p align=\"JUSTIFY\">\n<p align=\"JUSTIFY\"><span style=\"font-family: Calibri, sans-serif;\"><span style=\"font-size: large;\">Mais au del\u00e0 de l&rsquo;\u00e9galit\u00e9 des sexes la question du burkini traduit les d\u00e9rives communautaristes voulues par les salafistes, au nom de l&rsquo;interpr\u00e9tation d&rsquo;un Islam quasi sectaire qu\u2019ils veulent voir appliquer en France .<\/span><\/span><\/p>\n<p align=\"JUSTIFY\">\n<p align=\"JUSTIFY\"><span style=\"font-family: Calibri, sans-serif;\"><span style=\"font-size: large;\">Comme l&rsquo;a tr\u00e8s bien analys\u00e9 Soufiane ZITOUNI, musulman croyant et soufiste, le voile et la burqa sont des marqueurs identitaires, tout comme l&rsquo;est d\u00e9sormais le burkini. Il traduit la volont\u00e9 des int\u00e9gristes salafistes de faire pr\u00e9valoir dans la soci\u00e9t\u00e9 leur conception identitaire, c&rsquo;est l\u00e0 une d\u00e9rive communautaire compl\u00e8te dont l&rsquo;objectif est la reconnaissance \u00e0 terme de la sup\u00e9riorit\u00e9 de leurs conceptions religieuses sur les lois de la R\u00e9publique !<\/span><\/span><\/p>\n<p align=\"JUSTIFY\">\n<p align=\"JUSTIFY\"><span style=\"font-family: Calibri, sans-serif;\"><span style=\"font-size: large;\">Apr\u00e8s le voile et le burkini viendront d&rsquo;autres exigences qui conduiront si nous les acceptons par faiblesse et crainte \u00e0 la balkanisation de la Nation en d&rsquo;autant de communaut\u00e9s de plus en plus m\u00e9fiantes puis hostiles entre elles.<\/span><\/span><\/p>\n<p align=\"JUSTIFY\">\n<p align=\"JUSTIFY\"><span style=\"font-family: Calibri, sans-serif;\"><span style=\"font-size: large;\">Cette d\u00e9rive suscite \u00e0 juste titre le rejet des Fran\u00e7ais.<\/span><\/span><\/p>\n<p align=\"JUSTIFY\">\n<p align=\"JUSTIFY\"><span style=\"font-family: Calibri, sans-serif;\"><span style=\"font-size: large;\">Les choses sont tr\u00e8s simples : les pouvoirs publics agissent fermement pour mettre un terme \u00e0 ces d\u00e9rives ou les Fran\u00e7ais r\u00e9agiront directement sur le terrain , le gouvernement est pr\u00e9venu !<\/span><\/span><\/p>\n<p align=\"JUSTIFY\">\n<p align=\"JUSTIFY\"><span style=\"font-family: Calibri, sans-serif;\"><span style=\"font-size: large;\">Quant aux anglo-saxons fiers de leurs sarcasmes , je leur donne rendez vous dans quelques mois ,voire quelques ann\u00e9es et \u00a0\u00bb Rira bien qui rira le dernier \u00ab\u00a0, ils pourront alors, m\u00e9diter un peu tard en sanglots sur leur l\u00e2che na\u00efvet\u00e9 !!!!!<\/span><\/span><\/p>\n<p align=\"JUSTIFY\">\n<p align=\"CENTER\">\n<p align=\"CENTER\"><span style=\"color: #ff0000;\"><span style=\"font-size: large;\"><strong>Nota : <\/strong><\/span><\/span><span style=\"color: #000000;\"><span style=\"font-size: large;\">Nous ne traitons que de Faits et de Noms rendus Publics.<\/span><\/span><\/p>\n<p align=\"CENTER\">\n<p align=\"JUSTIFY\"><span style=\"font-size: large;\"><strong>N.B.:<\/strong><\/span><span style=\"font-size: large;\"> &#8211; <\/span><span style=\"color: #c00000;\"><span style=\"font-family: 'Comic Sans MS', cursive;\"><span style=\"font-size: large;\">Nous Recommandons instamment et syst\u00e9matiquement l\u2019ouverture de la (ou des) pi\u00e8ce(s) jointe(s) \u00e0 l\u2019e-mail, sous format Pdf, <\/span><\/span><\/span><span style=\"color: #c00000;\"><span style=\"font-family: 'Comic Sans MS', cursive;\"><span style=\"font-size: large;\"><span style=\"text-decoration: underline;\">les illustrations y sont incluses<\/span><\/span><\/span><\/span><span style=\"color: #c00000;\"><span style=\"font-family: 'Comic Sans MS', cursive;\"><span style=\"font-size: large;\">.<\/span><\/span><\/span><\/p>\n<p align=\"JUSTIFY\">\n<p align=\"CENTER\"><span style=\"color: #ff0000;\"><span><strong>Ne Peut \u00eatre reproduit &#8211; m\u00eame partiellement &#8211; sans l\u2019autorisation de l\u2019Auteur.<\/strong><\/span><\/span><\/p>\n<p align=\"JUSTIFY\"><span style=\"text-decoration: underline;\"><strong>Liens Sugg\u00e9r\u00e9s<\/strong><\/span><\/p>\n<ul>\n<li>\n<p align=\"JUSTIFY\"><span style=\"color: #0000ff;\"><span style=\"text-decoration: underline;\"><a href=\"http:\/\/www.etatsgenerauxdeloutremer.fr\/reflexions\">http:\/\/www.etatsgenerauxdeloutremer.fr\/reflexions<\/a><\/span><\/span><\/p>\n<\/li>\n<\/ul>\n<p align=\"CENTER\">\n<p align=\"CENTER\"><strong>==================================================================<\/strong><\/p>\n<script type=\"text\/javascript\">\n\nvar addthis_config = {\"data_track_clickback\":false,\"data_track_addressbar\":false,\"data_track_textcopy\":false};\n<\/script><script type=\"text\/javascript\" src=\"\/\/s7.addthis.com\/js\/250\/addthis_widget.js#pubid=a457a6d63fb9e6ccabdde4110343bd85\"><\/script>","protected":false},"excerpt":{"rendered":"<p align=\"CENTER\"><span style=\"color: #000099;\"><span>.<\/span><\/span><\/p>\n<p style=\"text-align: center;\"><span style=\"color: #632423;\"><span style=\"font-family: 'Comic Sans MS', cursive;\"><span style=\"font-size: large;\">D\u2019ordinaire Monsieur MYARD, Vous tenez mieux la Route.<\/span><\/span><\/span><\/p>\n<p align=\"JUSTIFY\">\u00a0<\/p>\n<p align=\"JUSTIFY\"><span style=\"color: #632423;\"><span style=\"font-family: 'Comic Sans MS', cursive;\"><span style=\"font-size: large;\">\u00c9ric EG Nogard<\/span><\/span><\/span><\/p>\n<p align=\"JUSTIFY\"><span style=\"color: #c00000;\"><span style=\"font-size: large;\">Chroniqueur<\/span><\/span><span style=\"color: #c00000;\"><span style=\"font-size: large;\">.<\/span><\/span><\/p>\n<p align=\"CENTER\">\n<p align=\"CENTER\"><span style=\"color: #632423;\"><span style=\"font-size: large;\">*** *** ***<\/span><\/span><\/p>\n<p align=\"JUSTIFY\"><span style=\"font-size: large;\">D\u2019ordinaire Monsieur MYARD, Vous tenez mieux la Route.<\/span><\/p>\n<p align=\"JUSTIFY\">\n<p align=\"JUSTIFY\">\n<p align=\"JUSTIFY\"><span style=\"font-family: 'Comic Sans MS', cursive;\"><span style=\"font-size: large;\">Notre surprise est grande, Honorable Monsieur MYARD, que s\u2019est-il donc pass\u00e9 ou <\/span><\/span>&hellip;<\/p>\n","protected":false},"author":1,"featured_media":0,"comment_status":"open","ping_status":"open","sticky":false,"template":"","format":"standard","meta":{"footnotes":""},"categories":[1],"tags":[],"class_list":["post-12583","post","type-post","status-publish","format-standard","hentry","category-accueil"],"_links":{"self":[{"href":"http:\/\/www.lecarrefourdesopinions.ca\/index.php?rest_route=\/wp\/v2\/posts\/12583","targetHints":{"allow":["GET"]}}],"collection":[{"href":"http:\/\/www.lecarrefourdesopinions.ca\/index.php?rest_route=\/wp\/v2\/posts"}],"about":[{"href":"http:\/\/www.lecarrefourdesopinions.ca\/index.php?rest_route=\/wp\/v2\/types\/post"}],"author":[{"embeddable":true,"href":"http:\/\/www.lecarrefourdesopinions.ca\/index.php?rest_route=\/wp\/v2\/users\/1"}],"replies":[{"embeddable":true,"href":"http:\/\/www.lecarrefourdesopinions.ca\/index.php?rest_route=%2Fwp%2Fv2%2Fcomments&post=12583"}],"version-history":[{"count":1,"href":"http:\/\/www.lecarrefourdesopinions.ca\/index.php?rest_route=\/wp\/v2\/posts\/12583\/revisions"}],"predecessor-version":[{"id":12590,"href":"http:\/\/www.lecarrefourdesopinions.ca\/index.php?rest_route=\/wp\/v2\/posts\/12583\/revisions\/12590"}],"wp:attachment":[{"href":"http:\/\/www.lecarrefourdesopinions.ca\/index.php?rest_route=%2Fwp%2Fv2%2Fmedia&parent=12583"}],"wp:term":[{"taxonomy":"category","embeddable":true,"href":"http:\/\/www.lecarrefourdesopinions.ca\/index.php?rest_route=%2Fwp%2Fv2%2Fcategories&post=12583"},{"taxonomy":"post_tag","embeddable":true,"href":"http:\/\/www.lecarrefourdesopinions.ca\/index.php?rest_route=%2Fwp%2Fv2%2Ftags&post=12583"}],"curies":[{"name":"wp","href":"https:\/\/api.w.org\/{rel}","templated":true}]}}