{"id":12580,"date":"2016-08-16T16:46:36","date_gmt":"2016-08-16T20:46:36","guid":{"rendered":"http:\/\/www.lecarrefourdesopinions.ca\/?p=12580"},"modified":"2016-08-16T16:46:36","modified_gmt":"2016-08-16T20:46:36","slug":"12580","status":"publish","type":"post","link":"http:\/\/www.lecarrefourdesopinions.ca\/?p=12580","title":{"rendered":""},"content":{"rendered":"<p><span style=\"font-size: medium;\">Hydrocarbures\u00a0et loi 106 : nuisance (n\u00e9o)lib\u00e9rale<\/span><\/p>\n<p><img loading=\"lazy\" decoding=\"async\" class=\"alignnone size-thumbnail wp-image-12581\" title=\"P8097469\" src=\"http:\/\/www.lecarrefourdesopinions.ca\/wp-content\/uploads\/2016\/08\/P8097469-134x107.jpg\" alt=\"\" width=\"134\" height=\"107\" \/><\/p>\n<p><em><span style=\"color: #800000;\">par\u00a0Louise Morand<\/span><\/em><\/p>\n<p><span style=\"font-size: medium;\">Dans sa lettre en r\u00e9ponse aux critiques soulev\u00e9es par le projet de loi 106 sur les hydrocarbures, le ministre de l\u2019\u00e9nergie et des ressources naturelles, M. Pierre Arcand<\/span><sup><span style=\"font-size: medium;\"><a name=\"sdfootnote1anc\" href=\"#sdfootnote1sym\"><\/a><sup>1<\/sup><\/span><\/sup><span style=\"font-size: medium;\">, r\u00e9sume en un paragraphe tout ce que ce projet l\u00e9gislatif n\u2019est pas. Il suffit de lire par la n\u00e9gative les affirmations avanc\u00e9es pour saisir pourquoi il faut refuser ce projet de loi. M.\u00a0Arcand \u00e9crit : \u00ab<\/span><span style=\"font-size: medium;\"><em>Toutefois, plusieurs enjeux sont \u00e0 consid\u00e9rer, soit\u00a0: le transport s\u00e9curitaire des hydrocarbures, l&rsquo;exploitation responsable des hydrocarbures, l&rsquo;acceptabilit\u00e9 sociale au sein des communaut\u00e9s d&rsquo;accueil et l&rsquo;application des normes techniques et environnementales les plus strictes<\/em><\/span><span style=\"font-size: medium;\">\u00bb.<\/span><\/p>\n<p><span style=\"font-size: medium;\">Par le \u00ab<\/span><span style=\"font-size: medium;\"><em>transport s\u00e9curitaire<\/em><\/span><span style=\"font-size: medium;\"><em>des hydrocarbures<\/em><\/span><span style=\"font-size: medium;\">\u00bb, la loi 106 ouvre la porte au d\u00e9veloppement \u00e9ventuel de pipelines et \u00e0 l\u2019accroissement du transport par p\u00e9troliers sur le fleuve. La propagande de l\u2019industrie, \u00e0 laquelle adh\u00e8re le gouvernement, aime \u00e0 faire croire que tout ce qui n\u2019est pas le train est un transport s\u00e9curitaire. En fait, les statistiques d\u00e9montrent qu\u2019en mati\u00e8re de s\u00e9curit\u00e9, aucun moyen de transport d\u2019hydrocarbure n\u2019est pr\u00e9f\u00e9rable. Transformer nos terres agricoles, nos rivi\u00e8res et le fleuve Saint-Laurent en autoroutes de p\u00e9trole n\u2019est pas s\u00e9curitaire. Les pipelines font moins de morts que les trains mais cr\u00e9ent 3 fois plus de d\u00e9versements. Les d\u00e9versements occasionn\u00e9s par les p\u00e9troliers sont 17 fois plus importants que ceux des pipelines<\/span><sup><span style=\"font-size: medium;\"><a name=\"sdfootnote2anc\" href=\"#sdfootnote2sym\"><\/a><sup>2<\/sup><\/span><\/sup><span style=\"font-size: medium;\">. Le transport par pipelines et par p\u00e9troliers est surtout plus rentable pour l\u2019industrie.<\/span><\/p>\n<p><span style=\"font-size: medium;\">Au chapitre de \u00ab<\/span><span style=\"font-size: medium;\"><em>l\u2019exploitation responsable des hydrocarbures<\/em><\/span><span style=\"font-size: medium;\">\u00bb, il faut rappeler qu\u2019il existe un consensus scientifique sur le fait que l\u2019humanit\u00e9 doit laisser dans le sol 80% des r\u00e9serves connues d\u2019hydrocarbures. Les gaz \u00e0 effets de serre doivent \u00eatre ma\u00eetris\u00e9s avant 2020 et \u00e0 peu pr\u00e8s \u00e9limin\u00e9s d\u2019ici 2050, si on veut avoir une chance sur deux d\u2019\u00e9viter un r\u00e9chauffement incontr\u00f4lable de la plan\u00e8te<\/span><sup><span style=\"font-size: medium;\"><a name=\"sdfootnote3anc\" href=\"#sdfootnote3sym\"><\/a><sup>3<\/sup><\/span><\/sup><sup><span style=\"font-size: medium;\">, <\/span><\/sup><sup><span style=\"font-size: medium;\"><a name=\"sdfootnote4anc\" href=\"#sdfootnote4sym\"><\/a><sup>4<\/sup><\/span><\/sup><span style=\"font-size: medium;\">. Le rapport de synth\u00e8se des \u00c9tudes environnementales strat\u00e9giques command\u00e9es par le gouvernement, auquel le ministre Arcand fait allusion dans son article, a d\u2019ailleurs conclu que l\u2019exploitation des hydrocarbures au Qu\u00e9bec serait difficilement conciliable avec l\u2019atteinte des cibles de lutte au r\u00e9chauffement climatique<\/span><sup><span style=\"font-size: medium;\"><a name=\"sdfootnote5anc\" href=\"#sdfootnote5sym\"><\/a><sup>5<\/sup><\/span><\/sup><span style=\"font-size: medium;\">. Le virage vers les hydrocarbures dans un contexte de crise climatique est rien de moins qu\u2019irresponsable. D\u2019autant plus que le Qu\u00e9bec est riche en \u00e9nergies renouvelables.<\/span><\/p>\n<p><span style=\"font-size: medium;\">Pour ce qui est des forages avec fracturation hydraulique, l\u2019absence d\u2019\u00ab<\/span><span style=\"font-size: medium;\"><em>acceptabilit\u00e9 sociale au sein des communaut\u00e9s d\u2019accueil<\/em><\/span><span style=\"font-size: medium;\">\u00bb n\u2019est plus \u00e0 d\u00e9battre. Depuis le d\u00e9but des projets d\u2019exploitation gazi\u00e8re et p\u00e9troli\u00e8re au Qu\u00e9bec, les communaut\u00e9s se sont mobilis\u00e9es pour signifier leur opposition \u00e0 cette fili\u00e8re \u00e9nerg\u00e9tique inutile, polluante et nuisible. La p\u00e9tition \u00ab<\/span><span style=\"font-size: medium;\"><em>Vous n\u2019entrerez pas chez nous<\/em><\/span><span style=\"font-size: medium;\">\u00bb, amorc\u00e9e en 2011 et d\u00e9pos\u00e9e \u00e0 l\u2019assembl\u00e9e nationale, a re\u00e7u plus de 65\u00a0000 signatures<\/span><sup><span style=\"font-size: medium;\"><a name=\"sdfootnote6anc\" href=\"#sdfootnote6sym\"><\/a><sup>6<\/sup><\/span><\/sup><span style=\"font-size: medium;\">. Des centaines d\u2019\u00e9tudes scientifiques t\u00e9moignent des impacts n\u00e9gatifs de la fracturation hydraulique sur la sant\u00e9 humaine et animale et sur l\u2019int\u00e9grit\u00e9 des terres agricoles et des sources d\u2019eau potable<\/span><sup><span style=\"font-size: medium;\"><a name=\"sdfootnote7anc\" href=\"#sdfootnote7sym\"><\/a><sup>7<\/sup><\/span><\/sup><span style=\"font-size: medium;\">. En 2014, le rapport du BAPE sur l\u2019exploitation des hydrocarbures dans le shale d\u2019Utica de la vall\u00e9e du Saint-Laurent a d\u2019ailleurs conclu que ce d\u00e9veloppement n\u2019\u00e9tait pas souhaitable notamment en raison de l\u2019absence d\u2019acceptabilit\u00e9 sociale et des risques \u00e9lev\u00e9s de pollution actuels et pour les g\u00e9n\u00e9rations futures<\/span><sup><span style=\"font-size: medium;\"><a name=\"sdfootnote8anc\" href=\"#sdfootnote8sym\"><\/a><sup>8<\/sup><\/span><\/sup><span style=\"font-size: medium;\">.<\/span><\/p>\n<p><span style=\"font-size: medium;\">L\u2019allusion de M. Arcand \u00e0 \u00ab<\/span><span style=\"font-size: medium;\"><em>l\u2019application de<\/em><\/span><span style=\"font-size: medium;\"><em>s normes techniques et environnementales les plus strictes<\/em><\/span><span style=\"font-size: medium;\">\u00bb fait rire. La loi 106 appliquerait le <\/span><span style=\"font-size: medium;\"><em>R\u00e8glement sur le pr\u00e9l\u00e8vement des eaux et leur protection (RPEP)<\/em><\/span><span style=\"font-size: medium;\"> du gouvernement Couillard, qui a \u00e9t\u00e9 contest\u00e9 par plus de 300 municipalit\u00e9s parce qu\u2019il est trop laxiste<\/span><sup><span style=\"font-size: medium;\"><a name=\"sdfootnote9anc\" href=\"#sdfootnote9sym\"><\/a><sup>9<\/sup><\/span><\/sup><span style=\"font-size: medium;\">. Et c\u2019est ce m\u00eame gouvernement qui a autoris\u00e9 les forages avec fracturation sur Anticosti alors qu\u2019il n\u2019existe aucune infrastructure de traitement des liquides de fracturation sur l\u2019\u00eele. Les dizaines de millions de litres d\u2019eau toxique r\u00e9sultant des forages devraient \u00eatre analys\u00e9s et soumis \u00e0 un traitement encore inconnu avant d\u2019\u00eatre simplement rejet\u00e9s dans l\u2019\u00e9cosyst\u00e8me du fleuve, avec la b\u00e9n\u00e9diction du ministre de l\u2019environnement<\/span><sup><span style=\"font-size: medium;\"><a name=\"sdfootnote10anc\" href=\"#sdfootnote10sym\"><\/a><sup>10<\/sup><\/span><\/sup><span style=\"font-size: medium;\">.<\/span><\/p>\n<p><span style=\"font-size: medium;\">Les chercheurs s\u00e9rieux reconnaissent que la transition \u00e9nerg\u00e9tique doit commencer maintenant et se compl\u00e9ter au cours des 15 prochaines ann\u00e9es<\/span><sup><span style=\"font-size: medium;\"><a name=\"sdfootnote11anc\" href=\"#sdfootnote11sym\"><\/a><sup>11<\/sup><\/span><\/sup><sup><span style=\"font-size: medium;\">, <\/span><\/sup><sup><span style=\"font-size: medium;\"><a name=\"sdfootnote12anc\" href=\"#sdfootnote12sym\"><\/a><sup>12<\/sup><\/span><\/sup><span style=\"font-size: medium;\">. Selon le climatologue Kevin Anderson, du Tyndall Center : \u00abSi on veut vraiment contrer la crise du climat, la seule option s\u00fbre qu\u2019on puisse envisager pour le gaz de schiste consiste \u00e0 le laisser dans le sol\u00bb<\/span><sup><span style=\"font-size: medium;\"><a name=\"sdfootnote13anc\" href=\"#sdfootnote13sym\"><\/a><sup>13<\/sup><\/span><\/sup><span style=\"font-size: medium;\">. Il faut renoncer au mod\u00e8le de d\u00e9veloppement bas\u00e9 sur les \u00e9nergies fossiles. Le p\u00e9trole et le gaz de schiste n\u2019ont aucun r\u00f4le \u00e0 jouer dans les sc\u00e9narios de transition \u00e9nerg\u00e9tique. Les dispositions de la loi 106 concernant l\u2019exploitation des hydrocarbures au Qu\u00e9bec constituent une nuisance \u00abrigoureuse\u00bb et antid\u00e9mocratique, voire criminelle. <\/span><\/p>\n<p lang=\"fr-CA\">\n<div id=\"sdfootnote1\">\n<p><a name=\"sdfootnote1sym\" href=\"#sdfootnote1anc\"><\/a>1 http:\/\/quebec.huffingtonpost.ca\/pierre-arcand\/exploitation-hydrocarbures-petrole-quebec-projet-loi-106_b_11332350.html?utm_hp_ref=environnement<\/p>\n<\/div>\n<div id=\"sdfootnote2\">\n<p><a name=\"sdfootnote2sym\" href=\"#sdfootnote2anc\"><\/a>2 Harvey, J., Allard, S. (2015). <em>Rapport d\u2019information\u00a0: Les impacts du projet Ol\u00e9oduc \u00c9nergie Est de TransCanada dans la MRC de D\u2019Autray<\/em>. MRC de D\u2019Autray, p.31.<\/p>\n<\/div>\n<div id=\"sdfootnote3\">\n<p><a name=\"sdfootnote3sym\" href=\"#sdfootnote3anc\"><\/a>3 Azam, G., Combes, M., Coutrot, T., Harribey, J.M., Plihon, D. (2015). <em>Le climat est notre affaire!<\/em> \u00c9d. Les liens qui lib\u00e8rent, p.12.<\/p>\n<\/div>\n<div id=\"sdfootnote4\">\n<p><a name=\"sdfootnote4sym\" href=\"#sdfootnote4anc\"><\/a>4 Klein, N. (2015). <em>Tout peut changer. Capitalisme et changement climatique<\/em>. Lux, Actes sud, p.35-36, 110.<\/p>\n<\/div>\n<div id=\"sdfootnote5\">\n<p><a name=\"sdfootnote5sym\" href=\"#sdfootnote5anc\"><\/a>5 Gouvernement du Qu\u00e9bec. <em>\u00c9valuation environnementale strat\u00e9gique. Rapport sur l\u2019ensemble de la fili\u00e8re des hydrocarbures<\/em>. Mai 2016, p.42.<\/p>\n<\/div>\n<div id=\"sdfootnote6\">\n<p><a name=\"sdfootnote6sym\" href=\"#sdfootnote6anc\"><\/a>6 https:\/\/hydrocarbures.gouv.qc.ca\/documents\/memoire\/Falaise_Jean.pdf<\/p>\n<\/div>\n<div id=\"sdfootnote7\">\n<p><a name=\"sdfootnote7sym\" href=\"#sdfootnote7anc\"><\/a>7 Brullemans, M., Durand, M., Langelier, R.E., Marier, C., Savaria, C. <em>Le r\u00e8glement sur le pr\u00e9l\u00e8vement des eaux et leur protection ou comment sacrifier l\u2019eau potable pour quelques gouttes de p\u00e9trole!<\/em> Janvier 2016. <span style=\"color: #0000ff;\"><span style=\"text-decoration: underline;\"><a href=\"http:\/\/eausecours.org\/wp-content\/uploads\/2016\/02\/Expertise-du-Collectif-scientifique.pdf\" target=\"_blank\">http:\/\/eausecours.org\/wp-content\/uploads\/2016\/02\/Expertise-du-Collectif-scientifique.pdf<\/a><\/span><\/span><\/p>\n<\/div>\n<div id=\"sdfootnote8\">\n<p><a name=\"sdfootnote8sym\" href=\"#sdfootnote8anc\"><\/a>8 <span style=\"color: #0000ff;\"><span style=\"text-decoration: underline;\"><a href=\"http:\/\/www.bape.gouv.qc.ca\/sections\/rapports\/publications\/bape307.pdf\">http:\/\/www.bape.gouv.qc.ca\/sections\/rapports\/publications\/bape307.pdf<\/a><\/span><\/span>, pp.382-396.<\/p>\n<\/div>\n<div id=\"sdfootnote9\">\n<p><a name=\"sdfootnote9sym\" href=\"#sdfootnote9anc\"><\/a>9 <span style=\"color: #0000ff;\"><span style=\"text-decoration: underline;\"><a href=\"http:\/\/www.ledevoir.com\/environnement\/actualites-sur-l-environnement\/462328\/eau-potable-et-forages-pas-de-derogations-pour-les-municipalites-dit-david-heurtel\">http:\/\/www.ledevoir.com\/environnement\/actualites-sur-l-environnement\/462328\/eau-potable-et-forages-pas-de-derogations-pour-les-municipalites-dit-david-heurtel<\/a><\/span><\/span>.<\/p>\n<\/div>\n<div id=\"sdfootnote10\">\n<p><a name=\"sdfootnote10sym\" href=\"#sdfootnote10anc\"><\/a>10 http:\/\/www.ledevoir.com\/environnement\/actualites-sur-l-environnement\/474763\/anticosti-forages-en-folie<\/p>\n<\/div>\n<div id=\"sdfootnote11\">\n<p><a name=\"sdfootnote11sym\" href=\"#sdfootnote11anc\"><\/a>11 Laxer, G. (2015). <em>After the Sands<\/em>. Madeira Parck: Douglas &amp; McIntyre.<\/p>\n<\/div>\n<div id=\"sdfootnote12\">\n<p><a name=\"sdfootnote12sym\" href=\"#sdfootnote12anc\"><\/a>12 Catherine Potvin et al. <em>Agir sur les changements climatiques<\/em>. http:\/\/biology.mcgill.ca\/unesco\/FR_Fullreport.pdf.<\/p>\n<\/div>\n<div id=\"sdfootnote13\">\n<p><a name=\"sdfootnote13sym\" href=\"#sdfootnote13anc\"><\/a>13 Klein, N. (2015). <em>Tout peut changer. Capitalisme et changement climatique<\/em>. Lux, Actes sud, p.246.<\/p>\n<\/div>\n<script type=\"text\/javascript\">\n\nvar addthis_config = {\"data_track_clickback\":false,\"data_track_addressbar\":false,\"data_track_textcopy\":false};\n<\/script><script type=\"text\/javascript\" src=\"\/\/s7.addthis.com\/js\/250\/addthis_widget.js#pubid=a457a6d63fb9e6ccabdde4110343bd85\"><\/script>","protected":false},"excerpt":{"rendered":"<p><span style=\"font-size: medium;\">Hydrocarbures\u00a0et loi 106 : nuisance (n\u00e9o)lib\u00e9rale<\/span><\/p>\n<\/p>\n<p><span style=\"color: #800000;\">par\u00a0Louise Morand<\/span><\/p>\n<p><span style=\"font-size: medium;\">Dans sa lettre en r\u00e9ponse aux critiques soulev\u00e9es par le projet de loi 106 sur les hydrocarbures, le ministre de l\u2019\u00e9nergie et des ressources naturelles, M. Pierre <\/span>&hellip;<\/p>\n","protected":false},"author":1,"featured_media":0,"comment_status":"open","ping_status":"open","sticky":false,"template":"","format":"standard","meta":{"footnotes":""},"categories":[1],"tags":[],"class_list":["post-12580","post","type-post","status-publish","format-standard","hentry","category-accueil"],"_links":{"self":[{"href":"http:\/\/www.lecarrefourdesopinions.ca\/index.php?rest_route=\/wp\/v2\/posts\/12580","targetHints":{"allow":["GET"]}}],"collection":[{"href":"http:\/\/www.lecarrefourdesopinions.ca\/index.php?rest_route=\/wp\/v2\/posts"}],"about":[{"href":"http:\/\/www.lecarrefourdesopinions.ca\/index.php?rest_route=\/wp\/v2\/types\/post"}],"author":[{"embeddable":true,"href":"http:\/\/www.lecarrefourdesopinions.ca\/index.php?rest_route=\/wp\/v2\/users\/1"}],"replies":[{"embeddable":true,"href":"http:\/\/www.lecarrefourdesopinions.ca\/index.php?rest_route=%2Fwp%2Fv2%2Fcomments&post=12580"}],"version-history":[{"count":1,"href":"http:\/\/www.lecarrefourdesopinions.ca\/index.php?rest_route=\/wp\/v2\/posts\/12580\/revisions"}],"predecessor-version":[{"id":12582,"href":"http:\/\/www.lecarrefourdesopinions.ca\/index.php?rest_route=\/wp\/v2\/posts\/12580\/revisions\/12582"}],"wp:attachment":[{"href":"http:\/\/www.lecarrefourdesopinions.ca\/index.php?rest_route=%2Fwp%2Fv2%2Fmedia&parent=12580"}],"wp:term":[{"taxonomy":"category","embeddable":true,"href":"http:\/\/www.lecarrefourdesopinions.ca\/index.php?rest_route=%2Fwp%2Fv2%2Fcategories&post=12580"},{"taxonomy":"post_tag","embeddable":true,"href":"http:\/\/www.lecarrefourdesopinions.ca\/index.php?rest_route=%2Fwp%2Fv2%2Ftags&post=12580"}],"curies":[{"name":"wp","href":"https:\/\/api.w.org\/{rel}","templated":true}]}}