{"id":12577,"date":"2016-08-16T16:42:12","date_gmt":"2016-08-16T20:42:12","guid":{"rendered":"http:\/\/www.lecarrefourdesopinions.ca\/?p=12577"},"modified":"2016-08-16T16:42:12","modified_gmt":"2016-08-16T20:42:12","slug":"quil-aille-se-faire-foutre-pas-un-cadeau-de-lui","status":"publish","type":"post","link":"http:\/\/www.lecarrefourdesopinions.ca\/?p=12577","title":{"rendered":"Qu\u2019il aille se faire foutre\u2026 pas un Cadeau de lui\u2026"},"content":{"rendered":"<p align=\"CENTER\"><span style=\"color: #000099;\"><span style=\"font-size: x-large;\"><strong>Qu\u2019il aille se faire foutre\u2026 pas un Cadeau de lui\u2026<\/strong><\/span><\/span><\/p>\n<p align=\"CENTER\">\n<p align=\"CENTER\"><span style=\"color: #000099;\"><span><strong>=====<\/strong><\/span><\/span><\/p>\n<p>&nbsp;<\/p>\n<p align=\"JUSTIFY\"><span style=\"color: #632423;\"><span style=\"font-family: 'Comic Sans MS', cursive;\"><span style=\"font-size: x-large;\"><em><strong>Qu\u2019il aille se faire foutre\u2026 pas un Cadeau de lui\u2026<\/strong><\/em><\/span><\/span><\/span><\/p>\n<p align=\"JUSTIFY\">\n<p align=\"JUSTIFY\"><span style=\"color: #632423;\"><span style=\"font-family: 'Comic Sans MS', cursive;\"><span style=\"font-size: large;\">Sous R\u00e9serve que ces Propos aient bien \u00e9t\u00e9 tenus, car ils nous semblent invraisemblables.<\/span><\/span><\/span><\/p>\n<p align=\"JUSTIFY\">\u00a0<img loading=\"lazy\" decoding=\"async\" class=\"alignnone size-full wp-image-12457\" title=\"Eric\" src=\"http:\/\/www.lecarrefourdesopinions.ca\/wp-content\/uploads\/2016\/07\/Eric.jpg\" alt=\"\" width=\"134\" height=\"107\" \/><\/p>\n<p align=\"JUSTIFY\"><span style=\"color: #632423;\"><span style=\"font-family: 'Comic Sans MS', cursive;\"><span style=\"font-size: large;\">\u00c9ric EG Nogard<\/span><\/span><\/span><\/p>\n<p align=\"JUSTIFY\"><span style=\"color: #c00000;\"><span style=\"font-size: large;\"><em>Chroniqueur<\/em><\/span><\/span><span style=\"color: #c00000;\"><span style=\"font-size: large;\">.<\/span><\/span><\/p>\n<p align=\"CENTER\"><span style=\"color: #632423;\"><span style=\"font-size: large;\">*** *** ***<\/span><\/span><\/p>\n<p align=\"JUSTIFY\"><span><strong>Qu\u2019il aille se faire foutre\u2026 pas un Cadeau de lui\u2026<\/strong><\/span><\/p>\n<p align=\"JUSTIFY\">\n<p align=\"JUSTIFY\">\n<p align=\"JUSTIFY\"><span style=\"font-family: 'Comic Sans MS', cursive;\"><span style=\"font-size: large;\">Tel est h\u00e9las, et nous le regrettons am\u00e8rement, le Titre que nous donnerions \u00e0 l\u2019article que nous soumettons aujourd\u2019hui \u00e0 la m\u00e9ditation comme \u00e0 l\u2019appr\u00e9ciation de nos aimables Lecteurs.<\/span><\/span><\/p>\n<p align=\"JUSTIFY\">\n<p align=\"JUSTIFY\"><span style=\"font-family: 'Comic Sans MS', cursive;\"><span style=\"font-size: large;\">Un article de Me. Gilbert COLLARD, donc pas de n\u2019importe qui\u00a0! Un Ma\u00eetre doit \u00eatre un Ma\u00eetre.<\/span><\/span><\/p>\n<p align=\"JUSTIFY\">\n<p align=\"JUSTIFY\">\n<p align=\"CENTER\">\n<p style=\"text-align: center;\" align=\"JUSTIFY\"><img loading=\"lazy\" decoding=\"async\" class=\"alignnone size-large wp-image-12578\" title=\"F1   Maitre Gilbert COLLARD  Avocat\" src=\"http:\/\/www.lecarrefourdesopinions.ca\/wp-content\/uploads\/2016\/08\/F1-Maitre-Gilbert-COLLARD-Avocat-1024x512.jpg\" alt=\"\" width=\"450\" height=\"225\" srcset=\"http:\/\/www.lecarrefourdesopinions.ca\/wp-content\/uploads\/2016\/08\/F1-Maitre-Gilbert-COLLARD-Avocat-1024x512.jpg 1024w, http:\/\/www.lecarrefourdesopinions.ca\/wp-content\/uploads\/2016\/08\/F1-Maitre-Gilbert-COLLARD-Avocat-300x150.jpg 300w, http:\/\/www.lecarrefourdesopinions.ca\/wp-content\/uploads\/2016\/08\/F1-Maitre-Gilbert-COLLARD-Avocat-400x200.jpg 400w, http:\/\/www.lecarrefourdesopinions.ca\/wp-content\/uploads\/2016\/08\/F1-Maitre-Gilbert-COLLARD-Avocat.jpg 1280w\" sizes=\"auto, (max-width: 450px) 100vw, 450px\" \/><\/p>\n<p align=\"CENTER\"><span style=\"font-size: large;\"><strong>F1\u00a0: <\/strong><\/span><span style=\"color: #c00000;\"><span style=\"font-size: large;\"><em><strong>Ma\u00eetre Gilbert COLLARD, Avocat.<\/strong><\/em><\/span><\/span><\/p>\n<p align=\"JUSTIFY\">\n<p align=\"JUSTIFY\">\n<p align=\"JUSTIFY\"><span style=\"font-size: large;\"><strong>Il est intitul\u00e9\u00a0:<\/strong><\/span><\/p>\n<p align=\"JUSTIFY\">\n<p align=\"JUSTIFY\"><span style=\"font-size: large;\"> \u00ab\u00a0<\/span><span style=\"font-family: 'Arial Rounded MT Bold', sans-serif;\"><span style=\"font-size: large;\">L\u2019Islam est le Cancer de l\u2019Europe,<\/span><\/span><\/p>\n<p align=\"JUSTIFY\"><span style=\"font-family: 'Arial Rounded MT Bold', sans-serif;\"><span style=\"font-size: large;\"> Les Musulmans en sont les M\u00e9tastases\u00a0!!!\u00a0<\/span><\/span><span style=\"font-size: large;\">\u00bb.<\/span><\/p>\n<p align=\"JUSTIFY\">\n<p align=\"JUSTIFY\"><span style=\"font-size: large;\">Il fait l\u2019Objet d\u2019une invitation \u00e0 faire \u00ab\u00a0ricocher\u00a0\u00bb cependant qu\u2019il nous semble d\u2019une Maladresse Inouie, sinon d\u2019un Infantilisme surprenant de nos jours\u2026<\/span><\/p>\n<p align=\"JUSTIFY\">\n<p align=\"JUSTIFY\"><span style=\"font-size: large;\">Il nous fait en tout cas, l\u2019effet de la Critique d\u2019un Morveux portant sur son Tonton\u00a0: \u00ab\u00a0<\/span><span style=\"font-size: large;\"><em>Qu\u2019il aille se faire foutre\u2026 il n\u2019a jamais rien donn\u00e9, m\u00eame pas une sucette<\/em><\/span><span style=\"font-size: large;\">\u00a0\u00bb.<\/span><\/p>\n<p align=\"JUSTIFY\">\n<p align=\"JUSTIFY\">\n<p align=\"JUSTIFY\"><span style=\"font-size: large;\"><strong>Et nous ne parlons pas de la Dangerosit\u00e9 du Propos, venant de la bouche d\u2019un C\u00e9l\u00e8bre Avocat\u00a0:<\/strong><\/span><\/p>\n<p align=\"JUSTIFY\">\n<p align=\"JUSTIFY\"><span style=\"font-size: large;\">\u00ab\u00a0<\/span><span style=\"font-family: Calibri, sans-serif;\"><span style=\"font-size: large;\"><em>il est du Droit de tout Homme Libre de s\u2019y opposer de toutes ses forces et par Tous les Moyens Y COMPRIS L\u00c9GAUX<\/em><\/span><\/span><span style=\"font-size: large;\">\u00a0\u00bb\u2026<\/span><\/p>\n<p align=\"JUSTIFY\">\n<p align=\"JUSTIFY\"><span style=\"font-size: large;\">Donc Moyens Ill\u00e9gaux puis Moyens L\u00e9gaux selon le Ma\u00eetre.<\/span><\/p>\n<p align=\"JUSTIFY\">\n<p align=\"JUSTIFY\"><span style=\"font-size: large;\">\u00ab\u00a0<\/span><span style=\"font-family: Calibri, sans-serif;\"><span style=\"font-size: large;\"><em>Je nie que l\u2019Islam ait jamais rien apport\u00e9 \u00e0 la France\u2026 Rien\u2026 Nulle Mosqu\u00e9e ne s\u2019\u00e9l\u00e8ve comparable \u00e0 Chartres<\/em><\/span><\/span><span style=\"font-size: large;\">\u00a0\u00bb\u2026 etc\u2026 etc.<\/span><\/p>\n<p align=\"JUSTIFY\">\n<p align=\"JUSTIFY\">\n<p align=\"JUSTIFY\"><span style=\"font-size: large;\"><strong>A ce niveau des Consid\u00e9rations \u00e0 faire valoir\u2026 Me. COLLARD aura jet\u00e9 la Premi\u00e8re Pierre.<\/strong><\/span><\/p>\n<p align=\"JUSTIFY\">\n<p align=\"JUSTIFY\"><span style=\"font-size: large;\">Nous redoutons au \u00ab\u00a0<\/span><span style=\"font-size: large;\"><strong>Cri d\u2019Alarme<\/strong><\/span><span style=\"font-size: large;\">\u00a0\u00bb que ce Coup de Taureau dans l\u2019Ar\u00e8ne ne soit un Coup de Ma\u00eetre \u00e0 tout faire voler en \u00e9clat, m\u00eame la Faconde de l\u2019Avocat qui aurait \u00e9t\u00e9 mieux inspir\u00e9 d\u2019y songer \u00e0 deux fois.<\/span><\/p>\n<p align=\"JUSTIFY\">\n<p align=\"JUSTIFY\">\n<p align=\"JUSTIFY\"><span style=\"font-family: 'Comic Sans MS', cursive;\"><span style=\"font-size: large;\">Voil\u00e0 donc l\u2019Article Explosif du Cher Me. COLLARD, nous lui opposons de S\u00e9rieuses R\u00e9serves, eu \u00e9gard \u00e0 son Caract\u00e8re Incitatif \u00e0 toutes les Ratonnades, plut\u00f4t qu\u2019un Serein Appel \u00e0 la Raison.<\/span><\/span><\/p>\n<p align=\"JUSTIFY\">\n<p align=\"JUSTIFY\"><span style=\"font-family: 'Arial Rounded MT Bold', sans-serif;\"><span style=\"font-size: large;\">C\u2019est un Baril de Poudre<\/span><\/span><span style=\"font-size: large;\">.<\/span><\/p>\n<p align=\"JUSTIFY\">\n<p align=\"JUSTIFY\"><span style=\"font-family: 'Comic Sans MS', cursive;\"><span style=\"font-size: large;\">En tout cas, dans son Propos, nous ne voyons pas le Monsieur De TALLEYRAND ni le Monsieur De METTERNICH qui l\u2019e\u00fbt Approuv\u00e9 le moins du Monde<\/span><\/span><span style=\"font-size: large;\">.<\/span><\/p>\n<p align=\"JUSTIFY\">\n<p align=\"JUSTIFY\"><span style=\"font-size: large;\">\u00c9ric EG Nogard<\/span><\/p>\n<p align=\"JUSTIFY\"><span style=\"color: #c00000;\"><span style=\"font-size: large;\"><em>Chroniqueur<\/em><\/span><\/span><span style=\"color: #c00000;\"><span style=\"font-size: large;\">.<\/span><\/span><\/p>\n<p align=\"JUSTIFY\">\n<p align=\"CENTER\"><span style=\"color: #632423;\"><span style=\"font-size: large;\">*** *** ***<\/span><\/span><\/p>\n<p align=\"JUSTIFY\">\n<p align=\"JUSTIFY\">\n<p align=\"JUSTIFY\"><span style=\"font-family: Calibri, sans-serif;\"><span style=\"font-size: large;\"><strong>de \u00ab\u00a0Chantal DE LUCY DE FOSSARIEU\u00a0\u00bb &lt;chantal.de-lucy@orange.fr&gt; <\/strong><\/span><\/span><\/p>\n<p align=\"JUSTIFY\"><span style=\"font-family: Calibri, sans-serif;\"><span style=\"font-size: large;\"><strong>ajouter \u00e0 mes contacts<\/strong><\/span><\/span><\/p>\n<p align=\"JUSTIFY\"><span style=\"font-family: Calibri, sans-serif;\"><span style=\"font-size: large;\"><strong>cr\u00e9er une alerte SMS<\/strong><\/span><\/span><\/p>\n<p align=\"JUSTIFY\"><span style=\"font-family: Calibri, sans-serif;\"><span style=\"font-size: large;\"><strong>\u00e0 \u00ab\u00a0&lsquo;Chantal DE LUCY DE FOSSARIEU'\u00a0\u00bb &lt;chantal.de-lucy@orange.fr&gt;<\/strong><\/span><\/span><\/p>\n<p align=\"JUSTIFY\"><span style=\"font-family: Calibri, sans-serif;\"><span style=\"font-size: large;\"><strong>date 13\/08\/16 16:05<\/strong><\/span><\/span><\/p>\n<p align=\"JUSTIFY\"><span style=\"font-family: Calibri, sans-serif;\"><span style=\"font-size: large;\"><strong>objet TR: Il va lui falloir un bon garde du corps&#8230; ET C&rsquo;EST RIEN DE LE DIRE !<\/strong><\/span><\/span><\/p>\n<p align=\"JUSTIFY\">\n<p align=\"JUSTIFY\"><span style=\"font-family: Calibri, sans-serif;\"><span style=\"font-size: large;\"><strong>voir l&rsquo;en-t\u00eate complet <\/strong><\/span><\/span><\/p>\n<p align=\"JUSTIFY\">\n<p align=\"JUSTIFY\">\n<p align=\"JUSTIFY\"><span style=\"font-family: Calibri, sans-serif;\"><span style=\"font-size: large;\">A chacun de juger son propos ! ! ! <\/span><\/span><\/p>\n<p align=\"JUSTIFY\"><span style=\"font-family: Calibri, sans-serif;\"><span style=\"font-size: large;\">Me Collard : Il va lui falloir un bon garde du corps&#8230;Il frappe fort le mec !!!<\/span><\/span><\/p>\n<p align=\"JUSTIFY\">\n<p align=\"JUSTIFY\">\n<p align=\"JUSTIFY\"><span style=\"font-family: Calibri, sans-serif;\"><span style=\"font-size: x-large;\"><strong>L&rsquo;islam est le cancer de l&rsquo;Europe, les musulmans sont ses m\u00e9tastases !!!<\/strong><\/span><\/span><\/p>\n<p align=\"JUSTIFY\">\n<p align=\"JUSTIFY\">\n<p align=\"JUSTIFY\"><span style=\"font-family: Calibri, sans-serif;\"><span style=\"font-size: large;\">\u00ab\u00a0Je n&rsquo;ai aucun sentiment \u00e0 l&rsquo;\u00e9gard de l&rsquo;islam. Je m&rsquo;en fous radicalement. Tant qu&rsquo;il reste dans ses terres.<\/span><\/span><\/p>\n<p align=\"JUSTIFY\">\n<p align=\"JUSTIFY\"><span style=\"font-family: Calibri, sans-serif;\"><span style=\"font-size: large;\">Mais chez moi, dans ma patrie, dans mon pays, je n&rsquo; en veux pas. Un point c&rsquo;est tout.<\/span><\/span><\/p>\n<p align=\"JUSTIFY\">\n<p align=\"JUSTIFY\"><span style=\"font-family: Calibri, sans-serif;\"><span style=\"font-size: large;\">Je suis islamo-n\u00e9gatif. Je nie le droit de l&rsquo;islam \u00e0 prosp\u00e9rer en France.<\/span><\/span><\/p>\n<p align=\"JUSTIFY\">\n<p align=\"JUSTIFY\"><span style=\"font-family: Calibri, sans-serif;\"><span style=\"font-size: large;\">Je nie que l&rsquo;islam soit une religion.<\/span><\/span><\/p>\n<p align=\"JUSTIFY\">\n<p align=\"JUSTIFY\"><span style=\"font-family: Calibri, sans-serif;\"><span style=\"font-size: large;\">C&rsquo;est un totalitarisme comme l&rsquo;indique son nom qui signifie \u00ab\u00a0soumission\u00a0\u00bb et, comme tel, il est du droit de tout homme libre de s&rsquo;y opposer de toutes ses forces et par tous les moyens y compris l\u00e9gaux\u00a0\u00bb.<\/span><\/span><\/p>\n<p align=\"JUSTIFY\">\n<p align=\"JUSTIFY\"><span style=\"font-family: Calibri, sans-serif;\"><span style=\"font-size: large;\">Je nie que l&rsquo;islam ait rien de commun avec la civilisation europ\u00e9enne et encore moins avec la civilisation fran\u00e7aise.<\/span><\/span><\/p>\n<p align=\"JUSTIFY\">\n<p align=\"JUSTIFY\"><span style=\"font-family: Calibri, sans-serif;\"><span style=\"font-size: large;\">Il lui est en tout point \u00e9tranger.<\/span><\/span><\/p>\n<p align=\"JUSTIFY\">\n<p align=\"JUSTIFY\"><span style=\"font-family: Calibri, sans-serif;\"><span style=\"font-size: large;\">Par son caract\u00e8re, ses croyances, ses rites, ses observances, ses m\u0153urs.<\/span><\/span><\/p>\n<p align=\"JUSTIFY\">\n<p align=\"JUSTIFY\"><span style=\"font-family: Calibri, sans-serif;\"><span style=\"font-size: large;\">Je nie que l&rsquo;islam ait jamais rien apport\u00e9 \u00e0 la France. Aucun chef-d&rsquo;\u0153uvre litt\u00e9raire, musical, architectural, pictural ou sculptural.<\/span><\/span><\/p>\n<p align=\"JUSTIFY\">\n<p align=\"JUSTIFY\"><span style=\"font-family: Calibri, sans-serif;\"><span style=\"font-size: large;\">Rien. Pas un \u00e9crivain n&rsquo; a publi\u00e9 \u00ab\u00a0Le g\u00e9nie de l&rsquo;islam\u00a0\u00bb. Nulle mosqu\u00e9e ne s&rsquo;\u00e9l\u00e8ve comparable \u00e0 Chartres.<\/span><\/span><\/p>\n<p align=\"JUSTIFY\">\n<p align=\"JUSTIFY\"><span style=\"font-family: Calibri, sans-serif;\"><span style=\"font-size: large;\">On attend encore un Francis Poulenc musulman.<\/span><\/span><\/p>\n<p align=\"JUSTIFY\">\n<p align=\"JUSTIFY\"><span style=\"font-family: Calibri, sans-serif;\"><span style=\"font-size: large;\">On chercherait en vain, et pour cause, un r\u00e9el d\u00e9sastre islamiste.<\/span><\/span><\/p>\n<p align=\"JUSTIFY\">\n<p align=\"JUSTIFY\"><span style=\"font-family: Calibri, sans-serif;\"><span style=\"font-size: large;\">Je nie que l&rsquo;islam appartienne au patrimoine de la France. Il n&rsquo;a rien laiss\u00e9, rien cr\u00e9\u00e9, rien fait pour la France.<\/span><\/span><\/p>\n<p align=\"JUSTIFY\">\n<p align=\"JUSTIFY\"><span style=\"font-family: Calibri, sans-serif;\"><span style=\"font-size: large;\">Aucune \u0153uvre d&rsquo;art, on l&rsquo;a vu.<\/span><\/span><\/p>\n<p align=\"JUSTIFY\">\n<p align=\"JUSTIFY\"><span style=\"font-family: Calibri, sans-serif;\"><span style=\"font-size: large;\">Aucune \u0153uvre de charit\u00e9 non plus. Pas un h\u00f4pital, pas un hospice, pas un orphelinat, pas une association caritative.<\/span><\/span><\/p>\n<p align=\"JUSTIFY\">\n<p align=\"JUSTIFY\"><span style=\"font-family: Calibri, sans-serif;\"><span style=\"font-size: large;\">O\u00f9 sont les \u00ab\u00a0petits fr\u00e8res des pauvres\u00a0\u00bb qui appliqueraient en France ce \u00ab\u00a0quatri\u00e8me pillier de l&rsquo;islam\u00a0\u00bb: la Zakkat. (En fran\u00e7ais : l&rsquo; aum\u00f4ne que l&rsquo;on traduit abusivement par la Charit\u00e9) ?<\/span><\/span><\/p>\n<p align=\"JUSTIFY\">\n<p align=\"JUSTIFY\"><span style=\"font-family: Calibri, sans-serif;\"><span style=\"font-size: large;\">Jamais la France n&rsquo; a \u00e9t\u00e9 aussi gravement malade.<\/span><\/span><\/p>\n<p align=\"JUSTIFY\">\n<p align=\"JUSTIFY\"><span style=\"font-family: Calibri, sans-serif;\"><span style=\"font-size: large;\">Infect\u00e9 par la maladie de la \u00ab\u00a0collaboration\u00a0\u00bb, cette maladie auto-immune qui d\u00e9truit toutes les d\u00e9fenses naturelles de la civilisation fran\u00e7aise, notre pays est devenu islamo-positif.<\/span><\/span><\/p>\n<p align=\"JUSTIFY\">\n<p align=\"JUSTIFY\"><span style=\"font-family: Calibri, sans-serif;\"><span style=\"font-size: large;\">Sa survie est d\u00e9sormais entre les seules mains des islamo-r\u00e9sistants.<\/span><\/span><\/p>\n<p align=\"JUSTIFY\">\n<p align=\"JUSTIFY\"><span style=\"font-family: Calibri, sans-serif;\"><span style=\"font-size: large;\">Au cours des trente ann\u00e9es \u00e0 venir, il y aura suffisamment d&rsquo;\u00e9lecteurs musulmans dans notre pays pour installer un gouvernement de leur choix, avec l&rsquo;application de la Sharia en guise de loi.<\/span><\/span><\/p>\n<p align=\"JUSTIFY\">\n<p align=\"JUSTIFY\"><span style=\"font-family: Calibri, sans-serif;\"><span style=\"font-size: large;\">Il m&rsquo;appara\u00eet que tous les citoyens de ce pays devraient pouvoir prendre connaissance de ces lignes, mais avec le syst\u00e8me de justice et de m\u00e9dias lib\u00e9raux combin\u00e9s \u00e0 la mode d\u00e9mente du politiquement correct, il n&rsquo; y a aucune chance que ce texte soit largement publi\u00e9.<\/span><\/span><\/p>\n<p align=\"JUSTIFY\">\n<p align=\"JUSTIFY\"><span style=\"font-family: Calibri, sans-serif;\"><span style=\"font-size: large;\">C&rsquo;est pourquoi je vous demande de le diffuser \u00e0 tous les contacts de votre internet.<\/span><\/span><\/p>\n<p align=\"JUSTIFY\">\n<p align=\"JUSTIFY\"><span style=\"font-family: Calibri, sans-serif;\"><span style=\"font-size: large;\">Gilbert COLLARD<\/span><\/span><\/p>\n<p align=\"JUSTIFY\">\n<p align=\"CENTER\"><span style=\"font-size: large;\"><strong>*** *** ***<\/strong><\/span><\/p>\n<p align=\"CENTER\"><span style=\"color: #ff0000;\"><span style=\"font-size: large;\"><strong>Nota : <\/strong><\/span><\/span><span style=\"color: #000000;\"><span style=\"font-size: large;\">Nous ne traitons que de Faits et de Noms rendus Publics.<\/span><\/span><\/p>\n<p align=\"CENTER\">\n<p align=\"JUSTIFY\"><span style=\"font-size: large;\"><strong>N.B.:<\/strong><\/span><span style=\"font-size: large;\"> &#8211; <\/span><span style=\"color: #c00000;\"><span style=\"font-family: 'Comic Sans MS', cursive;\"><span style=\"font-size: large;\">Nous Recommandons instamment et syst\u00e9matiquement l\u2019ouverture de la (ou des) pi\u00e8ce(s) jointe(s) \u00e0 l\u2019e-mail, sous format Pdf, <\/span><\/span><\/span><span style=\"color: #c00000;\"><span style=\"font-family: 'Comic Sans MS', cursive;\"><span style=\"font-size: large;\"><span style=\"text-decoration: underline;\">les illustrations y sont incluses<\/span><\/span><\/span><\/span><span style=\"color: #c00000;\"><span style=\"font-family: 'Comic Sans MS', cursive;\"><span style=\"font-size: large;\">.<\/span><\/span><\/span><\/p>\n<p align=\"JUSTIFY\">\n<p align=\"CENTER\"><span style=\"color: #ff0000;\"><span><strong>Ne Peut \u00eatre reproduit &#8211; m\u00eame partiellement &#8211; sans l\u2019autorisation de l\u2019Auteur.<\/strong><\/span><\/span><\/p>\n<p align=\"JUSTIFY\"><span style=\"text-decoration: underline;\"><strong>Liens Sugg\u00e9r\u00e9s\u00a0:<\/strong><\/span><\/p>\n<ul>\n<li>\n<p align=\"JUSTIFY\"><span style=\"color: #0000ff;\"><span style=\"text-decoration: underline;\"><a href=\"http:\/\/www.lescrutateur.com\/\">http:\/\/www.lescrutateur.com\/<\/a><\/span><\/span><\/p>\n<\/li>\n<li>\n<p align=\"JUSTIFY\"><span style=\"color: #0000ff;\"><span style=\"text-decoration: underline;\"><a href=\"http:\/\/www.etatsgenerauxdeloutremer.fr\/reflexions\">http:\/\/www.etatsgenerauxdeloutremer.fr\/reflexions<\/a><\/span><\/span><\/p>\n<\/li>\n<\/ul>\n<p align=\"CENTER\">\n<p align=\"CENTER\"><strong>==================================================================<\/strong><\/p>\n<script type=\"text\/javascript\">\n\nvar addthis_config = {\"data_track_clickback\":false,\"data_track_addressbar\":false,\"data_track_textcopy\":false};\n<\/script><script type=\"text\/javascript\" src=\"\/\/s7.addthis.com\/js\/250\/addthis_widget.js#pubid=a457a6d63fb9e6ccabdde4110343bd85\"><\/script>","protected":false},"excerpt":{"rendered":"<p align=\"CENTER\"><span style=\"color: #000099;\"><span style=\"font-size: x-large;\">Qu\u2019il aille se faire foutre\u2026 pas un Cadeau de lui\u2026<\/span><\/span><\/p>\n<p align=\"CENTER\">\n<p align=\"CENTER\"><span style=\"color: #000099;\"><span>=====<\/span><\/span><\/p>\n<p>&nbsp;<\/p>\n<p align=\"JUSTIFY\"><span style=\"color: #632423;\"><span style=\"font-family: 'Comic Sans MS', cursive;\"><span style=\"font-size: x-large;\">Qu\u2019il aille se faire foutre\u2026 pas un Cadeau de lui\u2026<\/span><\/span><\/span><\/p>\n<p align=\"JUSTIFY\">\n<p align=\"JUSTIFY\"><span style=\"color: #632423;\"><span style=\"font-family: 'Comic Sans MS', cursive;\"><span style=\"font-size: large;\">Sous R\u00e9serve que ces Propos aient bien \u00e9t\u00e9 tenus, car ils nous semblent invraisemblables.<\/span><\/span><\/span><\/p>\n<p align=\"JUSTIFY\">\u00a0<\/p>\n<p align=\"JUSTIFY\"><span style=\"color: #632423;\"><span style=\"font-family: 'Comic Sans MS', cursive;\"><span style=\"font-size: large;\">\u00c9ric <\/span><\/span><\/span>&hellip;<\/p>\n","protected":false},"author":1,"featured_media":0,"comment_status":"open","ping_status":"open","sticky":false,"template":"","format":"standard","meta":{"footnotes":""},"categories":[1],"tags":[],"class_list":["post-12577","post","type-post","status-publish","format-standard","hentry","category-accueil"],"_links":{"self":[{"href":"http:\/\/www.lecarrefourdesopinions.ca\/index.php?rest_route=\/wp\/v2\/posts\/12577","targetHints":{"allow":["GET"]}}],"collection":[{"href":"http:\/\/www.lecarrefourdesopinions.ca\/index.php?rest_route=\/wp\/v2\/posts"}],"about":[{"href":"http:\/\/www.lecarrefourdesopinions.ca\/index.php?rest_route=\/wp\/v2\/types\/post"}],"author":[{"embeddable":true,"href":"http:\/\/www.lecarrefourdesopinions.ca\/index.php?rest_route=\/wp\/v2\/users\/1"}],"replies":[{"embeddable":true,"href":"http:\/\/www.lecarrefourdesopinions.ca\/index.php?rest_route=%2Fwp%2Fv2%2Fcomments&post=12577"}],"version-history":[{"count":1,"href":"http:\/\/www.lecarrefourdesopinions.ca\/index.php?rest_route=\/wp\/v2\/posts\/12577\/revisions"}],"predecessor-version":[{"id":12579,"href":"http:\/\/www.lecarrefourdesopinions.ca\/index.php?rest_route=\/wp\/v2\/posts\/12577\/revisions\/12579"}],"wp:attachment":[{"href":"http:\/\/www.lecarrefourdesopinions.ca\/index.php?rest_route=%2Fwp%2Fv2%2Fmedia&parent=12577"}],"wp:term":[{"taxonomy":"category","embeddable":true,"href":"http:\/\/www.lecarrefourdesopinions.ca\/index.php?rest_route=%2Fwp%2Fv2%2Fcategories&post=12577"},{"taxonomy":"post_tag","embeddable":true,"href":"http:\/\/www.lecarrefourdesopinions.ca\/index.php?rest_route=%2Fwp%2Fv2%2Ftags&post=12577"}],"curies":[{"name":"wp","href":"https:\/\/api.w.org\/{rel}","templated":true}]}}