{"id":12568,"date":"2016-08-14T15:56:48","date_gmt":"2016-08-14T19:56:48","guid":{"rendered":"http:\/\/www.lecarrefourdesopinions.ca\/?p=12568"},"modified":"2016-08-14T15:56:48","modified_gmt":"2016-08-14T19:56:48","slug":"la-part-du-mimetisme-dans-ce-cycle-infernal","status":"publish","type":"post","link":"http:\/\/www.lecarrefourdesopinions.ca\/?p=12568","title":{"rendered":"La Part du Mim\u00e9tisme, dans ce Cycle Infernal."},"content":{"rendered":"<p align=\"CENTER\">\n<p align=\"JUSTIFY\"><span style=\"color: #c00000;\"> <span style=\"font-family: 'Comic Sans MS', cursive;\"><span>\u00ab\u00a0<\/span><\/span><\/span><span style=\"color: #c00000;\"><span style=\"font-family: Cambria, serif;\"><span><strong>Notre M\u00e9tier n\u2019est pas de faire plaisir, Non plus de faire tort \u00e0 qui que ce soit, Ni pour quoi que ce soit, Il est de porter la plume dans la plaie<\/strong><\/span><\/span><\/span><span style=\"color: #c00000;\"><span style=\"font-family: Cambria, serif;\"><span>\u00a0\u00bb. (Albert LONDRES).<\/span><\/span><\/span><\/p>\n<p align=\"JUSTIFY\">\n<p align=\"CENTER\"><span style=\"color: #c00000;\"><em><strong>*** ***<\/strong><\/em><\/span><\/p>\n<p align=\"JUSTIFY\"><span style=\"color: #632423;\"><em><strong>Pardonnez-nous si jamais, tel Aristarque De SAMOS, nous troublons quelque part, jusqu\u2019au \u00ab\u00a0Repos des Dieux\u00a0\u00bb. (\u00c9ric EG Nogard, Chroniqueur).<\/strong><\/em><\/span><\/p>\n<p align=\"JUSTIFY\">\n<p align=\"CENTER\">\n<p align=\"CENTER\"><span style=\"color: #000099;\"><span style=\"font-size: x-large;\"><strong>La Part du Mim\u00e9tisme, dans ce Cycle Infernal.<\/strong><\/span><\/span><\/p>\n<p align=\"CENTER\">\n<p align=\"CENTER\"><span style=\"color: #000099;\"><span><strong>=====<\/strong><\/span><\/span><\/p>\n<p align=\"JUSTIFY\"><span style=\"color: #632423;\"><span style=\"font-family: 'Comic Sans MS', cursive;\"><span><em><strong>La Part du Mim\u00e9tisme, dans ce Cycle Infernal.<\/strong><\/em><\/span><\/span><\/span><\/p>\n<p align=\"JUSTIFY\">\u00a0<img loading=\"lazy\" decoding=\"async\" class=\"alignnone size-full wp-image-12457\" title=\"Eric\" src=\"http:\/\/www.lecarrefourdesopinions.ca\/wp-content\/uploads\/2016\/07\/Eric.jpg\" alt=\"\" width=\"134\" height=\"107\" \/><\/p>\n<p align=\"JUSTIFY\"><span style=\"color: #632423;\"><span style=\"font-family: 'Comic Sans MS', cursive;\"><span style=\"font-size: large;\">\u00c9ric EG Nogard<\/span><\/span><\/span><\/p>\n<p align=\"JUSTIFY\"><span style=\"color: #c00000;\"><span style=\"font-size: large;\"><em>Chroniqueur<\/em><\/span><\/span><span style=\"color: #c00000;\"><span style=\"font-size: large;\">.<\/span><\/span><\/p>\n<p align=\"CENTER\">\n<p align=\"JUSTIFY\"><span style=\"font-family: 'Comic Sans MS', cursive;\"><span style=\"font-size: large;\">Autant le dire clairement, l\u2019heure est au Terrorisme, aux Actes de Violence propres \u00e0 Terrifier, \u00e0 Terroriser, qu\u2019ils soient le Fait d\u2019un R\u00e9gime de Violence ou celui de R\u00e9volutionnaires Isol\u00e9s ou en Groupes Organis\u00e9s.<\/span><\/span><\/p>\n<p align=\"JUSTIFY\">\n<p align=\"JUSTIFY\">\n<p align=\"CENTER\">\n<p align=\"CENTER\"><img loading=\"lazy\" decoding=\"async\" class=\"alignnone size-full wp-image-12569\" title=\"F1   Au secours   Je me noie\" src=\"http:\/\/www.lecarrefourdesopinions.ca\/wp-content\/uploads\/2016\/08\/F1-Au-secours-Je-me-noie-.jpg\" alt=\"\" width=\"350\" height=\"247\" srcset=\"http:\/\/www.lecarrefourdesopinions.ca\/wp-content\/uploads\/2016\/08\/F1-Au-secours-Je-me-noie-.jpg 350w, http:\/\/www.lecarrefourdesopinions.ca\/wp-content\/uploads\/2016\/08\/F1-Au-secours-Je-me-noie--300x211.jpg 300w\" sizes=\"auto, (max-width: 350px) 100vw, 350px\" \/><\/p>\n<p align=\"CENTER\"><span style=\"font-size: large;\"><strong>F1\u00a0: <\/strong><\/span><span style=\"color: #c00000;\"><span style=\"font-family: Arial, sans-serif;\"><span style=\"font-size: large;\"><em><strong>Au secours\u00a0! Je me noie\u00a0!<\/strong><\/em><\/span><\/span><\/span><\/p>\n<p align=\"CENTER\"><span style=\"color: #632423;\"><span style=\"font-family: Arial, sans-serif;\"><span style=\"font-size: large;\"><em><strong>Vas-y-donc, Va-y-donc, c\u2019est parfait comme \u00e7a.<\/strong><\/em><\/span><\/span><\/span><\/p>\n<p align=\"CENTER\"><span style=\"color: #943634;\"><span style=\"font-size: large;\"><em><strong>Dit-on par Mim\u00e9tisme, sinon par\u2026 R\u00e8gle du Jeu.<\/strong><\/em><\/span><\/span><\/p>\n<p align=\"JUSTIFY\">\n<p align=\"JUSTIFY\">\n<p align=\"JUSTIFY\"><span style=\"font-family: 'Comic Sans MS', cursive;\"><span style=\"font-size: large;\">Avons-nous pu dire, dans la tourmente o\u00f9 nous sommes, \u00e0 quel Terrorisme nous sommes confront\u00e9s, car \u00e0 l\u2019\u00e9vidence, le ph\u00e9nom\u00e8ne chez-nous serait prot\u00e9iforme \u00e0 souhait<\/span><\/span><span style=\"font-size: large;\">.<\/span><\/p>\n<p align=\"JUSTIFY\">\n<p align=\"JUSTIFY\">\n<p align=\"CENTER\">\n<p align=\"CENTER\"><img loading=\"lazy\" decoding=\"async\" class=\"alignnone size-medium wp-image-12570\" title=\"F2   Bravo Patron   Merci Patron\" src=\"http:\/\/www.lecarrefourdesopinions.ca\/wp-content\/uploads\/2016\/08\/F2-Bravo-Patron-Merci-Patron--231x300.jpg\" alt=\"\" width=\"231\" height=\"300\" srcset=\"http:\/\/www.lecarrefourdesopinions.ca\/wp-content\/uploads\/2016\/08\/F2-Bravo-Patron-Merci-Patron--231x300.jpg 231w, http:\/\/www.lecarrefourdesopinions.ca\/wp-content\/uploads\/2016\/08\/F2-Bravo-Patron-Merci-Patron--400x519.jpg 400w, http:\/\/www.lecarrefourdesopinions.ca\/wp-content\/uploads\/2016\/08\/F2-Bravo-Patron-Merci-Patron-.jpg 600w\" sizes=\"auto, (max-width: 231px) 100vw, 231px\" \/><\/p>\n<p align=\"CENTER\"><span style=\"font-size: large;\"><strong>F2\u00a0: <\/strong><\/span><span style=\"color: #c00000;\"><span style=\"font-size: large;\"><em><strong>Bravo Patron\u00a0! Merci Patron\u00a0!..<\/strong><\/em><\/span><\/span><\/p>\n<p align=\"JUSTIFY\">\n<p align=\"JUSTIFY\">\n<p align=\"JUSTIFY\"><span style=\"font-size: large;\"><strong>Ainsi\u00a0:<\/strong><\/span><\/p>\n<p align=\"JUSTIFY\">\n<p align=\"JUSTIFY\">\n<ul>\n<li>\n<p align=\"JUSTIFY\"><span style=\"font-family: 'Arial Rounded MT Bold', sans-serif;\"><span style=\"font-size: large;\"><em><strong>La Menace d\u2019un Plan Social<\/strong><\/em><\/span><\/span><span style=\"font-size: large;\"> portant sur la Perte de Milliers d\u2019Emplois, dans le but d\u2019Augmenter les Profits des actionnaires de l\u2019Entreprise, n\u2019en serait-elle pas un Exemple.<\/span><\/p>\n<\/li>\n<\/ul>\n<p align=\"JUSTIFY\">\n<p align=\"JUSTIFY\">\n<ul>\n<li>\n<p align=\"JUSTIFY\"><span style=\"font-family: 'Arial Rounded MT Bold', sans-serif;\"><span style=\"font-size: large;\"><em><strong>L\u2019Explosion des Revenus Patronaux<\/strong><\/em><\/span><\/span><span style=\"font-size: large;\"> aux d\u00e9pens des salari\u00e9s comme au M\u00e9pris de la Mar\u00e9e Humaine des Sans emploi, n\u2019en serait-elle pas un autre.<\/span><\/p>\n<\/li>\n<\/ul>\n<p>&nbsp;<\/p>\n<p>&nbsp;<\/p>\n<ul>\n<li>\n<p align=\"JUSTIFY\"><span style=\"font-family: 'Arial Rounded MT Bold', sans-serif;\"><span style=\"font-size: large;\"><em><strong>Le Risque d\u2019\u00eatre Class\u00e9 \u00ab\u00a0S\u00a0\u00bb<\/strong><\/em><\/span><\/span><span style=\"font-size: large;\">, que par Malveillance, que par d\u00e9sinvolture ou par erreur ne serait-il pas encore un autre \u00e0 mettre au Compte d\u2019un R\u00e9gime, sans qu\u2019on puisse le r\u00e9puter Dictatorial ou Terroriste.<\/span><\/p>\n<\/li>\n<\/ul>\n<p>&nbsp;<\/p>\n<p align=\"JUSTIFY\">\n<p align=\"JUSTIFY\"><span style=\"font-size: large;\"><strong>Et qui Subirait ces Violences sinon notre Jeunesse qui, au terme d\u2019une enfance des plus douillettes et des plus prot\u00e9g\u00e9es, m\u00eame d\u2019une fess\u00e9e involontaire et non pr\u00e9m\u00e9dit\u00e9e\u2026 si l\u00e9g\u00e8re soit-elle.<\/strong><\/span><\/p>\n<p align=\"JUSTIFY\">\n<p align=\"JUSTIFY\"><span style=\"font-size: large;\">Une jeunesse qui, sevr\u00e9e de tous rep\u00e8res \u00c9ducatifs, Familiaux, Religieux voire Scolaires, d\u00e9couvre tout \u00e0 coup, \u00e0 son grand d\u00e9sarroi les chausses-trappes de notre Soci\u00e9t\u00e9 qui la prive du moindre espoir d\u2019une Vie Humaine comme, avoir un toit, fonder une famille, avoir autant d\u2019enfants que possible, dans la certitude de pouvoir les nourrir, les \u00e9duquer et que, devenus grands, ils auront du Travail.<\/span><\/p>\n<p align=\"JUSTIFY\">\n<p align=\"JUSTIFY\"><span style=\"font-size: large;\">Une jeunesse si sujette au Mim\u00e9tisme, cette Reproduction Machinale des Gestes et Attitudes de ceux qui parviennent \u00e0 les impressionner\u2026 sans mise en cause d\u2019une quelconque r\u00e9flexion ni de la moindre intention coupable.<\/span><\/p>\n<p align=\"JUSTIFY\">\n<p align=\"JUSTIFY\"><span style=\"font-size: large;\">D\u2019ailleurs la Mode. Ne tiendrait-elle pas du Mim\u00e9tisme \u00ab\u00a0impuls\u00e9\u00a0\u00bb\u2026 provoqu\u00e9.<\/span><\/p>\n<p align=\"JUSTIFY\">\n<p align=\"JUSTIFY\"><span style=\"font-size: large;\"><em><strong>Et, dans le Cycle Infernal ou nous sommes, au moindre \u00e9cart de sa part et c\u2019est le m\u00eame Couperet\u2026 RADICALIS\u00c9\u00a0!<\/strong><\/em><\/span><\/p>\n<p align=\"JUSTIFY\">\n<p align=\"JUSTIFY\">\n<p align=\"CENTER\"><img loading=\"lazy\" decoding=\"async\" class=\"alignnone size-medium wp-image-12571\" title=\"F3   Qu en dites Vous  Chers DUPONS et DUPONS   aux Dupont et D\" src=\"http:\/\/www.lecarrefourdesopinions.ca\/wp-content\/uploads\/2016\/08\/F3-Qu-en-dites-Vous-Chers-DUPONS-et-DUPONS-aux-Dupont-et-D-300x206.jpg\" alt=\"\" width=\"300\" height=\"206\" srcset=\"http:\/\/www.lecarrefourdesopinions.ca\/wp-content\/uploads\/2016\/08\/F3-Qu-en-dites-Vous-Chers-DUPONS-et-DUPONS-aux-Dupont-et-D-300x206.jpg 300w, http:\/\/www.lecarrefourdesopinions.ca\/wp-content\/uploads\/2016\/08\/F3-Qu-en-dites-Vous-Chers-DUPONS-et-DUPONS-aux-Dupont-et-D-400x275.jpg 400w, http:\/\/www.lecarrefourdesopinions.ca\/wp-content\/uploads\/2016\/08\/F3-Qu-en-dites-Vous-Chers-DUPONS-et-DUPONS-aux-Dupont-et-D.jpg 822w\" sizes=\"auto, (max-width: 300px) 100vw, 300px\" \/><\/p>\n<p align=\"CENTER\">\n<p align=\"CENTER\"><span style=\"font-size: large;\"><strong>F3\u00a0: <\/strong><\/span><span style=\"color: #c00000;\"><span style=\"font-size: large;\"><em><strong>Qu\u2019en dites-Vous, Chers DUPON<\/strong><\/em><\/span><\/span><span style=\"color: #943634;\"><span style=\"font-size: large;\"><em><strong>S<\/strong><\/em><\/span><\/span><span style=\"color: #c00000;\"><span style=\"font-size: large;\"><em><strong> et DUPON<\/strong><\/em><\/span><\/span><span style=\"color: #943634;\"><span style=\"font-size: large;\"><em><strong>S<\/strong><\/em><\/span><\/span><span style=\"color: #c00000;\"><span style=\"font-size: large;\"><em><strong>\u00a0!<\/strong><\/em><\/span><\/span><\/p>\n<p align=\"CENTER\"><span style=\"color: #c00000;\"><span style=\"font-size: large;\"><em><strong>aux Dupon<\/strong><\/em><\/span><\/span><span style=\"color: #632423;\"><span style=\"font-size: large;\"><em><strong>t<\/strong><\/em><\/span><\/span><span style=\"color: #c00000;\"><span style=\"font-size: large;\"><em><strong> et Dupon<\/strong><\/em><\/span><\/span><span style=\"color: #632423;\"><span style=\"font-size: large;\"><em><strong>d<\/strong><\/em><\/span><\/span><span style=\"color: #c00000;\"><span style=\"font-size: large;\"><em><strong>\u2026<\/strong><\/em><\/span><\/span><\/p>\n<p align=\"JUSTIFY\">\n<p align=\"JUSTIFY\">\n<p align=\"JUSTIFY\"><span style=\"font-family: 'Comic Sans MS', cursive;\"><span style=\"font-size: large;\"><strong>Ne serait-il pas temps que nos Savants, Responsables et Gouvernants ouvrent tant soit peu le champ de leurs investigations, en de\u00e7\u00e0 et au-del\u00e0 de l\u2019Islamisme en tout cas, ce qui n\u2019exclut en rien la Vigilance que requiert le traitement de ce Fl\u00e9au.<\/strong><\/span><\/span><\/p>\n<p align=\"JUSTIFY\">\n<p align=\"JUSTIFY\">\n<p align=\"CENTER\">\n<p align=\"CENTER\"><img loading=\"lazy\" decoding=\"async\" class=\"alignnone size-large wp-image-12572\" title=\"F4   De Johnny WEISSMULLER Champion Olympique de Natation  1924\" src=\"http:\/\/www.lecarrefourdesopinions.ca\/wp-content\/uploads\/2016\/08\/F4-De-Johnny-WEISSMULLER-Champion-Olympique-de-Natation-1924-1024x571.jpg\" alt=\"\" width=\"450\" height=\"250\" srcset=\"http:\/\/www.lecarrefourdesopinions.ca\/wp-content\/uploads\/2016\/08\/F4-De-Johnny-WEISSMULLER-Champion-Olympique-de-Natation-1924-1024x571.jpg 1024w, http:\/\/www.lecarrefourdesopinions.ca\/wp-content\/uploads\/2016\/08\/F4-De-Johnny-WEISSMULLER-Champion-Olympique-de-Natation-1924-300x167.jpg 300w, http:\/\/www.lecarrefourdesopinions.ca\/wp-content\/uploads\/2016\/08\/F4-De-Johnny-WEISSMULLER-Champion-Olympique-de-Natation-1924-400x223.jpg 400w, http:\/\/www.lecarrefourdesopinions.ca\/wp-content\/uploads\/2016\/08\/F4-De-Johnny-WEISSMULLER-Champion-Olympique-de-Natation-1924.jpg 1196w\" sizes=\"auto, (max-width: 450px) 100vw, 450px\" \/><\/p>\n<p align=\"JUSTIFY\"><span style=\"font-size: large;\"><strong>F4\u00a0: <\/strong><\/span><span style=\"color: #c00000;\"><span style=\"font-size: large;\"><em><strong>De Johnny WEISSMULLER Champion Olympique de Natation (1924) \u00e0 Tarzan\u2026 et le Mim\u00e9tisme chez petits et grands\u2026 chez l\u2019Acteur lui-m\u00eame&#8230; Ne peut-il vous rendre Fou.<\/strong><\/em><\/span><\/span><\/p>\n<p align=\"JUSTIFY\">\n<p align=\"JUSTIFY\">\n<p align=\"JUSTIFY\"><span style=\"font-family: 'Comic Sans MS', cursive;\"><span style=\"font-size: large;\">Un meilleur traitement de la Soci\u00e9t\u00e9 par une R\u00e9partition Moins Humiliante et Plus Juste de ce que nous tirons du Bien Commun devrait \u00eatre une Piste, pourquoi ne pas l\u2019envisager, tout comme la part \u00e0 faire au Mim\u00e9tisme dont notre Jeunesse est sujette\u2026 dans son Infortune dont nous sommes Coupables et qui n\u2019a rien \u00e0 voir avec celui d\u2019antan, celui de Tarzan, de King-Kong, celui de WEISSMULLER, Johnny WEISSMULLER\u2026 du danseur de claquettes Fred ASTAIR.<\/span><\/span><\/p>\n<p align=\"JUSTIFY\">\n<p align=\"JUSTIFY\"><span style=\"font-family: 'Arial Rounded MT Bold', sans-serif;\"><span style=\"font-size: large;\">Le Mim\u00e9tisme ne r\u00e9sulterait-il pas d\u2019une mani\u00e8re d\u2019\u00c9blouissement, plut\u00f4t que d\u2019une quelconque Formation, d\u2019une hypoth\u00e9tique Radicalisation<\/span><\/span><span style=\"font-family: 'Comic Sans MS', cursive;\"><span style=\"font-size: large;\">.<\/span><\/span><\/p>\n<p align=\"JUSTIFY\">\n<p align=\"JUSTIFY\"><span style=\"font-family: 'Arial Rounded MT Bold', sans-serif;\"><span style=\"font-size: large;\">\u00c9blouissement, aveuglement, et par qui, et pourquoi, pour rassasier quel Molock, <\/span><\/span><span style=\"font-family: 'Arial Rounded MT Bold', sans-serif;\"><span style=\"font-size: large;\"><em>there is the question<\/em><\/span><\/span><span style=\"font-family: 'Arial Rounded MT Bold', sans-serif;\"><span style=\"font-size: large;\">.<\/span><\/span><\/p>\n<p align=\"JUSTIFY\">\n<p align=\"JUSTIFY\"><span style=\"font-size: large;\">\u00c9ric EG Nogard<\/span><\/p>\n<p align=\"JUSTIFY\"><span style=\"color: #c00000;\"><span style=\"font-size: large;\"><em>Chroniqueur<\/em><\/span><\/span><span style=\"color: #c00000;\"><span style=\"font-size: large;\">.<\/span><\/span><\/p>\n<p align=\"JUSTIFY\">\n<p align=\"CENTER\"><span style=\"font-size: large;\"><strong>*** ***\u00a0<\/strong><\/span><\/p>\n<p align=\"CENTER\"><span style=\"color: #ff0000;\"><span style=\"font-size: large;\"><strong>Nota : <\/strong><\/span><\/span><span style=\"color: #000000;\"><span style=\"font-size: large;\">Nous ne traitons que de Faits et de Noms rendus Publics.<\/span><\/span><\/p>\n<p align=\"CENTER\"><span style=\"color: #000000;\"><span style=\"font-size: large;\">*** ***\u00a0<\/span><\/span><\/p>\n<p align=\"JUSTIFY\"><span style=\"font-size: large;\"><strong>N.B.:<\/strong><\/span><span style=\"font-size: large;\"> &#8211; <\/span><span style=\"color: #c00000;\"><span style=\"font-family: 'Comic Sans MS', cursive;\"><span style=\"font-size: large;\">Nous Recommandons instamment et syst\u00e9matiquement l\u2019ouverture de la (ou des) pi\u00e8ce(s) jointe(s) \u00e0 l\u2019e-mail, sous format Pdf, <\/span><\/span><\/span><span style=\"color: #c00000;\"><span style=\"font-family: 'Comic Sans MS', cursive;\"><span style=\"font-size: large;\"><span style=\"text-decoration: underline;\">les illustrations y sont incluses<\/span><\/span><\/span><\/span><span style=\"color: #c00000;\"><span style=\"font-family: 'Comic Sans MS', cursive;\"><span style=\"font-size: large;\">.<\/span><\/span><\/span><\/p>\n<p align=\"JUSTIFY\">\n<p align=\"CENTER\"><span style=\"color: #ff0000;\"><span><strong>Ne Peut \u00eatre reproduit &#8211; m\u00eame partiellement &#8211; sans l\u2019autorisation de l\u2019Auteur.<\/strong><\/span><\/span><\/p>\n<p align=\"JUSTIFY\"><span style=\"text-decoration: underline;\"><strong>Liens Sugg\u00e9r\u00e9s\u00a0:<\/strong><\/span><\/p>\n<ul>\n<li>\n<p align=\"JUSTIFY\"><span style=\"color: #0000ff;\"><span style=\"text-decoration: underline;\"><a href=\"http:\/\/www.lescrutateur.com\/\">http:\/\/www.lescrutateur.com\/<\/a><\/span><\/span><\/p>\n<\/li>\n<li>\n<p align=\"JUSTIFY\"><span style=\"color: #0000ff;\"><span style=\"text-decoration: underline;\"><a href=\"http:\/\/www.etatsgenerauxdeloutremer.fr\/reflexions\">http:\/\/www.etatsgenerauxdeloutremer.fr\/reflexions<\/a><\/span><\/span><\/p>\n<\/li>\n<\/ul>\n<p align=\"CENTER\">\n<p align=\"CENTER\"><strong>==================================================================<\/strong><\/p>\n<script type=\"text\/javascript\">\n\nvar addthis_config = {\"data_track_clickback\":false,\"data_track_addressbar\":false,\"data_track_textcopy\":false};\n<\/script><script type=\"text\/javascript\" src=\"\/\/s7.addthis.com\/js\/250\/addthis_widget.js#pubid=a457a6d63fb9e6ccabdde4110343bd85\"><\/script>","protected":false},"excerpt":{"rendered":"<p align=\"CENTER\">\n<p align=\"JUSTIFY\"><span style=\"color: #c00000;\"> <span style=\"font-family: 'Comic Sans MS', cursive;\"><span>\u00ab\u00a0<\/span><\/span><\/span><span style=\"color: #c00000;\"><span style=\"font-family: Cambria, serif;\"><span>Notre M\u00e9tier n\u2019est pas de faire plaisir, Non plus de faire tort \u00e0 qui que ce soit, Ni pour quoi que ce soit, Il est de porter la plume dans la plaie<\/span><\/span><\/span><span style=\"color: #c00000;\"><span style=\"font-family: Cambria, serif;\"><span>\u00a0\u00bb. (Albert LONDRES).<\/span><\/span><\/span><\/p>\n<p align=\"JUSTIFY\">\n<p align=\"CENTER\"><span style=\"color: #c00000;\">*** <\/span>&hellip;<\/p>\n","protected":false},"author":1,"featured_media":0,"comment_status":"open","ping_status":"open","sticky":false,"template":"","format":"standard","meta":{"footnotes":""},"categories":[1],"tags":[],"class_list":["post-12568","post","type-post","status-publish","format-standard","hentry","category-accueil"],"_links":{"self":[{"href":"http:\/\/www.lecarrefourdesopinions.ca\/index.php?rest_route=\/wp\/v2\/posts\/12568","targetHints":{"allow":["GET"]}}],"collection":[{"href":"http:\/\/www.lecarrefourdesopinions.ca\/index.php?rest_route=\/wp\/v2\/posts"}],"about":[{"href":"http:\/\/www.lecarrefourdesopinions.ca\/index.php?rest_route=\/wp\/v2\/types\/post"}],"author":[{"embeddable":true,"href":"http:\/\/www.lecarrefourdesopinions.ca\/index.php?rest_route=\/wp\/v2\/users\/1"}],"replies":[{"embeddable":true,"href":"http:\/\/www.lecarrefourdesopinions.ca\/index.php?rest_route=%2Fwp%2Fv2%2Fcomments&post=12568"}],"version-history":[{"count":1,"href":"http:\/\/www.lecarrefourdesopinions.ca\/index.php?rest_route=\/wp\/v2\/posts\/12568\/revisions"}],"predecessor-version":[{"id":12573,"href":"http:\/\/www.lecarrefourdesopinions.ca\/index.php?rest_route=\/wp\/v2\/posts\/12568\/revisions\/12573"}],"wp:attachment":[{"href":"http:\/\/www.lecarrefourdesopinions.ca\/index.php?rest_route=%2Fwp%2Fv2%2Fmedia&parent=12568"}],"wp:term":[{"taxonomy":"category","embeddable":true,"href":"http:\/\/www.lecarrefourdesopinions.ca\/index.php?rest_route=%2Fwp%2Fv2%2Fcategories&post=12568"},{"taxonomy":"post_tag","embeddable":true,"href":"http:\/\/www.lecarrefourdesopinions.ca\/index.php?rest_route=%2Fwp%2Fv2%2Ftags&post=12568"}],"curies":[{"name":"wp","href":"https:\/\/api.w.org\/{rel}","templated":true}]}}