{"id":12519,"date":"2016-08-02T10:13:41","date_gmt":"2016-08-02T14:13:41","guid":{"rendered":"http:\/\/www.lecarrefourdesopinions.ca\/?p=12519"},"modified":"2016-08-02T10:16:43","modified_gmt":"2016-08-02T14:16:43","slug":"quelle-republique-moderne-ne-doit-rien-a-ce-roi","status":"publish","type":"post","link":"http:\/\/www.lecarrefourdesopinions.ca\/?p=12519","title":{"rendered":"Quelle R\u00e9publique Moderne ne doit rien \u00e0 ce Roi."},"content":{"rendered":"<p align=\"CENTER\">\n<p align=\"JUSTIFY\"><span style=\"color: #c00000;\"> <span style=\"font-family: 'Comic Sans MS', cursive;\"><span>\u00ab\u00a0<\/span><\/span><\/span><span style=\"color: #c00000;\"><span style=\"font-family: Cambria, serif;\"><span><strong>Notre M\u00e9tier n\u2019est pas de faire plaisir, Non plus de faire tort \u00e0 qui que ce soit, Ni pour quoi que ce soit, Il est de porter la plume dans la plaie<\/strong><\/span><\/span><\/span><span style=\"color: #c00000;\"><span style=\"font-family: Cambria, serif;\"><span>\u00a0\u00bb. (Albert LONDRES).<\/span><\/span><\/span><\/p>\n<p align=\"JUSTIFY\">\n<p align=\"CENTER\"><span style=\"color: #c00000;\"><em><strong>*** ***<\/strong><\/em><\/span><\/p>\n<p align=\"JUSTIFY\"><span style=\"color: #632423;\"><em><strong>Pardonnez-nous si jamais, tel Aristarque De SAMOS, nous troublons quelque part, jusqu\u2019au \u00ab\u00a0Repos des Dieux\u00a0\u00bb. (\u00c9ric EG Nogard, Chroniqueur).<\/strong><\/em><\/span><\/p>\n<p align=\"JUSTIFY\">\n<p align=\"CENTER\">\n<p align=\"CENTER\"><span style=\"color: #000099;\"><span style=\"font-size: x-large;\"><strong>Quelle R\u00e9publique Moderne ne doit rien \u00e0 ce Roi.<\/strong><\/span><\/span><\/p>\n<p align=\"CENTER\">\n<p align=\"CENTER\"><span style=\"color: #000099;\"><span><strong>=====<\/strong><\/span><\/span><\/p>\n<p><span style=\"color: #632423;\"><span style=\"font-family: 'Comic Sans MS', cursive;\"><span style=\"font-size: large;\"><em><strong>Quelle R\u00e9publique Moderne ne doit rien \u00e0 ce Roi.<\/strong><\/em><\/span><\/span><\/span><\/p>\n<p align=\"JUSTIFY\">\u00a0<img loading=\"lazy\" decoding=\"async\" class=\"alignnone size-thumbnail wp-image-11439\" title=\"Eric\" src=\"http:\/\/www.lecarrefourdesopinions.ca\/wp-content\/uploads\/2015\/04\/Eric-134x107.jpg\" alt=\"\" width=\"134\" height=\"107\" \/><\/p>\n<p align=\"JUSTIFY\"><span style=\"color: #632423;\"><span style=\"font-family: 'Comic Sans MS', cursive;\"><span style=\"font-size: large;\">\u00c9ric EG Nogard<\/span><\/span><\/span><\/p>\n<p align=\"JUSTIFY\"><span style=\"color: #c00000;\"><span style=\"font-size: large;\"><em>Chroniqueur<\/em><\/span><\/span><span style=\"color: #c00000;\"><span style=\"font-size: large;\">.<\/span><\/span><\/p>\n<p align=\"CENTER\">\n<p align=\"CENTER\"><span style=\"color: #632423;\"><span style=\"font-size: large;\">*** *** ***<\/span><\/span><\/p>\n<p align=\"CENTER\">\n<p align=\"JUSTIFY\"><span><strong>Quelle R\u00e9publique Moderne ne doit rien \u00e0 ce Roi.<\/strong><\/span><\/p>\n<p align=\"JUSTIFY\">\n<p align=\"JUSTIFY\">\n<p align=\"JUSTIFY\"><span style=\"font-family: 'Comic Sans MS', cursive;\"><span style=\"font-size: large;\">A nos Historiens de nous le dire, mais le feront-ils, peureux qu\u2019ils sont de perdre leur titre d\u2019Historien\u2026 voire leur t\u00eate\u00a0!..<\/span><\/span><\/p>\n<p align=\"JUSTIFY\">\n<p align=\"JUSTIFY\"><span style=\"font-family: 'Comic Sans MS', cursive;\"><span style=\"font-size: large;\">Dieu Merci, s\u2019il y a ceux qui s\u2019affublent du titre d\u2019Historien comme un cintre se drape d\u2019un manteau, n\u2019y a-t-il pas ceux qui, sans en porter le titre, en ont la vocation\u2026 et m\u00eame, ce qui vaut encore mieux, en ont le Titre comme la Vocation<\/span><\/span><span style=\"font-size: large;\">.<\/span><\/p>\n<p align=\"JUSTIFY\">\n<p align=\"JUSTIFY\">\n<p align=\"JUSTIFY\"><span style=\"font-size: large;\"><strong>Les R\u00e9publiques Modernes ne seraient-elles pas de Filiation Royale\u2026 ne descendraient-elles pas toutes d\u2019une Volont\u00e9 R\u00e9galienne Fran\u00e7aise, plut\u00f4t que d\u2019une R\u00e9volution qui s\u2019en est attribu\u00e9 le M\u00e9rite et la Gloire.<\/strong><\/span><\/p>\n<p align=\"JUSTIFY\">\n<p align=\"JUSTIFY\">\n<p align=\"CENTER\"><img loading=\"lazy\" decoding=\"async\" class=\"alignnone size-medium wp-image-12521\" title=\"F1   Bonsoir le Regne Absolu    ont ils Convenu\" src=\"http:\/\/www.lecarrefourdesopinions.ca\/wp-content\/uploads\/2016\/08\/F1-Bonsoir-le-Regne-Absolu-ont-ils-Convenu-300x76.jpg\" alt=\"\" width=\"300\" height=\"76\" srcset=\"http:\/\/www.lecarrefourdesopinions.ca\/wp-content\/uploads\/2016\/08\/F1-Bonsoir-le-Regne-Absolu-ont-ils-Convenu-300x76.jpg 300w, http:\/\/www.lecarrefourdesopinions.ca\/wp-content\/uploads\/2016\/08\/F1-Bonsoir-le-Regne-Absolu-ont-ils-Convenu-1024x261.jpg 1024w, http:\/\/www.lecarrefourdesopinions.ca\/wp-content\/uploads\/2016\/08\/F1-Bonsoir-le-Regne-Absolu-ont-ils-Convenu-400x102.jpg 400w, http:\/\/www.lecarrefourdesopinions.ca\/wp-content\/uploads\/2016\/08\/F1-Bonsoir-le-Regne-Absolu-ont-ils-Convenu.jpg 1228w\" sizes=\"auto, (max-width: 300px) 100vw, 300px\" \/><\/p>\n<p align=\"CENTER\">\n<p align=\"CENTER\"><span style=\"font-size: large;\"><strong>F1\u00a0: <\/strong><\/span><span style=\"color: #c00000;\"><span style=\"font-size: large;\"><em><strong>Bonsoir le R\u00e8gne Absolu\u2026 ont-ils Convenu.<\/strong><\/em><\/span><\/span><\/p>\n<p align=\"CENTER\">\n<p align=\"JUSTIFY\">\n<p align=\"JUSTIFY\"><span style=\"font-size: large;\">La Premi\u00e8re R\u00e9publique Moderne ne serait-elle pas la R\u00e9publique F\u00e9d\u00e9rale des \u00c9tats-Unis d\u2019Am\u00e9rique du Nord, n\u00e9e le 04 Juillet 1776, sous la Pr\u00e9sidence de George WASHINGTON, et G\u00e9r\u00e9e par une CONSTITUTION datant du 17 Septembre 1787, la Premi\u00e8re CONSTITUTION Fran\u00e7aise \u00e9tant n\u00e9e\u2026 bien apr\u00e8s.<\/span><\/p>\n<p align=\"JUSTIFY\">\n<p align=\"JUSTIFY\">\n<p align=\"JUSTIFY\"><span style=\"font-size: large;\"><strong>Et, cette Premi\u00e8re R\u00e9publique Moderne, S\u0153ur A\u00een\u00e9e de quelques ann\u00e9es de la R\u00e9volution Fran\u00e7aise de 1789, et raison de plus, de la Premi\u00e8re R\u00e9publique Fran\u00e7aise, Proclam\u00e9e le 21 Septembre 1792\u2026<\/strong><\/span><span style=\"font-size: large;\"><strong>ne doit-elle rien au Roi Louis XVI de France, \u00e0 ses G\u00e9n\u00e9raux La FAYETTE, ROCHAMBEAU\u2026 \u00e0 ses Armes et Munitions parties de France\u2026 pour \u00ab\u00a0le Nouveau Monde\u00a0\u00bb\u2026 Rappelons-nous \u00ab\u00a0l\u2019Hermione\u00a0\u00bb\u00a0! \u00a0<\/strong><\/span><\/p>\n<p align=\"JUSTIFY\">\n<p align=\"JUSTIFY\">\n<p align=\"CENTER\"><img loading=\"lazy\" decoding=\"async\" class=\"alignnone size-medium wp-image-12527\" title=\"sme_est_Mort____Vive_la_Con_= stitution   Un Reve de la France    une R\u00e9alit\u00e9 Americaine\" src=\"http:\/\/www.lecarrefourdesopinions.ca\/wp-content\/uploads\/2016\/08\/sme_est_Mort____Vive_la_Con_-stitution-Un-Reve-de-la-France-une-R\u00e9alit\u00e9-Americaine-1-300x105.jpg\" alt=\"\" width=\"300\" height=\"105\" srcset=\"http:\/\/www.lecarrefourdesopinions.ca\/wp-content\/uploads\/2016\/08\/sme_est_Mort____Vive_la_Con_-stitution-Un-Reve-de-la-France-une-R\u00e9alit\u00e9-Americaine-1-300x105.jpg 300w, http:\/\/www.lecarrefourdesopinions.ca\/wp-content\/uploads\/2016\/08\/sme_est_Mort____Vive_la_Con_-stitution-Un-Reve-de-la-France-une-R\u00e9alit\u00e9-Americaine-1-1024x358.jpg 1024w, http:\/\/www.lecarrefourdesopinions.ca\/wp-content\/uploads\/2016\/08\/sme_est_Mort____Vive_la_Con_-stitution-Un-Reve-de-la-France-une-R\u00e9alit\u00e9-Americaine-1-400x140.jpg 400w, http:\/\/www.lecarrefourdesopinions.ca\/wp-content\/uploads\/2016\/08\/sme_est_Mort____Vive_la_Con_-stitution-Un-Reve-de-la-France-une-R\u00e9alit\u00e9-Americaine-1.jpg 1167w\" sizes=\"auto, (max-width: 300px) 100vw, 300px\" \/><\/p>\n<p align=\"CENTER\">\n<p align=\"CENTER\"><span style=\"font-size: large;\"><strong>F2\u00a0: <\/strong><\/span><span style=\"color: #c00000;\"><span style=\"font-size: large;\"><em><strong>Bonjour la Libert\u00e9.<\/strong><\/em><\/span><\/span><\/p>\n<p align=\"CENTER\"><span style=\"color: #c00000;\"><span style=\"font-size: large;\"><em><strong>L\u2019Absolutisme est Mort\u2026 Vive la Constitution.<\/strong><\/em><\/span><\/span><\/p>\n<p align=\"CENTER\"><span style=\"color: #c00000;\"><span style=\"font-size: large;\"><em><strong>Un R\u00eave de la France\u2026 une R\u00e9alit\u00e9 Am\u00e9ricaine.<\/strong><\/em><\/span><\/span><\/p>\n<p align=\"JUSTIFY\">\n<p align=\"JUSTIFY\">\n<p align=\"JUSTIFY\"><span style=\"font-size: large;\">Et depuis, quelle R\u00e9publique ne s\u2019en est pas Inspir\u00e9e pour se faire une place au Soleil\u2026 ou \u00e0 l\u2019Ombre\u00a0!..<\/span><\/p>\n<p align=\"JUSTIFY\">\n<p align=\"JUSTIFY\"><span style=\"font-size: large;\">Et, de m\u00eame, depuis.<\/span><\/p>\n<p align=\"JUSTIFY\">\n<p align=\"JUSTIFY\">\n<p align=\"JUSTIFY\"><span style=\"font-size: large;\"><strong>Qui de nos Historiens nous a instruits de cette Chronologie des Faits, de fa\u00e7on nette et tangible.<\/strong><\/span><\/p>\n<p align=\"JUSTIFY\">\n<p align=\"JUSTIFY\"><span style=\"font-size: large;\">Qui de nos Historiens a risqu\u00e9 ou sa T\u00eate ou son Titre en faisant \u00ab\u00a0<\/span><span style=\"font-family: 'Arial Rounded MT Bold', sans-serif;\"><span style=\"font-size: large;\"><em>sa part \u00e0 C\u00e9sar<\/em><\/span><\/span><span style=\"font-size: large;\">\u00a0\u00bb des Faits Historiques que nous, Fran\u00e7ais, honorons peut-\u00eatre le plus\u00a0: la R\u00e9volution, la R\u00e9publique, la D\u00e9mocratie\u2026 et quoi encore, l\u2019Institution d\u2019une CONSTITUTION.<\/span><\/p>\n<p align=\"JUSTIFY\">\n<p align=\"JUSTIFY\">\n<p align=\"JUSTIFY\"><span style=\"font-size: large;\"><strong>Ceci pour dire que notre inclination \u00e0 travestir (voire \u00e0 \u00e9luder) ne date pas d\u2019aujourd\u2019hui, que c\u2019est l\u00e0 notre Drame, sans qu\u2019il n\u2019y paraisse.<\/strong><\/span><\/p>\n<p align=\"JUSTIFY\">\n<p align=\"JUSTIFY\"><span style=\"font-size: large;\">Travestir, Cagouler, Receler, en faire \u00c9cole, au point o\u00f9 ce jeune homme qui a la pr\u00e9tention de Pr\u00e9sider au Destin de la France se permette de sugg\u00e9rer dans sa harangue aux Fran\u00e7ais, savez-vous quoi\u00a0?<\/span><\/p>\n<p align=\"JUSTIFY\">\n<p align=\"CENTER\"><span style=\"font-family: 'Arial Rounded MT Bold', sans-serif;\"><span style=\"font-size: large;\">Une Cagoule pour sauvegarder l\u2019anonymat\u2026 des Terroristes.<\/span><\/span><\/p>\n<p align=\"JUSTIFY\">\n<p align=\"JUSTIFY\"><span style=\"font-family: Cambria, serif;\"><span style=\"font-size: large;\"><em>N\u2019est-ce pas du n\u2019importe quoi, bien cher ami Geoffroy DIDIER<\/em><\/span><\/span><\/p>\n<p align=\"JUSTIFY\">\n<p align=\"JUSTIFY\">\n<p align=\"CENTER\"><img loading=\"lazy\" decoding=\"async\" class=\"alignnone size-medium wp-image-12523\" title=\"F3  Communique de Geoffroy Didier\" src=\"http:\/\/www.lecarrefourdesopinions.ca\/wp-content\/uploads\/2016\/08\/F3-Communique-de-Geoffroy-Didier-300x168.png\" alt=\"\" width=\"300\" height=\"168\" srcset=\"http:\/\/www.lecarrefourdesopinions.ca\/wp-content\/uploads\/2016\/08\/F3-Communique-de-Geoffroy-Didier-300x168.png 300w, http:\/\/www.lecarrefourdesopinions.ca\/wp-content\/uploads\/2016\/08\/F3-Communique-de-Geoffroy-Didier-400x225.png 400w, http:\/\/www.lecarrefourdesopinions.ca\/wp-content\/uploads\/2016\/08\/F3-Communique-de-Geoffroy-Didier.png 641w\" sizes=\"auto, (max-width: 300px) 100vw, 300px\" \/><\/p>\n<p align=\"CENTER\">\n<p align=\"CENTER\"><span style=\"font-size: large;\"><strong>F3\u00a0:<\/strong><\/span><span style=\"color: #c00000;\"><span style=\"font-size: large;\"><em>Communiqu\u00e9 de Geoffroy Didier<br \/>Candidat \u00e0 la primaire de la droite et du centre<\/em><\/span><\/span><\/p>\n<p align=\"CENTER\"><span style=\"color: #c00000;\"><span style=\"font-size: large;\"><em>Mercredi 27 juillet 2016<\/em><\/span><\/span><\/p>\n<p align=\"CENTER\"><span style=\"color: #c00000;\"><span style=\"font-size: large;\"><em><strong>Je propose d\u2019anonymiser les terroristes.<\/strong><\/em><\/span><\/span><\/p>\n<p>&nbsp;<\/p>\n<p>&nbsp;<\/p>\n<p align=\"JUSTIFY\"><span style=\"font-family: 'Comic Sans MS', cursive;\"><span style=\"font-size: large;\">Est-ce en ceci qu\u2019on doive esp\u00e9rer la moindre mod\u00e9ration aux pires abus\u2026 est-ce l\u00e0 le \u00ab\u00a0<\/span><\/span><span style=\"font-family: Arial, sans-serif;\"><span style=\"font-size: large;\"><em>Tiens\u2026Bois<\/em><\/span><\/span><span style=\"font-family: 'Comic Sans MS', cursive;\"><span style=\"font-size: large;\">\u00a0\u00bb de notre N\u00e9o-P\u00e9p\u00e9 LABBAT. <\/span><\/span><\/p>\n<p align=\"JUSTIFY\">\n<p align=\"JUSTIFY\"><span style=\"font-family: 'Comic Sans MS', cursive;\"><span style=\"font-size: large;\"><strong>Ou en cela<\/strong><\/span><\/span><span style=\"font-family: 'Comic Sans MS', cursive;\"><span style=\"font-size: large;\">, <\/span><\/span><span style=\"font-family: 'Comic Sans MS', cursive;\"><span style=\"font-size: large;\"><strong>qu\u2019\u00e0 Louis XVI nous devons<\/strong><\/span><\/span><span style=\"font-family: 'Comic Sans MS', cursive;\"><span style=\"font-size: large;\">, tant la R\u00e9publique D\u00e9mocratique que la Mod\u00e9ration de l\u2019Absolutisme par le Parlementarisme des Monarchies Actuelles, aussi bien que <\/span><\/span><span style=\"font-family: 'Comic Sans MS', cursive;\"><span style=\"font-size: large;\"><strong>l\u2019Institution d\u2019une CONSTITUTION qui Encadre Monarchies et R\u00e9publiques<\/strong><\/span><\/span><span style=\"font-family: 'Comic Sans MS', cursive;\"><span style=\"font-size: large;\">, ce dont les Am\u00e9ricains ont compris avant nous le Sens et l\u2019Int\u00e9r\u00eat<\/span><\/span><span style=\"font-size: large;\">.<\/span><\/p>\n<p align=\"JUSTIFY\">\n<p align=\"JUSTIFY\"><span style=\"font-family: 'Arial Rounded MT Bold', sans-serif;\"><span style=\"font-size: large;\">Or, Anonymiser et Cagouler M\u00e9faits et Malfaiteurs, n\u2019est-ce pas soumettre au \u00ab\u00a0Masque de Fer\u00a0\u00bb la CONSTITUTION elle-m\u00eame, notre meilleur garant contre la Malfaisance\u2026 pauvre Geoffroy Didier.<\/span><\/span><\/p>\n<p align=\"JUSTIFY\">\n<p align=\"JUSTIFY\"><span style=\"font-size: large;\">\u00c9ric EG Nogard<\/span><\/p>\n<p align=\"JUSTIFY\"><span style=\"color: #c00000;\"><span style=\"font-size: large;\"><em>Chroniqueur<\/em><\/span><\/span><span style=\"color: #c00000;\"><span style=\"font-size: large;\">.<\/span><\/span><\/p>\n<p align=\"CENTER\"><span style=\"font-size: large;\"><strong>*** *** ***<\/strong><\/span><\/p>\n<p align=\"CENTER\"><span style=\"color: #ff0000;\"><span style=\"font-size: large;\"><strong>Nota : <\/strong><\/span><\/span><span style=\"color: #000000;\"><span style=\"font-size: large;\">Nous ne traitons que de Faits et de Noms rendus Publics.<\/span><\/span><\/p>\n<p align=\"CENTER\"><span style=\"color: #000000;\"><span style=\"font-size: large;\">*** *** ***<\/span><\/span><\/p>\n<p align=\"JUSTIFY\"><span style=\"font-size: large;\"><strong>N.B.:<\/strong><\/span><span style=\"font-size: large;\"> &#8211; <\/span><span style=\"color: #c00000;\"><span style=\"font-family: 'Comic Sans MS', cursive;\"><span style=\"font-size: large;\">Nous Recommandons instamment et syst\u00e9matiquement l\u2019ouverture de la (ou des) pi\u00e8ce(s) jointe(s) \u00e0 l\u2019e-mail, sous format Pdf, <\/span><\/span><\/span><span style=\"color: #c00000;\"><span style=\"font-family: 'Comic Sans MS', cursive;\"><span style=\"font-size: large;\"><span style=\"text-decoration: underline;\">les illustrations y sont incluses<\/span><\/span><\/span><\/span><span style=\"color: #c00000;\"><span style=\"font-family: 'Comic Sans MS', cursive;\"><span style=\"font-size: large;\">.<\/span><\/span><\/span><\/p>\n<p align=\"JUSTIFY\">\n<p align=\"CENTER\"><span style=\"color: #ff0000;\"><span><strong>Ne Peut \u00eatre reproduit &#8211; m\u00eame partiellement &#8211; sans l\u2019autorisation de l\u2019Auteur.<\/strong><\/span><\/span><\/p>\n<p align=\"JUSTIFY\"><span style=\"text-decoration: underline;\"><strong>Liens Sugg\u00e9r\u00e9s\u00a0:<\/strong><\/span><\/p>\n<ul>\n<li>\n<p align=\"JUSTIFY\"><span style=\"color: #0000ff;\"><span style=\"text-decoration: underline;\"><a href=\"http:\/\/www.lescrutateur.com\/\">http:\/\/www.lescrutateur.com\/<\/a><\/span><\/span><\/p>\n<\/li>\n<li>\n<p align=\"JUSTIFY\"><span style=\"color: #0000ff;\"><span style=\"text-decoration: underline;\"><a href=\"http:\/\/www.etatsgenerauxdeloutremer.fr\/reflexions\">http:\/\/www.etatsgenerauxdeloutremer.fr\/reflexions<\/a><\/span><\/span><\/p>\n<\/li>\n<\/ul>\n<p align=\"CENTER\">\n<p align=\"CENTER\"><strong>==================================================================<\/strong><\/p>\n<script type=\"text\/javascript\">\n\nvar addthis_config = {\"data_track_clickback\":false,\"data_track_addressbar\":false,\"data_track_textcopy\":false};\n<\/script><script type=\"text\/javascript\" src=\"\/\/s7.addthis.com\/js\/250\/addthis_widget.js#pubid=a457a6d63fb9e6ccabdde4110343bd85\"><\/script>","protected":false},"excerpt":{"rendered":"<p align=\"CENTER\">\n<p align=\"JUSTIFY\"><span style=\"color: #c00000;\"> <span style=\"font-family: 'Comic Sans MS', cursive;\"><span>\u00ab\u00a0<\/span><\/span><\/span><span style=\"color: #c00000;\"><span style=\"font-family: Cambria, serif;\"><span>Notre M\u00e9tier n\u2019est pas de faire plaisir, Non plus de faire tort \u00e0 qui que ce soit, Ni pour quoi que ce soit, Il est de porter la plume dans la plaie<\/span><\/span><\/span><span style=\"color: #c00000;\"><span style=\"font-family: Cambria, serif;\"><span>\u00a0\u00bb. (Albert LONDRES).<\/span><\/span><\/span><\/p>\n<p align=\"JUSTIFY\">\n<p align=\"CENTER\"><span style=\"color: #c00000;\">*** <\/span>&hellip;<\/p>\n","protected":false},"author":1,"featured_media":0,"comment_status":"open","ping_status":"open","sticky":false,"template":"","format":"standard","meta":{"footnotes":""},"categories":[1],"tags":[],"class_list":["post-12519","post","type-post","status-publish","format-standard","hentry","category-accueil"],"_links":{"self":[{"href":"http:\/\/www.lecarrefourdesopinions.ca\/index.php?rest_route=\/wp\/v2\/posts\/12519","targetHints":{"allow":["GET"]}}],"collection":[{"href":"http:\/\/www.lecarrefourdesopinions.ca\/index.php?rest_route=\/wp\/v2\/posts"}],"about":[{"href":"http:\/\/www.lecarrefourdesopinions.ca\/index.php?rest_route=\/wp\/v2\/types\/post"}],"author":[{"embeddable":true,"href":"http:\/\/www.lecarrefourdesopinions.ca\/index.php?rest_route=\/wp\/v2\/users\/1"}],"replies":[{"embeddable":true,"href":"http:\/\/www.lecarrefourdesopinions.ca\/index.php?rest_route=%2Fwp%2Fv2%2Fcomments&post=12519"}],"version-history":[{"count":2,"href":"http:\/\/www.lecarrefourdesopinions.ca\/index.php?rest_route=\/wp\/v2\/posts\/12519\/revisions"}],"predecessor-version":[{"id":12528,"href":"http:\/\/www.lecarrefourdesopinions.ca\/index.php?rest_route=\/wp\/v2\/posts\/12519\/revisions\/12528"}],"wp:attachment":[{"href":"http:\/\/www.lecarrefourdesopinions.ca\/index.php?rest_route=%2Fwp%2Fv2%2Fmedia&parent=12519"}],"wp:term":[{"taxonomy":"category","embeddable":true,"href":"http:\/\/www.lecarrefourdesopinions.ca\/index.php?rest_route=%2Fwp%2Fv2%2Fcategories&post=12519"},{"taxonomy":"post_tag","embeddable":true,"href":"http:\/\/www.lecarrefourdesopinions.ca\/index.php?rest_route=%2Fwp%2Fv2%2Ftags&post=12519"}],"curies":[{"name":"wp","href":"https:\/\/api.w.org\/{rel}","templated":true}]}}