{"id":12510,"date":"2016-07-31T23:16:05","date_gmt":"2016-08-01T03:16:05","guid":{"rendered":"http:\/\/www.lecarrefourdesopinions.ca\/?p=12510"},"modified":"2016-07-31T23:16:16","modified_gmt":"2016-08-01T03:16:16","slug":"la-france-se-voit-en-guerre-notre-president-la-dit","status":"publish","type":"post","link":"http:\/\/www.lecarrefourdesopinions.ca\/?p=12510","title":{"rendered":"La France se voit en Guerre, notre Pr\u00e9sident l\u2019a dit."},"content":{"rendered":"<p align=\"JUSTIFY\"><span style=\"color: #c00000;\"> <span style=\"font-family: 'Comic Sans MS', cursive;\"><span>\u00ab\u00a0<\/span><\/span><\/span><span style=\"color: #c00000;\"><span style=\"font-family: Cambria, serif;\"><span><strong>Notre M\u00e9tier n\u2019est pas de faire plaisir, Non plus de faire tort \u00e0 qui que ce soit, Ni pour quoi que ce soit, Il est de porter la plume dans la plaie<\/strong><\/span><\/span><\/span><span style=\"color: #c00000;\"><span style=\"font-family: Cambria, serif;\"><span>\u00a0\u00bb. (Albert LONDRES).<\/span><\/span><\/span><\/p>\n<p align=\"JUSTIFY\">\n<p align=\"CENTER\"><span style=\"color: #c00000;\"><em><strong>*** ***<\/strong><\/em><\/span><\/p>\n<p align=\"JUSTIFY\"><span style=\"color: #632423;\"><em><strong>Pardonnez-nous si jamais, tel Aristarque De SAMOS, nous troublons quelque part, jusqu\u2019au \u00ab\u00a0Repos des Dieux\u00a0\u00bb. (\u00c9ric EG Nogard, Chroniqueur).<\/strong><\/em><\/span><\/p>\n<p align=\"JUSTIFY\">\n<p align=\"CENTER\"><span style=\"color: #c00000;\"><em><strong>==========<\/strong><\/em><\/span><\/p>\n<p align=\"CENTER\">\n<p align=\"CENTER\"><span style=\"color: #000099;\"><span style=\"font-size: x-large;\"><strong>La France se voit en Guerre, notre Pr\u00e9sident l\u2019a dit.<\/strong><\/span><\/span><\/p>\n<p align=\"CENTER\">\n<p align=\"CENTER\"><span style=\"color: #000099;\"><span><strong>=====<\/strong><\/span><\/span><\/p>\n<p><span style=\"color: #632423;\"><span style=\"font-family: 'Comic Sans MS', cursive;\"><span style=\"font-size: large;\"><em><strong>La France se voit en Guerre, notre Pr\u00e9sident l\u2019a dit.<\/strong><\/em><\/span><\/span><\/span><\/p>\n<p align=\"JUSTIFY\"><img loading=\"lazy\" decoding=\"async\" class=\"alignnone size-thumbnail wp-image-11439\" title=\"Eric\" src=\"http:\/\/www.lecarrefourdesopinions.ca\/wp-content\/uploads\/2015\/04\/Eric-134x107.jpg\" alt=\"\" width=\"134\" height=\"107\" \/><\/p>\n<p align=\"JUSTIFY\"><span style=\"color: #632423;\"><span style=\"font-family: 'Comic Sans MS', cursive;\"><span style=\"font-size: large;\">\u00c9ric EG Nogard<\/span><\/span><\/span><\/p>\n<p align=\"JUSTIFY\"><span style=\"color: #c00000;\"><span style=\"font-size: large;\"><em>Chroniqueur<\/em><\/span><\/span><span style=\"color: #c00000;\"><span style=\"font-size: large;\">.<\/span><\/span><\/p>\n<p align=\"CENTER\">\n<p align=\"CENTER\"><span style=\"color: #632423;\"><span style=\"font-size: large;\">*** *** ***<\/span><\/span><\/p>\n<p align=\"CENTER\"><span style=\"color: #632423;\"><span style=\"font-size: large;\">*** *** ***<\/span><\/span><\/p>\n<p align=\"CENTER\">\n<p align=\"JUSTIFY\">\n<p align=\"JUSTIFY\"><span style=\"font-size: x-large;\"><strong>La France se voit en Guerre, notre Pr\u00e9sident l\u2019a dit.<\/strong><\/span><\/p>\n<p align=\"JUSTIFY\">\n<p align=\"JUSTIFY\">\n<p align=\"JUSTIFY\">\n<p align=\"JUSTIFY\">\n<p align=\"CENTER\">\u00a0<img loading=\"lazy\" decoding=\"async\" class=\"alignnone size-medium wp-image-12511\" title=\"F1   La Guerre au Terrorisme selon le President Fran\u00e7ois\" src=\"http:\/\/www.lecarrefourdesopinions.ca\/wp-content\/uploads\/2016\/07\/F1-La-Guerre-au-Terrorisme-selon-le-President-Fran\u00e7ois-300x168.jpg\" alt=\"\" width=\"300\" height=\"168\" srcset=\"http:\/\/www.lecarrefourdesopinions.ca\/wp-content\/uploads\/2016\/07\/F1-La-Guerre-au-Terrorisme-selon-le-President-Fran\u00e7ois-300x168.jpg 300w, http:\/\/www.lecarrefourdesopinions.ca\/wp-content\/uploads\/2016\/07\/F1-La-Guerre-au-Terrorisme-selon-le-President-Fran\u00e7ois-400x224.jpg 400w, http:\/\/www.lecarrefourdesopinions.ca\/wp-content\/uploads\/2016\/07\/F1-La-Guerre-au-Terrorisme-selon-le-President-Fran\u00e7ois.jpg 790w\" sizes=\"auto, (max-width: 300px) 100vw, 300px\" \/><\/p>\n<p align=\"CENTER\">\n<p align=\"CENTER\"><span style=\"font-size: large;\"><strong>F1\u00a0: <\/strong><\/span><span style=\"color: #c00000;\"><span style=\"font-size: large;\"><em><strong>La Guerre au Terrorisme selon le Pr\u00e9sident Fran\u00e7ois.<\/strong><\/em><\/span><\/span><\/p>\n<p align=\"JUSTIFY\">\n<p align=\"JUSTIFY\">\n<p align=\"JUSTIFY\"><span style=\"font-family: 'Comic Sans MS', cursive;\"><span style=\"font-size: large;\">Dans cette Confusion innommable, dans ce d\u00e9sordre qui y r\u00e8gne et qui fait d\u2019elle une Foire d\u2019Empoigne, voil\u00e0 que la France se dit en Guerre par la Voix de son Pr\u00e9sident.<\/span><\/span><\/p>\n<p align=\"JUSTIFY\">\n<p align=\"JUSTIFY\"><span style=\"font-family: 'Comic Sans MS', cursive;\"><span style=\"font-size: large;\">Mais il y a Guerre et Guerre, laquelle nous pr\u00e9occupe, laquelle nous tourmente, laquelle vivons-nous.<\/span><\/span><\/p>\n<p align=\"JUSTIFY\">\n<p align=\"JUSTIFY\"><span style=\"font-family: 'Comic Sans MS', cursive;\"><span style=\"font-size: large;\">N\u2019est-ce pas l\u00e0 la question, tellement il est vrai qu\u2019\u00e0 chaque Guerre, Froide, Chaude ou Sournoise, ses Armes et Munitions, faute de quoi on est Vaincu d\u2019avance.<\/span><\/span><\/p>\n<p align=\"JUSTIFY\">\n<p align=\"JUSTIFY\">\n<p align=\"JUSTIFY\"><span style=\"font-size: large;\"><strong>Ses Armes, ses Munitions et ses Hommes, ceux qu\u2019il faut<\/strong><\/span><span style=\"font-size: large;\">.<\/span><\/p>\n<p align=\"JUSTIFY\">\n<p align=\"JUSTIFY\">\n<ul>\n<li>\n<p align=\"JUSTIFY\"><span style=\"font-size: large;\"><em><strong>Guerre contre l\u2019illettrisme\u00a0?<\/strong><\/em><\/span><\/p>\n<\/li>\n<\/ul>\n<p align=\"JUSTIFY\">\n<p align=\"JUSTIFY\"><span style=\"font-size: large;\">Un Tableau Noir, des B\u00e2tonnets de Craie, un bon Ma\u00eetre d\u2019\u00c9cole.<\/span><\/p>\n<p align=\"JUSTIFY\">\n<p align=\"JUSTIFY\"><span style=\"font-size: large;\">Tels sont, n\u2019est-ce pas, l\u2019Arme, les Munitions et l\u2019Homme qui conviennent\u2026<\/span><\/p>\n<p align=\"JUSTIFY\">\n<p align=\"JUSTIFY\">\n<ul>\n<li>\n<p align=\"JUSTIFY\"><span style=\"font-size: large;\"><em><strong>Guerre contre l\u2019H\u00e9r\u00e9sie voire le Paganisme\u00a0? <\/strong><\/em><\/span><\/p>\n<\/li>\n<\/ul>\n<p align=\"JUSTIFY\">\n<p align=\"JUSTIFY\"><span style=\"font-size: large;\">Des Croisades, des glaives et des Crois\u00e9s en veux-tu en voil\u00e0\u2026<\/span><\/p>\n<p align=\"JUSTIFY\">\n<p align=\"JUSTIFY\"><span style=\"font-size: large;\">Contre quelle H\u00e9r\u00e9sie ou quel Paganisme car, nous devons chercher \u00e0 nous le dire\u2026<\/span><\/p>\n<p align=\"JUSTIFY\">\n<p align=\"JUSTIFY\"><span style=\"font-size: large;\">Qu\u2019est-ce donc que l\u2019H\u00e9r\u00e9sie ou quelqu\u2019autre Paganisme, si chacun vit chez soi, content de ce qu\u2019il a, que de beaucoup, ou que de peu.<\/span><\/p>\n<p align=\"JUSTIFY\">\n<p align=\"JUSTIFY\">\n<ul>\n<li>\n<p align=\"JUSTIFY\"><span style=\"font-size: large;\"><em><strong>Guerre contre le Terrorisme, ce Fl\u00e9au qui vous tue sans que vous ne sachiez qui vous supprime la vie et par quoi\u2026 par un Couteau, par un Drone ou quelque Malveillance plus Sournoise et Perverse que le Pire des Poisons, instill\u00e9 par qui passe pour \u00eatre Hors du Moindre Soup\u00e7on.<\/strong><\/em><\/span><\/p>\n<\/li>\n<\/ul>\n<p align=\"JUSTIFY\">\n<p align=\"JUSTIFY\"><span style=\"font-size: large;\">Qui donc d\u2019entre nous ne serait un Terroriste qui souvent terrorise par Jouissance\u2026 tel N\u00e9ron.<\/span><\/p>\n<p align=\"JUSTIFY\">\n<p align=\"JUSTIFY\">\n<ul>\n<li>\n<p align=\"JUSTIFY\"><span style=\"font-size: large;\"><em><strong>Guerre Contre qui\u2026 Guerre Contre quoi\u2026 dans quelle Guerre serions-nous engag\u00e9s.<\/strong><\/em><\/span><\/p>\n<\/li>\n<\/ul>\n<p align=\"JUSTIFY\">\n<p align=\"JUSTIFY\"><span style=\"font-family: 'Arial Rounded MT Bold', sans-serif;\"><span style=\"font-size: large;\">Contre des Terroristes\u2026<\/span><\/span><span style=\"font-size: large;\"> tous des Fran\u00e7ais, Jeunes d\u00e9sesp\u00e9r\u00e9s au point d\u2019en \u00eatre D\u00e9glingu\u00e9s\u2026 assez en tout cas pour s\u2019offrir \u00e0 la Mort, cette Peine R\u00e9put\u00e9e Abolie.<\/span><\/p>\n<p align=\"JUSTIFY\">\n<p align=\"JUSTIFY\"><span style=\"font-size: large;\">Ils s\u2019offrent \u00e0 elle, apr\u00e8s l\u2019avoir donn\u00e9e en frappant dans le tas\u2026 Atroce.<\/span><\/p>\n<p align=\"JUSTIFY\">\n<p align=\"JUSTIFY\"><span style=\"font-family: 'Arial Rounded MT Bold', sans-serif;\"><span style=\"font-size: large;\">Contre quelle Religion\u2026<\/span><\/span><span style=\"font-size: large;\"> toutes ne pactisent-elles pas, n\u2019en d\u00e9plaise au Dieu dont elles se r\u00e9clament sans qu\u2019aucun d\u2019entre-nous ne se demande pourquoi.<\/span><\/p>\n<p align=\"JUSTIFY\">\n<p align=\"JUSTIFY\">\n<p align=\"CENTER\">\n<p align=\"CENTER\"><img loading=\"lazy\" decoding=\"async\" class=\"alignnone size-medium wp-image-12512\" title=\"F2   La Guerre a l Argent selon sa Saintete Il Papa Fran\u00e7ois\" src=\"http:\/\/www.lecarrefourdesopinions.ca\/wp-content\/uploads\/2016\/07\/F2-La-Guerre-a-l-Argent-selon-sa-Saintete-Il-Papa-Fran\u00e7ois-300x192.jpg\" alt=\"\" width=\"300\" height=\"192\" srcset=\"http:\/\/www.lecarrefourdesopinions.ca\/wp-content\/uploads\/2016\/07\/F2-La-Guerre-a-l-Argent-selon-sa-Saintete-Il-Papa-Fran\u00e7ois-300x192.jpg 300w, http:\/\/www.lecarrefourdesopinions.ca\/wp-content\/uploads\/2016\/07\/F2-La-Guerre-a-l-Argent-selon-sa-Saintete-Il-Papa-Fran\u00e7ois-400x256.jpg 400w, http:\/\/www.lecarrefourdesopinions.ca\/wp-content\/uploads\/2016\/07\/F2-La-Guerre-a-l-Argent-selon-sa-Saintete-Il-Papa-Fran\u00e7ois.jpg 648w\" sizes=\"auto, (max-width: 300px) 100vw, 300px\" \/><\/p>\n<p align=\"CENTER\"><span style=\"font-size: large;\"><strong>F2\u00a0: <\/strong><\/span><span style=\"color: #c00000;\"><span style=\"font-size: large;\"><em><strong>La Guerre \u00e0 l\u2019Argent selon sa Saintet\u00e9 <\/strong><\/em><\/span><\/span><span style=\"color: #c00000;\"><span style=\"font-family: Arial, sans-serif;\"><span style=\"font-size: large;\"><em><strong>Il Papa<\/strong><\/em><\/span><\/span><\/span><span style=\"color: #c00000;\"><span style=\"font-size: large;\"><em><strong> Fran\u00e7ois.<\/strong><\/em><\/span><\/span><\/p>\n<p align=\"JUSTIFY\">\n<p align=\"JUSTIFY\">\n<p align=\"JUSTIFY\"><span style=\"font-family: 'Arial Rounded MT Bold', sans-serif;\"><span style=\"font-size: large;\">Contre l\u2019Argent,<\/span><\/span><span style=\"font-size: large;\"> cet Agent Corrupteur, aux dires de <\/span><span style=\"font-family: Arial, sans-serif;\"><span style=\"font-size: large;\"><em>Il Papa<\/em><\/span><\/span><span style=\"font-size: large;\">. <\/span><\/p>\n<p align=\"JUSTIFY\">\n<p align=\"JUSTIFY\">\n<p align=\"JUSTIFY\"><span style=\"font-size: large;\"><strong>Or qui boude encore cet Agent de Corruption depuis que l\u2019Argent est l\u2019Affaire de Ceux-l\u00e0 d\u2019entre-nous qui font de la Terre le Pire des Enfers quand, moyennant si peu, elle pourrait \u00eatre rendue \u00e0 sa Mission Divine\u2026 <\/strong><\/span><\/p>\n<p align=\"JUSTIFY\">\n<p align=\"JUSTIFY\"><span style=\"font-family: Calibri, sans-serif;\"><span style=\"font-size: large;\"><em>\u00catre un Paradis pour tous ceux qui y vivent\u2026 Riches parce qu\u2019il en faut bien \u2013 Mais de Bons \u2013 ou Pauvres car h\u00e9las, il y en aura toujours, le tout \u00e9tant qu\u2019ils soient Heureux<\/em><\/span><\/span><span style=\"font-size: large;\">.<\/span><\/p>\n<p align=\"JUSTIFY\">\n<p align=\"JUSTIFY\"><span style=\"font-size: large;\">Venue du Roi Henri, le Vert Galant, nul ne trouva cette id\u00e9e folle\u2026 et la France f\u00fbt Heureuse, comme jamais elle ne le f\u00fbt avant, ou comme jamais elle ne le sera apr\u00e8s, tellement le Fran\u00e7ais semble Hostile au Juste Partage de l\u2019H\u00e9ritage que nous tenons de Dieu, sauf \u00e0 ce qu\u2019il nous soit dit de qui d\u2019autre.<\/span><\/p>\n<p align=\"JUSTIFY\">\n<p align=\"JUSTIFY\">\n<p align=\"JUSTIFY\"><span style=\"font-size: large;\"><strong>La France se Voit en Guerre\u00a0:<\/strong><\/span><\/p>\n<p align=\"JUSTIFY\">\n<p align=\"JUSTIFY\"><span style=\"font-family: 'Arial Rounded MT Bold', sans-serif;\"><span style=\"font-size: large;\">Contre Ceci<\/span><\/span><span style=\"font-size: large;\">, aux dires d\u2019<\/span><span style=\"font-family: Arial, sans-serif;\"><span style=\"font-size: large;\"><em>El Presidente\u00a0<\/em><\/span><\/span><span style=\"font-size: large;\">;<\/span><\/p>\n<p align=\"JUSTIFY\">\n<p align=\"JUSTIFY\"><span style=\"font-family: 'Arial Rounded MT Bold', sans-serif;\"><span style=\"font-size: large;\">Contre cela<\/span><\/span><span style=\"font-size: large;\">, \u00e0 ceux de <\/span><span style=\"font-family: Arial, sans-serif;\"><span style=\"font-size: large;\"><em>Il Papa<\/em><\/span><\/span><span style=\"font-size: large;\">\u00a0;<\/span><\/p>\n<p align=\"JUSTIFY\">\n<p align=\"JUSTIFY\">\n<p align=\"CENTER\"><img loading=\"lazy\" decoding=\"async\" class=\"alignnone size-medium wp-image-12513\" title=\"F-8_Q_F3___La_Guerre_contre_le___GANGUISME___pour_l_= \u2019Or et le Pouvoir selon le   Cri d\u2019Alarme\" src=\"http:\/\/www.lecarrefourdesopinions.ca\/wp-content\/uploads\/2016\/07\/F-8_Q_F3___La_Guerre_contre_le___GANGUISME___pour_l_-\u2019Or-et-le-Pouvoir-selon-le-Cri-d\u2019Alarme--246x300.jpg\" alt=\"\" width=\"246\" height=\"300\" srcset=\"http:\/\/www.lecarrefourdesopinions.ca\/wp-content\/uploads\/2016\/07\/F-8_Q_F3___La_Guerre_contre_le___GANGUISME___pour_l_-\u2019Or-et-le-Pouvoir-selon-le-Cri-d\u2019Alarme--246x300.jpg 246w, http:\/\/www.lecarrefourdesopinions.ca\/wp-content\/uploads\/2016\/07\/F-8_Q_F3___La_Guerre_contre_le___GANGUISME___pour_l_-\u2019Or-et-le-Pouvoir-selon-le-Cri-d\u2019Alarme--841x1024.jpg 841w, http:\/\/www.lecarrefourdesopinions.ca\/wp-content\/uploads\/2016\/07\/F-8_Q_F3___La_Guerre_contre_le___GANGUISME___pour_l_-\u2019Or-et-le-Pouvoir-selon-le-Cri-d\u2019Alarme--400x486.jpg 400w, http:\/\/www.lecarrefourdesopinions.ca\/wp-content\/uploads\/2016\/07\/F-8_Q_F3___La_Guerre_contre_le___GANGUISME___pour_l_-\u2019Or-et-le-Pouvoir-selon-le-Cri-d\u2019Alarme-.jpg 1753w\" sizes=\"auto, (max-width: 246px) 100vw, 246px\" \/><\/p>\n<p align=\"CENTER\">\n<p align=\"JUSTIFY\"><span style=\"font-size: large;\"><strong>F3\u00a0: <\/strong><\/span><span style=\"color: #c00000;\"><span style=\"font-size: large;\"><em><strong>La Guerre contre le \u00ab\u00a0<\/strong><\/em><\/span><\/span><span style=\"color: #c00000;\"><span style=\"font-family: Arial, sans-serif;\"><span style=\"font-size: large;\"><em><strong>GANGUISME\u00a0<\/strong><\/em><\/span><\/span><\/span><span style=\"color: #c00000;\"><span style=\"font-size: large;\"><em><strong>\u00bb pour l\u2019Or et le Pouvoir selon le \u00ab\u00a0Cri d\u2019Alarme\u00a0\u00bb.<\/strong><\/em><\/span><\/span><\/p>\n<p align=\"JUSTIFY\">\n<p align=\"JUSTIFY\">\n<p align=\"JUSTIFY\"><span style=\"font-family: 'Arial Rounded MT Bold', sans-serif;\"><span style=\"font-size: large;\">Contre la Convoitise exacerb\u00e9e par l\u2019\u00c9go\u00efsme Pervers<\/span><\/span><span style=\"font-size: large;\">, pensons-nous au \u00ab\u00a0<\/span><span style=\"font-size: large;\"><strong>Cri d\u2019Alarme<\/strong><\/span><span style=\"font-size: large;\">\u00a0\u00bb.<\/span><\/p>\n<p align=\"JUSTIFY\">\n<p align=\"JUSTIFY\"><span style=\"font-size: large;\">Une Convoitise qui nous Condamne \u00e0 un \u00ab\u00a0<\/span><span style=\"font-family: Arial, sans-serif;\"><span style=\"font-size: large;\"><em>GANGUISME<\/em><\/span><\/span><span style=\"font-size: large;\">\u00a0\u00bb Plus Ignoble et Plus Redoutable que tout autre Communautarisme, malgr\u00e9 les Beaux Noms dont on le Pare et les Vertus qu\u2019on lui donne\u00a0:<\/span><\/p>\n<p align=\"JUSTIFY\">\n<ul>\n<li>\n<p align=\"JUSTIFY\"><span style=\"font-size: large;\">Amicales, Clubs, Confr\u00e9ries\u2026 <\/span><\/p>\n<\/li>\n<\/ul>\n<p align=\"JUSTIFY\">\n<ul>\n<li>\n<p align=\"JUSTIFY\"><span style=\"font-size: large;\">Amiti\u00e9, Solidarit\u00e9, Hospitalit\u00e9\u2026<\/span><\/p>\n<\/li>\n<\/ul>\n<p>&nbsp;<\/p>\n<p align=\"JUSTIFY\"><span style=\"font-size: large;\">Un <\/span><span style=\"font-family: Arial, sans-serif;\"><span style=\"font-size: large;\"><em>Ganguisme<\/em><\/span><\/span><span style=\"font-size: large;\"> au Statut Innocent ou teint\u00e9 d\u2019Altruisme qui Nous Condamne inexorablement \u00e0 ce <\/span><span style=\"font-family: Arial, sans-serif;\"><span style=\"font-size: large;\"><em>Gangst\u00e9risme<\/em><\/span><\/span><span style=\"font-size: large;\"> qui fait de Nous des <\/span><span style=\"font-family: Arial, sans-serif;\"><span style=\"font-size: large;\"><em>GANGSTERS<\/em><\/span><\/span><span style=\"font-size: large;\"> qui feignent de s\u2019ignorer.<\/span><\/p>\n<p align=\"JUSTIFY\">\n<p align=\"JUSTIFY\">\n<p align=\"JUSTIFY\"><span style=\"font-family: 'Comic Sans MS', cursive;\"><span style=\"font-size: large;\">D\u00e8s-lors, sur quoi d\u2019autre que notre <\/span><\/span><span style=\"font-family: 'Arial Rounded MT Bold', sans-serif;\"><span style=\"font-size: large;\"><em>Auri sacra fames<\/em><\/span><\/span><span style=\"font-family: 'Comic Sans MS', cursive;\"><span style=\"font-size: large;\">, notre Ex\u00e9crable Faim de l\u2019Or, devons-nous braquer notre Attention, nos Armes et Munitions, en convenant que tout Humain, devrait y pr\u00eater main-forte en son \u00c2me et Conscience plut\u00f4t que par Artifice et Faux-semblants.<\/span><\/span><\/p>\n<p align=\"JUSTIFY\">\n<p align=\"JUSTIFY\"><span style=\"font-size: large;\">\u00c9ric EG Nogard<\/span><\/p>\n<p align=\"JUSTIFY\"><span style=\"color: #c00000;\"><span style=\"font-size: large;\"><em>Chroniqueur<\/em><\/span><\/span><span style=\"color: #c00000;\"><span style=\"font-size: large;\">.<\/span><\/span><\/p>\n<p align=\"JUSTIFY\">\n<p align=\"CENTER\"><span style=\"font-size: large;\"><strong>*** *** ***<\/strong><\/span><\/p>\n<p align=\"CENTER\"><span style=\"color: #ff0000;\"><span style=\"font-size: large;\"><strong>Nota : <\/strong><\/span><\/span><span style=\"color: #000000;\"><span style=\"font-size: large;\">Nous ne traitons que de Faits et de Noms rendus Publics.<\/span><\/span><\/p>\n<p align=\"CENTER\">\n<p align=\"JUSTIFY\"><span style=\"font-size: large;\"><strong>N.B.:<\/strong><\/span><span style=\"font-size: large;\"> &#8211; <\/span><span style=\"color: #c00000;\"><span style=\"font-family: 'Comic Sans MS', cursive;\"><span style=\"font-size: large;\">Nous Recommandons instamment et syst\u00e9matiquement l\u2019ouverture de la (ou des) pi\u00e8ce(s) jointe(s) \u00e0 l\u2019e-mail, sous format Pdf, <\/span><\/span><\/span><span style=\"color: #c00000;\"><span style=\"font-family: 'Comic Sans MS', cursive;\"><span style=\"font-size: large;\"><span style=\"text-decoration: underline;\">les illustrations y sont incluses<\/span><\/span><\/span><\/span><span style=\"color: #c00000;\"><span style=\"font-family: 'Comic Sans MS', cursive;\"><span style=\"font-size: large;\">.<\/span><\/span><\/span><\/p>\n<p align=\"JUSTIFY\">\n<p align=\"CENTER\"><span style=\"color: #ff0000;\"><span><strong>Ne Peut \u00eatre reproduit &#8211; m\u00eame partiellement &#8211; sans l\u2019autorisation de l\u2019Auteur.<\/strong><\/span><\/span><\/p>\n<p align=\"JUSTIFY\"><span style=\"text-decoration: underline;\"><strong>Liens Sugg\u00e9r\u00e9s\u00a0:<\/strong><\/span><\/p>\n<ul>\n<li>\n<p align=\"JUSTIFY\"><span style=\"color: #0000ff;\"><span style=\"text-decoration: underline;\"><a href=\"http:\/\/www.lescrutateur.com\/\">http:\/\/www.lescrutateur.com\/<\/a><\/span><\/span><\/p>\n<\/li>\n<li>\n<p align=\"JUSTIFY\"><span style=\"color: #0000ff;\"><span style=\"text-decoration: underline;\"><a href=\"http:\/\/www.etatsgenerauxdeloutremer.fr\/reflexions\">http:\/\/www.etatsgenerauxdeloutremer.fr\/reflexions<\/a><\/span><\/span><\/p>\n<\/li>\n<\/ul>\n<p align=\"CENTER\">\n<p align=\"CENTER\"><strong>===========================<\/strong><\/p>\n<script type=\"text\/javascript\">\n\nvar addthis_config = {\"data_track_clickback\":false,\"data_track_addressbar\":false,\"data_track_textcopy\":false};\n<\/script><script type=\"text\/javascript\" src=\"\/\/s7.addthis.com\/js\/250\/addthis_widget.js#pubid=a457a6d63fb9e6ccabdde4110343bd85\"><\/script>","protected":false},"excerpt":{"rendered":"<p align=\"JUSTIFY\"><span style=\"color: #c00000;\"> <span style=\"font-family: 'Comic Sans MS', cursive;\"><span>\u00ab\u00a0<\/span><\/span><\/span><span style=\"color: #c00000;\"><span style=\"font-family: Cambria, serif;\"><span>Notre M\u00e9tier n\u2019est pas de faire plaisir, Non plus de faire tort \u00e0 qui que ce soit, Ni pour quoi que ce soit, Il est de porter la plume dans la plaie<\/span><\/span><\/span><span style=\"color: #c00000;\"><span style=\"font-family: Cambria, serif;\"><span>\u00a0\u00bb. (Albert LONDRES).<\/span><\/span><\/span><\/p>\n<p align=\"JUSTIFY\">\n<p align=\"CENTER\"><span style=\"color: #c00000;\">*** <\/span>&hellip;<\/p>\n","protected":false},"author":1,"featured_media":0,"comment_status":"open","ping_status":"open","sticky":false,"template":"","format":"standard","meta":{"footnotes":""},"categories":[1],"tags":[],"class_list":["post-12510","post","type-post","status-publish","format-standard","hentry","category-accueil"],"_links":{"self":[{"href":"http:\/\/www.lecarrefourdesopinions.ca\/index.php?rest_route=\/wp\/v2\/posts\/12510","targetHints":{"allow":["GET"]}}],"collection":[{"href":"http:\/\/www.lecarrefourdesopinions.ca\/index.php?rest_route=\/wp\/v2\/posts"}],"about":[{"href":"http:\/\/www.lecarrefourdesopinions.ca\/index.php?rest_route=\/wp\/v2\/types\/post"}],"author":[{"embeddable":true,"href":"http:\/\/www.lecarrefourdesopinions.ca\/index.php?rest_route=\/wp\/v2\/users\/1"}],"replies":[{"embeddable":true,"href":"http:\/\/www.lecarrefourdesopinions.ca\/index.php?rest_route=%2Fwp%2Fv2%2Fcomments&post=12510"}],"version-history":[{"count":2,"href":"http:\/\/www.lecarrefourdesopinions.ca\/index.php?rest_route=\/wp\/v2\/posts\/12510\/revisions"}],"predecessor-version":[{"id":12515,"href":"http:\/\/www.lecarrefourdesopinions.ca\/index.php?rest_route=\/wp\/v2\/posts\/12510\/revisions\/12515"}],"wp:attachment":[{"href":"http:\/\/www.lecarrefourdesopinions.ca\/index.php?rest_route=%2Fwp%2Fv2%2Fmedia&parent=12510"}],"wp:term":[{"taxonomy":"category","embeddable":true,"href":"http:\/\/www.lecarrefourdesopinions.ca\/index.php?rest_route=%2Fwp%2Fv2%2Fcategories&post=12510"},{"taxonomy":"post_tag","embeddable":true,"href":"http:\/\/www.lecarrefourdesopinions.ca\/index.php?rest_route=%2Fwp%2Fv2%2Ftags&post=12510"}],"curies":[{"name":"wp","href":"https:\/\/api.w.org\/{rel}","templated":true}]}}