{"id":12505,"date":"2016-07-31T22:59:07","date_gmt":"2016-08-01T02:59:07","guid":{"rendered":"http:\/\/www.lecarrefourdesopinions.ca\/?p=12505"},"modified":"2016-07-31T22:59:07","modified_gmt":"2016-08-01T02:59:07","slug":"deux-aspects-du-debat-politique-que-cnn-na-pas-vus-ou-na-pas-voulu-voir","status":"publish","type":"post","link":"http:\/\/www.lecarrefourdesopinions.ca\/?p=12505","title":{"rendered":"Deux aspects du d\u00e9bat politique que CNN n\u2019a pas vus ou n\u2019a pas voulu voir"},"content":{"rendered":"<p><strong>Deux aspects du d\u00e9bat politique que CNN n\u2019a pas vus ou n\u2019a pas voulu voir<\/strong><\/p>\n<p>&nbsp;<\/p>\n<p><img loading=\"lazy\" decoding=\"async\" class=\"alignnone size-full wp-image-12506\" title=\"F1 Michel-Frankland\" src=\"http:\/\/www.lecarrefourdesopinions.ca\/wp-content\/uploads\/2016\/07\/F1-Michel-Frankland1.jpg\" alt=\"\" width=\"134\" height=\"107\" \/>\u00a0<span style=\"color: #800000;\"><em>par \u00a0Michel Frankland<\/em><\/span><\/p>\n<p><a name=\"_GoBack\"><\/a>Premier aspect\u00a0: <span style=\"text-decoration: underline;\">Erreur sur la violence<\/span>. CNN a fait sienne la pr\u00e9tention d\u00e9mocrate que la violence est en baisse aux \u00c9tats-Unis. Le probl\u00e8me est mal pos\u00e9. On \u00ab oublie\u00a0\u00bb un aspect de la violence. Sa <strong>nature <\/strong>a chang\u00e9. Il y a 25 ans, un citoyen d\u00e9ambulant dans la rue voit deux membres de gangs rivales se tirer dessous. Il y a peu de chances qu\u2019il soit frapp\u00e9 par une balle \u00e9gar\u00e9e. Mais aujourd\u2019hui, il entre dans un grand restaurant renomm\u00e9, tout ce qu\u2019il y a de plus paisible. Il passe du bon temps avec des amis. Et tout \u00e0 coup, un terroriste entre et proc\u00e8de au massacre que la t\u00e9l\u00e9 nous pr\u00e9sente r\u00e9guli\u00e8rement. Si bien que personne n\u2019est en s\u00e9curit\u00e9 aujourd\u2019hui. Or, personne \u00e0 CNN n\u2019a vu cela \u2013 ou alors, n\u2019en a pas parl\u00e9 pour ne pas nuire aux D\u00e9mocrates. Mais Les R\u00e9publicains n\u2019ont pas saisi le probl\u00e8me non plus, dont la divulgation les aurait pourtant aid\u00e9s.<\/p>\n<p>&nbsp;<\/p>\n<p>Deuxi\u00e8me aspect\u00a0: La gaffe de Trump sur le demande de secours \u00e0 la Russie pour obtenir les fichiers d\u00e9truits par Hilery Clinton. Les D\u00e9mocrates, \u00e9videmment, ont cri\u00e9 au scandale et l\u2019ont multiplement exploit\u00e9 dans la soir\u00e9e du 27 juillet. Mais, encore ici, CNN n\u2019a pas saisi le point essentiel \u2013 ou, encore une fois, on l\u2019a peut-\u00eatre bien compris, mais on n\u2019en a pas parl\u00e9 pour ne pas nuire \u00e0 la campagne d\u00e9mocrate. La le\u00e7on est claire et fondamentale. <strong>Trump n\u2019a aucun sens politique<\/strong>. Supposons maintenant que, par une faveur sp\u00e9ciale du Tr\u00e8s-Haut, il devienne un habile politicien, expert consomm\u00e9 dans la grammaire politique et la psychologie subtile qui l\u2019accompagne. Sa d\u00e9claration serait comme suit\u00a0: \u00ab\u00a0Chers citoyens, je hais autant que vous que des hackers s\u2019en prennent \u00e0 nos informations gouvernementales et aux affaires de nos entreprises. Il demeure que nous devons chercher \u00e0 entretenir des relations positives, mutuellement avantageuses avec les puissances \u00e9trang\u00e8res. Je demande donc \u00e0 tout gouvernement \u00e9tranger, ou \u00e0 tout individu, qui poss\u00e9derait des informations sur les fichiers d\u00e9truits par Hilery Clinton, de les remettre au FBI afin que nous ayons une \u00e9lection plus \u00e9clair\u00e9e, plus d\u00e9mocratique.\u00a0\u00bb Voil\u00e0 une mani\u00e8re subtile et efficace dont il serait sorti gagnant. Alors que sa bourde \u00e9norme, \u00e0 mon sens, vient de lui faire perdre les \u00e9lections. Car les d\u00e9mocrates ne cesseront de mettre en lumi\u00e8re cette bourde. Elle pr\u00e9sente Trump comme un traitre pactisant avec l\u2019\u00e9tranger.<\/p>\n<p>&nbsp;<\/p>\n<p>&nbsp;<\/p>\n<p>&nbsp;<\/p>\n<script type=\"text\/javascript\">\n\nvar addthis_config = {\"data_track_clickback\":false,\"data_track_addressbar\":false,\"data_track_textcopy\":false};\n<\/script><script type=\"text\/javascript\" src=\"\/\/s7.addthis.com\/js\/250\/addthis_widget.js#pubid=a457a6d63fb9e6ccabdde4110343bd85\"><\/script>","protected":false},"excerpt":{"rendered":"<p>Deux aspects du d\u00e9bat politique que CNN n\u2019a pas vus ou n\u2019a pas voulu voir<\/p>\n<p>&nbsp;<\/p>\n<p>\u00a0<span style=\"color: #800000;\">par \u00a0Michel Frankland<\/span><\/p>\n<p>Premier aspect\u00a0: <span style=\"text-decoration: underline;\">Erreur sur la violence<\/span>. CNN a fait sienne la pr\u00e9tention d\u00e9mocrate que la violence &hellip;<\/p>\n","protected":false},"author":1,"featured_media":0,"comment_status":"open","ping_status":"open","sticky":false,"template":"","format":"standard","meta":{"footnotes":""},"categories":[1],"tags":[],"class_list":["post-12505","post","type-post","status-publish","format-standard","hentry","category-accueil"],"_links":{"self":[{"href":"http:\/\/www.lecarrefourdesopinions.ca\/index.php?rest_route=\/wp\/v2\/posts\/12505","targetHints":{"allow":["GET"]}}],"collection":[{"href":"http:\/\/www.lecarrefourdesopinions.ca\/index.php?rest_route=\/wp\/v2\/posts"}],"about":[{"href":"http:\/\/www.lecarrefourdesopinions.ca\/index.php?rest_route=\/wp\/v2\/types\/post"}],"author":[{"embeddable":true,"href":"http:\/\/www.lecarrefourdesopinions.ca\/index.php?rest_route=\/wp\/v2\/users\/1"}],"replies":[{"embeddable":true,"href":"http:\/\/www.lecarrefourdesopinions.ca\/index.php?rest_route=%2Fwp%2Fv2%2Fcomments&post=12505"}],"version-history":[{"count":1,"href":"http:\/\/www.lecarrefourdesopinions.ca\/index.php?rest_route=\/wp\/v2\/posts\/12505\/revisions"}],"predecessor-version":[{"id":12507,"href":"http:\/\/www.lecarrefourdesopinions.ca\/index.php?rest_route=\/wp\/v2\/posts\/12505\/revisions\/12507"}],"wp:attachment":[{"href":"http:\/\/www.lecarrefourdesopinions.ca\/index.php?rest_route=%2Fwp%2Fv2%2Fmedia&parent=12505"}],"wp:term":[{"taxonomy":"category","embeddable":true,"href":"http:\/\/www.lecarrefourdesopinions.ca\/index.php?rest_route=%2Fwp%2Fv2%2Fcategories&post=12505"},{"taxonomy":"post_tag","embeddable":true,"href":"http:\/\/www.lecarrefourdesopinions.ca\/index.php?rest_route=%2Fwp%2Fv2%2Ftags&post=12505"}],"curies":[{"name":"wp","href":"https:\/\/api.w.org\/{rel}","templated":true}]}}