{"id":12488,"date":"2016-07-15T19:51:33","date_gmt":"2016-07-15T23:51:33","guid":{"rendered":"http:\/\/www.lecarrefourdesopinions.ca\/?p=12488"},"modified":"2016-07-15T19:51:33","modified_gmt":"2016-07-15T23:51:33","slug":"question-de-lachete-en-matiere-de-critique","status":"publish","type":"post","link":"http:\/\/www.lecarrefourdesopinions.ca\/?p=12488","title":{"rendered":"Question de l\u00e2chet\u00e9, en mati\u00e8re de Critique."},"content":{"rendered":"<p align=\"CENTER\">\n<p align=\"JUSTIFY\"><span style=\"color: #c00000;\"> <span style=\"font-family: 'Comic Sans MS', cursive;\"><span>\u00ab\u00a0<\/span><\/span><\/span><span style=\"color: #c00000;\"><span style=\"font-family: Cambria, serif;\"><span><strong>Notre M\u00e9tier n\u2019est pas de faire plaisir, Non plus de faire tort \u00e0 qui que ce soit, Ni pour quoi que ce soit, Il est de porter la plume dans la plaie<\/strong><\/span><\/span><\/span><span style=\"color: #c00000;\"><span style=\"font-family: Cambria, serif;\"><span>\u00a0\u00bb. (Albert LONDRES).<\/span><\/span><\/span><\/p>\n<p align=\"JUSTIFY\">\n<p align=\"CENTER\"><span style=\"color: #c00000;\"><em><strong>*** ***<\/strong><\/em><\/span><\/p>\n<p align=\"JUSTIFY\"><span style=\"color: #632423;\"><em><strong>Pardonnez-nous si jamais, tel Aristarque De SAMOS, nous troublons quelque part, jusqu\u2019au \u00ab\u00a0Repos des Dieux\u00a0\u00bb. (\u00c9ric EG Nogard, Chroniqueur).<\/strong><\/em><\/span><\/p>\n<p align=\"JUSTIFY\">\n<p align=\"CENTER\"><span style=\"color: #000099;\"><span style=\"font-size: x-large;\"><strong>Question de l\u00e2chet\u00e9, en mati\u00e8re de Critique.<\/strong><\/span><\/span><\/p>\n<p align=\"CENTER\">\n<p align=\"CENTER\"><span style=\"color: #000099;\"><span><strong>=====<\/strong><\/span><\/span><\/p>\n<p>&nbsp;<\/p>\n<p align=\"JUSTIFY\"><span style=\"color: #632423;\"><span style=\"font-family: 'Comic Sans MS', cursive;\"><span style=\"font-size: large;\"><em><strong>Question de l\u00e2chet\u00e9, en mati\u00e8re de Critique.<\/strong><\/em><\/span><\/span><\/span><\/p>\n<p align=\"JUSTIFY\"><img loading=\"lazy\" decoding=\"async\" class=\"alignnone size-full wp-image-12457\" title=\"Eric\" src=\"http:\/\/www.lecarrefourdesopinions.ca\/wp-content\/uploads\/2016\/07\/Eric.jpg\" alt=\"\" width=\"134\" height=\"107\" \/><\/p>\n<p align=\"JUSTIFY\"><span style=\"color: #632423;\"><span style=\"font-family: 'Comic Sans MS', cursive;\"><span style=\"font-size: large;\">\u00c9ric EG Nogard<\/span><\/span><\/span><\/p>\n<p align=\"JUSTIFY\"><span style=\"color: #c00000;\"><span style=\"font-size: large;\"><em>Chroniqueur<\/em><\/span><\/span><span style=\"color: #c00000;\"><span style=\"font-size: large;\">.<\/span><\/span><\/p>\n<p align=\"CENTER\">\n<p align=\"CENTER\"><span style=\"color: #632423;\"><span style=\"font-size: large;\">*** *** ***<\/span><\/span><\/p>\n<p align=\"JUSTIFY\"><span style=\"font-family: 'Comic Sans MS', cursive;\"><span style=\"font-size: large;\">Le Racisme dont on se plaint ne serait-il pas finalement une cons\u00e9quence de l\u2019abus de Complaisance envers soi-m\u00eame, bien souvent assorti d\u2019une surestimation du Groupe auquel on appartient\u00a0: n\u2019est-on pas parfait en toute chose et la Communaut\u00e9 de laquelle on se r\u00e9clame, ne serait-elle pas id\u00e9ale.<\/span><\/span><\/p>\n<p align=\"JUSTIFY\">\n<p align=\"JUSTIFY\">\n<p align=\"CENTER\">\n<p align=\"CENTER\"><img loading=\"lazy\" decoding=\"async\" class=\"alignnone size-full wp-image-12489\" title=\"F1   Et pourquoi   Tell us the reason Why  Pourquoi pas notre Commune Lachete\" src=\"http:\/\/www.lecarrefourdesopinions.ca\/wp-content\/uploads\/2016\/07\/F1-Et-pourquoi-Tell-us-the-reason-Why-Pourquoi-pas-notre-Commune-Lachete.gif\" alt=\"\" width=\"300\" height=\"279\" \/><\/p>\n<p align=\"CENTER\"><span style=\"font-size: large;\"><strong>F1\u00a0: <\/strong><\/span><span style=\"color: #c00000;\"><span style=\"font-size: large;\"><em><strong>Et pourquoi\u00a0? <\/strong><\/em><\/span><\/span><span style=\"color: #c00000;\"><span style=\"font-family: Arial, sans-serif;\"><span style=\"font-size: large;\"><em><strong>Tell us the reason Why<\/strong><\/em><\/span><\/span><\/span><span style=\"color: #c00000;\"><span style=\"font-size: large;\"><em><strong>\u00a0!<\/strong><\/em><\/span><\/span><\/p>\n<p align=\"CENTER\"><span style=\"color: #c00000;\"><span style=\"font-size: large;\"><em><strong>Pourquoi pas notre Commune L\u00e2chet\u00e9.<\/strong><\/em><\/span><\/span><\/p>\n<p align=\"JUSTIFY\">\n<p align=\"JUSTIFY\">\n<p align=\"JUSTIFY\"><span style=\"font-size: large;\"><strong>Le fait en somme d\u2019une mani\u00e8re d\u2019individuo-communautarisme qui serait sans cons\u00e9quence significative si on ne cherchait pas \u00e0 l\u2019imposer aux autres et chez eux et si on n\u2019applaudissait \u00e0 ses m\u00e9faits les plus odieux, m\u00eame par devers soi.<\/strong><\/span><\/p>\n<p align=\"JUSTIFY\">\n<p align=\"JUSTIFY\"><span style=\"font-size: large;\">Le fait aussi d\u2019un manque de Conviction dans la surestimation dont on s\u2019accr\u00e9dite soi-m\u00eame en l\u2019\u00e9tendant au ghetto dans lequel on s\u2019emprisonne et duquel on esp\u00e8re un retour de l\u2019ascenseur.<\/span><\/p>\n<p align=\"JUSTIFY\">\n<p align=\"JUSTIFY\">\n<p align=\"CENTER\">\u00a0<img loading=\"lazy\" decoding=\"async\" class=\"alignnone size-full wp-image-12490\" title=\"F2   Et tout \u00e7a  pour en venir \u00e0 quoi  A toujours boire a cette mare aux Cons\" src=\"http:\/\/www.lecarrefourdesopinions.ca\/wp-content\/uploads\/2016\/07\/F2-Et-tout-\u00e7a-pour-en-venir-\u00e0-quoi-A-toujours-boire-a-cette-mare-aux-Cons.jpeg\" alt=\"\" width=\"462\" height=\"329\" srcset=\"http:\/\/www.lecarrefourdesopinions.ca\/wp-content\/uploads\/2016\/07\/F2-Et-tout-\u00e7a-pour-en-venir-\u00e0-quoi-A-toujours-boire-a-cette-mare-aux-Cons.jpeg 462w, http:\/\/www.lecarrefourdesopinions.ca\/wp-content\/uploads\/2016\/07\/F2-Et-tout-\u00e7a-pour-en-venir-\u00e0-quoi-A-toujours-boire-a-cette-mare-aux-Cons-300x213.jpeg 300w, http:\/\/www.lecarrefourdesopinions.ca\/wp-content\/uploads\/2016\/07\/F2-Et-tout-\u00e7a-pour-en-venir-\u00e0-quoi-A-toujours-boire-a-cette-mare-aux-Cons-400x284.jpeg 400w\" sizes=\"auto, (max-width: 462px) 100vw, 462px\" \/><\/p>\n<p align=\"CENTER\">\n<p align=\"CENTER\"><span style=\"font-size: large;\"><strong>F2\u00a0: <\/strong><\/span><span style=\"color: #c00000;\"><span style=\"font-size: large;\"><em><strong>Et tout \u00e7a, pour en venir \u00e0 quoi\u00a0?<\/strong><\/em><\/span><\/span><\/p>\n<p align=\"CENTER\"><span style=\"color: #c00000;\"><span style=\"font-size: large;\"><em><strong>A toujours boire \u00e0 cette mare aux Cons\u00a0?<\/strong><\/em><\/span><\/span><\/p>\n<p align=\"JUSTIFY\">\n<p align=\"JUSTIFY\">\n<p align=\"JUSTIFY\"><span style=\"font-size: large;\"><strong>Le Principe \u00e9tant \u00ab\u00a0Je t\u2019adule et tu m\u2019adules en retour\u00a0\u00bb.<\/strong><\/span><\/p>\n<p align=\"JUSTIFY\">\n<p align=\"JUSTIFY\"><span style=\"font-size: large;\">La Cons\u00e9quence \u00e9tant la mort d\u2019un Esprit Critique Mod\u00e9rateur avec pour Corollaire la mise en branle d\u2019un Processus de Rejet quand la Coupe s\u2019en trouve pleine.<\/span><\/p>\n<p align=\"JUSTIFY\">\n<p align=\"JUSTIFY\"><span style=\"font-size: large;\">Il faut convenir que nos Dirigeants y ferment un peu les yeux\u2026 eux seuls savent pourquoi.<\/span><\/p>\n<p align=\"JUSTIFY\">\n<p align=\"JUSTIFY\"><span style=\"font-size: large;\">Arri\u00e8re-pens\u00e9e inavouable ou Carence assez criante.<\/span><\/p>\n<p align=\"JUSTIFY\">\n<p align=\"JUSTIFY\"><span style=\"font-size: large;\">En tout cas, pas de Critique et d\u00e8s-lors, comment parler d\u2019\u00e9thique, <\/span><span style=\"font-family: Arial, sans-serif;\"><span style=\"font-size: large;\"><em>How to know what\u2019s right and what\u2019s wrong<\/em><\/span><\/span><span style=\"font-size: large;\">\u00a0?<\/span><\/p>\n<p align=\"JUSTIFY\">\n<p align=\"JUSTIFY\">\n<p align=\"JUSTIFY\"><span style=\"font-size: large;\"><strong>Il est facile d\u2019incriminer le Racisme, l\u2019Esclavage, le Colonialisme, les Armes, pourquoi donc ne pas en faire un exutoire, un onguent de bon secours plus s\u00fbr que la Potion d\u2019Ast\u00e9rix, que les<\/strong><\/span><span style=\"font-family: Arial, sans-serif;\"><span style=\"font-size: large;\"><em>Spinages<\/em><\/span><\/span><span style=\"font-family: Arial, sans-serif;\"><span style=\"font-size: large;\"><em>of<\/em><\/span><\/span><span style=\"font-family: Arial, sans-serif;\"><span style=\"font-size: large;\"><em>Popeye<\/em><\/span><\/span><span style=\"font-family: Arial, sans-serif;\"><span style=\"font-size: large;\"><em>the Sailor<\/em><\/span><\/span><span style=\"font-size: large;\">\u2026 <\/span><span style=\"font-size: large;\"><strong>Cependant, le <\/strong><\/span><span style=\"font-family: Arial, sans-serif;\"><span style=\"font-size: large;\"><em><strong>Browning<\/strong><\/em><\/span><\/span><span style=\"font-size: large;\"><strong> peut-il tuer si rien ne l\u2019exacerbe<\/strong><\/span><span style=\"font-size: large;\">.<\/span><\/p>\n<p align=\"JUSTIFY\">\n<p align=\"JUSTIFY\"><span style=\"font-size: large;\">Sans compter qu\u2019il peut \u00eatre fait une arme plus redoutable encore, de l\u2019Eau du Robinet\u00a0!<\/span><\/p>\n<p align=\"JUSTIFY\">\n<p align=\"JUSTIFY\"><span style=\"font-size: large;\">Il est commode de se retrancher derri\u00e8re \u00ab\u00a0l\u2019Esprit de Corps\u00a0\u00bb\u2026 n\u2019est-ce pas.<\/span><\/p>\n<p align=\"JUSTIFY\">\n<p align=\"JUSTIFY\"><span style=\"font-size: large;\">Cependant, si l\u2019Esprit est mauvais, que peut valoir le Corps\u00a0?<\/span><\/p>\n<p align=\"JUSTIFY\">\n<p align=\"JUSTIFY\">\n<p align=\"CENTER\">\n<p align=\"CENTER\"><img loading=\"lazy\" decoding=\"async\" class=\"alignnone size-full wp-image-12491\" title=\"F3   Au mot Racisme  tout est dit   Better than any Asterix Potion or Popeye Spinach\" src=\"http:\/\/www.lecarrefourdesopinions.ca\/wp-content\/uploads\/2016\/07\/F3-Au-mot-Racisme-tout-est-dit-Better-than-any-Asterix-Potion-or-Popeye-Spinach.jpg\" alt=\"\" width=\"773\" height=\"431\" srcset=\"http:\/\/www.lecarrefourdesopinions.ca\/wp-content\/uploads\/2016\/07\/F3-Au-mot-Racisme-tout-est-dit-Better-than-any-Asterix-Potion-or-Popeye-Spinach.jpg 773w, http:\/\/www.lecarrefourdesopinions.ca\/wp-content\/uploads\/2016\/07\/F3-Au-mot-Racisme-tout-est-dit-Better-than-any-Asterix-Potion-or-Popeye-Spinach-300x167.jpg 300w, http:\/\/www.lecarrefourdesopinions.ca\/wp-content\/uploads\/2016\/07\/F3-Au-mot-Racisme-tout-est-dit-Better-than-any-Asterix-Potion-or-Popeye-Spinach-400x223.jpg 400w\" sizes=\"auto, (max-width: 773px) 100vw, 773px\" \/><\/p>\n<p align=\"CENTER\"><span style=\"font-size: large;\"><strong>F3\u00a0: <\/strong><\/span><span style=\"color: #c00000;\"><span style=\"font-size: large;\"><em><strong>Au mot Racisme, tout est dit\u2026<\/strong><\/em><\/span><\/span><\/p>\n<p align=\"CENTER\"><span style=\"color: #c00000;\"><span style=\"font-size: large;\"><em><strong>Better than any Ast\u00e9rix Potion or Popeye Spinach\u00a0!<\/strong><\/em><\/span><\/span><\/p>\n<p lang=\"en-US\" align=\"JUSTIFY\">\n<p lang=\"en-US\" align=\"JUSTIFY\">\n<p align=\"JUSTIFY\"><span style=\"font-size: large;\"><strong>En revanche, comment discerner la Cause de tant de troubles sociaux entre ethnies diff\u00e9rentes, donc comment en interrompre les effets, comment emp\u00eacher qu\u2019ils prosp\u00e8rent au point d\u2019interpeller nos dirigeants.<\/strong><\/span><\/p>\n<p align=\"JUSTIFY\">\n<p align=\"JUSTIFY\"><span style=\"font-size: large;\">Comment ne pas pouvoir dire \u00e0 son \u00ab\u00a0Fr\u00e8re en Confr\u00e9rie\u00a0\u00bb\u00a0: \u00ab\u00a0<\/span><span style=\"font-family: 'Arial Rounded MT Bold', sans-serif;\"><span style=\"font-size: large;\"><em>Tu es un Salopard<\/em><\/span><\/span><span style=\"font-size: large;\">\u00a0\u00bb quand on est convaincu qu\u2019il est une Fi\u00e8re Crapule.<\/span><\/p>\n<p align=\"JUSTIFY\">\n<p align=\"JUSTIFY\"><span style=\"font-size: large;\">Pas d\u2019expression de l\u2019Esprit critique pour Cause de L\u00e2chet\u00e9, telle est la Cause de bien des maux dont souffre h\u00e9las notre Soci\u00e9t\u00e9.<\/span><\/p>\n<p align=\"JUSTIFY\">\n<p align=\"JUSTIFY\">\n<p align=\"JUSTIFY\"><span style=\"font-size: large;\"><strong>Tentons de Constater.<\/strong><\/span><\/p>\n<p align=\"JUSTIFY\">\n<p align=\"JUSTIFY\">\n<ul>\n<li>\n<p align=\"JUSTIFY\"><span style=\"font-family: 'Arial Rounded MT Bold', sans-serif;\"><span style=\"font-size: large;\">Question de Classes Sociales en Soci\u00e9t\u00e9s mono-ethnico-identitaires.<\/span><\/span><\/p>\n<\/li>\n<\/ul>\n<p align=\"JUSTIFY\">\n<p align=\"JUSTIFY\"><span style=\"font-size: large;\">Quel Profiteur de R\u00e9gime a jamais pu se dire \u00e0 lui-m\u00eame comme \u00e0 ses homologues en mati\u00e8re de profit\u00a0:<\/span><\/p>\n<p align=\"JUSTIFY\">\n<p align=\"JUSTIFY\"><span style=\"font-size: large;\">\u00ab\u00a0<\/span><span style=\"font-family: 'Arial Rounded MT Bold', sans-serif;\"><span style=\"font-size: large;\"><em>C\u2019est quand m\u00eame assez comme ressources, mettons le pied sur le frein\u2026 nous pourrions outrager tellement nous abusons\u00a0\u00bb<\/em><\/span><\/span><span style=\"font-size: large;\">\u00a0.<\/span><\/p>\n<p align=\"JUSTIFY\">\n<p align=\"JUSTIFY\">\n<p align=\"CENTER\"><img loading=\"lazy\" decoding=\"async\" class=\"alignnone size-medium wp-image-12492\" title=\"F4   Ils ne sont ni les seuls    ni les pires\" src=\"http:\/\/www.lecarrefourdesopinions.ca\/wp-content\/uploads\/2016\/07\/F4-Ils-ne-sont-ni-les-seuls-ni-les-pires-300x92.jpg\" alt=\"\" width=\"300\" height=\"92\" srcset=\"http:\/\/www.lecarrefourdesopinions.ca\/wp-content\/uploads\/2016\/07\/F4-Ils-ne-sont-ni-les-seuls-ni-les-pires-300x92.jpg 300w, http:\/\/www.lecarrefourdesopinions.ca\/wp-content\/uploads\/2016\/07\/F4-Ils-ne-sont-ni-les-seuls-ni-les-pires-400x123.jpg 400w, http:\/\/www.lecarrefourdesopinions.ca\/wp-content\/uploads\/2016\/07\/F4-Ils-ne-sont-ni-les-seuls-ni-les-pires.jpg 979w\" sizes=\"auto, (max-width: 300px) 100vw, 300px\" \/><\/p>\n<p align=\"CENTER\">\n<p align=\"CENTER\"><span style=\"font-size: large;\"><strong>F4\u00a0: <\/strong><\/span><span style=\"color: #c00000;\"><span style=\"font-size: large;\"><em><strong>Ils ne sont ni les seuls\u2026 ni les pires\u00a0!<\/strong><\/em><\/span><\/span><\/p>\n<p align=\"JUSTIFY\">\n<p align=\"JUSTIFY\">\n<p align=\"JUSTIFY\"><span style=\"font-size: large;\">Qui de ces Profiteurs\u2026 pas Monsieur BARROSO en tout cas, pas plus que l\u2019ami \u00ab\u00a0Didi\u00a0\u00bb au regard de la Prime qui lui est offerte\u2026 ils ne sont pas les seuls, ils ne sont pas les pires, BARROSO et \u00ab\u00a0Didi\u00a0\u00bb le <\/span><span style=\"font-family: Arial, sans-serif;\"><span style=\"font-size: large;\"><em>Coach<\/em><\/span><\/span><span style=\"font-size: large;\">.<\/span><\/p>\n<p align=\"JUSTIFY\">\n<p align=\"JUSTIFY\">\n<ul>\n<li>\n<p align=\"JUSTIFY\"><span style=\"font-family: 'Arial Rounded MT Bold', sans-serif;\"><span style=\"font-size: large;\">Question de Racisme reproch\u00e9 aux autres, chez eux.<\/span><\/span><\/p>\n<\/li>\n<\/ul>\n<p align=\"JUSTIFY\">\n<p align=\"JUSTIFY\">\n<p align=\"CENTER\"><img loading=\"lazy\" decoding=\"async\" class=\"alignnone size-medium wp-image-12493\" title=\"ossible_que_le_Pays_d=E2=80=99Accueil_soit_une_Merde__Et__= sa Mother Land, pourquoi ne pas en faire son Ithaque\" src=\"http:\/\/www.lecarrefourdesopinions.ca\/wp-content\/uploads\/2016\/07\/ossible_que_le_Pays_dE28099Accueil_soit_une_Merde__Et__-sa-Mother-Land-pourquoi-ne-pas-en-faire-son-Ithaque-300x169.jpg\" alt=\"\" width=\"300\" height=\"169\" srcset=\"http:\/\/www.lecarrefourdesopinions.ca\/wp-content\/uploads\/2016\/07\/ossible_que_le_Pays_dE28099Accueil_soit_une_Merde__Et__-sa-Mother-Land-pourquoi-ne-pas-en-faire-son-Ithaque-300x169.jpg 300w, http:\/\/www.lecarrefourdesopinions.ca\/wp-content\/uploads\/2016\/07\/ossible_que_le_Pays_dE28099Accueil_soit_une_Merde__Et__-sa-Mother-Land-pourquoi-ne-pas-en-faire-son-Ithaque-400x225.jpg 400w, http:\/\/www.lecarrefourdesopinions.ca\/wp-content\/uploads\/2016\/07\/ossible_que_le_Pays_dE28099Accueil_soit_une_Merde__Et__-sa-Mother-Land-pourquoi-ne-pas-en-faire-son-Ithaque.jpg 510w\" sizes=\"auto, (max-width: 300px) 100vw, 300px\" \/><\/p>\n<p align=\"JUSTIFY\">\n<p align=\"CENTER\"><span style=\"font-size: large;\"><strong>F5\u00a0: <\/strong><\/span><span style=\"color: #c00000;\"><span style=\"font-size: large;\"><em><strong>Possible que le Pays d\u2019Accueil soit une Merde.<\/strong><\/em><\/span><\/span><\/p>\n<p align=\"CENTER\"><span style=\"color: #c00000;\"><span style=\"font-size: large;\"><em><strong>Et sa <\/strong><\/em><\/span><\/span><span style=\"color: #c00000;\"><span style=\"font-family: Arial, sans-serif;\"><span style=\"font-size: large;\"><em><strong>Mother Land<\/strong><\/em><\/span><\/span><\/span><span style=\"color: #c00000;\"><span style=\"font-size: large;\"><em><strong>, pourquoi ne pas en faire son Ithaque\u00a0?<\/strong><\/em><\/span><\/span><\/p>\n<p align=\"JUSTIFY\">\n<p align=\"JUSTIFY\">\n<p align=\"JUSTIFY\"><span style=\"font-size: large;\">Quel Noir a jamais pris position contre un N\u00e8gre, quels qu\u2019en soient les M\u00e9faits, les Abus, voire les Provocations\u2026 et Dieu sait s\u2019il y en a et jamais d\u00e9nonc\u00e9s par ceux de la Communaut\u00e9\u2026 dans leur Pays d\u2019Accueil, \u00e9tant bien entendu que la Citoyennet\u00e9 Acquise n\u2019exclut pas la R\u00e9alit\u00e9 de l\u2019Accueil\u00a0!..<\/span><\/p>\n<p align=\"JUSTIFY\">\n<p align=\"JUSTIFY\">\n<p align=\"JUSTIFY\"><span style=\"font-size: large;\"><strong>Dans l\u2019un et l\u2019autre de ces cas,<\/strong><\/span><\/p>\n<p align=\"JUSTIFY\">\n<p align=\"JUSTIFY\"><span style=\"font-size: large;\">Quelle serait la part de l\u2019Esclavage, du Servage, du Colonialisme, de la Couleur de Peau, de la Situation de Fortune en soi.<\/span><\/p>\n<p align=\"JUSTIFY\">\n<p align=\"JUSTIFY\"><span style=\"font-size: large;\">Quelle serait celle de la L\u00e2chet\u00e9 qui fait taire l\u2019esprit critique dans son expression, pour cause de Confort de Position et risque de se faire exclure comme le Loup de sa Meute.<\/span><\/p>\n<p align=\"JUSTIFY\">\n<p align=\"JUSTIFY\">\n<p align=\"JUSTIFY\"><span style=\"font-size: large;\"><strong>Au lieu de Critiquer l\u2019Abus, ne pr\u00e9f\u00e8re-t-on pas se laisser aduler et se faire adulateur soi-m\u00eame, dans une indolence r\u00e9put\u00e9e Gagnant-Gagnant par le jeu d\u2019aller-retour de l\u2019Ascenseur comme de l\u2019Encensoir.<\/strong><\/span><\/p>\n<p align=\"JUSTIFY\">\n<p align=\"JUSTIFY\"><span style=\"font-size: large;\">Faites parler l\u2019Esprit Critique et les Armes se Tairont, le Racisme s\u2019\u00c9vanouira avec ses cons\u00e9quences en mati\u00e8re de rejet, d\u2019exclusion, d\u2019excommunication.<\/span><\/p>\n<p align=\"JUSTIFY\">\n<p align=\"JUSTIFY\">\n<p align=\"JUSTIFY\"><span style=\"font-family: 'Comic Sans MS', cursive;\"><span style=\"font-size: large;\">Le Noir et le Blanc ne sont ni tout noirs ni tout blancs et ils le savent mais en prennent-ils seulement conscience, tellement la Complaisance et la L\u00e2chet\u00e9 leur sont plus Confortables.<\/span><\/span><\/p>\n<p align=\"JUSTIFY\">\n<p align=\"JUSTIFY\"><span style=\"font-family: 'Comic Sans MS', cursive;\"><span style=\"font-size: large;\">Alors les Armes et le Processus de Rejet ont encore de beaux jours devant eux, qu\u2019au TEXAS ou ailleurs\u2026 sans que la Cause soit imputable au TEXAS plus qu\u2019ailleurs, \u00e0 Donald TRUMP davantage qu\u2019\u00e0 quiconque.<\/span><\/span><\/p>\n<p align=\"JUSTIFY\">\n<p align=\"JUSTIFY\"><span style=\"font-size: large;\">\u00c9ric EG Nogard<\/span><\/p>\n<p align=\"JUSTIFY\"><span style=\"color: #c00000;\"><span style=\"font-size: large;\"><em>Chroniqueur<\/em><\/span><\/span><span style=\"color: #c00000;\"><span style=\"font-size: large;\">.<\/span><\/span><\/p>\n<p align=\"CENTER\"><span style=\"font-size: large;\"><strong>*** *** ***<\/strong><\/span><\/p>\n<p align=\"CENTER\"><span style=\"color: #ff0000;\"><span style=\"font-size: large;\"><strong>Nota : <\/strong><\/span><\/span><span style=\"color: #000000;\"><span style=\"font-size: large;\">Nous ne traitons que de Faits et de Noms rendus Publics.<\/span><\/span><\/p>\n<p align=\"JUSTIFY\"><span style=\"font-size: large;\"><strong>N.B.:<\/strong><\/span><span style=\"font-size: large;\"> &#8211; <\/span><span style=\"color: #c00000;\"><span style=\"font-family: 'Comic Sans MS', cursive;\"><span style=\"font-size: large;\">Nous Recommandons instamment et syst\u00e9matiquement l\u2019ouverture de la (ou des) pi\u00e8ce(s) jointe(s) \u00e0 l\u2019e-mail, sous format Pdf, <\/span><\/span><\/span><span style=\"color: #c00000;\"><span style=\"font-family: 'Comic Sans MS', cursive;\"><span style=\"font-size: large;\"><span style=\"text-decoration: underline;\">les illustrations y sont incluses<\/span><\/span><\/span><\/span><span style=\"color: #c00000;\"><span style=\"font-family: 'Comic Sans MS', cursive;\"><span style=\"font-size: large;\">.<\/span><\/span><\/span><\/p>\n<p align=\"CENTER\"><span style=\"color: #ff0000;\"><span><strong>Ne Peut \u00eatre reproduit &#8211; m\u00eame partiellement &#8211; sans l\u2019autorisation de l\u2019Auteur.<\/strong><\/span><\/span><\/p>\n<p align=\"JUSTIFY\"><span style=\"text-decoration: underline;\"><strong>Liens Sugg\u00e9r\u00e9s\u00a0:<\/strong><\/span><\/p>\n<ul>\n<li>\n<p align=\"JUSTIFY\"><span style=\"color: #0000ff;\"><span style=\"text-decoration: underline;\"><a href=\"http:\/\/www.lescrutateur.com\/\">http:\/\/www.lescrutateur.com\/<\/a><\/span><\/span><\/p>\n<\/li>\n<li>\n<p align=\"JUSTIFY\"><span style=\"color: #0000ff;\"><span style=\"text-decoration: underline;\"><a href=\"http:\/\/www.etatsgenerauxdeloutremer.fr\/reflexions\">http:\/\/www.etatsgenerauxdeloutremer.fr\/reflexions<\/a><\/span><\/span><\/p>\n<\/li>\n<\/ul>\n<script type=\"text\/javascript\">\n\nvar addthis_config = {\"data_track_clickback\":false,\"data_track_addressbar\":false,\"data_track_textcopy\":false};\n<\/script><script type=\"text\/javascript\" src=\"\/\/s7.addthis.com\/js\/250\/addthis_widget.js#pubid=a457a6d63fb9e6ccabdde4110343bd85\"><\/script>","protected":false},"excerpt":{"rendered":"<p align=\"CENTER\">\n<p align=\"JUSTIFY\"><span style=\"color: #c00000;\"> <span style=\"font-family: 'Comic Sans MS', cursive;\"><span>\u00ab\u00a0<\/span><\/span><\/span><span style=\"color: #c00000;\"><span style=\"font-family: Cambria, serif;\"><span>Notre M\u00e9tier n\u2019est pas de faire plaisir, Non plus de faire tort \u00e0 qui que ce soit, Ni pour quoi que ce soit, Il est de porter la plume dans la plaie<\/span><\/span><\/span><span style=\"color: #c00000;\"><span style=\"font-family: Cambria, serif;\"><span>\u00a0\u00bb. (Albert LONDRES).<\/span><\/span><\/span><\/p>\n<p align=\"JUSTIFY\">\n<p align=\"CENTER\"><span style=\"color: #c00000;\">*** <\/span>&hellip;<\/p>\n","protected":false},"author":1,"featured_media":0,"comment_status":"open","ping_status":"open","sticky":false,"template":"","format":"standard","meta":{"footnotes":""},"categories":[1],"tags":[],"class_list":["post-12488","post","type-post","status-publish","format-standard","hentry","category-accueil"],"_links":{"self":[{"href":"http:\/\/www.lecarrefourdesopinions.ca\/index.php?rest_route=\/wp\/v2\/posts\/12488","targetHints":{"allow":["GET"]}}],"collection":[{"href":"http:\/\/www.lecarrefourdesopinions.ca\/index.php?rest_route=\/wp\/v2\/posts"}],"about":[{"href":"http:\/\/www.lecarrefourdesopinions.ca\/index.php?rest_route=\/wp\/v2\/types\/post"}],"author":[{"embeddable":true,"href":"http:\/\/www.lecarrefourdesopinions.ca\/index.php?rest_route=\/wp\/v2\/users\/1"}],"replies":[{"embeddable":true,"href":"http:\/\/www.lecarrefourdesopinions.ca\/index.php?rest_route=%2Fwp%2Fv2%2Fcomments&post=12488"}],"version-history":[{"count":1,"href":"http:\/\/www.lecarrefourdesopinions.ca\/index.php?rest_route=\/wp\/v2\/posts\/12488\/revisions"}],"predecessor-version":[{"id":12494,"href":"http:\/\/www.lecarrefourdesopinions.ca\/index.php?rest_route=\/wp\/v2\/posts\/12488\/revisions\/12494"}],"wp:attachment":[{"href":"http:\/\/www.lecarrefourdesopinions.ca\/index.php?rest_route=%2Fwp%2Fv2%2Fmedia&parent=12488"}],"wp:term":[{"taxonomy":"category","embeddable":true,"href":"http:\/\/www.lecarrefourdesopinions.ca\/index.php?rest_route=%2Fwp%2Fv2%2Fcategories&post=12488"},{"taxonomy":"post_tag","embeddable":true,"href":"http:\/\/www.lecarrefourdesopinions.ca\/index.php?rest_route=%2Fwp%2Fv2%2Ftags&post=12488"}],"curies":[{"name":"wp","href":"https:\/\/api.w.org\/{rel}","templated":true}]}}