{"id":12482,"date":"2016-07-14T14:34:16","date_gmt":"2016-07-14T18:34:16","guid":{"rendered":"http:\/\/www.lecarrefourdesopinions.ca\/?p=12482"},"modified":"2016-07-14T14:34:16","modified_gmt":"2016-07-14T18:34:16","slug":"bien-chere-loi-taubira-ton-esprit-est-il-la","status":"publish","type":"post","link":"http:\/\/www.lecarrefourdesopinions.ca\/?p=12482","title":{"rendered":"Bien Ch\u00e8re Loi TAUBIRA, ton Esprit est-il l\u00e0."},"content":{"rendered":"<p align=\"JUSTIFY\"><span style=\"color: #c00000;\"><span style=\"font-family: 'Comic Sans MS', cursive;\"><span>\u00ab\u00a0<\/span><\/span><\/span><span style=\"color: #c00000;\"><span style=\"font-family: Cambria, serif;\"><span><strong>Notre M\u00e9tier n\u2019est pas de faire plaisir, Non plus de faire tort \u00e0 qui que ce soit, Ni pour quoi que ce soit, Il est de porter la plume dans la plaie<\/strong><\/span><\/span><\/span><span style=\"color: #c00000;\"><span style=\"font-family: Cambria, serif;\"><span>\u00a0\u00bb. (Albert LONDRES).<\/span><\/span><\/span><\/p>\n<p align=\"CENTER\"><span style=\"color: #c00000;\"><em><strong>*** ***<\/strong><\/em><\/span><\/p>\n<p align=\"JUSTIFY\"><span style=\"color: #632423;\"><em><strong>Pardonnez-nous si jamais, tel Aristarque De SAMOS, nous troublons quelque part, jusqu\u2019au \u00ab\u00a0Repos des Dieux\u00a0\u00bb. (\u00c9ric EG Nogard, Chroniqueur).<\/strong><\/em><\/span><\/p>\n<p align=\"JUSTIFY\">\n<p align=\"CENTER\"><span style=\"color: #c00000;\"><em><strong>==========<\/strong><\/em><\/span><\/p>\n<p align=\"CENTER\">\n<p style=\"text-align: center;\" align=\"JUSTIFY\"><span style=\"color: #632423;\"><span style=\"font-family: 'Comic Sans MS', cursive;\"><span style=\"font-size: large;\"><em><strong>Bien Ch\u00e8re Loi TAUBIRA, ton Esprit est-il l\u00e0.<\/strong><\/em><\/span><\/span><\/span><\/p>\n<p align=\"JUSTIFY\">\n<p align=\"JUSTIFY\">\u00a0<img loading=\"lazy\" decoding=\"async\" class=\"alignnone size-full wp-image-12457\" title=\"Eric\" src=\"http:\/\/www.lecarrefourdesopinions.ca\/wp-content\/uploads\/2016\/07\/Eric.jpg\" alt=\"\" width=\"134\" height=\"107\" \/><\/p>\n<p align=\"JUSTIFY\"><span style=\"color: #632423;\"><span style=\"font-family: 'Comic Sans MS', cursive;\"><span style=\"font-size: large;\">\u00c9ric EG Nogard<\/span><\/span><\/span><\/p>\n<p align=\"JUSTIFY\"><span style=\"color: #c00000;\"><span style=\"font-size: large;\"><em>Chroniqueur<\/em><\/span><\/span><span style=\"color: #c00000;\"><span style=\"font-size: large;\">.<\/span><\/span><\/p>\n<p align=\"CENTER\">\n<p align=\"CENTER\"><span style=\"color: #632423;\"><span style=\"font-size: large;\">*** *** ***<\/span><\/span><\/p>\n<p align=\"CENTER\"><span style=\"color: #632423;\"><span style=\"font-size: large;\">*** *** ***<\/span><\/span><\/p>\n<p align=\"JUSTIFY\"><span><strong>BIEN CHERE LOI TAUBIRA, TON ESPRIT EST-IL LA<\/strong><\/span><span><em><strong>.<\/strong><\/em><\/span><\/p>\n<p align=\"JUSTIFY\">\n<p align=\"JUSTIFY\">\n<p align=\"JUSTIFY\"><span style=\"font-family: 'Comic Sans MS', cursive;\"><span style=\"font-size: large;\">Tellement elle embrasse pour se donner consistance, et tellement elle oublie ou semble oublier, qu\u2019elle vous laisse songeur, la Loi dite TAUBIRA.<\/span><\/span><\/p>\n<p align=\"JUSTIFY\">\n<p align=\"JUSTIFY\"><span style=\"font-family: 'Comic Sans MS', cursive;\"><span style=\"font-size: large;\">Quel est donc son Esprit\u2026 o\u00f9 se cache son Esprit.<\/span><\/span><\/p>\n<p align=\"JUSTIFY\">\n<p align=\"JUSTIFY\"><span style=\"font-family: 'Comic Sans MS', cursive;\"><span style=\"font-size: large;\">Cette Loi qui fait le Pire des Crimes Contre l\u2019Humanit\u00e9, d\u2019une Forme d\u2019Esclavage et de Traite Humaine dont on ne voit qu\u2019une des facettes, d\u2019un cas particulier des plus anachroniques, au demeurant.<\/span><\/span><\/p>\n<p align=\"JUSTIFY\">\n<p align=\"JUSTIFY\">\n<p align=\"JUSTIFY\">\n<p align=\"CENTER\"><img loading=\"lazy\" decoding=\"async\" class=\"alignnone size-large wp-image-12483\" title=\"F1   Absolute Powerful over everyone    I could do anything to\" src=\"http:\/\/www.lecarrefourdesopinions.ca\/wp-content\/uploads\/2016\/07\/F1-Absolute-Powerful-over-everyone-I-could-do-anything-to--1024x320.jpg\" alt=\"\" width=\"450\" height=\"140\" srcset=\"http:\/\/www.lecarrefourdesopinions.ca\/wp-content\/uploads\/2016\/07\/F1-Absolute-Powerful-over-everyone-I-could-do-anything-to--1024x320.jpg 1024w, http:\/\/www.lecarrefourdesopinions.ca\/wp-content\/uploads\/2016\/07\/F1-Absolute-Powerful-over-everyone-I-could-do-anything-to--300x93.jpg 300w, http:\/\/www.lecarrefourdesopinions.ca\/wp-content\/uploads\/2016\/07\/F1-Absolute-Powerful-over-everyone-I-could-do-anything-to--400x125.jpg 400w, http:\/\/www.lecarrefourdesopinions.ca\/wp-content\/uploads\/2016\/07\/F1-Absolute-Powerful-over-everyone-I-could-do-anything-to-.jpg 1120w\" sizes=\"auto, (max-width: 450px) 100vw, 450px\" \/><\/p>\n<p align=\"CENTER\">\n<p align=\"JUSTIFY\"><span style=\"font-size: large;\"><strong>F1\u00a0: <\/strong><\/span><span style=\"color: #c00000;\"><span style=\"font-family: Arial, sans-serif;\"><span style=\"font-size: large;\"><em><strong>Absolute Powerful over everyone\u2026 I could do anything to get you mine.<\/strong><\/em><\/span><\/span><\/span><\/p>\n<p lang=\"en-US\" align=\"JUSTIFY\">\n<p lang=\"en-US\" align=\"JUSTIFY\">\n<p lang=\"en-US\" align=\"JUSTIFY\">\n<p align=\"JUSTIFY\"><span style=\"font-size: large;\">Tellement anachronique en tout cas, qu\u2019on s\u2019en \u00e9tonne au vu de tant de Drames qui se vivent, faisant notre quotidien, sans qu\u2019aucun Taubiro-Anti-Esclavagiste ne s\u2019en \u00e9meuve peu ou prou.<\/span><\/p>\n<p align=\"JUSTIFY\">\n<p align=\"JUSTIFY\"><span style=\"font-size: large;\"><strong>Est-ce ici affaire d\u2019\u00e9gocentrisme<\/strong><\/span><span style=\"font-size: large;\">, de nombrilisme morbide\u2026 la haine du pr\u00e9tendu Colon se trouvant sans commune mesure avec le peu d\u2019int\u00e9r\u00eat que semble susciter le G\u00e9nocide quotidien des Africains, en Afrique, perp\u00e9tr\u00e9 par les Africains, leurs Cong\u00e9n\u00e8res.<\/span><\/p>\n<p align=\"JUSTIFY\">\n<p align=\"JUSTIFY\">\n<p align=\"JUSTIFY\"><span style=\"font-size: large;\"><strong>Est-ce l\u00e0 Affaire Conjugu\u00e9e d\u2019opportune diversion \u00e9lectoraliste<\/strong><\/span><span style=\"font-size: large;\">, ce serait laquelle\u00a0: ici, qui est Fran\u00e7ais de C\u0153ur\u2026 Assimilation\u2026 Int\u00e9gration\u2026 POUAH\u00a0!<\/span><\/p>\n<p align=\"JUSTIFY\">\n<p align=\"JUSTIFY\"><span style=\"font-size: large;\">Cependant que chacun revendique la Citoyennet\u00e9 Fran\u00e7aise, a vous donner le tournis.<\/span><\/p>\n<p align=\"JUSTIFY\">\n<p align=\"JUSTIFY\">\n<p align=\"JUSTIFY\">\n<p align=\"JUSTIFY\"><span style=\"font-size: large;\"><strong>Ou alors<\/strong><\/span><span style=\"font-size: large;\">, dans l\u2019esprit d\u2019un Tout\u2019Monde du vivre Ensemble, une forme de DAHIR pour le laisser-aller-promiscuit\u00e9, contre ce Monde ouvert au bon voisinage dans le respect de l\u2019intimit\u00e9 et de la pens\u00e9e de chacun\u2026 deux mod\u00e8les de Soci\u00e9t\u00e9\u2026 autant dire deux Soci\u00e9t\u00e9s, eu \u00e9gard \u00e0 leurs Sp\u00e9cificit\u00e9s \u00ab\u00a0<\/span><span style=\"font-family: Arial, sans-serif;\"><span style=\"font-size: large;\"><em>Kiltirel<\/em><\/span><\/span><span style=\"font-size: large;\">\u00a0\u00bb.<\/span><\/p>\n<p align=\"JUSTIFY\">\n<p align=\"JUSTIFY\"><span style=\"font-size: large;\">A moins que ce ne soit un Chantage par soif du pognon\u2026 une Subventio-R\u00e9paration. <\/span><\/p>\n<p align=\"JUSTIFY\">\n<p align=\"JUSTIFY\"><span style=\"font-size: large;\">A moins que ce ne soit la Soif du Pouvoir Absolu sur ses Semblables, avec Droit d\u2019ali\u00e9nation, de R\u00e9duction \u00e0 N\u00e9ant, voire de Vie ou de Mort.<\/span><\/p>\n<p align=\"JUSTIFY\">\n<p align=\"JUSTIFY\"><span style=\"font-size: large;\">Bref, l\u2019Esprit N\u00e8gre.<\/span><\/p>\n<p align=\"JUSTIFY\">\n<p align=\"JUSTIFY\">\n<p align=\"JUSTIFY\">\n<p align=\"JUSTIFY\"><span style=\"font-size: large;\"><strong>Car voyons.<\/strong><\/span><\/p>\n<p align=\"JUSTIFY\">\n<p align=\"JUSTIFY\"><span style=\"font-size: large;\">De quel traumatisme Colonial ou de quel <\/span><span style=\"font-family: Arial, sans-serif;\"><span style=\"font-size: large;\"><em>Taubir\u00e2nisme<\/em><\/span><\/span><span style=\"font-size: large;\"> du nombril semblent souffrir les Jesse JACKSON et Christiane TAUBIRA, comme les Joyeux Drilles qui en portent le drapeau.<\/span><\/p>\n<p align=\"JUSTIFY\">\n<p align=\"JUSTIFY\">\n<p align=\"JUSTIFY\">\n<p align=\"CENTER\">\n<p align=\"CENTER\"><img loading=\"lazy\" decoding=\"async\" class=\"alignnone size-full wp-image-12484\" title=\"ce_Pr_= \u00eacher Dieu Que de se laisser donner pour un Saint   En esperant certainement davantage\" src=\"http:\/\/www.lecarrefourdesopinions.ca\/wp-content\/uploads\/2016\/07\/ce_Pr_-\u00eacher-Dieu-Que-de-se-laisser-donner-pour-un-Saint-En-esperant-certainement-davantage.jpg\" alt=\"\" width=\"427\" height=\"240\" srcset=\"http:\/\/www.lecarrefourdesopinions.ca\/wp-content\/uploads\/2016\/07\/ce_Pr_-\u00eacher-Dieu-Que-de-se-laisser-donner-pour-un-Saint-En-esperant-certainement-davantage.jpg 427w, http:\/\/www.lecarrefourdesopinions.ca\/wp-content\/uploads\/2016\/07\/ce_Pr_-\u00eacher-Dieu-Que-de-se-laisser-donner-pour-un-Saint-En-esperant-certainement-davantage-300x168.jpg 300w, http:\/\/www.lecarrefourdesopinions.ca\/wp-content\/uploads\/2016\/07\/ce_Pr_-\u00eacher-Dieu-Que-de-se-laisser-donner-pour-un-Saint-En-esperant-certainement-davantage-400x224.jpg 400w\" sizes=\"auto, (max-width: 427px) 100vw, 427px\" \/><\/p>\n<p align=\"CENTER\"><span style=\"font-size: large;\"><strong>F2\u00a0: <\/strong><\/span><span style=\"color: #c00000;\"><span style=\"font-size: large;\"><em><strong>Jesse le Pieux, est-ce Pr\u00eacher Dieu,<\/strong><\/em><\/span><\/span><\/p>\n<p align=\"CENTER\"><span style=\"color: #c00000;\"><span style=\"font-size: large;\"><em><strong>Que de se laisser donner pour un Saint\u2026<\/strong><\/em><\/span><\/span><\/p>\n<p align=\"CENTER\"><span style=\"color: #c00000;\"><span style=\"font-size: large;\"><em><strong>En esp\u00e9rant certainement davantage.<\/strong><\/em><\/span><\/span><\/p>\n<p align=\"JUSTIFY\">\n<p align=\"JUSTIFY\">\n<p align=\"JUSTIFY\"><span style=\"font-size: large;\"><strong>En revanche.<\/strong><\/span><\/p>\n<p align=\"JUSTIFY\">\n<p align=\"JUSTIFY\"><span style=\"font-size: large;\">Qu\u2019en est-il aujourd\u2019hui du Peuple Opprim\u00e9 d\u2019Ha\u00efti.<\/span><\/p>\n<p align=\"JUSTIFY\">\n<p align=\"JUSTIFY\"><span style=\"font-size: large;\">Et qui le Spolie de fa\u00e7on \u00e9hont\u00e9e, qui est son Oppresseur.<\/span><\/p>\n<p align=\"JUSTIFY\">\n<p align=\"JUSTIFY\"><span style=\"font-size: large;\">N\u2019est-ce pas l\u00e0 l\u2019Histoire du N\u00e8gre et du Noir.<\/span><\/p>\n<p align=\"JUSTIFY\">\n<p align=\"JUSTIFY\"><span style=\"font-size: large;\">La Pauvre et Courageuse HA\u00cfTI n\u2019en est-elle pas l\u2019illustration.<\/span><\/p>\n<p align=\"JUSTIFY\">\n<p align=\"JUSTIFY\">\n<p align=\"JUSTIFY\"><span style=\"font-size: large;\"><strong>Qu\u2019en a-t-il \u00e9t\u00e9 pas plus tard qu\u2019hier dans les Goulags de Sib\u00e9rie.<\/strong><\/span><\/p>\n<p align=\"JUSTIFY\">\n<p align=\"JUSTIFY\"><span style=\"font-size: large;\">La Russie honnissant le Communisme n\u2019a-t-elle pas distingu\u00e9 entre ses N\u00e8gres et ses Blancs en \u00ab\u00a0D\u00e9boulonnant\u00a0\u00bb STALINE.<\/span><\/p>\n<p align=\"JUSTIFY\">\n<p align=\"JUSTIFY\">\n<p align=\"JUSTIFY\"><span style=\"font-size: large;\"><strong>Qu\u2019en a-t-il \u00e9t\u00e9 sous Pol POT, Issan HABR\u00c9, PINOCHET. Idi amin DADA et qu\u2019en est-il chez tant d\u2019autres aujourd\u2019hui sans que nul n\u2019en d\u00e9signe les Coupables, faute m\u00eame d\u2019y penser, ou de pouvoir transgresser certains Tabous Diplomatiques.<\/strong><\/span><\/p>\n<p align=\"JUSTIFY\">\n<p align=\"JUSTIFY\">\n<p align=\"JUSTIFY\">\n<p align=\"CENTER\"><img loading=\"lazy\" decoding=\"async\" class=\"alignnone size-medium wp-image-12485\" title=\"F3   Notre diff\u00e9renciation en Races ne doit pas nous faire oubl\" src=\"http:\/\/www.lecarrefourdesopinions.ca\/wp-content\/uploads\/2016\/07\/F3-Notre-diff\u00e9renciation-en-Races-ne-doit-pas-nous-faire-oubl-300x81.jpg\" alt=\"\" width=\"300\" height=\"81\" srcset=\"http:\/\/www.lecarrefourdesopinions.ca\/wp-content\/uploads\/2016\/07\/F3-Notre-diff\u00e9renciation-en-Races-ne-doit-pas-nous-faire-oubl-300x81.jpg 300w, http:\/\/www.lecarrefourdesopinions.ca\/wp-content\/uploads\/2016\/07\/F3-Notre-diff\u00e9renciation-en-Races-ne-doit-pas-nous-faire-oubl-400x109.jpg 400w, http:\/\/www.lecarrefourdesopinions.ca\/wp-content\/uploads\/2016\/07\/F3-Notre-diff\u00e9renciation-en-Races-ne-doit-pas-nous-faire-oubl.jpg 1020w\" sizes=\"auto, (max-width: 300px) 100vw, 300px\" \/><\/p>\n<p align=\"JUSTIFY\">\n<p align=\"JUSTIFY\"><span style=\"font-size: large;\"><strong>F3\u00a0: <\/strong><\/span><span style=\"color: #c00000;\"><span style=\"font-size: large;\"><em><strong>Notre diff\u00e9renciation en Races ne doit pas nous faire oublier de quelle mamelle nous descendons\u2026 Pourquoi l\u2019Esprit N\u00e8gre ne se cacherait-il pas en nous.<\/strong><\/em><\/span><\/span><\/p>\n<p align=\"JUSTIFY\">\n<p align=\"JUSTIFY\">\n<p align=\"JUSTIFY\"><span style=\"font-size: large;\">O\u00f9 serait donc pass\u00e9 l\u2019esprit de la Loi TAUBIRA.<\/span><\/p>\n<p align=\"JUSTIFY\">\n<p align=\"JUSTIFY\"><span style=\"font-size: large;\">Serait-il seulement encore l\u00e0.<\/span><\/p>\n<p align=\"JUSTIFY\">\n<p align=\"JUSTIFY\"><span style=\"font-size: large;\">Cherchons-le, trouvons-le, ou parions o\u00f9 il est.<\/span><\/p>\n<p align=\"JUSTIFY\">\n<p align=\"JUSTIFY\">\n<p align=\"JUSTIFY\"><span style=\"font-family: 'Comic Sans MS', cursive;\"><span style=\"font-size: large;\">Quant \u00e0 nous, au \u00ab\u00a0<\/span><\/span><span style=\"font-family: 'Arial Rounded MT Bold', sans-serif;\"><span style=\"font-size: large;\">Cri d\u2019Alarme<\/span><\/span><span style=\"font-family: 'Comic Sans MS', cursive;\"><span style=\"font-size: large;\">\u00a0\u00bb, nous nous limitons humblement \u00e0 nous poser la question de savoir s\u2019il n\u2019impr\u00e8gnerait pas cette mentalit\u00e9 qui nous gagne chaque jour davantage\u2026 la Mentalit\u00e9 N\u00e8gre\u2026 tellement N\u00e9faste aux Noirs, aux Blancs, aux Rouges, aux Jaunes comme \u00e0 ceux de Sang M\u00eal\u00e9.<\/span><\/span><\/p>\n<p align=\"JUSTIFY\">\n<p align=\"JUSTIFY\">\u00a0 \u00a0 \u00a0 \u00a0 \u00a0 \u00a0 \u00a0 \u00a0 \u00a0 \u00a0 \u00a0 \u00a0 \u00a0 \u00a0 \u00a0 \u00a0 \u00a0 \u00a0 \u00a0 \u00a0 \u00a0 \u00a0 \u00a0 \u00a0 \u00a0 \u00a0 \u00a0 \u00a0 \u00a0 \u00a0 \u00a0 \u00a0 \u00a0 \u00a0 \u00a0 \u00a0 \u00a0 \u00a0 \u00a0 \u00a0 \u00a0 \u00a0 \u00a0 \u00a0 \u00a0\u00a0<img loading=\"lazy\" decoding=\"async\" class=\"alignnone size-full wp-image-12486\" title=\"fut_ton_Regime__a_l_Esclav_= age   Qu en en ont pense tes Successeurs    Ami Fran\u00e7ois DUVALIER\" src=\"http:\/\/www.lecarrefourdesopinions.ca\/wp-content\/uploads\/2016\/07\/fut_ton_Regime__a_l_Esclav_-age-Qu-en-en-ont-pense-tes-Successeurs-Ami-Fran\u00e7ois-DUVALIER.jpg\" alt=\"\" width=\"200\" height=\"250\" \/><\/p>\n<p align=\"CENTER\">\n<p align=\"CENTER\">\n<p align=\"CENTER\"><span style=\"font-size: large;\"><strong>F4\u00a0: <\/strong><\/span><span style=\"color: #c00000;\"><span style=\"font-size: large;\"><em><strong>Avec tes Macoutes, quelle alternative fut ton R\u00e9gime, \u00e0 l\u2019Esclavage\u2026<\/strong><\/em><\/span><\/span><\/p>\n<p align=\"CENTER\"><span style=\"color: #c00000;\"><span style=\"font-size: large;\"><em><strong>Qu\u2019en en ont pens\u00e9 tes Successeurs\u2026 Ami Fran\u00e7ois DUVALIER.<\/strong><\/em><\/span><\/span><\/p>\n<p align=\"CENTER\">\n<p align=\"CENTER\">\n<p align=\"JUSTIFY\">\n<p align=\"JUSTIFY\"><span style=\"font-family: 'Comic Sans MS', cursive;\"><span style=\"font-size: large;\">Car ce Virus-Filtrant ne conna\u00eet ni barri\u00e8re, ni peau, il les traverse toutes et toutes il les corrompt. <\/span><\/span><\/p>\n<p align=\"JUSTIFY\">\n<p align=\"JUSTIFY\"><span style=\"font-family: 'Comic Sans MS', cursive;\"><span style=\"font-size: large;\">Que chacun s\u2019en pr\u00e9serve.<\/span><\/span><\/p>\n<p align=\"JUSTIFY\">\n<p align=\"JUSTIFY\"><span style=\"font-family: 'Arial Rounded MT Bold', sans-serif;\"><span style=\"font-size: large;\">Le N\u00e8gre n\u2019est pas une Couleur, c\u2019est un <\/span><\/span><span style=\"font-family: 'Arial Rounded MT Bold', sans-serif;\"><span style=\"font-size: large;\"><em>State of Spirit<\/em><\/span><\/span><span style=\"font-family: 'Arial Rounded MT Bold', sans-serif;\"><span style=\"font-size: large;\">,<\/span><\/span><\/p>\n<p align=\"JUSTIFY\">\n<p align=\"JUSTIFY\"><span style=\"font-family: 'Arial Rounded MT Bold', sans-serif;\"><span style=\"font-size: large;\">C\u2019est une Mentalit\u00e9. C\u2019est une Soif.<\/span><\/span><\/p>\n<p align=\"JUSTIFY\">\n<p align=\"JUSTIFY\"><span style=\"font-family: 'Arial Rounded MT Bold', sans-serif;\"><span style=\"font-size: large;\">La Soif du Pouvoir Absolu sur ses Semblables, avec Droit d\u2019Ali\u00e9nation, de R\u00e9duction \u00e0 N\u00e9ant, voire de Vie ou de Mort sans nulle alternative\u00a0!..<\/span><\/span><\/p>\n<p align=\"JUSTIFY\">\n<p align=\"JUSTIFY\"><span style=\"font-size: large;\">\u00c9ric EG Nogard<\/span><\/p>\n<p align=\"JUSTIFY\"><span style=\"color: #c00000;\"><span style=\"font-size: large;\"><em>Chroniqueur<\/em><\/span><\/span><span style=\"color: #c00000;\"><span style=\"font-size: large;\">.<\/span><\/span><\/p>\n<p align=\"JUSTIFY\">\n<p align=\"CENTER\"><span style=\"font-size: large;\"><strong>*** *** ***<\/strong><\/span><\/p>\n<p align=\"CENTER\"><span style=\"color: #ff0000;\"><span style=\"font-size: large;\"><strong>Nota : <\/strong><\/span><\/span><span style=\"color: #000000;\"><span style=\"font-size: large;\">Nous ne traitons que de Faits et de Noms rendus Publics.<\/span><\/span><\/p>\n<p align=\"JUSTIFY\"><span style=\"font-size: large;\"><strong>N.B.:<\/strong><\/span><span style=\"font-size: large;\"> &#8211; <\/span><span style=\"color: #c00000;\"><span style=\"font-family: 'Comic Sans MS', cursive;\"><span style=\"font-size: large;\">Nous Recommandons instamment et syst\u00e9matiquement l\u2019ouverture de la (ou des) pi\u00e8ce(s) jointe(s) \u00e0 l\u2019e-mail, sous format Pdf, <\/span><\/span><\/span><span style=\"color: #c00000;\"><span style=\"font-family: 'Comic Sans MS', cursive;\"><span style=\"font-size: large;\"><span style=\"text-decoration: underline;\">les illustrations y sont incluses<\/span><\/span><\/span><\/span><span style=\"color: #c00000;\"><span style=\"font-family: 'Comic Sans MS', cursive;\"><span style=\"font-size: large;\">.<\/span><\/span><\/span><\/p>\n<p align=\"JUSTIFY\">\n<p align=\"CENTER\"><span style=\"color: #ff0000;\"><span><strong>Ne Peut \u00eatre reproduit &#8211; m\u00eame partiellement &#8211; sans l\u2019autorisation de l\u2019Auteur.<\/strong><\/span><\/span><\/p>\n<p align=\"JUSTIFY\"><span style=\"text-decoration: underline;\"><strong>Liens Sugg\u00e9r\u00e9s\u00a0:<\/strong><\/span><\/p>\n<ul>\n<li>\n<p align=\"JUSTIFY\"><span style=\"color: #0000ff;\"><span style=\"text-decoration: underline;\"><a href=\"http:\/\/www.lescrutateur.com\/\">http:\/\/www.lescrutateur.com\/<\/a><\/span><\/span><\/p>\n<\/li>\n<li>\n<p align=\"JUSTIFY\"><span style=\"color: #0000ff;\"><span style=\"text-decoration: underline;\"><a href=\"http:\/\/www.etatsgenerauxdeloutremer.fr\/reflexions\">http:\/\/www.etatsgenerauxdeloutremer.fr\/reflexions<\/a><\/span><\/span><\/p>\n<\/li>\n<\/ul>\n<p align=\"CENTER\">\n<p align=\"CENTER\"><strong>==================================================================<\/strong><\/p>\n<script type=\"text\/javascript\">\n\nvar addthis_config = {\"data_track_clickback\":false,\"data_track_addressbar\":false,\"data_track_textcopy\":false};\n<\/script><script type=\"text\/javascript\" src=\"\/\/s7.addthis.com\/js\/250\/addthis_widget.js#pubid=a457a6d63fb9e6ccabdde4110343bd85\"><\/script>","protected":false},"excerpt":{"rendered":"<p align=\"JUSTIFY\"><span style=\"color: #c00000;\"><span style=\"font-family: 'Comic Sans MS', cursive;\"><span>\u00ab\u00a0<\/span><\/span><\/span><span style=\"color: #c00000;\"><span style=\"font-family: Cambria, serif;\"><span>Notre M\u00e9tier n\u2019est pas de faire plaisir, Non plus de faire tort \u00e0 qui que ce soit, Ni pour quoi que ce soit, Il est de porter la plume dans la plaie<\/span><\/span><\/span><span style=\"color: #c00000;\"><span style=\"font-family: Cambria, serif;\"><span>\u00a0\u00bb. (Albert LONDRES).<\/span><\/span><\/span><\/p>\n<p align=\"CENTER\"><span style=\"color: #c00000;\">*** <\/span>&hellip;<\/p>\n","protected":false},"author":1,"featured_media":0,"comment_status":"open","ping_status":"open","sticky":false,"template":"","format":"standard","meta":{"footnotes":""},"categories":[1],"tags":[],"class_list":["post-12482","post","type-post","status-publish","format-standard","hentry","category-accueil"],"_links":{"self":[{"href":"http:\/\/www.lecarrefourdesopinions.ca\/index.php?rest_route=\/wp\/v2\/posts\/12482","targetHints":{"allow":["GET"]}}],"collection":[{"href":"http:\/\/www.lecarrefourdesopinions.ca\/index.php?rest_route=\/wp\/v2\/posts"}],"about":[{"href":"http:\/\/www.lecarrefourdesopinions.ca\/index.php?rest_route=\/wp\/v2\/types\/post"}],"author":[{"embeddable":true,"href":"http:\/\/www.lecarrefourdesopinions.ca\/index.php?rest_route=\/wp\/v2\/users\/1"}],"replies":[{"embeddable":true,"href":"http:\/\/www.lecarrefourdesopinions.ca\/index.php?rest_route=%2Fwp%2Fv2%2Fcomments&post=12482"}],"version-history":[{"count":1,"href":"http:\/\/www.lecarrefourdesopinions.ca\/index.php?rest_route=\/wp\/v2\/posts\/12482\/revisions"}],"predecessor-version":[{"id":12487,"href":"http:\/\/www.lecarrefourdesopinions.ca\/index.php?rest_route=\/wp\/v2\/posts\/12482\/revisions\/12487"}],"wp:attachment":[{"href":"http:\/\/www.lecarrefourdesopinions.ca\/index.php?rest_route=%2Fwp%2Fv2%2Fmedia&parent=12482"}],"wp:term":[{"taxonomy":"category","embeddable":true,"href":"http:\/\/www.lecarrefourdesopinions.ca\/index.php?rest_route=%2Fwp%2Fv2%2Fcategories&post=12482"},{"taxonomy":"post_tag","embeddable":true,"href":"http:\/\/www.lecarrefourdesopinions.ca\/index.php?rest_route=%2Fwp%2Fv2%2Ftags&post=12482"}],"curies":[{"name":"wp","href":"https:\/\/api.w.org\/{rel}","templated":true}]}}