{"id":12479,"date":"2016-07-11T10:24:41","date_gmt":"2016-07-11T14:24:41","guid":{"rendered":"http:\/\/www.lecarrefourdesopinions.ca\/?p=12479"},"modified":"2016-07-11T10:24:41","modified_gmt":"2016-07-11T14:24:41","slug":"et-nos-vacances","status":"publish","type":"post","link":"http:\/\/www.lecarrefourdesopinions.ca\/?p=12479","title":{"rendered":"Et nos vacances?"},"content":{"rendered":"<p align=\"CENTER\"><span style=\"font-size: large;\"><strong>Et nos vacances?<\/strong><\/span><\/p>\n<p>\u00a0<em><span style=\"color: #800000;\">par\u00a0Denise Campillo<\/span><\/em><\/p>\n<p>Pas de vacances pour les \u00e9colos cet \u00e9t\u00e9. Et comme les citoyens ordinaires sont de plus en plus nombreux \u00e0 rejoindre leurs rangs et \u00e0 se mobiliser pour d\u00e9fendre l\u2019avenir de leurs enfants, \u00e7a fait beaucoup de Qu\u00e9b\u00e9cois qui voient leurs vacances g\u00e2ch\u00e9es!<\/p>\n<p>&nbsp;<\/p>\n<p>Par quoi? Pourquoi? Parce que le gouvernement Couillard a plant\u00e9 une bombe, le 7\u00a0juin dernier, en d\u00e9posant son projet de loi\u00a0106 (<em>Loi concernant la mise en \u0153uvre de la Politique \u00e9nerg\u00e9tique 2030 et modifiant diverses dispositions l\u00e9gislatives<\/em>) juste avant la fin de la session parlementaire. Et il a charg\u00e9 une commission d\u2019examiner ce projet de loi d\u00e8s le 16 ao\u00fbt 2016.<\/p>\n<p>&nbsp;<\/p>\n<p>Pourquoi cette h\u00e2te? Le gouvernement veut mettre en \u0153uvre rapidement sa <em>Politique \u00e9nerg\u00e9tique 2030<\/em>. C\u2019est fort louable, d\u2019autant que cette politique, rendue publique en avril, comporte de nombreux aspects pertinents et ax\u00e9s sur le d\u00e9veloppement durable et la lutte contre les changements climatiques. Mais elle comporte aussi des \u00ab\u00a0petits caract\u00e8res\u00a0\u00bb\u00a0: c\u2019est la partie qui concerne \u00ab\u00a0L\u2019exploitation responsable des hydrocarbures au Qu\u00e9bec\u00a0\u00bb. \u00c9nonc\u00e9 \u00e9tonnant pour un gouvernement qui met de l\u2019avant la transition \u00e9nerg\u00e9tique!<\/p>\n<p>&nbsp;<\/p>\n<p>Dans le contexte plan\u00e9taire actuel, les scientifiques s\u2019entendent sur le fait qu\u2019il ne doit pas y avoir de nouvelle exploitation de ressources fossiles, et surtout pas de ressources non conventionnelles comme le p\u00e9trole et le gaz de schiste. L\u2019exploitation de ces hydrocarbures serait donc irresponsable, et viendrait r\u00e9duire \u00e0 n\u00e9ant toutes les belles intentions de la Politique \u00e9nerg\u00e9tique.<\/p>\n<p>&nbsp;<\/p>\n<p>Mais le projet de loi\u00a0106 inclut une nouvelle <em>Loi sur les hydrocarbures<\/em> qui donne carte blanche aux p\u00e9troli\u00e8res et aux gazi\u00e8res, qui retire aux municipalit\u00e9s leurs pouvoirs en mati\u00e8re de gestion de leur territoire et de leurs ressources en eau, et qui menace d\u2019expropriation les propri\u00e9taires qui refuseraient des forages sur leur terrain.<\/p>\n<p>&nbsp;<\/p>\n<p>On croit r\u00eaver \u2013 ou plut\u00f4t cauchemarder. Comment nos \u00e9lus peuvent-ils \u00e9laborer des lois aussi r\u00e9trogrades, qui briment nos libert\u00e9s et qui vont \u00e0 l\u2019encontre de tous les engagements pris en mati\u00e8re de lutte contre les changements climatiques et d\u2019\u00e9conomie verte? Ils veulent faire du Qu\u00e9bec une p\u00e9tro\u00e9conomie? L\u2019exemple de l\u2019Alberta ne leur donne pas \u00e0 r\u00e9fl\u00e9chir, avec son chapelet de probl\u00e8mes environnementaux, \u00e9conomiques, sociaux? Ou bien le gouvernement actuel est-il une annexe des conseils d\u2019administration des p\u00e9troli\u00e8res et des gazi\u00e8res?<\/p>\n<p>&nbsp;<\/p>\n<p>Dans ce contexte, pas de vacances pour les citoyens engag\u00e9s, conscients du danger qui les menace et de leur devoir d\u2019entraver l\u2019action irresponsable et toxique du gouvernement. Partout au Qu\u00e9bec, ils se renseignent, se rassemblent, se mobilisent.<\/p>\n<p>&nbsp;<\/p>\n<p><a name=\"_GoBack\"><\/a>Bon \u00e9t\u00e9 \u00e0 nos \u00e9lus!<\/p>\n<p>&nbsp;<\/p><\/p>\n<script type=\"text\/javascript\">\n\nvar addthis_config = {\"data_track_clickback\":false,\"data_track_addressbar\":false,\"data_track_textcopy\":false};\n<\/script><script type=\"text\/javascript\" src=\"\/\/s7.addthis.com\/js\/250\/addthis_widget.js#pubid=a457a6d63fb9e6ccabdde4110343bd85\"><\/script>","protected":false},"excerpt":{"rendered":"<p align=\"CENTER\"><span style=\"font-size: large;\">Et nos vacances?<\/span><\/p>\n<p>\u00a0<span style=\"color: #800000;\">par\u00a0Denise Campillo<\/span><\/p>\n<p>Pas de vacances pour les \u00e9colos cet \u00e9t\u00e9. Et comme les citoyens ordinaires sont de plus en plus nombreux \u00e0 rejoindre leurs rangs et \u00e0 se mobiliser pour d\u00e9fendre l\u2019avenir de &hellip;<\/p>\n","protected":false},"author":1,"featured_media":0,"comment_status":"open","ping_status":"open","sticky":false,"template":"","format":"standard","meta":{"footnotes":""},"categories":[1],"tags":[],"class_list":["post-12479","post","type-post","status-publish","format-standard","hentry","category-accueil"],"_links":{"self":[{"href":"http:\/\/www.lecarrefourdesopinions.ca\/index.php?rest_route=\/wp\/v2\/posts\/12479","targetHints":{"allow":["GET"]}}],"collection":[{"href":"http:\/\/www.lecarrefourdesopinions.ca\/index.php?rest_route=\/wp\/v2\/posts"}],"about":[{"href":"http:\/\/www.lecarrefourdesopinions.ca\/index.php?rest_route=\/wp\/v2\/types\/post"}],"author":[{"embeddable":true,"href":"http:\/\/www.lecarrefourdesopinions.ca\/index.php?rest_route=\/wp\/v2\/users\/1"}],"replies":[{"embeddable":true,"href":"http:\/\/www.lecarrefourdesopinions.ca\/index.php?rest_route=%2Fwp%2Fv2%2Fcomments&post=12479"}],"version-history":[{"count":1,"href":"http:\/\/www.lecarrefourdesopinions.ca\/index.php?rest_route=\/wp\/v2\/posts\/12479\/revisions"}],"predecessor-version":[{"id":12480,"href":"http:\/\/www.lecarrefourdesopinions.ca\/index.php?rest_route=\/wp\/v2\/posts\/12479\/revisions\/12480"}],"wp:attachment":[{"href":"http:\/\/www.lecarrefourdesopinions.ca\/index.php?rest_route=%2Fwp%2Fv2%2Fmedia&parent=12479"}],"wp:term":[{"taxonomy":"category","embeddable":true,"href":"http:\/\/www.lecarrefourdesopinions.ca\/index.php?rest_route=%2Fwp%2Fv2%2Fcategories&post=12479"},{"taxonomy":"post_tag","embeddable":true,"href":"http:\/\/www.lecarrefourdesopinions.ca\/index.php?rest_route=%2Fwp%2Fv2%2Ftags&post=12479"}],"curies":[{"name":"wp","href":"https:\/\/api.w.org\/{rel}","templated":true}]}}