{"id":12464,"date":"2016-07-08T09:47:06","date_gmt":"2016-07-08T13:47:06","guid":{"rendered":"http:\/\/www.lecarrefourdesopinions.ca\/?p=12464"},"modified":"2016-07-08T09:47:06","modified_gmt":"2016-07-08T13:47:06","slug":"si-la-france-est-en-guerre-ce-nest-pas-en-europe","status":"publish","type":"post","link":"http:\/\/www.lecarrefourdesopinions.ca\/?p=12464","title":{"rendered":"Si la France est en Guerre, ce n\u2019est pas en Europe."},"content":{"rendered":"<p align=\"CENTER\">\n<p align=\"JUSTIFY\"><span style=\"color: #c00000;\"> <span style=\"font-family: 'Comic Sans MS', cursive;\"><span>\u00ab\u00a0<\/span><\/span><\/span><span style=\"color: #c00000;\"><span style=\"font-family: Cambria, serif;\"><span><strong>Notre M\u00e9tier n\u2019est pas de faire plaisir, Non plus de faire tort \u00e0 qui que ce soit, Ni pour quoi que ce soit, Il est de porter la plume dans la plaie<\/strong><\/span><\/span><\/span><span style=\"color: #c00000;\"><span style=\"font-family: Cambria, serif;\"><span>\u00a0\u00bb. (Albert LONDRES).<\/span><\/span><\/span><\/p>\n<p align=\"JUSTIFY\">\n<p align=\"CENTER\"><span style=\"color: #c00000;\"><em><strong>*** ***<\/strong><\/em><\/span><\/p>\n<p align=\"JUSTIFY\"><span style=\"color: #632423;\"><em><strong>Pardonnez-nous si jamais, tel Aristarque De SAMOS, nous troublons quelque part, jusqu\u2019au \u00ab\u00a0Repos des Dieux\u00a0\u00bb. (\u00c9ric EG Nogard, Chroniqueur).<\/strong><\/em><\/span><\/p>\n<p align=\"JUSTIFY\">\n<p align=\"CENTER\"><span style=\"color: #c00000;\"><em><strong>==========<\/strong><\/em><\/span><\/p>\n<p align=\"CENTER\">\n<p align=\"CENTER\"><span style=\"color: #000099;\"><span style=\"font-size: x-large;\"><strong>Si la France est en Guerre, ce n\u2019est pas en Europe.<\/strong><\/span><\/span><\/p>\n<p align=\"CENTER\">\n<p align=\"CENTER\"><span style=\"color: #000099;\"><span><strong>=====<\/strong><\/span><\/span><\/p>\n<p><span style=\"color: #632423;\"><span style=\"font-family: 'Comic Sans MS', cursive;\"><span style=\"font-size: large;\"><em><strong>Si la France est en Guerre, ce n\u2019est pas en Europe.<\/strong><\/em><\/span><\/span><\/span><\/p>\n<p align=\"JUSTIFY\">\u00a0<img loading=\"lazy\" decoding=\"async\" class=\"alignnone size-full wp-image-12457\" title=\"Eric\" src=\"http:\/\/www.lecarrefourdesopinions.ca\/wp-content\/uploads\/2016\/07\/Eric.jpg\" alt=\"\" width=\"134\" height=\"107\" \/><\/p>\n<p align=\"JUSTIFY\"><span style=\"color: #632423;\"><span style=\"font-family: 'Comic Sans MS', cursive;\"><span style=\"font-size: large;\">\u00c9ric EG Nogard<\/span><\/span><\/span><\/p>\n<p align=\"JUSTIFY\"><span style=\"color: #c00000;\"><span style=\"font-size: large;\"><em>Chroniqueur<\/em><\/span><\/span><span style=\"color: #c00000;\"><span style=\"font-size: large;\">.<\/span><\/span><\/p>\n<p align=\"CENTER\">\n<p align=\"CENTER\">\n<p align=\"CENTER\"><span style=\"color: #632423;\"><span style=\"font-size: large;\">*** *** ***<\/span><\/span><\/p>\n<p align=\"CENTER\">\n<p align=\"JUSTIFY\"><span style=\"font-size: x-large;\"><strong>Si la France est en Guerre, ce n\u2019est pas en Europe.<\/strong><\/span><\/p>\n<p align=\"JUSTIFY\">\n<p align=\"JUSTIFY\">\n<p align=\"JUSTIFY\">\n<p align=\"JUSTIFY\">\n<p align=\"JUSTIFY\">\n<p align=\"CENTER\">\n<p align=\"CENTER\"><img loading=\"lazy\" decoding=\"async\" class=\"alignnone size-full wp-image-12465\" title=\"FRANCE-ATTACKS-CONFLICT-SYRIA\" src=\"http:\/\/www.lecarrefourdesopinions.ca\/wp-content\/uploads\/2016\/07\/F1-Ou-vas-tu-de-ce-vol-petit-joujou-de-Guerre.jpg\" alt=\"\" width=\"570\" height=\"238\" srcset=\"http:\/\/www.lecarrefourdesopinions.ca\/wp-content\/uploads\/2016\/07\/F1-Ou-vas-tu-de-ce-vol-petit-joujou-de-Guerre.jpg 570w, http:\/\/www.lecarrefourdesopinions.ca\/wp-content\/uploads\/2016\/07\/F1-Ou-vas-tu-de-ce-vol-petit-joujou-de-Guerre-300x125.jpg 300w, http:\/\/www.lecarrefourdesopinions.ca\/wp-content\/uploads\/2016\/07\/F1-Ou-vas-tu-de-ce-vol-petit-joujou-de-Guerre-400x167.jpg 400w\" sizes=\"auto, (max-width: 570px) 100vw, 570px\" \/><\/p>\n<p align=\"CENTER\"><span style=\"font-size: large;\"><strong>F1\u00a0: <\/strong><\/span><span style=\"color: #c00000;\"><span style=\"font-size: large;\"><em><strong>O\u00f9 vas-tu de ce vol, petit joujou de Guerre\u00a0!<\/strong><\/em><\/span><\/span><\/p>\n<p align=\"CENTER\">\n<p align=\"JUSTIFY\">\n<p align=\"JUSTIFY\">\n<p align=\"JUSTIFY\">\n<p align=\"JUSTIFY\"><span style=\"font-family: 'Comic Sans MS', cursive;\"><span style=\"font-size: large;\">D\u2019ailleurs, la Guerre, n\u2019est-elle pas l\u2019Affaire des Militaires plut\u00f4t que des Forces de Police et de Gendarmerie qui, elles, sont Responsables de la S\u00e9curit\u00e9 Int\u00e9rieure des Personnes et des Biens, comme de l\u2019Ordre Public.<\/span><\/span><\/p>\n<p align=\"JUSTIFY\">\n<p align=\"JUSTIFY\"><span style=\"font-family: 'Comic Sans MS', cursive;\"><span style=\"font-size: large;\">D\u00e8s-lors, appelons donc un chat un chat et reconnaissons que <\/span><\/span><span style=\"font-family: 'Comic Sans MS', cursive;\"><span style=\"font-size: large;\"><em><strong>la France se trouve tout simplement en Situation Proto-Insurrectionnelle<\/strong><\/em><\/span><\/span><span style=\"font-family: 'Comic Sans MS', cursive;\"><span style=\"font-size: large;\">, ce qui est gravissime\u2026 nos Psychologues d\u2019\u00c9tat devraient de toute urgence se le mettre quelque part et en tirer les cons\u00e9quences<\/span><\/span><span style=\"font-size: large;\">.<\/span><\/p>\n<p align=\"JUSTIFY\">\n<p align=\"JUSTIFY\">\n<p align=\"JUSTIFY\"><span style=\"font-size: large;\"><strong>L\u2019Abus de M\u00e9decine est le Pire des Poisons.<\/strong><\/span><\/p>\n<p align=\"JUSTIFY\">\n<p align=\"JUSTIFY\"><span style=\"font-size: large;\">Sous Pr\u00e9texte de Guerre, et faute de consentir \u00e0 r\u00e9fr\u00e9ner nos Abus relevant de l\u2019Injustice Sociale, nous Renfor\u00e7ons \u00e0 l\u2019Exc\u00e8s nos Mesures de S\u00e9curit\u00e9 comme si la C\u00f4te de Mailles Constitutionnelle ne nous prot\u00e9geait pas assez des Coupables Vrais ou Imagin\u00e9s.<\/span><\/p>\n<p align=\"JUSTIFY\">\n<p align=\"JUSTIFY\">\n<p align=\"JUSTIFY\"><span style=\"font-size: large;\"><strong>Ainsi\u00a0:<\/strong><\/span><\/p>\n<p align=\"JUSTIFY\">\n<ul>\n<li>\n<p align=\"JUSTIFY\"><span style=\"font-size: large;\">Un \u00c9tat-d\u2019Urgence plus long qu\u2019une vie sans pain.<\/span><\/p>\n<\/li>\n<\/ul>\n<p align=\"JUSTIFY\">\n<ul>\n<li>\n<p align=\"JUSTIFY\"><span style=\"font-size: large;\">Des mesures Exceptionnelles dont on n\u2019imagine pas les D\u00e9rives.<\/span><\/p>\n<\/li>\n<\/ul>\n<p>&nbsp;<\/p>\n<ul>\n<li>\n<p align=\"JUSTIFY\"><span style=\"font-size: large;\">Des Sanctions mille fois Pires que la Peine de Mort\u2026 et m\u00eame que l\u2019Enfer.<\/span><\/p>\n<\/li>\n<\/ul>\n<p>&nbsp;<\/p>\n<p align=\"JUSTIFY\">\n<p align=\"JUSTIFY\"><span style=\"font-size: large;\"><strong>Or, \u00e0 l\u2019\u00e9vidence.<\/strong><\/span><\/p>\n<p align=\"JUSTIFY\">\n<p align=\"JUSTIFY\"><span style=\"font-size: large;\">Pour des D\u00e9lits ou des Crimes commis par des Fran\u00e7ais d\u2019origine ou pas, sous influence \u00e9trang\u00e8re ou non.<\/span><\/p>\n<p align=\"JUSTIFY\">\n<p align=\"JUSTIFY\">\n<p align=\"JUSTIFY\"><span style=\"font-size: large;\"><strong>Avec pour Cons\u00e9quence.<\/strong><\/span><\/p>\n<p align=\"JUSTIFY\">\n<p align=\"JUSTIFY\"><span style=\"font-size: large;\">Le Ressenti des Parents et Amis qui se taisent et finissent par s\u2019installer dans un \u00c9tat d\u2019Esprit port\u00e9 sur l\u2019Exasp\u00e9ration et la R\u00e9volte\u00a0pour exc\u00e8s de Rigueur envers un \u00catre Cher, Victime d\u2019ailleurs d\u2019un \u00c9tat de fait qui ne laisse aucun espoir, aucune chance d\u2019avenir\u00a0: <\/span><span style=\"font-family: Arial, sans-serif;\"><span style=\"font-size: large;\"><em>No Job, no Money in your pocket, never one penny to your name<\/em><\/span><\/span><span style=\"font-size: large;\">.<\/span><\/p>\n<p align=\"JUSTIFY\">\n<p align=\"JUSTIFY\"><span style=\"font-size: large;\">Un Ressenti d\u2019Injustice\u2026 tout n\u2019est pas pris pour Argent Comptant des pr\u00e9texte fallacieux de ceux qui se vautrent dans l\u2019opulence au m\u00e9pris de ceux condamn\u00e9s \u00e0 l\u2019errance.<\/span><\/p>\n<p align=\"JUSTIFY\">\n<p align=\"JUSTIFY\"><span style=\"font-size: large;\">N\u2019est-ce pas ce Ressenti qui Chassa la France de son Immense Empire, Empire des plus F\u00e9conds peut-\u00eatre, apr\u00e8s celui dont Victoria fut l\u2019<\/span><span style=\"font-family: Arial, sans-serif;\"><span style=\"font-size: large;\"><em>Empress<\/em><\/span><\/span><span style=\"font-size: large;\">.<\/span><\/p>\n<p align=\"JUSTIFY\">\n<p align=\"JUSTIFY\">\n<p align=\"JUSTIFY\"><span style=\"font-size: large;\"><strong>Une Injustice au quotidien.<\/strong><\/span><\/p>\n<p align=\"JUSTIFY\">\n<ul>\n<li>\n<p align=\"JUSTIFY\"><span style=\"font-size: large;\">Des Sin\u00e9cures, voire des Th\u00e9saurisations de Sin\u00e9cures pour les Uns, ou de gauche ou de Droite ou d\u2019ailleurs.<\/span><\/p>\n<\/li>\n<\/ul>\n<p align=\"JUSTIFY\">\n<ul>\n<li>\n<p align=\"JUSTIFY\"><span style=\"font-size: large;\">Rien que de Petites Charit\u00e9s Publiques \u00e0 Mendier pour les autres, avec pour Corollaire la Perte de leur Boussole par les Jeunes et dans l\u2019Humiliation.<\/span><\/p>\n<\/li>\n<\/ul>\n<p>&nbsp;<\/p>\n<ul>\n<li>\n<p align=\"JUSTIFY\"><span style=\"font-size: large;\">L\u2019ouverture d\u2019\u00c9coles Arabisantes d\u00e8s la tendre Enfance, avec pour corollaire la Mise en Suspicion pour un tour en Arabie\u2026 selon quelle Logique.<\/span><\/p>\n<\/li>\n<\/ul>\n<p>&nbsp;<\/p>\n<p align=\"JUSTIFY\">\n<p align=\"JUSTIFY\"><span style=\"font-size: large;\"><strong>Croyez-vous que les Parents et Amis prennent vraiment pour Coupables les Victimes du Syst\u00e8me qui se drape de toutes les Peaux, m\u00eame de la N\u00e9gritude.<\/strong><\/span><\/p>\n<p align=\"JUSTIFY\">\n<p align=\"JUSTIFY\"><span style=\"font-size: large;\">C\u2019est cela le <\/span><span style=\"font-family: Calibri, sans-serif;\"><span style=\"font-size: large;\"><em><strong>Climat Mental Proto-Insurrectionnel<\/strong><\/em><\/span><\/span><span style=\"font-size: large;\">, avec des corollaires plus Redoutables que Crues, \u00c9ruptions, Tsunamis et Secousses Sismiques \u00e0 la Japonaise.<\/span><\/p>\n<p align=\"JUSTIFY\">\n<p align=\"JUSTIFY\">\n<p align=\"JUSTIFY\"><span style=\"font-size: large;\"><strong>Car apr\u00e8s tout.<\/strong><\/span><\/p>\n<p align=\"JUSTIFY\">\n<p style=\"text-align: center;\" align=\"JUSTIFY\"><img loading=\"lazy\" decoding=\"async\" class=\"alignnone size-large wp-image-12466\" title=\"F2   A chacun sa Juste Part\" src=\"http:\/\/www.lecarrefourdesopinions.ca\/wp-content\/uploads\/2016\/07\/F2-A-chacun-sa-Juste-Part-1024x480.jpg\" alt=\"\" width=\"450\" height=\"210\" srcset=\"http:\/\/www.lecarrefourdesopinions.ca\/wp-content\/uploads\/2016\/07\/F2-A-chacun-sa-Juste-Part-1024x480.jpg 1024w, http:\/\/www.lecarrefourdesopinions.ca\/wp-content\/uploads\/2016\/07\/F2-A-chacun-sa-Juste-Part-300x140.jpg 300w, http:\/\/www.lecarrefourdesopinions.ca\/wp-content\/uploads\/2016\/07\/F2-A-chacun-sa-Juste-Part-400x187.jpg 400w, http:\/\/www.lecarrefourdesopinions.ca\/wp-content\/uploads\/2016\/07\/F2-A-chacun-sa-Juste-Part.jpg 1719w\" sizes=\"auto, (max-width: 450px) 100vw, 450px\" \/><\/p>\n<p>&nbsp;<\/p>\n<p align=\"CENTER\"><span style=\"font-size: large;\"><strong>F2\u00a0: <\/strong><\/span><span style=\"color: #c00000;\"><span style=\"font-size: large;\"><em><strong>A chacun sa Juste Part.<\/strong><\/em><\/span><\/span><\/p>\n<p align=\"JUSTIFY\">\n<p align=\"JUSTIFY\">\n<p align=\"JUSTIFY\"><span style=\"font-size: large;\">L\u2019Injustice Sociale et la Situation de D\u00e9sesp\u00e9rance dans laquelle Certains jeunes sont plong\u00e9s, ne serait-ce pas cela la Cause de notre drame\u2026 un drame qu\u2019improprement nous imputons \u00e0 <\/span><span style=\"font-family: Arial, sans-serif;\"><span style=\"font-size: large;\"><em>DAECH<\/em><\/span><\/span><span style=\"font-size: large;\">, notre <\/span><span style=\"font-family: Arial, sans-serif;\"><span style=\"font-size: large;\"><em>Al Capone<\/em><\/span><\/span><span style=\"font-size: large;\"> donn\u00e9 pour Coupable de tous les Mauvais Coups.<\/span><\/p>\n<p align=\"JUSTIFY\">\n<p align=\"JUSTIFY\">\n<p align=\"JUSTIFY\">\n<p align=\"JUSTIFY\"><span style=\"font-family: 'Comic Sans MS', cursive;\"><span style=\"font-size: large;\">Supprimez les faveurs Abusives, les Aides Empreintes de Favoritisme et reconnaissez \u00e0 chacun le Droit \u00e0 sa Juste Part au Bien Commun et, comme par Miracle, la Jeunesse s\u2019en trouvera appais\u00e9e\u2026 et pour trouver DAECH il ne faudra plus compter sur elle d\u00e8s-lors que vivre en France sera redevenu possible.<\/span><\/span><\/p>\n<p align=\"JUSTIFY\">\n<p align=\"JUSTIFY\">\n<p align=\"CENTER\"><img loading=\"lazy\" decoding=\"async\" class=\"alignnone size-medium wp-image-12468\" title=\"F4   Louis XVI eut il jamais la Auri sacra fames de quelques uns\" src=\"http:\/\/www.lecarrefourdesopinions.ca\/wp-content\/uploads\/2016\/07\/F4-Louis-XVI-eut-il-jamais-la-Auri-sacra-fames-de-quelques-uns1-300x182.jpg\" alt=\"\" width=\"300\" height=\"182\" srcset=\"http:\/\/www.lecarrefourdesopinions.ca\/wp-content\/uploads\/2016\/07\/F4-Louis-XVI-eut-il-jamais-la-Auri-sacra-fames-de-quelques-uns1-300x182.jpg 300w, http:\/\/www.lecarrefourdesopinions.ca\/wp-content\/uploads\/2016\/07\/F4-Louis-XVI-eut-il-jamais-la-Auri-sacra-fames-de-quelques-uns1-400x243.jpg 400w, http:\/\/www.lecarrefourdesopinions.ca\/wp-content\/uploads\/2016\/07\/F4-Louis-XVI-eut-il-jamais-la-Auri-sacra-fames-de-quelques-uns1.jpg 952w\" sizes=\"auto, (max-width: 300px) 100vw, 300px\" \/><\/p>\n<p align=\"CENTER\">\n<p align=\"CENTER\"><span style=\"font-size: large;\"><strong>F4\u00a0: <\/strong><\/span><span style=\"color: #c00000;\"><span style=\"font-size: large;\"><em><strong>Louis XVI e\u00fbt-il jamais la <\/strong><\/em><\/span><\/span><span style=\"color: #c00000;\"><span style=\"font-family: Arial, sans-serif;\"><span style=\"font-size: large;\"><em><strong>Auri sacra fames<\/strong><\/em><\/span><\/span><\/span><span style=\"color: #c00000;\"><span style=\"font-size: large;\"><em><strong> de quelques-uns.<\/strong><\/em><\/span><\/span><\/p>\n<p align=\"JUSTIFY\">\n<p align=\"JUSTIFY\">\n<p align=\"JUSTIFY\"><span style=\"font-family: 'Comic Sans MS', cursive;\"><span style=\"font-size: large;\">La France n\u2019est pas en Guerre\u2026 seule Gronde la R\u00e9volte\u2026 Louis XVI m\u00eame en r\u00eave, n\u2019a pas connu les Revenus et Indemnit\u00e9s de Didier DESCHAMPS, pas plus qu\u2019il n\u2019a eu la <\/span><\/span><span style=\"font-family: 'Arial Rounded MT Bold', sans-serif;\"><span style=\"font-size: large;\"><em>Auri sacra fames<\/em><\/span><\/span><span style=\"font-family: 'Comic Sans MS', cursive;\"><span style=\"font-size: large;\">, l\u2019ex\u00e9crable faim de l\u2019or, de tant et tant de Fran\u00e7ais\u2026 quand les autres n\u2019ont rien d\u2019autre que la Condamnation \u00e0 la Mis\u00e8re dans l\u2019Humiliation, voire dans l\u2019Horreur des Asiles et Cachots bien pires que la Mort. <\/span><\/span><\/p>\n<p align=\"JUSTIFY\">\n<p align=\"JUSTIFY\"><span style=\"font-size: large;\">\u00c9ric EG Nogard<\/span><\/p>\n<p align=\"JUSTIFY\"><span style=\"color: #c00000;\"><span style=\"font-size: large;\"><em>Chroniqueur<\/em><\/span><\/span><span style=\"color: #c00000;\"><span style=\"font-size: large;\">.<\/span><\/span><\/p>\n<p align=\"JUSTIFY\">\n<p align=\"CENTER\"><span style=\"font-size: large;\"><strong>*** *** ***<\/strong><\/span><\/p>\n<p align=\"CENTER\"><span style=\"color: #ff0000;\"><span style=\"font-size: large;\"><strong>Nota : <\/strong><\/span><\/span><span style=\"color: #000000;\"><span style=\"font-size: large;\">Nous ne traitons que de Faits et de Noms rendus Publics.<\/span><\/span><\/p>\n<p align=\"CENTER\">\n<p align=\"CENTER\"><span style=\"color: #000000;\"><span style=\"font-size: large;\">*** *** ***<\/span><\/span><\/p>\n<p align=\"JUSTIFY\"><span style=\"font-size: large;\"><strong>N.B.:<\/strong><\/span><span style=\"font-size: large;\"> &#8211; <\/span><span style=\"color: #c00000;\"><span style=\"font-family: 'Comic Sans MS', cursive;\"><span style=\"font-size: large;\">Nous Recommandons instamment et syst\u00e9matiquement l\u2019ouverture de la (ou des) pi\u00e8ce(s) jointe(s) \u00e0 l\u2019e-mail, sous format Pdf, <\/span><\/span><\/span><span style=\"color: #c00000;\"><span style=\"font-family: 'Comic Sans MS', cursive;\"><span style=\"font-size: large;\"><span style=\"text-decoration: underline;\">les illustrations y sont incluses<\/span><\/span><\/span><\/span><span style=\"color: #c00000;\"><span style=\"font-family: 'Comic Sans MS', cursive;\"><span style=\"font-size: large;\">.<\/span><\/span><\/span><\/p>\n<p align=\"CENTER\"><span style=\"color: #ff0000;\"><span><strong>Ne Peut \u00eatre reproduit &#8211; m\u00eame partiellement &#8211; sans l\u2019autorisation de l\u2019Auteur.<\/strong><\/span><\/span><\/p>\n<p align=\"JUSTIFY\"><span style=\"text-decoration: underline;\"><strong>Liens Sugg\u00e9r\u00e9s\u00a0:<\/strong><\/span><\/p>\n<ul>\n<li>\n<p align=\"JUSTIFY\"><span style=\"color: #0000ff;\"><span style=\"text-decoration: underline;\"><a href=\"http:\/\/www.lescrutateur.com\/\">http:\/\/www.lescrutateur.com\/<\/a><\/span><\/span><\/p>\n<\/li>\n<li>\n<p align=\"JUSTIFY\"><span style=\"color: #0000ff;\"><span style=\"text-decoration: underline;\"><a href=\"http:\/\/www.etatsgenerauxdeloutremer.fr\/reflexions\">http:\/\/www.etatsgenerauxdeloutremer.fr\/reflexions<\/a><\/span><\/span><\/p>\n<\/li>\n<\/ul>\n<p align=\"CENTER\">\n<p align=\"CENTER\"><strong>==================================================================<\/strong><\/p>\n<script type=\"text\/javascript\">\n\nvar addthis_config = {\"data_track_clickback\":false,\"data_track_addressbar\":false,\"data_track_textcopy\":false};\n<\/script><script type=\"text\/javascript\" src=\"\/\/s7.addthis.com\/js\/250\/addthis_widget.js#pubid=a457a6d63fb9e6ccabdde4110343bd85\"><\/script>","protected":false},"excerpt":{"rendered":"<p align=\"CENTER\">\n<p align=\"JUSTIFY\"><span style=\"color: #c00000;\"> <span style=\"font-family: 'Comic Sans MS', cursive;\"><span>\u00ab\u00a0<\/span><\/span><\/span><span style=\"color: #c00000;\"><span style=\"font-family: Cambria, serif;\"><span>Notre M\u00e9tier n\u2019est pas de faire plaisir, Non plus de faire tort \u00e0 qui que ce soit, Ni pour quoi que ce soit, Il est de porter la plume dans la plaie<\/span><\/span><\/span><span style=\"color: #c00000;\"><span style=\"font-family: Cambria, serif;\"><span>\u00a0\u00bb. (Albert LONDRES).<\/span><\/span><\/span><\/p>\n<p align=\"JUSTIFY\">\n<p align=\"CENTER\"><span style=\"color: #c00000;\">*** <\/span>&hellip;<\/p>\n","protected":false},"author":1,"featured_media":0,"comment_status":"open","ping_status":"open","sticky":false,"template":"","format":"standard","meta":{"footnotes":""},"categories":[1],"tags":[],"class_list":["post-12464","post","type-post","status-publish","format-standard","hentry","category-accueil"],"_links":{"self":[{"href":"http:\/\/www.lecarrefourdesopinions.ca\/index.php?rest_route=\/wp\/v2\/posts\/12464","targetHints":{"allow":["GET"]}}],"collection":[{"href":"http:\/\/www.lecarrefourdesopinions.ca\/index.php?rest_route=\/wp\/v2\/posts"}],"about":[{"href":"http:\/\/www.lecarrefourdesopinions.ca\/index.php?rest_route=\/wp\/v2\/types\/post"}],"author":[{"embeddable":true,"href":"http:\/\/www.lecarrefourdesopinions.ca\/index.php?rest_route=\/wp\/v2\/users\/1"}],"replies":[{"embeddable":true,"href":"http:\/\/www.lecarrefourdesopinions.ca\/index.php?rest_route=%2Fwp%2Fv2%2Fcomments&post=12464"}],"version-history":[{"count":1,"href":"http:\/\/www.lecarrefourdesopinions.ca\/index.php?rest_route=\/wp\/v2\/posts\/12464\/revisions"}],"predecessor-version":[{"id":12469,"href":"http:\/\/www.lecarrefourdesopinions.ca\/index.php?rest_route=\/wp\/v2\/posts\/12464\/revisions\/12469"}],"wp:attachment":[{"href":"http:\/\/www.lecarrefourdesopinions.ca\/index.php?rest_route=%2Fwp%2Fv2%2Fmedia&parent=12464"}],"wp:term":[{"taxonomy":"category","embeddable":true,"href":"http:\/\/www.lecarrefourdesopinions.ca\/index.php?rest_route=%2Fwp%2Fv2%2Fcategories&post=12464"},{"taxonomy":"post_tag","embeddable":true,"href":"http:\/\/www.lecarrefourdesopinions.ca\/index.php?rest_route=%2Fwp%2Fv2%2Ftags&post=12464"}],"curies":[{"name":"wp","href":"https:\/\/api.w.org\/{rel}","templated":true}]}}