{"id":12456,"date":"2016-07-05T17:08:39","date_gmt":"2016-07-05T21:08:39","guid":{"rendered":"http:\/\/www.lecarrefourdesopinions.ca\/?p=12456"},"modified":"2016-07-05T17:08:39","modified_gmt":"2016-07-05T21:08:39","slug":"une-cathe-queen-de-made-ici-et-pourquoi-pas","status":"publish","type":"post","link":"http:\/\/www.lecarrefourdesopinions.ca\/?p=12456","title":{"rendered":"Une Cathe-Queen de MADE-ICI, et pourquoi pas."},"content":{"rendered":"<p align=\"CENTER\"><span><strong>Le Cri d\u2019Alarme.<\/strong><\/span><\/p>\n<p align=\"CENTER\"><span style=\"color: #000000;\"><span><strong>Chronique d\u2019\u00c9ric E.G. NOGARD<\/strong><\/span><\/span><\/p>\n<p align=\"CENTER\"><span style=\"color: #000000;\"><span><strong>De l\u2019Ex. Martinique Province Fran\u00e7aise d\u2019Am\u00e9rique Amie du Canada\u00a0<\/strong><\/span><\/span><\/p>\n<p align=\"CENTER\"><span style=\"color: #c00000;\"><em><strong>==========<\/strong><\/em><\/span><\/p>\n<p align=\"JUSTIFY\"><span style=\"color: #c00000;\"> <span style=\"font-family: 'Comic Sans MS', cursive;\"><span>\u00ab\u00a0<\/span><\/span><\/span><span style=\"color: #c00000;\"><span style=\"font-family: Cambria, serif;\"><span><strong>Notre M\u00e9tier n\u2019est pas de faire plaisir, Non plus de faire tort \u00e0 qui que ce soit, Ni pour quoi que ce soit, Il est de porter la plume dans la plaie<\/strong><\/span><\/span><\/span><span style=\"color: #c00000;\"><span style=\"font-family: Cambria, serif;\"><span>\u00a0\u00bb. (Albert LONDRES).<\/span><\/span><\/span><\/p>\n<p align=\"JUSTIFY\">\n<p align=\"CENTER\"><span style=\"color: #c00000;\"><em><strong>*** ***<\/strong><\/em><\/span><\/p>\n<p align=\"JUSTIFY\"><span style=\"color: #632423;\"><em><strong>Pardonnez-nous si jamais, tel Aristarque De SAMOS, nous troublons quelque part, jusqu\u2019au \u00ab\u00a0Repos des Dieux\u00a0\u00bb. (\u00c9ric EG Nogard, Chroniqueur).<\/strong><\/em><\/span><\/p>\n<p align=\"JUSTIFY\">\n<p align=\"CENTER\"><span style=\"color: #c00000;\"><em><strong>==========<\/strong><\/em><\/span><\/p>\n<p align=\"CENTER\">\n<p align=\"CENTER\"><span style=\"color: #000099;\"><span style=\"font-size: x-large;\"><strong>Une <\/strong><\/span><\/span><span style=\"color: #000099;\"><span style=\"font-family: Arial, sans-serif;\"><span style=\"font-size: x-large;\"><em><strong>Cathe-Queen<\/strong><\/em><\/span><\/span><\/span><span style=\"color: #000099;\"><span style=\"font-size: x-large;\"><strong> de <\/strong><\/span><\/span><span style=\"color: #000099;\"><span style=\"font-family: Arial, sans-serif;\"><span style=\"font-size: x-large;\"><em><strong>MADE-ICI<\/strong><\/em><\/span><\/span><\/span><span style=\"color: #000099;\"><span style=\"font-size: x-large;\"><strong>, et pourquoi pas.<\/strong><\/span><\/span><\/p>\n<p align=\"CENTER\">\n<p align=\"CENTER\"><span style=\"color: #000099;\"><span><strong>=====<\/strong><\/span><\/span><\/p>\n<p>&nbsp;<\/p>\n<p align=\"JUSTIFY\"><span style=\"color: #632423;\"><span style=\"font-family: 'Comic Sans MS', cursive;\"><span style=\"font-size: large;\"><em><strong>Une <\/strong><\/em><\/span><\/span><\/span><span style=\"color: #632423;\"><span style=\"font-family: Arial, sans-serif;\"><span style=\"font-size: large;\"><em><strong>Cathe-Queen<\/strong><\/em><\/span><\/span><\/span><span style=\"color: #632423;\"><span style=\"font-family: 'Comic Sans MS', cursive;\"><span style=\"font-size: large;\"><em><strong> de <\/strong><\/em><\/span><\/span><\/span><span style=\"color: #632423;\"><span style=\"font-family: Arial, sans-serif;\"><span style=\"font-size: large;\"><em><strong>MADE<\/strong><\/em><\/span><\/span><\/span><span style=\"color: #632423;\"><span style=\"font-family: 'Comic Sans MS', cursive;\"><span style=\"font-size: large;\"><em><strong>-ICI, et pourquoi pas.<\/strong><\/em><\/span><\/span><\/span><\/p>\n<p align=\"JUSTIFY\">\u00a0<img loading=\"lazy\" decoding=\"async\" class=\"alignnone size-full wp-image-12457\" title=\"Eric\" src=\"http:\/\/www.lecarrefourdesopinions.ca\/wp-content\/uploads\/2016\/07\/Eric.jpg\" alt=\"\" width=\"134\" height=\"107\" \/><\/p>\n<p align=\"JUSTIFY\"><span style=\"color: #632423;\"><span style=\"font-family: 'Comic Sans MS', cursive;\"><span style=\"font-size: large;\">\u00c9ric EG Nogard<\/span><\/span><\/span><\/p>\n<p align=\"JUSTIFY\"><span style=\"color: #c00000;\"><span style=\"font-size: large;\"><em>Chroniqueur<\/em><\/span><\/span><span style=\"color: #c00000;\"><span style=\"font-size: large;\">.<\/span><\/span><\/p>\n<p align=\"CENTER\">\n<p align=\"CENTER\"><span style=\"color: #632423;\"><span style=\"font-size: large;\">*** *** ***<\/span><\/span><\/p>\n<p align=\"CENTER\">\n<p align=\"JUSTIFY\"><span style=\"font-size: x-large;\"><strong>Une <\/strong><\/span><span style=\"font-family: Arial, sans-serif;\"><span style=\"font-size: x-large;\"><em><strong>Cathe-Queen<\/strong><\/em><\/span><\/span><span style=\"font-size: x-large;\"><strong> de <\/strong><\/span><span style=\"font-family: Arial, sans-serif;\"><span style=\"font-size: x-large;\"><em><strong>MADE<\/strong><\/em><\/span><\/span><span style=\"font-size: x-large;\"><em><strong>-ICI<\/strong><\/em><\/span><span style=\"font-size: x-large;\"><strong>, et pourquoi pas.<\/strong><\/span><\/p>\n<p align=\"JUSTIFY\">\n<p align=\"JUSTIFY\">\n<p align=\"JUSTIFY\"><span style=\"font-family: 'Comic Sans MS', cursive;\"><span style=\"font-size: large;\">C\u2019est \u00e0 se demander si la France ne serait pas tout simplement l\u2019Enfant g\u00e2t\u00e9e des Dieux.<\/span><\/span><\/p>\n<p align=\"JUSTIFY\">\n<p align=\"JUSTIFY\"><span style=\"font-family: 'Comic Sans MS', cursive;\"><span style=\"font-size: large;\">Combien d\u2019\u00e9tourderies n\u2019aurait-elle pas commises, combien de Crimes peut-\u00eatre\u2026 gardons-nous \u00e0 cet \u00e9gard de recourir \u00e0 la Petite Cl\u00e9 de Barbe Bleue<\/span><\/span><span style=\"font-size: large;\">.<\/span><\/p>\n<p align=\"JUSTIFY\">\n<p align=\"JUSTIFY\">\n<p align=\"JUSTIFY\"><span style=\"font-size: large;\"><strong>Et toujours, toujours-toujours, des Amis pour lui tendre la main et la sortir du P\u00e9trin dans lequel elle s\u2019est fourr\u00e9e dans sa manie de tout Mener \u00e0 la Baguette\u2026 tout\u2026 et tous, quand la pauvrette, a-t-elle au moins la Force de sa Petite Ch\u00e8vre du p\u00e8re SEGUIN<\/strong><\/span><span style=\"font-size: large;\">.<\/span><\/p>\n<p align=\"JUSTIFY\">\n<p align=\"JUSTIFY\">\n<p align=\"CENTER\"><img loading=\"lazy\" decoding=\"async\" class=\"alignnone size-full wp-image-12458\" title=\"F1   Vaut elle au moins la Chevre du Pere Seguin\" src=\"http:\/\/www.lecarrefourdesopinions.ca\/wp-content\/uploads\/2016\/07\/F1-Vaut-elle-au-moins-la-Chevre-du-Pere-Seguin.jpg\" alt=\"\" width=\"280\" height=\"148\" \/><\/p>\n<p align=\"CENTER\">\n<p align=\"CENTER\"><span style=\"font-size: large;\"><strong>F1\u00a0: <\/strong><\/span><span style=\"color: #c00000;\"><span style=\"font-size: large;\"><em><strong>Vaut-elle au moins la Ch\u00e8vre du P\u00e8re Seguin.<\/strong><\/em><\/span><\/span><\/p>\n<p align=\"JUSTIFY\">\n<p align=\"JUSTIFY\"><span style=\"font-size: large;\">Et toujours, toujours-toujours, assez ingrate envers ceux-l\u00e0 m\u00eame qui la sortent de la Gueule du Loup.<\/span><\/p>\n<p align=\"JUSTIFY\">\n<p align=\"JUSTIFY\">\n<p align=\"CENTER\"><img loading=\"lazy\" decoding=\"async\" class=\"alignnone size-full wp-image-12459\" title=\"cela_doure_____Nous_dirait_elle_=  de son bel accent Corse  Pourvu que cela dure    let s hope that\" src=\"http:\/\/www.lecarrefourdesopinions.ca\/wp-content\/uploads\/2016\/07\/cela_doure_____Nous_dirait_elle_-de-son-bel-accent-Corse-Pourvu-que-cela-dure-let-s-hope-that.jpg\" alt=\"\" width=\"422\" height=\"638\" srcset=\"http:\/\/www.lecarrefourdesopinions.ca\/wp-content\/uploads\/2016\/07\/cela_doure_____Nous_dirait_elle_-de-son-bel-accent-Corse-Pourvu-que-cela-dure-let-s-hope-that.jpg 422w, http:\/\/www.lecarrefourdesopinions.ca\/wp-content\/uploads\/2016\/07\/cela_doure_____Nous_dirait_elle_-de-son-bel-accent-Corse-Pourvu-que-cela-dure-let-s-hope-that-198x300.jpg 198w, http:\/\/www.lecarrefourdesopinions.ca\/wp-content\/uploads\/2016\/07\/cela_doure_____Nous_dirait_elle_-de-son-bel-accent-Corse-Pourvu-que-cela-dure-let-s-hope-that-400x604.jpg 400w\" sizes=\"auto, (max-width: 422px) 100vw, 422px\" \/><\/p>\n<p align=\"CENTER\">\n<p align=\"CENTER\"><span style=\"font-size: large;\"><strong>F2\u00a0: <\/strong><\/span><span style=\"color: #c00000;\"><span style=\"font-size: large;\"><strong>La\u00ebtitia BONAPARTE.<\/strong><\/span><\/span><\/p>\n<p align=\"CENTER\"><span style=\"color: #c00000;\"><span style=\"font-size: large;\"><em><strong>\u00ab\u00a0<\/strong><\/em><\/span><\/span><span style=\"color: #c00000;\"><span style=\"font-family: Arial, sans-serif;\"><span style=\"font-size: large;\"><em><strong>Pourvou k\u00e9 c\u00e9la doure<\/strong><\/em><\/span><\/span><\/span><span style=\"color: #c00000;\"><span style=\"font-size: large;\"><em><strong>\u00a0\u00bb\u00a0! Nous dirait-elle de son bel accent Corse.<\/strong><\/em><\/span><\/span><\/p>\n<p align=\"CENTER\"><span style=\"color: #c00000;\"><span style=\"font-size: large;\"><em><strong>Pourvu que cela dure\u2026 <\/strong><\/em><\/span><\/span><span style=\"color: #c00000;\"><span style=\"font-family: Arial, sans-serif;\"><span style=\"font-size: large;\"><em><strong>let\u2019s hope that will last<\/strong><\/em><\/span><\/span><\/span><span style=\"color: #c00000;\"><span style=\"font-size: large;\"><em><strong>.<\/strong><\/em><\/span><\/span><\/p>\n<p align=\"JUSTIFY\">\n<p align=\"JUSTIFY\">\n<p align=\"JUSTIFY\"><span style=\"font-size: large;\"><strong>Combien de temps cela durera-t-il encore, car la roue tourne, nous dirait la Sage La\u00ebtitia comme au vu du spectacle des exploits de son Fils, l\u2019Empereur des Fran\u00e7ais<\/strong><\/span><span style=\"font-size: large;\">.<\/span><\/p>\n<p align=\"JUSTIFY\">\n<p align=\"JUSTIFY\"><span style=\"font-size: large;\">Combien de temps encore jouera-t-elle \u00e0 l\u2019adolescente en crise, assur\u00e9e de la Protection de ses Papas-bons-Dieux.<\/span><\/p>\n<p align=\"JUSTIFY\">\n<p align=\"JUSTIFY\"><span style=\"font-size: large;\">En tout cas, voil\u00e0 que la France agr\u00e9e comme Parti Politique l\u2019Institut Civitas, une D\u00e9cision parue le 12 juin dernier au Journal Officiel Fran\u00e7ais en faisant foi.<\/span><\/p>\n<p align=\"JUSTIFY\">\n<p align=\"JUSTIFY\">\n<p align=\"JUSTIFY\"><span style=\"font-size: large;\"><strong>En somme, une Repr\u00e9sentation Politique Autonome \u00e0 des Militants Religieux Notoires<\/strong><\/span><span style=\"font-size: large;\">\u2026 <\/span><span style=\"font-size: large;\"><strong>est-il besoin de recourir \u00e0 son Marc de Caf\u00e9 ou au \u00ab\u00a0Petit Miroir\u00a0\u00bb pour se faire une id\u00e9e de ce qui en r\u00e9sultera.<\/strong><\/span><\/p>\n<p align=\"JUSTIFY\">\n<p align=\"JUSTIFY\"><span style=\"font-size: large;\">Quel Bien, ou quel Mal Fran\u00e7ais, a bien pu sugg\u00e9rer la L\u00e9galisation d\u2019un tel risque d\u2019Amalgame Politico-Religieux.<\/span><\/p>\n<p align=\"JUSTIFY\">\n<p align=\"JUSTIFY\">\n<p align=\"JUSTIFY\"><span style=\"font-size: large;\"><strong>Et, sur quel Article, sur quelle B\u00e9quille de la CONSTITUTION pourra-t-on se Fonder pour Refuser aux Croyants, ou en Allah, ou au Dala\u00ef-Lama, le Droit d\u2019en faire autant\u2026 \u00e0 moins que ce ne soit le But Sournoisement Recherch\u00e9\u00a0!..<\/strong><\/span><\/p>\n<p align=\"JUSTIFY\">\n<p align=\"JUSTIFY\"><span style=\"font-size: large;\">Et, de Fil en Aiguille, s\u2019il advenait que sur le sol de France, un Parti Religio-Politique non Chr\u00e9tien acc\u00e8de \u00e0 la Conduite des Affaires de la Nation, avec \u00e0 sa t\u00eate une <\/span><span style=\"font-family: Arial, sans-serif;\"><span style=\"font-size: large;\"><em>Cathe-Queen de MADE-ICI <\/em><\/span><\/span><span style=\"font-size: large;\">venue du D\u00e9sert d\u2019\u00e0 c\u00f4t\u00e9 plut\u00f4t que d\u2019Italie.<\/span><\/p>\n<p align=\"JUSTIFY\">\n<p align=\"JUSTIFY\">\n<p align=\"CENTER\"><img loading=\"lazy\" decoding=\"async\" class=\"alignnone size-full wp-image-12460\" title=\"F3   Catherine de MEDICIS  Ordonnatrice de la Saint Barthelemy\" src=\"http:\/\/www.lecarrefourdesopinions.ca\/wp-content\/uploads\/2016\/07\/F3-Catherine-de-MEDICIS-Ordonnatrice-de-la-Saint-Barthelemy.gif\" alt=\"\" width=\"300\" height=\"270\" \/><\/p>\n<p align=\"CENTER\">\n<p align=\"CENTER\"><span style=\"font-size: large;\"><strong>F3\u00a0:<\/strong><\/span><span style=\"color: #c00000;\"><span style=\"font-size: large;\"><em><strong>Catherine de M\u00c9DICIS, Ordonnatrice de la Saint-Barth\u00e9lemy<\/strong><\/em><\/span><\/span><span style=\"font-size: large;\">.<\/span><\/p>\n<p align=\"JUSTIFY\">\n<p align=\"JUSTIFY\">\n<p align=\"JUSTIFY\"><span style=\"font-size: large;\">N\u2019en d\u00e9plaise \u00e0 tous ceux qui pourraient douter de la possibilit\u00e9 imm\u00e9diate ou prochaine d\u2019une telle \u00e9ventualit\u00e9, une Saint-Barth\u00e9lemy nous pend d\u00e9sormais au-dessus de la t\u00eate, telle l\u2019\u00e9p\u00e9e de Damocl\u00e8s.<\/span><\/p>\n<p align=\"JUSTIFY\">\n<p align=\"JUSTIFY\">\n<p align=\"CENTER\"><img loading=\"lazy\" decoding=\"async\" class=\"alignnone size-large wp-image-12461\" title=\"Scenes_de_Cruaute,_=C3=A0_la_Saint-Barth___sous_Catherine_=  de MEDICIS  Son Fils Charles IX etant Roi de France\" src=\"http:\/\/www.lecarrefourdesopinions.ca\/wp-content\/uploads\/2016\/07\/Scenes_de_Cruaute_C3A0_la_Saint-Barth___sous_Catherine_-de-MEDICIS-Son-Fils-Charles-IX-etant-Roi-de-France-1024x355.jpg\" alt=\"\" width=\"450\" height=\"156\" srcset=\"http:\/\/www.lecarrefourdesopinions.ca\/wp-content\/uploads\/2016\/07\/Scenes_de_Cruaute_C3A0_la_Saint-Barth___sous_Catherine_-de-MEDICIS-Son-Fils-Charles-IX-etant-Roi-de-France-1024x355.jpg 1024w, http:\/\/www.lecarrefourdesopinions.ca\/wp-content\/uploads\/2016\/07\/Scenes_de_Cruaute_C3A0_la_Saint-Barth___sous_Catherine_-de-MEDICIS-Son-Fils-Charles-IX-etant-Roi-de-France-300x104.jpg 300w, http:\/\/www.lecarrefourdesopinions.ca\/wp-content\/uploads\/2016\/07\/Scenes_de_Cruaute_C3A0_la_Saint-Barth___sous_Catherine_-de-MEDICIS-Son-Fils-Charles-IX-etant-Roi-de-France-400x138.jpg 400w, http:\/\/www.lecarrefourdesopinions.ca\/wp-content\/uploads\/2016\/07\/Scenes_de_Cruaute_C3A0_la_Saint-Barth___sous_Catherine_-de-MEDICIS-Son-Fils-Charles-IX-etant-Roi-de-France.jpg 1137w\" sizes=\"auto, (max-width: 450px) 100vw, 450px\" \/><\/p>\n<p align=\"CENTER\">\n<p align=\"CENTER\"><span style=\"font-size: large;\"><strong>F4\u00a0: <\/strong><\/span><span style=\"color: #c00000;\"><span style=\"font-size: large;\"><em><strong>Sc\u00e8nes de Cruaut\u00e9, \u00e0 la Saint-Barth., sous Catherine de M\u00c9DICIS.<\/strong><\/em><\/span><\/span><\/p>\n<p align=\"CENTER\"><span style=\"color: #c00000;\"><span style=\"font-size: large;\"><em><strong>Son Fils Charles IX \u00e9tant Roi de France\u00a0! <\/strong><\/em><\/span><\/span><\/p>\n<p align=\"JUSTIFY\">\n<p align=\"JUSTIFY\">\n<p align=\"JUSTIFY\"><span style=\"font-size: large;\"><strong>Nous en avons la Chair de Poule, au <\/strong><\/span><span style=\"font-size: large;\"><em><strong>Cri d\u2019Alarme<\/strong><\/em><\/span><span style=\"font-size: large;\"><strong>.<\/strong><\/span><\/p>\n<p align=\"JUSTIFY\">\n<p align=\"JUSTIFY\"><span style=\"font-size: large;\">La France souffrirait-elle du Syndrome de l\u2019Auto-Destruction ou alors, le Choix de ses dirigeants serait-il devenu une affaire d\u2019Artistes, d\u2019Artisans ou de Sp\u00e9cialistes au Labyrinthe inviolable que par les Th\u00e9s\u00e9e de nos Intellectuels, que par le Fil d\u2019Ariane de notre <\/span><span style=\"font-family: Arial, sans-serif;\"><span style=\"font-size: large;\"><em>Common Sense<\/em><\/span><\/span><span style=\"font-size: large;\">.<\/span><\/p>\n<p align=\"JUSTIFY\">\n<p align=\"JUSTIFY\">\n<p align=\"JUSTIFY\"><span style=\"font-family: 'Comic Sans MS', cursive;\"><span style=\"font-size: large;\">Une <\/span><\/span><span style=\"font-family: Arial, sans-serif;\"><span style=\"font-size: large;\"><em>Cathe-Queen de MADE-ICI<\/em><\/span><\/span><span style=\"font-family: 'Comic Sans MS', cursive;\"><span style=\"font-size: large;\">, si c\u2019est bien ce que veut la France\u2026 <\/span><\/span><span style=\"font-family: Arial, sans-serif;\"><span style=\"font-size: large;\"><em>Why not\u00a0!<\/em><\/span><\/span><\/p>\n<p align=\"JUSTIFY\">\n<p align=\"JUSTIFY\"><span style=\"font-family: 'Comic Sans MS', cursive;\"><span style=\"font-size: large;\">Sauf que ses Alli\u00e9s seront peut-\u00eatre inscrits aux Abonn\u00e9s Absents\u2026 Car Trop c\u2019est Trop<\/span><\/span><span style=\"font-size: large;\">.<\/span><\/p>\n<p align=\"JUSTIFY\">\n<p align=\"JUSTIFY\">\n<p align=\"JUSTIFY\"><span style=\"font-family: 'Arial Rounded MT Bold', sans-serif;\"><span style=\"font-size: large;\"><span style=\"text-decoration: underline;\">En toute derni\u00e8re minute<\/span><\/span><\/span><span style=\"font-family: 'Arial Rounded MT Bold', sans-serif;\"><span style=\"font-size: large;\">, nous recevons ce mot de CIVITAS (<\/span><\/span><span style=\"font-family: 'Arial Rounded MT Bold', sans-serif;\"><span style=\"font-size: large;\"><em>CIVITAS<\/em><\/span><\/span><span style=\"font-family: 'Arial Rounded MT Bold', sans-serif;\"><span style=\"font-size: large;\"><em><strong> sur le terrain politique.<\/strong><\/em><\/span><\/span><span style=\"font-family: 'Arial Rounded MT Bold', sans-serif;\"><span style=\"font-size: large;\"><strong>) <\/strong><\/span><\/span><span style=\"font-family: 'Arial Rounded MT Bold', sans-serif;\"><span style=\"font-size: large;\">que nous communiquons \u00e0 nos Lecteurs en mettant en Garde contre les risques d\u2019une telle initiative, si louable soit-elle.<\/span><\/span><\/p>\n<p align=\"JUSTIFY\">\n<p align=\"JUSTIFY\"><span style=\"font-size: large;\">\u00c9ric EG Nogard<\/span><\/p>\n<p align=\"JUSTIFY\"><span style=\"color: #c00000;\"><span style=\"font-size: large;\"><em>Chroniqueur<\/em><\/span><\/span><span style=\"color: #c00000;\"><span style=\"font-size: large;\">.<\/span><\/span><\/p>\n<p align=\"JUSTIFY\">\n<p align=\"JUSTIFY\">\n<p align=\"CENTER\"><span style=\"font-size: large;\"><strong>*** *** ***<\/strong><\/span><\/p>\n<p align=\"CENTER\"><span style=\"font-size: large;\"><strong>*** *** ***<\/strong><\/span><\/p>\n<p align=\"CENTER\">\n<table width=\"511\" border=\"0\" cellspacing=\"0\" cellpadding=\"1\">\n<colgroup>\n<col width=\"272\" \/>\n<col width=\"3\" \/>\n<col width=\"230\" \/> <\/colgroup>\n<tbody>\n<tr>\n<td width=\"272\">\n<p align=\"JUSTIFY\">\n<p align=\"JUSTIFY\"><span style=\"font-family: Calibri, sans-serif;\"><span style=\"font-size: large;\">Civitas etassociations catholiques<\/span><\/span><\/p>\n<p align=\"JUSTIFY\"><span style=\"font-family: Calibri, sans-serif;\"><span style=\"font-size: large;\">\u00ab\u00a0contact@catholiquetoujours.com<\/span><\/span><\/p>\n<p align=\"JUSTIFY\">\n<\/td>\n<td rowspan=\"3\" width=\"3\">\n<p align=\"JUSTIFY\">\n<\/td>\n<td valign=\"TOP\" width=\"230\">\n<p>&nbsp;<\/p>\n<\/td>\n<\/tr>\n<tr>\n<td width=\"272\">\n<p align=\"JUSTIFY\"><span style=\"font-family: Calibri, sans-serif;\"><span style=\"font-size: large;\"><strong>\u00e0 <\/strong><\/span><\/span><\/p>\n<\/td>\n<td width=\"230\">\n<p align=\"JUSTIFY\"><a href=\"mailto:eric.nogard@orange.fr\"><span style=\"color: #0000ff;\"><span style=\"font-family: Calibri, sans-serif;\"><span style=\"font-size: large;\"><span style=\"text-decoration: underline;\">eric.nogard@orange.fr<\/span><\/span><\/span><\/span><\/a><\/p>\n<\/td>\n<\/tr>\n<tr>\n<td width=\"272\">\n<p align=\"JUSTIFY\"><span style=\"font-family: Calibri, sans-serif;\"><span style=\"font-size: large;\"><strong>date <\/strong><\/span><\/span><\/p>\n<\/td>\n<td width=\"230\">\n<p align=\"JUSTIFY\"><span style=\"font-family: Calibri, sans-serif;\"><span style=\"font-size: large;\">01\/07\/16 23:45<\/span><\/span><\/p>\n<\/td>\n<\/tr>\n<tr>\n<td width=\"272\">\n<p align=\"JUSTIFY\"><span style=\"font-family: Calibri, sans-serif;\"><span style=\"font-size: large;\"><strong>objet <\/strong><\/span><\/span><\/p>\n<\/td>\n<td colspan=\"2\" width=\"235\">\n<p align=\"JUSTIFY\"><span style=\"font-family: Calibri, sans-serif;\"><span style=\"font-size: large;\">CIVITAS sur le terrain politique<\/span><\/span><\/p>\n<\/td>\n<\/tr>\n<\/tbody>\n<\/table>\n<p align=\"JUSTIFY\">\n<p align=\"JUSTIFY\">\n<p lang=\"\" align=\"JUSTIFY\">\n<p align=\"JUSTIFY\">\n<p align=\"JUSTIFY\">\n<p align=\"JUSTIFY\">\u00a0<img loading=\"lazy\" decoding=\"async\" class=\"alignnone size-full wp-image-12462\" title=\"banniere civitas\" src=\"http:\/\/www.lecarrefourdesopinions.ca\/wp-content\/uploads\/2016\/07\/banniere-civitas.jpg\" alt=\"\" width=\"778\" height=\"100\" srcset=\"http:\/\/www.lecarrefourdesopinions.ca\/wp-content\/uploads\/2016\/07\/banniere-civitas.jpg 778w, http:\/\/www.lecarrefourdesopinions.ca\/wp-content\/uploads\/2016\/07\/banniere-civitas-300x38.jpg 300w, http:\/\/www.lecarrefourdesopinions.ca\/wp-content\/uploads\/2016\/07\/banniere-civitas-400x51.jpg 400w\" sizes=\"auto, (max-width: 778px) 100vw, 778px\" \/><\/p>\n<p align=\"CENTER\"><span style=\"color: #c00000;\"><span style=\"font-family: Calibri, sans-serif;\"><span style=\"font-size: large;\"><strong>CIVITAS sur le terrain politique.<\/strong><\/span><\/span><\/span><\/p>\n<p align=\"JUSTIFY\">\n<p align=\"JUSTIFY\">\n<p align=\"JUSTIFY\"><span style=\"font-family: Calibri, sans-serif;\"><span style=\"font-size: large;\">Ces jours-ci, les m\u00e9dias ont abondamment parl\u00e9 de la transformation de Civitas en parti politique. L\u2019expression est impropre. Les partis ont l\u2019habitude de placer des int\u00e9r\u00eats particuliers au-dessus de l\u2019int\u00e9r\u00eat g\u00e9n\u00e9ral. Au contraire, Civitas veut agir en politique \u00e0 la fa\u00e7on d\u2019une ligue au service du Bien commun. <\/span><\/span><\/p>\n<p align=\"JUSTIFY\"><span style=\"font-family: Calibri, sans-serif;\"><span style=\"font-size: large;\">Les statuts de Civitas ont donc \u00e9t\u00e9 modifi\u00e9s. Civitas peut d\u00e9sormais soutenir ou pr\u00e9senter des candidats lors des \u00e9lections. <\/span><\/span><\/p>\n<p align=\"JUSTIFY\"><span style=\"font-family: Calibri, sans-serif;\"><span style=\"font-size: large;\">Que tout le monde se rassure, Civitas n\u2019a nulle intention de se prostituer pour quelques bulletins de vote. Mais nous pensons que ce statut peut nous apporter une tribune plus importante pour exposer nos id\u00e9es. <\/span><\/span><\/p>\n<p align=\"JUSTIFY\"><span style=\"font-family: Calibri, sans-serif;\"><span style=\"font-size: large;\">En septembre, Civitas pr\u00e9sentera donc sa strat\u00e9gie \u00e0 cet effet ainsi qu\u2019un programme affranchi de tout politiquement correct. <\/span><\/span><\/p>\n<p align=\"JUSTIFY\"><span style=\"font-family: Calibri, sans-serif;\"><span style=\"font-size: large;\">Le 8 mai 2016, lors de l\u2019hommage national \u00e0 Sainte Jeanne d\u2019Arc, je concluais mon discours par un appel \u00e0 la convergence. Il ne s\u2019agissait pas d\u2019une simple formule de convenance. Il ne faut pas non plus qu\u2019il s\u2019agisse d\u2019un v\u0153u pieux sans lendemain. <\/span><\/span><\/p>\n<p align=\"JUSTIFY\"><span style=\"font-family: Calibri, sans-serif;\"><span style=\"font-size: large;\">Les circonstances difficiles que traversent la France et toutes les nations d\u2019Europe refl\u00e8tent une impitoyable convergence des catastrophes qui semble irr\u00e9pressible. La tyrannie du mondialisme et de sa vassale r\u00e9publique ma\u00e7onnique se renforce de jour en jour. Le d\u00e9ferlement migratoire orchestr\u00e9 pour remplacer nos populations ne rencontre quasi aucune r\u00e9sistance d\u2019une population anesth\u00e9si\u00e9e par une soci\u00e9t\u00e9 de consommation qui la tient en esclavage. Le vice et la d\u00e9virilisation de notre civilisation finissent d\u2019achever ses capacit\u00e9s \u00e0 affronter les \u00e9v\u00e8nements. Quant au d\u00e9voiement de la foi et de la doctrine catholiques par une Rome conciliaire devenue complice du nouvel ordre mondial, il ne fait qu\u2019accentuer la d\u00e9christianisation de notre soci\u00e9t\u00e9. <\/span><\/span><\/p>\n<p align=\"JUSTIFY\"><span style=\"font-family: Calibri, sans-serif;\"><span style=\"font-size: large;\">Ce terrible constat devrait avoir pour effet indirect de mettre fin \u00e0 tout orgueil de ceux qui refusent de se soumettre. Aucun parti, aucun mouvement, aucune association ne peut raisonnablement croire qu\u2019il parviendra seul et par ses propres moyens \u00e0 restaurer la France. Seule la convergence des forces peut apporter un mince espoir. Encore faut-il pour cela que cette convergence se fasse sur un socle solide qui relie la foi du moine \u00e0 la volont\u00e9 du guerrier et \u00e0 l\u2019imagination du dissident dans le respect de l\u2019h\u00e9ritage d\u2019une France dont la grandeur a r\u00e9ellement d\u00e9marr\u00e9 avec le bapt\u00eame de Clovis. <\/span><\/span><\/p>\n<p align=\"JUSTIFY\"><span style=\"font-family: Calibri, sans-serif;\"><span style=\"font-size: large;\">D\u2019embl\u00e9e, il faut d\u00e9samorcer une crainte : la convergence n\u2019est pas l\u2019uniformit\u00e9. La convergence est la coordination de l\u2019agir au service d\u2019un bien commun. <\/span><\/span><\/p>\n<p align=\"JUSTIFY\"><span style=\"font-family: Calibri, sans-serif;\"><span style=\"font-size: large;\">Il faut obtenir que tous ceux qui aiment sinc\u00e8rement la France et admettent que celle-ci est une terre chr\u00e9tienne parviennent \u00e0 conjuguer leurs efforts. <\/span><\/span><\/p>\n<p align=\"JUSTIFY\"><span style=\"font-family: Calibri, sans-serif;\"><span style=\"font-size: large;\">Civitas peut jouer un r\u00f4le moteur dans ce domaine. Il faut que dans les mois qui viennent, cette convergence prenne une forme concr\u00e8te. Que des conf\u00e9rences, des colloques, des congr\u00e8s, des manifestations, soient autant d\u2019occasion de convergence. Que des projets communs se mettent en place, au niveau local comme au niveau national. Que des m\u00e9dias alternatifs viennent les relayer. Qu\u2019un r\u00e9seau prenne forme. Et que Civitas y veille \u00e0 ce que la d\u00e9fense de la V\u00e9rit\u00e9 y prime sur la loi du nombre. <\/span><\/span><\/p>\n<p align=\"JUSTIFY\"><span style=\"font-family: Calibri, sans-serif;\"><span style=\"font-size: large;\"><br \/><\/span><\/span><span style=\"font-family: Calibri, sans-serif;\"><span style=\"font-size: large;\"><strong>Les enregistrements des \u00e9missions radios sur le sujet :<\/strong><\/span><\/span><\/p>\n<p align=\"JUSTIFY\"><a href=\"http:\/\/catholiquetoujours.com\/c6.php?ec=2&amp;l=hHeNsHu6gmto&amp;i=ZGRmnWKaY2xl&amp;t=ZA&amp;e=mKafx17RoJ6Uoslyn9STpcmZk5el&amp;u=m6iq1GqSYK6qp5OVmdibq8Onkpqh1qed2NmpZZqj0JGWo6TYldGlZqmZyqlfk2Zqm2OWYA&amp;v=7\" target=\"_blank\"><span style=\"color: #0000ff;\"><span style=\"font-family: Calibri, sans-serif;\"><span style=\"font-size: large;\"><span style=\"text-decoration: underline;\">Alain Escada (Civitas) vs Olivier Falorni (PRG)<\/span><\/span><\/span><\/span><\/a><\/p>\n<p align=\"JUSTIFY\"><a href=\"http:\/\/catholiquetoujours.com\/c6.php?ec=2&amp;l=hHeNsHu6gmto&amp;i=ZGRmnWKaY2xl&amp;t=ZA&amp;e=mKafx17RoJ6Uoslyn9STpcmZk5el&amp;u=m6iq1GqSYK6qp5OVmdibq8Onkpqh1qed2NmpZZqj0JGWo6TYldGlZqmZyqlfk2ZrkmOWYA&amp;v=7\" target=\"_blank\"><span style=\"color: #0000ff;\"><span style=\"font-family: Calibri, sans-serif;\"><span style=\"font-size: large;\"><span style=\"text-decoration: underline;\">Alain Escada (Civitas) face aux \u201cGrandes Gueules\u201d de RMC<\/span><\/span><\/span><\/span><\/a><\/p>\n<p align=\"JUSTIFY\"><span style=\"font-family: Calibri, sans-serif;\"><span style=\"font-size: large;\"><br \/><\/span><\/span><span style=\"font-family: Calibri, sans-serif;\"><span style=\"font-size: large;\"><strong>Entretien publi\u00e9 par M\u00e9dias Presse Info :<\/strong><\/span><\/span><\/p>\n<p align=\"JUSTIFY\"><span style=\"font-family: Calibri, sans-serif;\"><span style=\"font-size: large;\">Mardi, le <\/span><\/span><span style=\"font-family: Calibri, sans-serif;\"><span style=\"font-size: large;\"><em>Parisien\u00a0<\/em><\/span><\/span><span style=\"font-family: Calibri, sans-serif;\"><span style=\"font-size: large;\">a publi\u00e9 un article consacr\u00e9 \u00e0 l\u2019arriv\u00e9e de Civitas sur le terrain politique. Dans la foul\u00e9e, la plupart des titres de la presse \u00e9crite fran\u00e7aise ont suivi. Au soir, la nouvelle devenait sujet de d\u00e9bat sur LCI et sur RTL. Ce mercredi matin, Alain Escada, pr\u00e9sident de Civitas, \u00e9tait invit\u00e9 en direct \u00e0 d\u00e9battre avec le d\u00e9put\u00e9 Olivier Falorni, lors de la matinale d\u2019Yves Calvi sur RTL. Quelques instants plus tard, Alain Escada intervenait en direct dans l\u2019\u00e9mission <\/span><\/span><span style=\"font-family: Calibri, sans-serif;\"><span style=\"font-size: large;\"><em>Les Grandes Gueules<\/em><\/span><\/span><span style=\"font-family: Calibri, sans-serif;\"><span style=\"font-size: large;\">\u00a0de RMC. <\/span><\/span><\/p>\n<p align=\"JUSTIFY\"><span style=\"font-family: Calibri, sans-serif;\"><span style=\"font-size: large;\"><strong>MPI : Quelle est donc la raison de cet int\u00e9r\u00eat soudain pour Civitas ?<\/strong><\/span><\/span><span style=\"font-family: Calibri, sans-serif;\"><span style=\"font-size: large;\"> <br \/>Alain Escada : Voil\u00e0 quelques jours que des milieux la\u00efcistes et LGBT harc\u00e8lent des journalistes pour qu\u2019ils crient au scandale au motif que Civitas a modifi\u00e9 ses statuts et obtenu la reconnaissance en tant que groupement politique. <br \/>A ce titre, Civitas pourra soutenir ou pr\u00e9senter des candidats lors des prochaines \u00e9ch\u00e9ances \u00e9lectorales. <\/span><\/span><\/p>\n<p align=\"JUSTIFY\">\n<p><span style=\"font-family: Calibri, sans-serif;\"><span style=\"font-size: large;\"><strong>MPI : Et Civitas peut \u00e9galement \u00e0 nouveau assurer une d\u00e9ductibilit\u00e9 fiscale \u00e0 ses donateurs\u2026<\/strong><\/span><\/span><span style=\"font-family: Calibri, sans-serif;\"><span style=\"font-size: large;\"> <br \/>Alain Escada : En effet, les dons que des particuliers feront \u00e0 Civitas seront d\u00e9ductibles d\u2019imp\u00f4ts \u00e0 hauteur de 66% du don. Cela semble particuli\u00e8rement faire enrager certains lobbies qui voudraient que de telles pratiques leurs soient r\u00e9serv\u00e9es. <br \/>Mais cette modification statutaire de Civitas a une port\u00e9e bien plus importante que cet aspect fiscal. <br \/>Il s\u2019agit de conqu\u00e9rir une tribune pour faire entendre la voix du pays r\u00e9el. Notre discours sera catholique mais il pourra convaincre bien au-del\u00e0 des catholiques. La d\u00e9fense de la Famille et de l\u2019identit\u00e9 fran\u00e7aise correspondent \u00e0 une attente de beaucoup. <\/span><\/span><\/p>\n<p align=\"JUSTIFY\"><span style=\"font-family: Calibri, sans-serif;\"><span style=\"font-size: large;\"><strong>MPI : Le d\u00e9put\u00e9 Olivier Falorni (radical de gauche) ne cesse de vocif\u00e9rer \u00e0 votre encontre. Civitas serait antid\u00e9mocratique selon lui.<\/strong><\/span><\/span><span style=\"font-family: Calibri, sans-serif;\"><span style=\"font-size: large;\"> <br \/>Alain Escada : Je note que M. Falorni, et beaucoup de ses homologues, ont fr\u00e9quemment le mot \u00ab d\u00e9mocratie \u00bb \u00e0 la bouche mais n\u2019aiment les \u00e9lections ou les r\u00e9f\u00e9rendums que lorsque le peuple s\u2019exprime comme le pays l\u00e9gal le veut. Regardez ce qui se passe avec le Brexit. D\u00e8s lors que les Britanniques votent contre l\u2019oligarchie mondialiste, ils sont r\u00e9duits \u00e0 la caricature de vieillards incultes et x\u00e9nophobes par les commentateurs et les fameux sondages.<\/span><\/span><\/p>\n<p align=\"JUSTIFY\"><span style=\"font-family: Calibri, sans-serif;\"><span style=\"font-size: large;\"><strong>MPI : Le d\u00e9put\u00e9 Falorni s\u2019est \u00e9galement inqui\u00e9t\u00e9 qu\u2019un mouvement \u00ab int\u00e9griste \u00bb comme Civitas puisse participer aux \u00e9lections !<\/strong><\/span><\/span><span style=\"font-family: Calibri, sans-serif;\"><span style=\"font-size: large;\"> <br \/>Alain Escada : Je n\u2019ai aucune le\u00e7on \u00e0 recevoir de cet ayatollah de la la\u00efcit\u00e9 ou de tout autre fondamentaliste la\u00efciste. Que les parlementaires membres des loges ma\u00e7onniques commencent d\u2019abord par se d\u00e9voiler avant de s\u2019occuper de Civitas qui assume son catholicisme.<\/span><\/span><\/p>\n<p align=\"JUSTIFY\">\n<p><span style=\"font-family: Calibri, sans-serif;\"><span style=\"font-size: large;\"><strong>MPI : Lors des d\u00e9bats radiophoniques de ce matin, vous avez d\u2019ailleurs \u00e9voqu\u00e9 ce sujet de la franc-ma\u00e7onnerie.<\/strong><\/span><\/span><span style=\"font-family: Calibri, sans-serif;\"><span style=\"font-size: large;\"> <br \/>Alain Escada : Oui, je r\u00e9p\u00e8te qu\u2019il faut lib\u00e9rer le gouvernement fran\u00e7ais et les diff\u00e9rentes institutions de l\u2019Etat de l\u2019emprise de la franc-ma\u00e7onnerie.<\/span><\/span><\/p>\n<p><span style=\"font-family: Calibri, sans-serif;\"><span style=\"font-size: large;\"><strong>MPI : Au fait, pourquoi Civitas n\u2019avait pas jusqu\u2019ici communiqu\u00e9 au sujet des modifications de ses statuts ?<\/strong><\/span><\/span><span style=\"font-family: Calibri, sans-serif;\"><span style=\"font-size: large;\"> <br \/>Alain Escada : Tout simplement parce que Civitas a pr\u00e9vu d\u2019attendre septembre pour faire conna\u00eetre sa strat\u00e9gie et les grandes lignes de ses positionnements, ainsi que pour lancer une vaste campagne de recrutement.<\/span><\/span><\/p>\n<p><span style=\"font-family: Calibri, sans-serif;\"><span style=\"font-size: large;\"><strong>MPI : Est-ce \u00e0 dire que, d\u2019ici-l\u00e0, il n\u2019est pas possible de vous rejoindre et de vous proposer de l\u2019aide ?<\/strong><\/span><\/span><span style=\"font-family: Calibri, sans-serif;\"><span style=\"font-size: large;\"> <br \/>Alain Escada : Que ceux qui veulent nous rejoindre ou nous aider d\u2019une quelconque fa\u00e7on n\u2019h\u00e9sitent pas \u00e0 le faire d\u00e8s maintenant, bien s\u00fbr. Mais nous exprimerons plus clairement nos objectifs \u00e0 la rentr\u00e9e de septembre.<\/span><\/span><\/p>\n<p align=\"CENTER\"><span style=\"font-size: large;\"><strong>*** *** ***<\/strong><\/span><\/p>\n<p align=\"CENTER\"><span style=\"color: #ff0000;\"><span style=\"font-size: large;\"><strong>Nota : <\/strong><\/span><\/span><span style=\"color: #000000;\"><span style=\"font-size: large;\">Nous ne traitons que de Faits et de Noms rendus Publics.<\/span><\/span><\/p>\n<p align=\"CENTER\">\n<p align=\"JUSTIFY\"><span style=\"font-size: large;\"><strong>N.B.:<\/strong><\/span><span style=\"font-size: large;\"> &#8211; <\/span><span style=\"color: #c00000;\"><span style=\"font-family: 'Comic Sans MS', cursive;\"><span style=\"font-size: large;\">Nous Recommandons instamment et syst\u00e9matiquement l\u2019ouverture de la (ou des) pi\u00e8ce(s) jointe(s) \u00e0 l\u2019e-mail, sous format Pdf, <\/span><\/span><\/span><span style=\"color: #c00000;\"><span style=\"font-family: 'Comic Sans MS', cursive;\"><span style=\"font-size: large;\"><span style=\"text-decoration: underline;\">les illustrations y sont incluses<\/span><\/span><\/span><\/span><span style=\"color: #c00000;\"><span style=\"font-family: 'Comic Sans MS', cursive;\"><span style=\"font-size: large;\">.<\/span><\/span><\/span><\/p>\n<p align=\"JUSTIFY\">\n<p align=\"CENTER\"><span style=\"color: #ff0000;\"><span><strong>Ne Peut \u00eatre reproduit &#8211; m\u00eame partiellement &#8211; sans l\u2019autorisation de l\u2019Auteur.<\/strong><\/span><\/span><\/p>\n<p align=\"JUSTIFY\"><span style=\"text-decoration: underline;\"><strong>Liens Sugg\u00e9r\u00e9s\u00a0:<\/strong><\/span><\/p>\n<ul>\n<li>\n<p align=\"JUSTIFY\"><span style=\"color: #000080;\"><span style=\"text-decoration: underline;\"><a href=\"http:\/\/www.lescrutateur.com\/\">http:\/\/www.lescrutateur.com\/<\/a><\/span><\/span><\/p>\n<\/li>\n<li>\n<p align=\"JUSTIFY\"><span style=\"color: #000080;\"><span style=\"text-decoration: underline;\"><a href=\"http:\/\/www.etatsgenerauxdeloutremer.fr\/reflexions\">http:\/\/www.etatsgenerauxdeloutremer.fr\/reflexions<\/a><\/span><\/span><\/p>\n<\/li>\n<\/ul>\n<p align=\"CENTER\">\n<p align=\"CENTER\">\n<script type=\"text\/javascript\">\n\nvar addthis_config = {\"data_track_clickback\":false,\"data_track_addressbar\":false,\"data_track_textcopy\":false};\n<\/script><script type=\"text\/javascript\" src=\"\/\/s7.addthis.com\/js\/250\/addthis_widget.js#pubid=a457a6d63fb9e6ccabdde4110343bd85\"><\/script>","protected":false},"excerpt":{"rendered":"<p align=\"CENTER\"><span>Le Cri d\u2019Alarme.<\/span><\/p>\n<p align=\"CENTER\"><span style=\"color: #000000;\"><span>Chronique d\u2019\u00c9ric E.G. NOGARD<\/span><\/span><\/p>\n<p align=\"CENTER\"><span style=\"color: #000000;\"><span>De l\u2019Ex. Martinique Province Fran\u00e7aise d\u2019Am\u00e9rique Amie du Canada\u00a0<\/span><\/span><\/p>\n<p align=\"CENTER\"><span style=\"color: #c00000;\">==========<\/span><\/p>\n<p align=\"JUSTIFY\"><span style=\"color: #c00000;\"> <span style=\"font-family: 'Comic Sans MS', cursive;\"><span>\u00ab\u00a0<\/span><\/span><\/span><span style=\"color: #c00000;\"><span style=\"font-family: Cambria, serif;\"><span>Notre M\u00e9tier n\u2019est pas de faire plaisir, Non plus de faire tort \u00e0 qui que ce soit, Ni pour <\/span><\/span><\/span>&hellip;<\/p>\n","protected":false},"author":1,"featured_media":0,"comment_status":"open","ping_status":"open","sticky":false,"template":"","format":"standard","meta":{"footnotes":""},"categories":[1],"tags":[],"class_list":["post-12456","post","type-post","status-publish","format-standard","hentry","category-accueil"],"_links":{"self":[{"href":"http:\/\/www.lecarrefourdesopinions.ca\/index.php?rest_route=\/wp\/v2\/posts\/12456","targetHints":{"allow":["GET"]}}],"collection":[{"href":"http:\/\/www.lecarrefourdesopinions.ca\/index.php?rest_route=\/wp\/v2\/posts"}],"about":[{"href":"http:\/\/www.lecarrefourdesopinions.ca\/index.php?rest_route=\/wp\/v2\/types\/post"}],"author":[{"embeddable":true,"href":"http:\/\/www.lecarrefourdesopinions.ca\/index.php?rest_route=\/wp\/v2\/users\/1"}],"replies":[{"embeddable":true,"href":"http:\/\/www.lecarrefourdesopinions.ca\/index.php?rest_route=%2Fwp%2Fv2%2Fcomments&post=12456"}],"version-history":[{"count":1,"href":"http:\/\/www.lecarrefourdesopinions.ca\/index.php?rest_route=\/wp\/v2\/posts\/12456\/revisions"}],"predecessor-version":[{"id":12463,"href":"http:\/\/www.lecarrefourdesopinions.ca\/index.php?rest_route=\/wp\/v2\/posts\/12456\/revisions\/12463"}],"wp:attachment":[{"href":"http:\/\/www.lecarrefourdesopinions.ca\/index.php?rest_route=%2Fwp%2Fv2%2Fmedia&parent=12456"}],"wp:term":[{"taxonomy":"category","embeddable":true,"href":"http:\/\/www.lecarrefourdesopinions.ca\/index.php?rest_route=%2Fwp%2Fv2%2Fcategories&post=12456"},{"taxonomy":"post_tag","embeddable":true,"href":"http:\/\/www.lecarrefourdesopinions.ca\/index.php?rest_route=%2Fwp%2Fv2%2Ftags&post=12456"}],"curies":[{"name":"wp","href":"https:\/\/api.w.org\/{rel}","templated":true}]}}