{"id":12452,"date":"2016-07-05T08:44:22","date_gmt":"2016-07-05T12:44:22","guid":{"rendered":"http:\/\/www.lecarrefourdesopinions.ca\/?p=12452"},"modified":"2016-07-05T08:44:22","modified_gmt":"2016-07-05T12:44:22","slug":"billet-ladministration-quebecoise-dans-sa-deprimante-realite","status":"publish","type":"post","link":"http:\/\/www.lecarrefourdesopinions.ca\/?p=12452","title":{"rendered":"BILLET : L\u2019ADMINISTRATION QU\u00c9B\u00c9COISE DANS SA D\u00c9PRIMANTE R\u00c9ALIT\u00c9"},"content":{"rendered":"<p style=\"text-align: center;\"><strong>BILLET\u00a0: L\u2019ADMINISTRATION QU\u00c9B\u00c9COISE DANS SA D\u00c9PRIMANTE R\u00c9ALIT\u00c9<\/strong><\/p>\n<p><img loading=\"lazy\" decoding=\"async\" class=\"alignnone size-full wp-image-12453\" title=\"F1 Michel-Frankland\" src=\"http:\/\/www.lecarrefourdesopinions.ca\/wp-content\/uploads\/2016\/07\/F1-Michel-Frankland.jpg\" alt=\"\" width=\"134\" height=\"107\" \/><\/p>\n<p>\u00a0<span style=\"color: #800000;\"><em>par Michel Frankland<\/em><\/span><\/p>\n<p>Je vous cite d\u2019abord Jean-Luc Migu\u00e9, \u00e9conomiste r\u00e9put\u00e9.<\/p>\n<p>&nbsp;<\/p>\n<p>&nbsp;<\/p>\n<p>\u00ab\u00a0Le Qu\u00e9bec s\u2019inscrit d\u00e9j\u00e0 au dernier rang des 10 provinces et des 50 \u00e9tats am\u00e9ricains en mati\u00e8re de fiscalit\u00e9 et de r\u00e9gulations. En 2008, le gouvernent qu\u00e9b\u00e9cois d\u00e9pensait 28 % du PIB provincial, l\u2019Ontario environ 20 %, et l\u2019ensemble des provinces, 18 %.<\/p>\n<p>&nbsp;<\/p>\n<p>\u00c0 pr\u00e8s de 40 % du PIB, le fardeau fiscal qu\u00e9b\u00e9cois se hissait au plus haut niveau, non seulement du Canada, mais de tous les pays de l\u2019OCDE en 2006 Sa dette brute atteignait 88 % du PIB contre 68 % pour l\u2019ensemble des juridictions canadiennes. [\u2026]La fonction publique qu\u00e9b\u00e9coise emploie le m\u00eame nombre de personnes que la Californie.\u00a0\u00bb<\/p>\n<p>&nbsp;<\/p>\n<p>Jean-Luc Migu\u00e9, infolettre du 3 juin 2016<\/p>\n<p>&nbsp;<\/p>\n<p>&#8212;<\/p>\n<p>&nbsp;<\/p>\n<p><a name=\"_GoBack\"><\/a> La perception publique me rejoint partfaitement. On ne peut que constater que cette administration, aussi nombreuse que celle de la Californie, cherche d\u2019abord \u00e0 tout contr\u00f4ler. Et cons\u00e9quemment, \u00e0 produire des questionnaires si nombreux qu\u2019ils ralentissent le fonctionnement de plusieurs entreprises. Son objectif n\u2019est pas faciliter l\u2019\u00e9panouissement des divers groupes qu\u2019elle scrute avec exc\u00e8s, mais vise essentiellement \u00e0 en tirer le plus de renseignements possibles. J\u2019\u00e9mets l\u2019hypoth\u00e8se que la rationalisation de cette stase \u00e9conomique consiste dans une meilleure information en vue d\u2019un avancement mieux orient\u00e9 de l\u2019industrie\u2026 GOD HELP !<\/p>\n<p>&nbsp;<\/p>\n<p>&nbsp;<\/p>\n<p>&nbsp;<\/p>\n<p>&nbsp;<\/p>\n<p>&nbsp;<\/p>\n<p>&nbsp;<\/p>\n<script type=\"text\/javascript\">\n\nvar addthis_config = {\"data_track_clickback\":false,\"data_track_addressbar\":false,\"data_track_textcopy\":false};\n<\/script><script type=\"text\/javascript\" src=\"\/\/s7.addthis.com\/js\/250\/addthis_widget.js#pubid=a457a6d63fb9e6ccabdde4110343bd85\"><\/script>","protected":false},"excerpt":{"rendered":"<p style=\"text-align: center;\">BILLET\u00a0: L\u2019ADMINISTRATION QU\u00c9B\u00c9COISE DANS SA D\u00c9PRIMANTE R\u00c9ALIT\u00c9<\/p>\n<\/p>\n<p>\u00a0<span style=\"color: #800000;\">par Michel Frankland<\/span><\/p>\n<p>Je vous cite d\u2019abord Jean-Luc Migu\u00e9, \u00e9conomiste r\u00e9put\u00e9.<\/p>\n<p>&nbsp;<\/p>\n<p>&nbsp;<\/p>\n<p>\u00ab\u00a0Le Qu\u00e9bec s\u2019inscrit d\u00e9j\u00e0 au dernier rang des 10 provinces et des 50 \u00e9tats am\u00e9ricains &hellip;<\/p>\n","protected":false},"author":1,"featured_media":0,"comment_status":"open","ping_status":"open","sticky":false,"template":"","format":"standard","meta":{"footnotes":""},"categories":[1],"tags":[],"class_list":["post-12452","post","type-post","status-publish","format-standard","hentry","category-accueil"],"_links":{"self":[{"href":"http:\/\/www.lecarrefourdesopinions.ca\/index.php?rest_route=\/wp\/v2\/posts\/12452","targetHints":{"allow":["GET"]}}],"collection":[{"href":"http:\/\/www.lecarrefourdesopinions.ca\/index.php?rest_route=\/wp\/v2\/posts"}],"about":[{"href":"http:\/\/www.lecarrefourdesopinions.ca\/index.php?rest_route=\/wp\/v2\/types\/post"}],"author":[{"embeddable":true,"href":"http:\/\/www.lecarrefourdesopinions.ca\/index.php?rest_route=\/wp\/v2\/users\/1"}],"replies":[{"embeddable":true,"href":"http:\/\/www.lecarrefourdesopinions.ca\/index.php?rest_route=%2Fwp%2Fv2%2Fcomments&post=12452"}],"version-history":[{"count":1,"href":"http:\/\/www.lecarrefourdesopinions.ca\/index.php?rest_route=\/wp\/v2\/posts\/12452\/revisions"}],"predecessor-version":[{"id":12454,"href":"http:\/\/www.lecarrefourdesopinions.ca\/index.php?rest_route=\/wp\/v2\/posts\/12452\/revisions\/12454"}],"wp:attachment":[{"href":"http:\/\/www.lecarrefourdesopinions.ca\/index.php?rest_route=%2Fwp%2Fv2%2Fmedia&parent=12452"}],"wp:term":[{"taxonomy":"category","embeddable":true,"href":"http:\/\/www.lecarrefourdesopinions.ca\/index.php?rest_route=%2Fwp%2Fv2%2Fcategories&post=12452"},{"taxonomy":"post_tag","embeddable":true,"href":"http:\/\/www.lecarrefourdesopinions.ca\/index.php?rest_route=%2Fwp%2Fv2%2Ftags&post=12452"}],"curies":[{"name":"wp","href":"https:\/\/api.w.org\/{rel}","templated":true}]}}