{"id":12443,"date":"2016-06-30T12:02:29","date_gmt":"2016-06-30T16:02:29","guid":{"rendered":"http:\/\/www.lecarrefourdesopinions.ca\/?p=12443"},"modified":"2016-06-30T12:02:29","modified_gmt":"2016-06-30T16:02:29","slug":"pourquoi-faire-deux-des-fous-ils-sont-les-fils-dallah","status":"publish","type":"post","link":"http:\/\/www.lecarrefourdesopinions.ca\/?p=12443","title":{"rendered":"Pourquoi faire d\u2019eux des Fous, ils sont les Fils d\u2019Allah !"},"content":{"rendered":"<p align=\"CENTER\"><span><strong>Le Cri d\u2019Alarme.<\/strong><\/span><\/p>\n<p align=\"CENTER\"><span style=\"color: #000000;\"><span><strong>Chronique d\u2019\u00c9ric E.G. NOGARD<\/strong><\/span><\/span><\/p>\n<p align=\"CENTER\"><span style=\"color: #000000;\"><span><strong>De l\u2019Ex. Martinique Province Fran\u00e7aise d\u2019Am\u00e9rique Amie du Canada (1061 Titres).<\/strong><\/span><\/span><\/p>\n<p align=\"CENTER\">\n<p align=\"CENTER\"><em><strong>==========<\/strong><\/em><\/p>\n<p align=\"CENTER\">\n<p align=\"CENTER\">\n<p align=\"CENTER\">\n<p align=\"CENTER\"><span style=\"color: #c00000;\"><em><strong>==========<\/strong><\/em><\/span><\/p>\n<p align=\"CENTER\">\n<p align=\"JUSTIFY\"><span style=\"color: #c00000;\"> <span style=\"font-family: 'Comic Sans MS', cursive;\"><span>\u00ab\u00a0<\/span><\/span><\/span><span style=\"color: #c00000;\"><span style=\"font-family: Cambria, serif;\"><span><strong>Notre M\u00e9tier n\u2019est pas de faire plaisir, Non plus de faire tort \u00e0 qui que ce soit, Ni pour quoi que ce soit, Il est de porter la plume dans la plaie<\/strong><\/span><\/span><\/span><span style=\"color: #c00000;\"><span style=\"font-family: Cambria, serif;\"><span>\u00a0\u00bb. (Albert LONDRES).<\/span><\/span><\/span><\/p>\n<p align=\"CENTER\"><span style=\"color: #c00000;\"><em><strong>*** ***<\/strong><\/em><\/span><\/p>\n<p align=\"JUSTIFY\"><span style=\"color: #632423;\"><em><strong>Pardonnez-nous si jamais, tel Aristarque De SAMOS, nous troublons quelque part, jusqu\u2019au \u00ab\u00a0Repos des Dieux\u00a0\u00bb. (\u00c9ric EG Nogard, Chroniqueur).<\/strong><\/em><\/span><\/p>\n<p align=\"JUSTIFY\">\n<p align=\"CENTER\"><span style=\"color: #c00000;\"><em><strong>==========<\/strong><\/em><\/span><\/p>\n<p>&nbsp;<\/p>\n<p align=\"CENTER\"><span style=\"color: #000099;\"><span style=\"font-size: x-large;\"><strong>Pourquoi faire d\u2019eux des Fous, ils sont les Fils d\u2019Allah\u00a0!<\/strong><\/span><\/span><\/p>\n<p align=\"CENTER\">\n<p align=\"CENTER\"><span style=\"color: #000099;\"><span><strong>=====<\/strong><\/span><\/span><\/p>\n<p>&nbsp;<\/p>\n<p><span style=\"color: #632423;\"><span style=\"font-family: 'Comic Sans MS', cursive;\"><span style=\"font-size: large;\"><em><strong>Pourquoi faire d\u2019eux des Fous, ils sont les Fils d\u2019Allah\u00a0!<\/strong><\/em><\/span><\/span><\/span><\/p>\n<p align=\"JUSTIFY\">\u00a0<img loading=\"lazy\" decoding=\"async\" class=\"alignnone size-thumbnail wp-image-11439\" title=\"Eric\" src=\"http:\/\/www.lecarrefourdesopinions.ca\/wp-content\/uploads\/2015\/04\/Eric-134x107.jpg\" alt=\"\" width=\"134\" height=\"107\" \/><\/p>\n<p align=\"JUSTIFY\"><span style=\"color: #632423;\"><span style=\"font-family: 'Comic Sans MS', cursive;\"><span style=\"font-size: large;\">\u00c9ric EG Nogard<\/span><\/span><\/span><\/p>\n<p align=\"JUSTIFY\"><span style=\"color: #c00000;\"><span style=\"font-size: large;\"><em>Chroniqueur<\/em><\/span><\/span><span style=\"color: #c00000;\"><span style=\"font-size: large;\">.<\/span><\/span><\/p>\n<p align=\"CENTER\">\n<p align=\"CENTER\"><span style=\"color: #632423;\"><span style=\"font-size: large;\">*** *** ***<\/span><\/span><\/p>\n<p align=\"CENTER\"><span style=\"color: #632423;\"><span style=\"font-size: large;\">*** *** ***<\/span><\/span><\/p>\n<p>&nbsp;<\/p>\n<p>&nbsp;<\/p>\n<p><span style=\"font-size: x-large;\"><strong>Pourquoi faire d\u2019eux des Fous, ils sont les Fils d\u2019Allah\u00a0!<\/strong><\/span><\/p>\n<p>&nbsp;<\/p>\n<p align=\"JUSTIFY\">\n<p align=\"JUSTIFY\">\n<p align=\"JUSTIFY\"><span style=\"font-family: 'Comic Sans MS', cursive;\"><span style=\"font-size: large;\">Un remarquable courriel nous tombe sous les yeux, il est porteur de la signature de Joseph CASTANO que nous remercions chaleureusement<\/span><\/span><span style=\"font-size: large;\">, <\/span><span style=\"font-family: Arial, sans-serif;\"><span style=\"font-size: large;\"><em>in limine<\/em><\/span><\/span><span style=\"font-size: large;\">, <\/span><span style=\"font-family: 'Comic Sans MS', cursive;\"><span style=\"font-size: large;\">pour nous avoir remis en m\u00e9moire, non pas cette Pens\u00e9e dont nous avons fait notre<\/span><\/span><span style=\"font-family: Arial, sans-serif;\"><span style=\"font-size: large;\"><em>Credo<\/em><\/span><\/span><span style=\"font-size: large;\">\u00a0:<\/span><\/p>\n<p align=\"JUSTIFY\">\n<p align=\"JUSTIFY\"><span style=\"font-size: large;\">\u00ab\u00a0<\/span><span style=\"font-size: large;\"><em>Le monde est dangereux \u00e0 vivre, non pas tant \u00e0 cause de ceux qui font le mal, mais \u00e0 cause de ceux qui regardent et laissent faire<\/em><\/span><span style=\"font-size: large;\">\u00a0\u00bb,<\/span><\/p>\n<p align=\"JUSTIFY\">\n<p align=\"JUSTIFY\"><span style=\"font-family: 'Comic Sans MS', cursive;\"><span style=\"font-size: large;\">Mais de nous avoir rappel\u00e9 le nom de son illustre auteur, n\u2019est-elle pas d\u2019Albert EINSTEIN.<\/span><\/span><\/p>\n<p align=\"JUSTIFY\">\n<p align=\"JUSTIFY\"><span style=\"font-family: 'Comic Sans MS', cursive;\"><span style=\"font-size: large;\">Nous l\u2019avions oubli\u00e9<\/span><\/span><span style=\"font-size: large;\">.<\/span><\/p>\n<p align=\"JUSTIFY\">\n<p align=\"JUSTIFY\">\n<p align=\"JUSTIFY\"><span style=\"font-size: large;\"><strong>Un remarquable Courriel intitul\u00e9<\/strong><\/span><span style=\"font-size: large;\">\u00a0:<\/span><\/p>\n<p align=\"JUSTIFY\">\n<p align=\"JUSTIFY\"><span style=\"font-size: large;\"> \u00ab\u00a0<\/span><span style=\"font-family: Calibri, sans-serif;\"><span style=\"font-size: large;\">Majorit\u00e9 pacifique\u2026 Majorit\u00e9 agissante\u00a0:<\/span><\/span><\/p>\n<p align=\"JUSTIFY\"><span style=\"font-family: Calibri, sans-serif;\"><span style=\"font-size: large;\"> La convergence vers la Terreur<\/span><\/span><span style=\"font-size: large;\">\u00a0\u00bb\u00a0!<\/span><\/p>\n<p align=\"JUSTIFY\">\n<p align=\"JUSTIFY\">\n<p align=\"JUSTIFY\"><span style=\"font-size: large;\"><strong>Un remarquable Courriel qui m\u00e9rite selon nous d\u2019\u00eatre propos\u00e9 \u00e0 la lecture de nos Correspondants, ce que nous faisons ci-dessous en l\u2019assortissant de quelques r\u00e9flexions \u00e0 l\u2019adresse du plus grand nombre des Fran\u00e7ais<\/strong><\/span><span style=\"font-size: large;\">.<\/span><\/p>\n<p align=\"JUSTIFY\">\n<p align=\"JUSTIFY\"><span style=\"font-size: large;\">Elles Concernent Allah, la Divinit\u00e9 en notre Langue.<\/span><\/p>\n<p align=\"JUSTIFY\">\n<p align=\"JUSTIFY\"><span style=\"font-size: large;\">N\u2019est-il pas n\u00e9 de MAHOMET d\u00e9sireux de R\u00e9former la Nation Arabe, tant du point de vue de la Religion que de l\u2019Organisation Sociale.<\/span><\/p>\n<p align=\"JUSTIFY\">\n<p align=\"JUSTIFY\"><span style=\"font-size: large;\">Et son Ere, ne commence-t-elle pas en l\u2019An 622 de la n\u00f4tre, date \u00e0 laquelle il d\u00fb prendre la fuite, l\u2019H\u00e9gire, avant de soumettre l\u2019Arabie \u00e0 sa Loi, par le Glaive plut\u00f4t que par le CORAN et l\u2019ISLAM.<\/span><\/p>\n<p align=\"JUSTIFY\">\n<p align=\"JUSTIFY\">\n<p align=\"JUSTIFY\"><span style=\"font-size: large;\"><strong>Le Glaive, toujours le Glaive, la Cruaut\u00e9, toujours la Cruaut\u00e9, jusqu\u2019\u00e0 la plus vile soumission du Palais au prol\u00e9tariat en passant par le Harem, ses Femmes et ses Eunuques, ses Esclaves jusqu\u2019au jour d\u2019aujourd\u2019hui<\/strong><\/span><span style=\"font-size: large;\">.<\/span><\/p>\n<p align=\"JUSTIFY\">\n<p align=\"JUSTIFY\"><span style=\"font-size: large;\">A quoi bon chercher \u00e0 se cacher ce qui est V\u00e9rit\u00e9 depuis le Sermon sur la Montagne.<\/span><\/p>\n<p align=\"JUSTIFY\">\n<p align=\"JUSTIFY\"><span style=\"font-size: large;\">Pourquoi chercher \u00e0 faire un Fou d\u2019un digne Fils d\u2019Allah.<\/span><\/p>\n<p align=\"JUSTIFY\">\n<p align=\"JUSTIFY\">\n<p align=\"JUSTIFY\"><span style=\"font-size: large;\">Pour notre part, au \u00ab\u00a0Cri d\u2019Alarme\u00a0\u00bb, nous pr\u00e9f\u00e9rons rappeler ce mot de Laocoon dans sa tentative de dissuader les Troyens d\u2019ouvrir au cheval qu\u2019on sait\u00a0:<\/span><\/p>\n<p align=\"JUSTIFY\">\n<p align=\"JUSTIFY\"><span style=\"font-size: large;\"> \u00ab\u00a0<\/span><span style=\"font-family: Arial, sans-serif;\"><span style=\"font-size: large;\"><em>Timeo danaos et dona farentes<\/em><\/span><\/span><span style=\"font-size: large;\">\u00a0\u00bb.<\/span><\/p>\n<p align=\"JUSTIFY\">\n<p align=\"JUSTIFY\">\n<p align=\"CENTER\"><img loading=\"lazy\" decoding=\"async\" class=\"alignnone size-large wp-image-12444\" title=\"F1 Laocoon\" src=\"http:\/\/www.lecarrefourdesopinions.ca\/wp-content\/uploads\/2016\/06\/F1-Laocoon-801x1024.jpeg\" alt=\"\" width=\"450\" height=\"575\" srcset=\"http:\/\/www.lecarrefourdesopinions.ca\/wp-content\/uploads\/2016\/06\/F1-Laocoon-801x1024.jpeg 801w, http:\/\/www.lecarrefourdesopinions.ca\/wp-content\/uploads\/2016\/06\/F1-Laocoon-234x300.jpeg 234w, http:\/\/www.lecarrefourdesopinions.ca\/wp-content\/uploads\/2016\/06\/F1-Laocoon-400x511.jpeg 400w, http:\/\/www.lecarrefourdesopinions.ca\/wp-content\/uploads\/2016\/06\/F1-Laocoon.jpeg 1955w\" sizes=\"auto, (max-width: 450px) 100vw, 450px\" \/><\/p>\n<p align=\"JUSTIFY\">\n<p align=\"CENTER\"><span style=\"font-size: large;\"><strong>F1\u00a0: <\/strong><\/span><span style=\"color: #c00000;\"><span style=\"font-size: large;\"><em><strong>Laocoon.<\/strong><\/em><\/span><\/span><\/p>\n<p align=\"JUSTIFY\">\n<p align=\"JUSTIFY\">\n<p align=\"JUSTIFY\"><span style=\"font-size: large;\">Convaincus que nous sommes que, ni CHARLEMAGNE, ni Richard C\u0153ur de Lion, ni Lawrence d\u2019Arabie, ni le Monde Chr\u00e9tien ne nous contrediront dans nos r\u00e9serves dans ce climat de N\u00e9o-proto-guerre de Religions.<\/span><\/p>\n<p align=\"JUSTIFY\">\n<p align=\"JUSTIFY\"><span style=\"font-size: large;\">Nous redoutons que, comme l\u2019Atlantide, la Chr\u00e9tient\u00e9 ne s\u2019engouffre dans la <\/span><span style=\"font-family: Arial, sans-serif;\"><span style=\"font-size: large;\"><em>Mare Nostrum<\/em><\/span><\/span><span style=\"font-size: large;\"> ou dans les Sables du d\u00e9sert d\u2019Arabie, Platon ne l\u2019a pas dit.<\/span><\/p>\n<p align=\"JUSTIFY\">\n<p align=\"JUSTIFY\">\n<p align=\"JUSTIFY\"><span style=\"font-size: large;\">Voici comme annonc\u00e9 le remarquable Courriel de Joseph CASTANO \u00e0 qui nous adressons nos tr\u00e8s cordiales salutations.<\/span><\/p>\n<p align=\"JUSTIFY\">\n<p align=\"CENTER\"><span style=\"color: #632423;\"><span style=\"font-size: large;\">*** *** ***<\/span><\/span><\/p>\n<p align=\"JUSTIFY\">\n<p align=\"CENTER\"><span style=\"color: #000000;\"><span style=\"font-family: 'Bernard MT Condensed', serif;\"><span><strong>Majorit\u00e9 <\/strong><\/span><\/span><\/span><span style=\"color: #000000;\"><span style=\"font-family: 'Bernard MT Condensed', serif;\"><span><em><strong>pacifique\u2026 <\/strong><\/em><\/span><\/span><\/span><span style=\"color: #000000;\"><span style=\"font-family: 'Bernard MT Condensed', serif;\"><span><strong>Minorit\u00e9<\/strong><\/span><\/span><\/span><span style=\"color: #000000;\"><span style=\"font-family: 'Bernard MT Condensed', serif;\"><span><em><strong> agissante\u00a0<\/strong><\/em><\/span><\/span><\/span><span style=\"color: #000000;\"><span style=\"font-family: 'Bernard MT Condensed', serif;\"><span><strong>:<\/strong><\/span><\/span><\/span><\/p>\n<p align=\"CENTER\"><span style=\"color: #000000;\"><span style=\"font-family: Algerian, fantasy;\"><span><strong>La convergence vers la Terreur\u00a0!<\/strong><\/span><\/span><\/span><\/p>\n<p><span style=\"color: #000000;\">\u00a0<\/span><\/p>\n<p><span style=\"color: #ff0000;\"><span style=\"font-family: Arial, sans-serif;\"><span style=\"font-size: large;\"><em><strong>\u00ab\u00a0Le monde est dangereux \u00e0 vivre non pas tant \u00e0 cause de ceux qui font le mal, mais \u00e0 cause de ceux qui regardent et laissent faire\u00a0\u00bb<\/strong><\/em><\/span><\/span><\/span><span style=\"color: #000000;\"><span style=\"font-family: Arial, sans-serif;\"><span style=\"font-size: large;\"><strong>(Albert Einstein)<\/strong><\/span><\/span><\/span><\/p>\n<p align=\"JUSTIFY\"><span style=\"color: #000000;\">\u00a0<\/span><\/p>\n<p align=\"JUSTIFY\"><span style=\"color: #000000;\">\u00a0\u00a0\u00a0\u00a0\u00a0\u00a0\u00a0\u00a0\u00a0\u00a0\u00a0 <span style=\"font-family: Arial, sans-serif;\"><span style=\"font-size: large;\">De tout temps, les minorit\u00e9s agissantes -encourag\u00e9es par la <\/span><\/span><\/span><span style=\"color: #000000;\"><span style=\"font-family: Arial, sans-serif;\"><span style=\"font-size: large;\"><em>bien-pensance<\/em><\/span><\/span><\/span><span style=\"color: #000000;\"><span style=\"font-family: Arial, sans-serif;\"><span style=\"font-size: large;\"> (<\/span><\/span><\/span><span style=\"color: #373737;\"><span style=\"font-family: Arial, sans-serif;\"><span style=\"font-size: large;\">elle<\/span><\/span><\/span><span style=\"color: #1f497d;\"><span style=\"font-family: Arial, sans-serif;\"><span style=\"font-size: large;\">&#8211;<\/span><\/span><\/span><span style=\"color: #373737;\"><span style=\"font-family: Arial, sans-serif;\"><span style=\"font-size: large;\">m\u00eame<\/span><\/span><\/span><span style=\"color: #373737;\"><span style=\"font-family: Arial, sans-serif;\"><span style=\"font-size: large;\">enfant\u00e9e par la dictature du \u00ab\u00a0<\/span><\/span><\/span><span style=\"color: #373737;\"><span style=\"font-family: Arial, sans-serif;\"><span style=\"font-size: large;\"><em>politiquement-correct<\/em><\/span><\/span><\/span><span style=\"color: #373737;\"><span style=\"font-family: Arial, sans-serif;\"><span style=\"font-size: large;\">\u00a0\u00bb)- <\/span><\/span><\/span><span style=\"color: #000000;\"><span style=\"font-family: Arial, sans-serif;\"><span style=\"font-size: large;\">ont toujours supplant\u00e9 les majorit\u00e9s pacifiques et silencieuses, notamment dans les domaines politico-ethnico-religieux.<\/span><\/span><\/span><\/p>\n<p align=\"JUSTIFY\"><span style=\"color: #000000;\"><span style=\"font-family: Arial, sans-serif;\"><span style=\"font-size: large;\">S\u2019agissant de ce mal allant en s&rsquo;aggravant qui ronge aujourd\u2019hui notre soci\u00e9t\u00e9 -\u00e0 savoir le fondamentalisme islamique- d\u2019aucuns, incons\u00e9quemment (ou idiotement), pr\u00e9tendent que ses adeptes ne sauraient \u00eatre dangereux pour la paix du monde car \u00ab\u00a0<\/span><\/span><\/span><span style=\"color: #000000;\"><span style=\"font-family: Arial, sans-serif;\"><span style=\"font-size: large;\"><em>minoritaires<\/em><\/span><\/span><\/span><span style=\"color: #000000;\"><span style=\"font-family: Arial, sans-serif;\"><span style=\"font-size: large;\">\u00a0\u00bb. Et quand on pointe du doigt tel ou tel acte barbare perp\u00e9tr\u00e9 par ces m\u00eames fanatiques, la r\u00e9ponse fuse tel un leitmotiv : \u00ab\u00a0<\/span><\/span><\/span><span style=\"color: #000000;\"><span style=\"font-family: Arial, sans-serif;\"><span style=\"font-size: large;\"><em><strong>Pas d\u2019amalgame\u00a0!<\/strong><\/em><\/span><\/span><\/span><span style=\"color: #000000;\"><span style=\"font-family: Arial, sans-serif;\"><span style=\"font-size: large;\">\u00a0\u00bb\u2026 \u00ab\u00a0<\/span><\/span><\/span><span style=\"color: #000000;\"><span style=\"font-family: Arial, sans-serif;\"><span style=\"font-size: large;\"><em>Ils ne sont pas tous pareils\u00a0!<\/em><\/span><\/span><\/span><span style=\"color: #000000;\"><span style=\"font-family: Arial, sans-serif;\"><span style=\"font-size: large;\">\u00a0\u00bb. Certes\u00a0! Mais que fait alors cette <\/span><\/span><\/span><span style=\"color: #000000;\"><span style=\"font-family: Arial, sans-serif;\"><span style=\"font-size: large;\"><em>majorit\u00e9<\/em><\/span><\/span><\/span><span style=\"color: #000000;\"><span style=\"font-family: Arial, sans-serif;\"><span style=\"font-size: large;\">\u00a0dite <\/span><\/span><\/span><span style=\"color: #000000;\"><span style=\"font-family: Arial, sans-serif;\"><span style=\"font-size: large;\"><em>pacifique<\/em><\/span><\/span><\/span><span style=\"color: #000000;\"><span style=\"font-family: Arial, sans-serif;\"><span style=\"font-size: large;\"> pour emp\u00eacher que se perp\u00e8trent et se perp\u00e9tuent tant de crimes atroces\u00a0? \u00ab\u00a0<\/span><\/span><\/span><span style=\"color: #000000;\"><span style=\"font-family: Arial, sans-serif;\"><span style=\"font-size: large;\"><em>La perversion de la cit\u00e9 commence par la fraude des mots\u00a0\u00bb <\/em><\/span><\/span><\/span><span style=\"color: #000000;\"><span style=\"font-family: Arial, sans-serif;\"><span style=\"font-size: large;\">soutenait <\/span><\/span><\/span><span style=\"color: #000000;\"><span style=\"font-family: Arial, sans-serif;\"><span style=\"font-size: large;\"><em>Platon&#8230;<\/em><\/span><\/span><\/span><\/p>\n<p align=\"JUSTIFY\"><span style=\"color: #000000;\">\u00a0\u00a0\u00a0\u00a0\u00a0\u00a0\u00a0\u00a0\u00a0\u00a0\u00a0 <span style=\"font-family: Arial, sans-serif;\"><span style=\"font-size: large;\">Il ne se passe un jour sans que l\u2019actualit\u00e9 nous rapporte les exactions des \u00ab\u00a0<\/span><\/span><\/span><span style=\"color: #000000;\"><span style=\"font-family: Arial, sans-serif;\"><span style=\"font-size: large;\"><em>fous d\u2019Allah<\/em><\/span><\/span><\/span><span style=\"color: #000000;\"><span style=\"font-family: Arial, sans-serif;\"><span style=\"font-size: large;\">\u00a0\u00bb diffusant \u00e0 travers le monde leur religion de \u00ab\u00a0<\/span><\/span><\/span><span style=\"color: #000000;\"><span style=\"font-family: Arial, sans-serif;\"><span style=\"font-size: large;\"><em>paix et d\u2019amour<\/em><\/span><\/span><\/span><span style=\"color: #000000;\"><span style=\"font-family: Arial, sans-serif;\"><span style=\"font-size: large;\">\u00a0\u00bb bas\u00e9e sur des supplices, \u00e9gorgements, assassinats, rapts, lapidations, mutilations, viols, ce que pr\u00e9conise la <\/span><\/span><\/span><span style=\"color: #000000;\"><span style=\"font-family: Arial, sans-serif;\"><span style=\"font-size: large;\"><em>charia<\/em><\/span><\/span><\/span><span style=\"color: #000000;\"><span style=\"font-family: Arial, sans-serif;\"><span style=\"font-size: large;\">\u2026 sans que la <\/span><\/span><\/span><span style=\"color: #000000;\"><span style=\"font-family: Arial, sans-serif;\"><span style=\"font-size: large;\"><strong>majorit\u00e9 pacifique des Musulmans<\/strong><\/span><\/span><\/span><span style=\"color: #000000;\"><span style=\"font-family: Arial, sans-serif;\"><span style=\"font-size: large;\"> ne r\u00e9agisse.<\/span><\/span><\/span><\/p>\n<p align=\"JUSTIFY\"><span style=\"color: #000000;\">\u00a0\u00a0\u00a0\u00a0\u00a0\u00a0\u00a0\u00a0\u00a0\u00a0\u00a0 <span style=\"font-family: Arial, sans-serif;\"><span style=\"font-size: large;\">Pour ne citer que la France, de plus en plus de zones urbaines sont la proie des d\u00e9linquants en tout genre, djihadistes, voyous et terroristes en herbe qui, assur\u00e9s de leur impunit\u00e9, s\u00e8ment la terreur, multipliant sous n\u2019importe quel pr\u00e9texte les affrontements avec les forces de l\u2019ordre, exprimant \u00e0 cette occasion une haine et un racisme violents anti-fran\u00e7ais, anti-chr\u00e9tien et anti-juif\u2026 sans que la <\/span><\/span><\/span><span style=\"color: #000000;\"><span style=\"font-family: Arial, sans-serif;\"><span style=\"font-size: large;\"><strong>majorit\u00e9 pacifique des Musulmans <\/strong><\/span><\/span><\/span><span style=\"color: #000000;\"><span style=\"font-family: Arial, sans-serif;\"><span style=\"font-size: large;\">ne r\u00e9agisse.<\/span><\/span><\/span><\/p>\n<p align=\"JUSTIFY\"><span style=\"color: #000000;\"><span style=\"font-family: Arial, sans-serif;\"><span style=\"font-size: large;\">Il ne se passe un jour sans que les m\u00e9dias -pourtant d\u2019ordinaire discrets et frileux- ne parlent d\u2019ins\u00e9curit\u00e9, de violences, de d\u00e9linquance\u2026 Aujourd\u2019hui, les bandes font la loi dans les cit\u00e9s qui sont devenues de v\u00e9ritables zones de non-droit. Les \u00ab\u00a0<\/span><\/span><\/span><span style=\"color: #000000;\"><span style=\"font-family: Arial, sans-serif;\"><span style=\"font-size: large;\"><em>jeunes<\/em><\/span><\/span><\/span><span style=\"color: #000000;\"><span style=\"font-family: Arial, sans-serif;\"><span style=\"font-size: large;\">\u00a0\u00bb, issus principalement de l\u2019immigration arabo-africaine, se livrent \u00e0 des batailles rang\u00e9es dignes des plus violents polars. Les actes de guerre, les r\u00e8glements de compte, les \u00e9meutes, les voitures qui flambent, les d\u00e9gradations d\u2019\u00e9quipements collectifs, celles des immeubles, des transports en commun, le vandalisme, les incivilit\u00e9s, le bruit, les cambriolages, le racket, le trafic d\u2019armes et de stup\u00e9fiants, la multiplication des femmes voil\u00e9es portant le <\/span><\/span><\/span><span style=\"color: #000000;\"><span style=\"font-family: Arial, sans-serif;\"><span style=\"font-size: large;\"><em>niqab<\/em><\/span><\/span><\/span><span style=\"color: #000000;\"><span style=\"font-family: Arial, sans-serif;\"><span style=\"font-size: large;\"> (plus par signe de provocation que par ferveur religieuse) et<\/span><\/span><\/span><span style=\"color: #000000;\"><span style=\"font-family: Arial, sans-serif;\"><span style=\"font-size: large;\">d\u2019hommes porteurs de <\/span><\/span><\/span><span style=\"color: #000000;\"><span style=\"font-family: Arial, sans-serif;\"><span style=\"font-size: large;\"><em>djellabas<\/em><\/span><\/span><\/span><span style=\"color: #000000;\"><span style=\"font-family: Arial, sans-serif;\"><span style=\"font-size: large;\">, l\u2019int\u00e9grisme religieux en progression constante, sont monnaie courante et renforcent le sentiment d\u2019ins\u00e9curit\u00e9 des habitants de ces quartiers\u2026 sans que la <\/span><\/span><\/span><span style=\"color: #000000;\"><span style=\"font-family: Arial, sans-serif;\"><span style=\"font-size: large;\"><strong>majorit\u00e9 pacifique des Musulmans <\/strong><\/span><\/span><\/span><span style=\"color: #000000;\"><span style=\"font-family: Arial, sans-serif;\"><span style=\"font-size: large;\">ne r\u00e9agisse\u2026 rendant actuels ces vers de Th\u00e9ophile de Viau dans son \u00ab\u00a0<\/span><\/span><\/span><span style=\"color: #000000;\"><span style=\"font-family: Arial, sans-serif;\"><span style=\"font-size: large;\"><em>El\u00e9gie<\/em><\/span><\/span><\/span><span style=\"color: #000000;\"><span style=\"font-family: Arial, sans-serif;\"><span style=\"font-size: large;\">\u00a0\u00bb\u00a0: \u00ab\u00a0<\/span><\/span><\/span><span style=\"color: #000000;\"><span style=\"font-family: Arial, sans-serif;\"><span style=\"font-size: large;\"><em>Dans ce climat barbare o\u00f9 le destin me range, me rendant mon pays comme un pays \u00e9trange\u2026<\/em><\/span><\/span><\/span><span style=\"color: #000000;\"><span style=\"font-family: Arial, sans-serif;\"><span style=\"font-size: large;\">\u00a0\u00bb<\/span><\/span><\/span><\/p>\n<p align=\"JUSTIFY\"><span style=\"color: #000000;\"><span style=\"font-family: Arial, sans-serif;\"><span style=\"font-size: large;\">Et pendant ce temps, la contagion du fanatisme s\u2019amplifie et se r\u00e9pand \u00e0 travers tout le pays\u2026 \u00ab\u00a0<\/span><\/span><\/span><span style=\"color: #000000;\"><span style=\"font-family: Arial, sans-serif;\"><span style=\"font-size: large;\"><em>Vous \u00eates dans la fabrique \u00e0 terroristes, ici, sachez-le. Dans les caves des HLM de Clichy, on vend des armes comme je vous vends des aspirines<\/em><\/span><\/span><\/span><span style=\"color: #000000;\"><span style=\"font-family: Arial, sans-serif;\"><span style=\"font-size: large;\">\u00a0\u00bb relatait dans une d\u00e9sesp\u00e9rance extr\u00eame un pharmacien de Montfermeil au lendemain des attentats de \u00ab\u00a0<\/span><\/span><\/span><span style=\"color: #000000;\"><span style=\"font-family: Arial, sans-serif;\"><span style=\"font-size: large;\"><em>Charlie Hebdo<\/em><\/span><\/span><\/span><span style=\"color: #000000;\"><span style=\"font-family: Arial, sans-serif;\"><span style=\"font-size: large;\">\u00a0\u00bb\u2026 Depuis lors, aucune le\u00e7on n\u2019a \u00e9t\u00e9 tir\u00e9e\u2026<\/span><\/span><\/span><\/p>\n<p align=\"JUSTIFY\"><span style=\"color: #000000;\"><span style=\"font-family: Arial, sans-serif;\"><span style=\"font-size: large;\">Certes, il est facile d\u2019arguer que \u00ab\u00a0<\/span><\/span><\/span><span style=\"color: #000000;\"><span style=\"font-family: Arial, sans-serif;\"><span style=\"font-size: large;\"><em>les Musulmans ne sont pas tous pareils<\/em><\/span><\/span><\/span><span style=\"color: #000000;\"><span style=\"font-family: Arial, sans-serif;\"><span style=\"font-size: large;\">\u00a0\u00bb\u2026 \u00ab\u00a0<\/span><\/span><\/span><span style=\"color: #000000;\"><span style=\"font-family: Arial, sans-serif;\"><span style=\"font-size: large;\"><em>ne sont pas tous mauvais\u00a0<\/em><\/span><\/span><\/span><span style=\"color: #000000;\"><span style=\"font-family: Arial, sans-serif;\"><span style=\"font-size: large;\">\u00bb\u00a0; je le conc\u00e8de volontiers\u2026 Seulement quand Dalil Boubakeur, recteur de la Mosqu\u00e9e de Paris, d\u00e9clare\u00a0:\u00a0<\/span><\/span><\/span><span style=\"color: #000000;\"><span style=\"font-family: Arial, sans-serif;\"><span style=\"font-size: large;\"><em>\u00ab\u00a0Je suis extr\u00eamement inquiet de voir la ranc\u0153ur contre l\u2019islam [\u2026] alors que ce sont les musulmans radicaux qui sont en cause\u00a0\u00bb, <\/em><\/span><\/span><\/span><span style=\"color: #000000;\"><span style=\"font-family: Arial, sans-serif;\"><span style=\"font-size: large;\">je\u00a0veux bien admettre qu\u2019il existe un islam \u00ab\u00a0<\/span><\/span><\/span><span style=\"color: #000000;\"><span style=\"font-family: Arial, sans-serif;\"><span style=\"font-size: large;\"><em>mod\u00e9r\u00e9<\/em><\/span><\/span><\/span><span style=\"color: #000000;\"><span style=\"font-family: Arial, sans-serif;\"><span style=\"font-size: large;\">\u00a0\u00bb, \u00ab\u00a0<\/span><\/span><\/span><span style=\"color: #000000;\"><span style=\"font-family: Arial, sans-serif;\"><span style=\"font-size: large;\"><em>la\u00efc<\/em><\/span><\/span><\/span><span style=\"color: #000000;\"><span style=\"font-family: Arial, sans-serif;\"><span style=\"font-size: large;\">\u00a0\u00bb, mais, dans les faits,\u00a0 la r\u00e9alit\u00e9,\u00a0 h\u00e9las, est <\/span><\/span><\/span><span style=\"color: #000000;\"><span style=\"font-family: Arial, sans-serif;\"><span style=\"font-size: large;\"><strong>imparable<\/strong><\/span><\/span><\/span><span style=\"color: #000000;\"><span style=\"font-family: Arial, sans-serif;\"><span style=\"font-size: large;\">.<\/span><\/span><\/span><\/p>\n<p align=\"JUSTIFY\"><span style=\"color: #000000;\"><span style=\"font-family: Arial, sans-serif;\"><span style=\"font-size: large;\">Depuis les attaques du 11 septembre 2001 sur les tours jumelles du World Trade Center, en 15 ans, pr\u00e8s de 29\u00a0000 attentats terroristes mortels\u00a0ont \u00e9t\u00e9 perp\u00e9tr\u00e9s par des musulmans de par le monde. L\u2019islamisme ne se cache plus et affiche clairement ses ambitions h\u00e9g\u00e9moniques sur le monde occidental qu\u2019il entend soumettre. <\/span><\/span><\/span><span style=\"color: #000000;\"><span style=\"font-family: Arial, sans-serif;\"><span style=\"font-size: large;\"><em>\u00ab Il n\u2019y a pas un islam mod\u00e9r\u00e9 et un islam violent ; l\u2019islam, c\u2019est l\u2019islam ! \u00bb<\/em><\/span><\/span><\/span><span style=\"color: #000000;\"><span style=\"font-family: Arial, sans-serif;\"><span style=\"font-size: large;\">, avait d\u00e9clar\u00e9 le pr\u00e9sident turc, Recep Tayyip Erdogan, en 2007.<\/span><\/span><\/span><\/p>\n<p align=\"JUSTIFY\"><span style=\"color: #000000;\">\u00a0\u00a0\u00a0\u00a0\u00a0\u00a0\u00a0\u00a0\u00a0\u00a0\u00a0 <span style=\"font-family: Arial, sans-serif;\"><span style=\"font-size: large;\">Alors que, le 18 novembre 2015, cinq jours apr\u00e8s les 130 morts et 352 bless\u00e9s de Paris, le pr\u00e9sident de l\u2019Assembl\u00e9e Nationale, Claude Bartolone, p\u00e9rore sans complexe : \u00ab\u00a0<\/span><\/span><\/span><span style=\"color: #000000;\"><span style=\"font-family: Arial, sans-serif;\"><span style=\"font-size: large;\"><em>Il ne faut pas qu\u2019on \u00e9tablisse de lien entre les classes populaires, les banlieues populaires et ces terroristes qui n\u2019ont rien \u00e0 voir avec ces populations qui n\u2019aspirent qu\u2019\u00e0 vivre normalement<\/em><\/span><\/span><\/span><span style=\"color: #000000;\"><span style=\"font-family: Arial, sans-serif;\"><span style=\"font-size: large;\">\u00a0\u00bb, la corr\u00e9lation entre les zones de non-droit et la barbarie islamiste s\u2019av\u00e8re \u00e9vidente\u2026<\/span><\/span><\/span><\/p>\n<p align=\"JUSTIFY\"><span style=\"color: #000000;\"><span style=\"font-family: Arial, sans-serif;\"><span style=\"font-size: large;\">\u00ab\u00a0<\/span><\/span><\/span><span style=\"color: #000000;\"><span style=\"font-family: Arial, sans-serif;\"><span style=\"font-size: large;\"><em><strong>Pas d\u2019amalgame<\/strong><\/em><\/span><\/span><\/span><span style=\"color: #000000;\"><span style=\"font-family: Arial, sans-serif;\"><span style=\"font-size: large;\">\u00a0!\u00a0\u00bb r\u00e9p\u00e8tent-ils \u00e0 l\u2019envi\u2026 La volont\u00e9 de dissocier \u00e0 tout prix ces actes barbares, monstrueux ou simplement ignominieux de la \u00ab\u00a0<\/span><\/span><\/span><span style=\"color: #000000;\"><span style=\"font-family: Arial, sans-serif;\"><span style=\"font-size: large;\"><em>religion de paix et d\u2019amour<\/em><\/span><\/span><\/span><span style=\"color: #000000;\"><span style=\"font-family: Arial, sans-serif;\"><span style=\"font-size: large;\">\u00a0\u00bb finit par \u00eatre une insulte \u00e0 notre r\u00e9flexion personnelle car si tous les musulmans ne sont pas terroristes, jusqu&rsquo;\u00e0 preuve du contraire, tous les terroristes sont musulmans\u2026 et tous ont cri\u00e9 \u00ab\u00a0<\/span><\/span><\/span><span style=\"color: #000000;\"><span style=\"font-family: Arial, sans-serif;\"><span style=\"font-size: large;\"><em>Allah Akbar<\/em><\/span><\/span><\/span><span style=\"color: #000000;\"><span style=\"font-family: Arial, sans-serif;\"><span style=\"font-size: large;\">\u00a0\u00bb avant de perp\u00e9trer leurs crimes\u00a0! Et pourtant, <\/span><\/span><\/span><span style=\"color: #000000;\"><span style=\"font-family: Arial, sans-serif;\"><span style=\"font-size: large;\"><em>ils <\/em><\/span><\/span><\/span><span style=\"color: #000000;\"><span style=\"font-family: Arial, sans-serif;\"><span style=\"font-size: large;\">disent que <\/span><\/span><\/span><span style=\"color: #000000;\"><span style=\"font-family: Arial, sans-serif;\"><span style=\"font-size: large;\"><em>Daech <\/em><\/span><\/span><\/span><span style=\"color: #000000;\"><span style=\"font-family: Arial, sans-serif;\"><span style=\"font-size: large;\">n\u2019est pas l\u2019islam ! Qu\u2019attendent-ils alors de le prouver sur le terrain et nous \u00e9pargner leurs jacasseries inf\u00e2mes ?<\/span><\/span><\/span><\/p>\n<p align=\"JUSTIFY\"><span style=\"color: #000000;\"><span style=\"font-family: Arial, sans-serif;\"><span style=\"font-size: large;\">Quand on a une once d\u2019humanit\u00e9 en soi et de raison, on ne se fait jamais l\u2019avocat de l\u2019islam et ces mots du grand voyageur que fut Marco Polo, prononc\u00e9s en janvier 1300, le confirment et nous ram\u00e8nent \u00e0 la triste r\u00e9alit\u00e9 : \u00ab\u00a0<\/span><\/span><\/span><span style=\"color: #000000;\"><span style=\"font-family: Arial, sans-serif;\"><span style=\"font-size: large;\"><em>Le musulman militant est celui qui coupe les t\u00eates pendant que le musulman mod\u00e9r\u00e9 tient les pieds de la victime<\/em><\/span><\/span><\/span><span style=\"color: #000000;\"><span style=\"font-family: Arial, sans-serif;\"><span style=\"font-size: large;\">\u00a0\u00bb. Edifiant constat\u00a0!&#8230;<\/span><\/span><\/span><\/p>\n<p align=\"JUSTIFY\"><span style=\"color: #000000;\"><span style=\"font-family: Arial, sans-serif;\"><span style=\"font-size: large;\">Il est clair cependant que la majorit\u00e9 musulmane ne se reconna\u00eet pas dans l\u2019image de frayeur et de terreur que v\u00e9hiculent tant les \u00ab\u00a0<\/span><\/span><\/span><span style=\"color: #000000;\"><span style=\"font-family: Arial, sans-serif;\"><span style=\"font-size: large;\"><em>fous d\u2019Allah<\/em><\/span><\/span><\/span><span style=\"color: #000000;\"><span style=\"font-family: Arial, sans-serif;\"><span style=\"font-size: large;\">\u00a0\u00bb que les voyous et les truands de nos cit\u00e9s, mais que signifie le silence de cette <\/span><\/span><\/span><span style=\"color: #000000;\"><span style=\"font-family: Arial, sans-serif;\"><span style=\"font-size: large;\"><strong>majorit\u00e9<\/strong><\/span><\/span><\/span><span style=\"color: #000000;\"><span style=\"font-family: Arial, sans-serif;\"><span style=\"font-size: large;\"><strong>pacifique<\/strong><\/span><\/span><\/span><span style=\"color: #000000;\"><span style=\"font-family: Arial, sans-serif;\"><span style=\"font-size: large;\">, cette passivit\u00e9, cette incons\u00e9quence (voire, cette tol\u00e9rance) vis-\u00e0-vis de la minorit\u00e9 radicalis\u00e9e ou adepte de la voyoucratie et du banditisme\u00a0? Elle ne se consid\u00e8re en aucun cas concern\u00e9e et se contente simplement de regarder et de laisser faire\u2026 \u00ab\u00a0<\/span><\/span><\/span><span style=\"color: #000000;\"><span style=\"font-family: Arial, sans-serif;\"><span style=\"font-size: large;\"><em>Tol\u00e9rance et apathie sont les derni\u00e8res vertus d&rsquo;une soci\u00e9t\u00e9 mourante<\/em><\/span><\/span><\/span><span style=\"color: #000000;\"><span style=\"font-family: Arial, sans-serif;\"><span style=\"font-size: large;\">\u00a0\u00bb clamait <\/span><\/span><\/span><span style=\"color: #000000;\"><span style=\"font-family: Arial, sans-serif;\"><span style=\"font-size: large;\"><em>Aristote\u2026<\/em><\/span><\/span><\/span><\/p>\n<p align=\"JUSTIFY\"><span style=\"color: #000000;\"><span style=\"font-family: Arial, sans-serif;\"><span style=\"font-size: large;\">Ainsi, jamais les voix de cet Islam \u00ab\u00a0mod\u00e9r\u00e9\u00a0\u00bb ne s\u2019\u00e9l\u00e8vent pour d\u00e9noncer tant de barbarie, jamais la moindre p\u00e9tition pour crier\u00a0: \u00ab\u00a0<\/span><\/span><\/span><span style=\"color: #000000;\"><span style=\"font-family: Arial, sans-serif;\"><span style=\"font-size: large;\"><em>Pas en notre nom\u00a0! Pas au nom de l\u2019Islam\u00a0<\/em><\/span><\/span><\/span><span style=\"color: #000000;\"><span style=\"font-family: Arial, sans-serif;\"><span style=\"font-size: large;\">!\u00a0\u00bb\u2026 \u00ab\u00a0<\/span><\/span><\/span><span style=\"color: #000000;\"><span style=\"font-family: Arial, sans-serif;\"><span style=\"font-size: large;\"><em>NON \u00e0 la haine<\/em><\/span><\/span><\/span><span style=\"color: #000000;\"><span style=\"font-family: Arial, sans-serif;\"><span style=\"font-size: large;\">\u00a0!\u00a0\u00bb Mais quelle est donc cette incapacit\u00e9 arabe \u00e0 porter un regard critique sur tant de mis\u00e8re humaine\u00a0?&#8230; Que signifie ce silence affich\u00e9 par la communaut\u00e9 islamique \u00e0 l\u2019\u00e9gard de la <\/span><\/span><\/span><span style=\"color: #000000;\"><span style=\"font-family: Arial, sans-serif;\"><span style=\"font-size: large;\"><em>racaille<\/em><\/span><\/span><\/span><span style=\"color: #000000;\"><span style=\"font-family: Arial, sans-serif;\"><span style=\"font-size: large;\"> radicalis\u00e9e qui s\u00e9vit en toute impunit\u00e9 dans les cit\u00e9s\u00a0? Les \u00ab\u00a0<\/span><\/span><\/span><span style=\"color: #000000;\"><span style=\"font-family: Arial, sans-serif;\"><span style=\"font-size: large;\"><em>bonnes<\/em><\/span><\/span><\/span><span style=\"color: #000000;\"><span style=\"font-family: Arial, sans-serif;\"><span style=\"font-size: large;\"><em>\u00e2mes <\/em><\/span><\/span><\/span><span style=\"color: #000000;\"><span style=\"font-family: Arial, sans-serif;\"><span style=\"font-size: large;\">\u00bb, les \u00ab\u00a0<\/span><\/span><\/span><span style=\"color: #000000;\"><span style=\"font-family: Arial, sans-serif;\"><span style=\"font-size: large;\"><em>humanistes \u00e0 la conscience pure <\/em><\/span><\/span><\/span><span style=\"color: #000000;\"><span style=\"font-family: Arial, sans-serif;\"><span style=\"font-size: large;\">\u00bb, pr\u00e9tendent que cette omerta est la cons\u00e9quence de la peur et de la crainte des repr\u00e9sailles que ressentent les habitants de ces quartiers. Si cela est vrai pour certains, pour d\u2019autres, c\u2019est la solidarit\u00e9 qui s\u2019exprime et rien d\u2019autre. Cependant, si les \u00ab\u00a0<\/span><\/span><\/span><span style=\"color: #000000;\"><span style=\"font-family: Arial, sans-serif;\"><span style=\"font-size: large;\"><em>terroris\u00e9s\u00a0<\/em><\/span><\/span><\/span><span style=\"color: #000000;\"><span style=\"font-family: Arial, sans-serif;\"><span style=\"font-size: large;\">\u00bb persistent dans leur silence en s\u2019abstenant publiquement de se d\u00e9solidariser de la racaille et des terroristes qu\u2019elle engendre, ils leur rendent \u00e9galement hommage en leur montrant leur soumission (<\/span><\/span><\/span><span style=\"color: #000000;\"><span style=\"font-family: Arial, sans-serif;\"><span style=\"font-size: large;\"><strong>1<\/strong><\/span><\/span><\/span><span style=\"color: #000000;\"><span style=\"font-family: Arial, sans-serif;\"><span style=\"font-size: large;\">).\u00a0 <\/span><\/span><\/span><\/p>\n<p align=\"JUSTIFY\"><span style=\"color: #000000;\">\u00a0<span style=\"font-family: Arial, sans-serif;\"><span style=\"font-size: large;\">Et c\u2019est ainsi que la communaut\u00e9 musulmane, dans sa r\u00e9signation mill\u00e9naire, continue -encourag\u00e9e en cela par la \u00ab\u00a0<\/span><\/span><\/span><span style=\"color: #000000;\"><span style=\"font-family: Arial, sans-serif;\"><span style=\"font-size: large;\"><em>bien-pensance<\/em><\/span><\/span><\/span><span style=\"color: #000000;\"><span style=\"font-family: Arial, sans-serif;\"><span style=\"font-size: large;\">\u00a0\u00bb, le \u00ab\u00a0<\/span><\/span><\/span><span style=\"color: #000000;\"><span style=\"font-family: Arial, sans-serif;\"><span style=\"font-size: large;\"><em>politiquement correct<\/em><\/span><\/span><\/span><span style=\"color: #000000;\"><span style=\"font-family: Arial, sans-serif;\"><span style=\"font-size: large;\">\u00a0\u00bb et les \u00ab\u00a0<\/span><\/span><\/span><span style=\"color: #000000;\"><span style=\"font-family: Arial, sans-serif;\"><span style=\"font-size: large;\"><em>moralistes<\/em><\/span><\/span><\/span><span style=\"color: #000000;\"><span style=\"font-family: Arial, sans-serif;\"><span style=\"font-size: large;\">\u00a0\u00bb- d\u2019observer, indolemment, la minorit\u00e9 agissante et ultra-violente (fer de lance de la <\/span><\/span><\/span><span style=\"color: #000000;\"><span style=\"font-family: Arial, sans-serif;\"><span style=\"font-size: large;\"><em>5<\/em><\/span><\/span><\/span><span style=\"color: #000000;\"><sup><span style=\"font-family: Arial, sans-serif;\"><span style=\"font-size: large;\"><em>\u00e8me<\/em><\/span><\/span><\/sup><\/span><span style=\"color: #000000;\"><span style=\"font-family: Arial, sans-serif;\"><span style=\"font-size: large;\"><em> colonne<\/em><\/span><\/span><\/span><span style=\"color: #000000;\"><span style=\"font-family: Arial, sans-serif;\"><span style=\"font-size: large;\">) s\u2019\u00e9rigeant en toute impunit\u00e9 &#8211;<\/span><\/span><\/span><span style=\"color: #000000;\"><span style=\"font-family: Arial, sans-serif;\"><span style=\"font-size: large;\"><em>au nom de Dieu\u00a0!<\/em><\/span><\/span><\/span><span style=\"color: #000000;\"><span style=\"font-family: Arial, sans-serif;\"><span style=\"font-size: large;\">&#8211; en \u00ab\u00a0<\/span><\/span><\/span><span style=\"color: #000000;\"><span style=\"font-family: Arial, sans-serif;\"><span style=\"font-size: large;\"><em>seigneurs des banlieues\u00a0<\/em><\/span><\/span><\/span><span style=\"color: #000000;\"><span style=\"font-family: Arial, sans-serif;\"><span style=\"font-size: large;\">\u00bb. Et bient\u00f4t, \u00e0 l\u2019instar de <\/span><\/span><\/span><span style=\"color: #000000;\"><span style=\"font-family: Arial, sans-serif;\"><span style=\"font-size: large;\"><em>Diderot,<\/em><\/span><\/span><\/span><span style=\"color: #000000;\"><span style=\"font-family: Arial, sans-serif;\"><span style=\"font-size: large;\"> nous pourrons nous \u00e9crier :<\/span><\/span><\/span><span style=\"color: #0000ff;\"><span style=\"font-family: Arial, sans-serif;\"><span style=\"font-size: large;\"><em><strong>\u00ab\u00a0Il n\u2019y a plus de patrie\u00a0; je ne vois d\u2019un p\u00f4le \u00e0 l\u2019autre que des tyrans et des esclaves\u00a0\u00bb<\/strong><\/em><\/span><\/span><\/span><span style=\"color: #0000ff;\"><span style=\"font-family: Arial, sans-serif;\"><span style=\"font-size: large;\"><strong>.<\/strong><\/span><\/span><\/span><\/p>\n<p align=\"JUSTIFY\"><span style=\"color: #000000;\">\u00a0<\/span><\/p>\n<p align=\"JUSTIFY\"><span style=\"color: #0000ff;\">\u00a0\u00a0\u00a0\u00a0\u00a0\u00a0\u00a0\u00a0\u00a0\u00a0\u00a0\u00a0\u00a0\u00a0\u00a0\u00a0\u00a0\u00a0\u00a0\u00a0\u00a0\u00a0\u00a0\u00a0\u00a0\u00a0\u00a0\u00a0\u00a0\u00a0\u00a0\u00a0\u00a0\u00a0\u00a0\u00a0\u00a0\u00a0\u00a0\u00a0\u00a0\u00a0\u00a0\u00a0\u00a0\u00a0\u00a0\u00a0\u00a0\u00a0\u00a0\u00a0\u00a0\u00a0\u00a0\u00a0\u00a0\u00a0\u00a0\u00a0\u00a0\u00a0\u00a0\u00a0\u00a0\u00a0\u00a0\u00a0\u00a0\u00a0\u00a0\u00a0\u00a0\u00a0\u00a0\u00a0\u00a0\u00a0\u00a0<\/span><span style=\"color: #000000;\"><span style=\"font-family: Arial, sans-serif;\"><span style=\"font-size: large;\"><strong>Jos\u00e9 CASTANO<\/strong><\/span><\/span><\/span><\/p>\n<p><span style=\"color: #0000ff;\">\u00a0\u00a0\u00a0\u00a0\u00a0\u00a0\u00a0\u00a0\u00a0\u00a0\u00a0\u00a0\u00a0\u00a0\u00a0\u00a0\u00a0\u00a0\u00a0\u00a0\u00a0\u00a0\u00a0\u00a0\u00a0\u00a0\u00a0\u00a0\u00a0\u00a0\u00a0\u00a0\u00a0\u00a0\u00a0\u00a0\u00a0\u00a0\u00a0\u00a0\u00a0\u00a0\u00a0\u00a0\u00a0<\/span><span style=\"color: #000000;\"><span style=\"font-family: Arial, sans-serif;\"><span style=\"font-size: large;\"><strong>Courriel\u00a0: <\/strong><\/span><\/span><\/span><span style=\"color: #0000ff;\"><span style=\"text-decoration: underline;\"><a href=\"https:\/\/webmail1c.orange.fr\/webmail\/fr_FR\/read.html?FOLDER=SF_INBOX&amp;IDMSG=370140&amp;check=&amp;SORTBY=1\" target=\"_blank\"><span style=\"font-family: Arial, sans-serif;\"><span style=\"font-size: large;\"><strong>joseph.castano0508orange.fr<\/strong><\/span><\/span><\/a><\/span><\/span><\/p>\n<p><span style=\"color: #000000;\">\u00a0<\/span><\/p>\n<p align=\"JUSTIFY\"><span style=\"color: #000000;\"><span style=\"font-family: Arial, sans-serif;\"><span style=\"font-size: large;\">(<\/span><\/span><\/span><span style=\"color: #000000;\"><span style=\"font-family: Arial, sans-serif;\"><span style=\"font-size: large;\"><strong>1<\/strong><\/span><\/span><\/span><span style=\"color: #000000;\"><span style=\"font-family: Arial, sans-serif;\"><span style=\"font-size: large;\">) Recteur de la grande mosqu\u00e9e de Paris depuis 1992 et ancien pr\u00e9sident du Conseil fran\u00e7ais du culte musulman (CFCM), Dalil Boubakeur <\/span><\/span><\/span><span style=\"color: #000000;\"><span style=\"font-family: Arial, sans-serif;\"><span style=\"font-size: large;\"><em>\u00ab\u00a0a brill\u00e9 par son absence dans les rassemblements organis\u00e9s devant le Bataclan ou \u00e0 la R\u00e9publique<\/em><\/span><\/span><\/span><span style=\"color: #000000;\"><span style=\"font-family: Arial, sans-serif;\"><span style=\"font-size: large;\">\u00a0<\/span><\/span><\/span><span style=\"color: #000000;\"><span style=\"font-family: Arial, sans-serif;\"><span style=\"font-size: large;\"><em>\u00bb<\/em><\/span><\/span><\/span><span style=\"color: #000000;\"><span style=\"font-family: Arial, sans-serif;\"><span style=\"font-size: large;\">, r\u00e9v\u00e8le <\/span><\/span><\/span><span style=\"color: #000000;\"><span style=\"font-family: Arial, sans-serif;\"><span style=\"font-size: large;\"><em>le Canard encha\u00een\u00e9<\/em><\/span><\/span><\/span><span style=\"color: #000000;\"><span style=\"font-family: Arial, sans-serif;\"><span style=\"font-size: large;\">. La\u00a0Grande Mosqu\u00e9e a attendu jusqu&rsquo;\u00e0 mardi 17 pour r\u00e9agir et appeler\u00a0les citoyens de confession musulmane \u00e0 se rassembler contre le terrorisme. Mais nouveau coup de th\u00e9\u00e2tre\u00a0: 48 heures plus tard, Dalil Boubakeur annule tout, affirme le journal satirique. <\/span><\/span><\/span><span style=\"color: #000000;\"><span style=\"font-family: Arial, sans-serif;\"><span style=\"font-size: large;\"><em>\u00ab<\/em><\/span><\/span><\/span><span style=\"color: #000000;\"><span style=\"font-family: Arial, sans-serif;\"><span style=\"font-size: large;\">\u00a0<\/span><\/span><\/span><span style=\"color: #000000;\"><span style=\"font-family: Arial, sans-serif;\"><span style=\"font-size: large;\"><em>En r\u00e9alit\u00e9, il n\u2019a jamais voulu de ce rassemblement et il a tout fait pour qu\u2019il n\u2019ait pas lieu<\/em><\/span><\/span><\/span><span style=\"color: #000000;\"><span style=\"font-family: Arial, sans-serif;\"><span style=\"font-size: large;\">\u00a0<\/span><\/span><\/span><span style=\"color: #000000;\"><span style=\"font-family: Arial, sans-serif;\"><span style=\"font-size: large;\"><em>\u00bb<\/em><\/span><\/span><\/span><span style=\"color: #000000;\"><span style=\"font-family: Arial, sans-serif;\"><span style=\"font-size: large;\">, a soulign\u00e9 un de ses proches, interrog\u00e9 par la r\u00e9daction.<\/span><\/span><\/span><\/p>\n<p lang=\"en-US\" align=\"CENTER\"><span style=\"font-size: large;\"><strong>-o-o-o-o-o-o-o-o-o-o-o-\u00a0<\/strong><\/span><\/p>\n<p><span style=\"color: #000000;\"><span style=\"font-size: large;\"><strong>Apr\u00e8s avoir commis son double assassinat terroriste contre le capitaine de police Jean-Baptiste Salvaing et sa femme, Larossi Abdallah a publi\u00e9 une vid\u00e9o sur Facebook qui a \u00e9t\u00e9 imm\u00e9diatement supprim\u00e9e.\u00a0<\/strong><\/span><\/span><\/p>\n<p><span style=\"color: #ff0000;\"><span style=\"font-family: Arial, sans-serif;\"><span style=\"font-size: large;\"><span style=\"text-decoration: underline;\"><strong>Cliquez sur ce lien\u00a0:<\/strong><\/span><\/span><\/span><\/span><span style=\"color: #0000ff;\"><span style=\"text-decoration: underline;\"><a href=\"http:\/\/feedproxy.google.com\/%7Er\/drzz\/Pxvu\/%7E3\/xtONdTQnLB0\/?utm_source=feedburner&amp;utm_medium=email\" target=\"_blank\"><span style=\"color: #000099;\"><span style=\"font-family: Arial, sans-serif;\"><span style=\"font-size: large;\"><strong>La vid\u00e9o que le terroriste Larossi Abdallah a tourn\u00e9 dans l\u2019appartement de ses victimes<\/strong><\/span><\/span><\/span><\/a><\/span><\/span><\/p>\n<p align=\"CENTER\"><span style=\"color: #000000;\"><span style=\"font-size: large;\"><strong>-o-o-o-o-o-o-o-o-<\/strong><\/span><\/span><\/p>\n<p align=\"CENTER\">\n<p align=\"CENTER\"><span style=\"color: #000000;\">\u00a0<\/span><span style=\"color: #632423;\"><span style=\"font-size: large;\">*** *** ***<\/span><\/span><\/p>\n<p><span style=\"font-size: large;\">Merci d\u2019en avoir pris connaissance.<\/span><\/p>\n<p align=\"JUSTIFY\">\n<p align=\"JUSTIFY\"><span style=\"font-size: large;\">\u00c9ric EG Nogard<\/span><\/p>\n<p align=\"JUSTIFY\"><span style=\"color: #c00000;\"><span style=\"font-size: large;\"><em>Chroniqueur<\/em><\/span><\/span><span style=\"color: #c00000;\"><span style=\"font-size: large;\">.<\/span><\/span><\/p>\n<p align=\"CENTER\"><span style=\"font-size: large;\"><strong>*** *** ***<\/strong><\/span><\/p>\n<p align=\"CENTER\"><span style=\"color: #ff0000;\"><span style=\"font-size: large;\"><strong>Nota : <\/strong><\/span><\/span><span style=\"color: #000000;\"><span style=\"font-size: large;\">Nous ne traitons que de Faits et de Noms rendus Publics.<\/span><\/span><\/p>\n<p align=\"CENTER\"><span style=\"color: #000000;\"><span style=\"font-size: large;\">*** *** **<\/span><\/span><\/p>\n<p align=\"JUSTIFY\"><span style=\"font-size: large;\"><strong>N.B.:<\/strong><\/span><span style=\"font-size: large;\"> &#8211; <\/span><span style=\"color: #c00000;\"><span style=\"font-family: 'Comic Sans MS', cursive;\"><span style=\"font-size: large;\">Nous Recommandons instamment et syst\u00e9matiquement l\u2019ouverture de la (ou des) pi\u00e8ce(s) jointe(s) \u00e0 l\u2019e-mail, sous format Pdf, <\/span><\/span><\/span><span style=\"color: #c00000;\"><span style=\"font-family: 'Comic Sans MS', cursive;\"><span style=\"font-size: large;\"><span style=\"text-decoration: underline;\">les illustrations y sont incluses<\/span><\/span><\/span><\/span><span style=\"color: #c00000;\"><span style=\"font-family: 'Comic Sans MS', cursive;\"><span style=\"font-size: large;\">.<\/span><\/span><\/span><\/p>\n<p align=\"JUSTIFY\">\n<p align=\"CENTER\"><span style=\"color: #ff0000;\"><span><strong>Ne Peut \u00eatre reproduit &#8211; m\u00eame partiellement &#8211; sans l\u2019autorisation de l\u2019Auteur.<\/strong><\/span><\/span><\/p>\n<p align=\"JUSTIFY\"><span style=\"text-decoration: underline;\"><strong>Liens Sugg\u00e9r\u00e9s\u00a0:<\/strong><\/span><\/p>\n<ul>\n<li>\n<p align=\"JUSTIFY\"><span style=\"color: #0000ff;\"><span style=\"text-decoration: underline;\"><a href=\"http:\/\/www.lescrutateur.com\/\">http:\/\/www.lescrutateur.com\/<\/a><\/span><\/span><\/p>\n<\/li>\n<li>\n<p align=\"JUSTIFY\"><span style=\"color: #0000ff;\"><span style=\"text-decoration: underline;\"><a href=\"http:\/\/www.etatsgenerauxdeloutremer.fr\/reflexions\">http:\/\/www.etatsgenerauxdeloutremer.fr\/reflexions<\/a><\/span><\/span><\/p>\n<\/li>\n<\/ul>\n<p align=\"CENTER\">\n<p align=\"CENTER\">\n<script type=\"text\/javascript\">\n\nvar addthis_config = {\"data_track_clickback\":false,\"data_track_addressbar\":false,\"data_track_textcopy\":false};\n<\/script><script type=\"text\/javascript\" src=\"\/\/s7.addthis.com\/js\/250\/addthis_widget.js#pubid=a457a6d63fb9e6ccabdde4110343bd85\"><\/script>","protected":false},"excerpt":{"rendered":"<p align=\"CENTER\"><span>Le Cri d\u2019Alarme.<\/span><\/p>\n<p align=\"CENTER\"><span style=\"color: #000000;\"><span>Chronique d\u2019\u00c9ric E.G. NOGARD<\/span><\/span><\/p>\n<p align=\"CENTER\"><span style=\"color: #000000;\"><span>De l\u2019Ex. Martinique Province Fran\u00e7aise d\u2019Am\u00e9rique Amie du Canada (1061 Titres).<\/span><\/span><\/p>\n<p align=\"CENTER\">\n<p align=\"CENTER\">==========<\/p>\n<p align=\"CENTER\">\n<p align=\"CENTER\">\n<p align=\"CENTER\">\n<p align=\"CENTER\"><span style=\"color: #c00000;\">==========<\/span><\/p>\n<p align=\"CENTER\">\n<p align=\"JUSTIFY\"><span style=\"color: #c00000;\"> <span style=\"font-family: 'Comic Sans MS', cursive;\"><span>\u00ab\u00a0<\/span><\/span><\/span><span style=\"color: #c00000;\"><span style=\"font-family: Cambria, serif;\"><span>Notre M\u00e9tier n\u2019est pas de faire plaisir, Non plus de faire tort \u00e0 qui que ce <\/span><\/span><\/span>&hellip;<\/p>\n","protected":false},"author":1,"featured_media":0,"comment_status":"open","ping_status":"open","sticky":false,"template":"","format":"standard","meta":{"footnotes":""},"categories":[1],"tags":[],"class_list":["post-12443","post","type-post","status-publish","format-standard","hentry","category-accueil"],"_links":{"self":[{"href":"http:\/\/www.lecarrefourdesopinions.ca\/index.php?rest_route=\/wp\/v2\/posts\/12443","targetHints":{"allow":["GET"]}}],"collection":[{"href":"http:\/\/www.lecarrefourdesopinions.ca\/index.php?rest_route=\/wp\/v2\/posts"}],"about":[{"href":"http:\/\/www.lecarrefourdesopinions.ca\/index.php?rest_route=\/wp\/v2\/types\/post"}],"author":[{"embeddable":true,"href":"http:\/\/www.lecarrefourdesopinions.ca\/index.php?rest_route=\/wp\/v2\/users\/1"}],"replies":[{"embeddable":true,"href":"http:\/\/www.lecarrefourdesopinions.ca\/index.php?rest_route=%2Fwp%2Fv2%2Fcomments&post=12443"}],"version-history":[{"count":1,"href":"http:\/\/www.lecarrefourdesopinions.ca\/index.php?rest_route=\/wp\/v2\/posts\/12443\/revisions"}],"predecessor-version":[{"id":12445,"href":"http:\/\/www.lecarrefourdesopinions.ca\/index.php?rest_route=\/wp\/v2\/posts\/12443\/revisions\/12445"}],"wp:attachment":[{"href":"http:\/\/www.lecarrefourdesopinions.ca\/index.php?rest_route=%2Fwp%2Fv2%2Fmedia&parent=12443"}],"wp:term":[{"taxonomy":"category","embeddable":true,"href":"http:\/\/www.lecarrefourdesopinions.ca\/index.php?rest_route=%2Fwp%2Fv2%2Fcategories&post=12443"},{"taxonomy":"post_tag","embeddable":true,"href":"http:\/\/www.lecarrefourdesopinions.ca\/index.php?rest_route=%2Fwp%2Fv2%2Ftags&post=12443"}],"curies":[{"name":"wp","href":"https:\/\/api.w.org\/{rel}","templated":true}]}}