{"id":12432,"date":"2016-06-24T10:52:50","date_gmt":"2016-06-24T14:52:50","guid":{"rendered":"http:\/\/www.lecarrefourdesopinions.ca\/?p=12432"},"modified":"2016-06-24T10:52:50","modified_gmt":"2016-06-24T14:52:50","slug":"mon-quebec-a-moi","status":"publish","type":"post","link":"http:\/\/www.lecarrefourdesopinions.ca\/?p=12432","title":{"rendered":"\u00ab Mon Qu\u00e9bec \u00e0 moi \u00bb"},"content":{"rendered":"<div><\/div>\n<div>\n<p align=\"center\"><span style=\"font-family: 'Times New Roman', serif;\"><span style=\"font-size: large;\">\u00ab\u00a0Mon Qu\u00e9bec \u00e0 moi\u00a0\u00bb<\/span><\/span><\/p>\n<p style=\"text-align: left;\" align=\"center\"><img loading=\"lazy\" decoding=\"async\" class=\"alignnone size-thumbnail wp-image-12095\" title=\"Serge Moise\" src=\"http:\/\/www.lecarrefourdesopinions.ca\/wp-content\/uploads\/2010\/01\/Serge-Moise1-101x107.jpg\" alt=\"\" width=\"101\" height=\"107\" \/><\/p>\n<p style=\"text-align: left;\" align=\"center\"><span style=\"color: #800000;\"><em>par Serge .H Moise<\/em><\/span><\/p>\n<p align=\"center\"><span style=\"font-family: 'Times New Roman', serif;\"><span style=\"font-size: large;\">Dans ce pays d\u2019accueil<\/span><\/span><\/p>\n<p align=\"center\"><span style=\"font-family: 'Times New Roman', serif;\"><span style=\"font-size: large;\">O\u00f9 coulent le lait et le miel<\/span><\/span><\/p>\n<p align=\"center\"><span style=\"font-family: 'Times New Roman', serif;\"><span style=\"font-size: large;\">Le combat contre la pauvret\u00e9<\/span><\/span><\/p>\n<p align=\"center\"><span style=\"font-family: 'Times New Roman', serif;\"><span style=\"font-size: large;\">Demeure la grande priorit\u00e9<\/span><\/span><\/p>\n<p align=\"center\"><span style=\"font-family: 'Times New Roman', serif;\"><span style=\"font-size: large;\">II<\/span><\/span><\/p>\n<p align=\"center\"><span style=\"font-family: 'Times New Roman', serif;\"><span style=\"font-size: large;\">La dignit\u00e9 par le travail<\/span><\/span><\/p>\n<p align=\"center\"><span style=\"font-family: 'Times New Roman', serif;\"><span style=\"font-size: large;\">S\u2019av\u00e8re l\u2019option qui vaille<\/span><\/span><\/p>\n<p align=\"center\"><span style=\"font-family: 'Times New Roman', serif;\"><span style=\"font-size: large;\">Le respect des droits et libert\u00e9s<\/span><\/span><\/p>\n<p align=\"center\"><span style=\"font-family: 'Times New Roman', serif;\"><span style=\"font-size: large;\">Un principe vraiment sacr\u00e9<\/span><\/span><\/p>\n<p align=\"center\"><span style=\"font-family: 'Times New Roman', serif;\"><span style=\"font-size: large;\">III<\/span><\/span><\/p>\n<p align=\"center\"><span style=\"font-family: 'Times New Roman', serif;\"><span style=\"font-size: large;\">Les probl\u00e8mes sont d\u00e9battus<\/span><\/span><\/p>\n<p align=\"center\"><span style=\"font-family: 'Times New Roman', serif;\"><span style=\"font-size: large;\">Afin de sortir des sentiers battus<\/span><\/span><\/p>\n<p align=\"center\"><span style=\"font-family: 'Times New Roman', serif;\"><span style=\"font-size: large;\">Ici on se souvient<\/span><\/span><\/p>\n<p align=\"center\"><span style=\"font-family: 'Times New Roman', serif;\"><span style=\"font-size: large;\">Et on tasse les vieux refrains<\/span><\/span><\/p>\n<p align=\"center\"><span style=\"font-family: 'Times New Roman', serif;\"><span style=\"font-size: large;\">On recherche le raisonnable<\/span><\/span><\/p>\n<p align=\"center\"><span style=\"font-family: 'Times New Roman', serif;\"><span style=\"font-size: large;\">Pour \u00e9viter l\u2019irr\u00e9parable<\/span><\/span><\/p>\n<p align=\"center\"><span style=\"font-family: 'Times New Roman', serif;\"><span style=\"font-size: large;\">IV<\/span><\/span><\/p>\n<p align=\"center\"><span style=\"font-family: 'Times New Roman', serif;\"><span style=\"font-size: large;\">Toujours plus haut<\/span><\/span><\/p>\n<p align=\"center\"><span style=\"font-family: 'Times New Roman', serif;\"><span style=\"font-size: large;\">Encore plus beau<\/span><\/span><\/p>\n<p align=\"center\"><span style=\"font-family: 'Times New Roman', serif;\"><span style=\"font-size: large;\">Nous chantent Vigneault<\/span><\/span><\/p>\n<p align=\"center\"><span style=\"font-family: 'Times New Roman', serif;\"><span style=\"font-size: large;\">Ferland et Ginette Reno<\/span><\/span><\/p>\n<p align=\"center\"><span style=\"font-family: 'Times New Roman', serif;\"><span style=\"font-size: large;\">V<\/span><\/span><\/p>\n<p align=\"center\"><span style=\"font-family: 'Times New Roman', serif;\"><span style=\"font-size: large;\">L\u2019automne ma saison pr\u00e9f\u00e9r\u00e9e<\/span><\/span><\/p>\n<p align=\"center\"><span style=\"font-family: 'Times New Roman', serif;\"><span style=\"font-size: large;\">De la nature une orgie de beaut\u00e9<\/span><\/span><\/p>\n<p align=\"center\"><span style=\"font-family: 'Times New Roman', serif;\"><span style=\"font-size: large;\">Il fait si bon vivre au Qu\u00e9bec<\/span><\/span><\/p>\n<p align=\"center\"><span style=\"font-family: 'Times New Roman', serif;\"><span style=\"font-size: large;\">O\u00f9 l\u2019on se fait sucrer le bec<\/span><\/span><\/p>\n<p align=\"center\"><span style=\"font-family: 'Times New Roman', serif;\"><span style=\"font-size: large;\">VI<\/span><\/span><\/p>\n<p align=\"center\"><span style=\"font-family: 'Times New Roman', serif;\"><span style=\"font-size: large;\">Ceux-l\u00e0 si bien int\u00e9gr\u00e9s<\/span><\/span><\/p>\n<p align=\"center\"><span style=\"font-family: 'Times New Roman', serif;\"><span style=\"font-size: large;\">Au comble de la f\u00e9licit\u00e9<\/span><\/span><\/p>\n<p align=\"center\"><span style=\"font-family: 'Times New Roman', serif;\"><span style=\"font-size: large;\">Se sentent mieux qu\u2019ailleurs<\/span><\/span><\/p>\n<p align=\"center\"><span style=\"font-family: 'Times New Roman', serif;\"><span style=\"font-size: large;\">Et chantent tous en ch\u0153ur<\/span><\/span><\/p>\n<p align=\"center\"><span style=\"font-family: 'Times New Roman', serif;\"><span style=\"font-size: large;\">Afin de r\u00e9tablir l\u2019\u00e9quilibre<\/span><\/span><\/p>\n<p align=\"center\"><span style=\"font-family: 'Times New Roman', serif;\"><span style=\"font-size: large;\">\u00ab\u00a0Vive le Qu\u00e9bec libre\u00a0\u00bb<\/span><\/span><\/p>\n<p align=\"center\"><span style=\"font-family: 'Times New Roman', serif;\"><span style=\"font-size: large;\">\u00a0\u00a0\u00a0\u00a0\u00a0\u00a0\u00a0\u00a0\u00a0\u00a0\u00a0\u00a0\u00a0\u00a0\u00a0\u00a0\u00a0 SHM av.<\/span><\/span><\/p>\n<\/div>\n<script type=\"text\/javascript\">\n\nvar addthis_config = {\"data_track_clickback\":false,\"data_track_addressbar\":false,\"data_track_textcopy\":false};\n<\/script><script type=\"text\/javascript\" src=\"\/\/s7.addthis.com\/js\/250\/addthis_widget.js#pubid=a457a6d63fb9e6ccabdde4110343bd85\"><\/script>","protected":false},"excerpt":{"rendered":"<p align=\"center\"><span style=\"font-family: 'Times New Roman', serif;\"><span style=\"font-size: large;\">\u00ab\u00a0Mon Qu\u00e9bec \u00e0 moi\u00a0\u00bb<\/span><\/span><\/p>\n<p style=\"text-align: left;\" align=\"center\">\n<p style=\"text-align: left;\" align=\"center\"><span style=\"color: #800000;\">par Serge .H Moise<\/span><\/p>\n<p align=\"center\"><span style=\"font-family: 'Times New Roman', serif;\"><span style=\"font-size: large;\">Dans ce pays d\u2019accueil<\/span><\/span><\/p>\n<p align=\"center\"><span style=\"font-family: 'Times New Roman', serif;\"><span style=\"font-size: large;\">O\u00f9 coulent le lait et le miel<\/span><\/span><\/p>\n<p align=\"center\"><span style=\"font-family: 'Times New Roman', serif;\"><span style=\"font-size: large;\">Le combat contre la pauvret\u00e9<\/span><\/span><\/p>\n<p align=\"center\"><span style=\"font-family: 'Times New Roman', serif;\"><span style=\"font-size: large;\">Demeure la grande priorit\u00e9<\/span><\/span><\/p>\n<p align=\"center\"><span style=\"font-family: 'Times New Roman', serif;\"><span style=\"font-size: large;\">II<\/span><\/span><\/p>\n<p align=\"center\"><span style=\"font-family: 'Times New Roman', serif;\"><span style=\"font-size: large;\">La dignit\u00e9 par le travail<\/span><\/span><\/p>\n<p align=\"center\"><span style=\"font-family: 'Times New Roman', serif;\"><span style=\"font-size: large;\">S\u2019av\u00e8re <\/span><\/span>&hellip;<\/p>\n","protected":false},"author":1,"featured_media":0,"comment_status":"open","ping_status":"open","sticky":false,"template":"","format":"standard","meta":{"footnotes":""},"categories":[1],"tags":[],"class_list":["post-12432","post","type-post","status-publish","format-standard","hentry","category-accueil"],"_links":{"self":[{"href":"http:\/\/www.lecarrefourdesopinions.ca\/index.php?rest_route=\/wp\/v2\/posts\/12432","targetHints":{"allow":["GET"]}}],"collection":[{"href":"http:\/\/www.lecarrefourdesopinions.ca\/index.php?rest_route=\/wp\/v2\/posts"}],"about":[{"href":"http:\/\/www.lecarrefourdesopinions.ca\/index.php?rest_route=\/wp\/v2\/types\/post"}],"author":[{"embeddable":true,"href":"http:\/\/www.lecarrefourdesopinions.ca\/index.php?rest_route=\/wp\/v2\/users\/1"}],"replies":[{"embeddable":true,"href":"http:\/\/www.lecarrefourdesopinions.ca\/index.php?rest_route=%2Fwp%2Fv2%2Fcomments&post=12432"}],"version-history":[{"count":1,"href":"http:\/\/www.lecarrefourdesopinions.ca\/index.php?rest_route=\/wp\/v2\/posts\/12432\/revisions"}],"predecessor-version":[{"id":12433,"href":"http:\/\/www.lecarrefourdesopinions.ca\/index.php?rest_route=\/wp\/v2\/posts\/12432\/revisions\/12433"}],"wp:attachment":[{"href":"http:\/\/www.lecarrefourdesopinions.ca\/index.php?rest_route=%2Fwp%2Fv2%2Fmedia&parent=12432"}],"wp:term":[{"taxonomy":"category","embeddable":true,"href":"http:\/\/www.lecarrefourdesopinions.ca\/index.php?rest_route=%2Fwp%2Fv2%2Fcategories&post=12432"},{"taxonomy":"post_tag","embeddable":true,"href":"http:\/\/www.lecarrefourdesopinions.ca\/index.php?rest_route=%2Fwp%2Fv2%2Ftags&post=12432"}],"curies":[{"name":"wp","href":"https:\/\/api.w.org\/{rel}","templated":true}]}}