{"id":12398,"date":"2016-06-10T19:23:58","date_gmt":"2016-06-10T23:23:58","guid":{"rendered":"http:\/\/www.lecarrefourdesopinions.ca\/?p=12398"},"modified":"2016-06-10T19:23:58","modified_gmt":"2016-06-10T23:23:58","slug":"la-suisse-lui-a-dit-non-mais-lui-a-fait-honneur","status":"publish","type":"post","link":"http:\/\/www.lecarrefourdesopinions.ca\/?p=12398","title":{"rendered":"La Suisse lui a dit Non, mais lui a fait Honneur !"},"content":{"rendered":"<p align=\"JUSTIFY\"><span style=\"color: #632423;\"><em><strong>Pardonnez-nous si jamais, tel Aristarque De SAMOS, nous troublons quelque part, jusqu\u2019au \u00ab\u00a0Repos des Dieux\u00a0\u00bb. (\u00c9ric EG Nogard, Chroniqueur).<\/strong><\/em><\/span><\/p>\n<p align=\"CENTER\"><span style=\"color: #000099;\"><span><strong>=====<\/strong><\/span><\/span><\/p>\n<p>&nbsp;<\/p>\n<p style=\"text-align: center;\"><span style=\"color: #632423;\"><span style=\"font-family: 'Comic Sans MS', cursive;\"><span><em><strong>La Suisse lui a dit Non, mais lui a fait Honneur\u00a0!<\/strong><\/em><\/span><\/span><\/span><\/p>\n<p align=\"JUSTIFY\">\n<p align=\"JUSTIFY\"><span style=\"color: #632423;\"><span style=\"font-family: 'Comic Sans MS', cursive;\"><span style=\"font-size: large;\">Cette Id\u00e9e dont nul ne peut nier notre part en sa Paternit\u00e9, pour l\u2019avoir, \u00e0 travers nos Nombreuses Chroniques, clairement exprim\u00e9e, nettement d\u00e9finie et parfaitement fond\u00e9e comme jamais nul ne l\u2019a fait avant nous.<\/span><\/span><\/span><\/p>\n<p align=\"JUSTIFY\">\n<p align=\"JUSTIFY\"><span style=\"color: #632423;\"><span style=\"font-family: 'Comic Sans MS', cursive;\"><span style=\"font-size: large;\">Elle ne tient ni du Marxisme L\u00e9nino-Stalinisme, ni du Capitalisme, dans la mesure o\u00f9 elle rel\u00e8ve, non pas de la Sempiternelle \u2018Lutte des Classes\u00a0\u00bb, mais selon nous, du <\/span><\/span><\/span><span style=\"color: #632423;\"><span style=\"font-family: 'Arial Rounded MT Bold', sans-serif;\"><span style=\"font-size: large;\"><em>Jus Gentium<\/em><\/span><\/span><\/span><span style=\"color: #632423;\"><span style=\"font-family: 'Comic Sans MS', cursive;\"><span style=\"font-size: large;\"> comme Co-H\u00e9ritiers de la Terre, donc, comme Ayants-Droit \u00e0 une Part de ses Ressources.<\/span><\/span><\/span><\/p>\n<p align=\"JUSTIFY\">\n<p align=\"JUSTIFY\"><span style=\"color: #632423;\"><span style=\"font-family: 'Comic Sans MS', cursive;\"><span style=\"font-size: large;\">C\u2019est si simple que cela, ce qui ne veut pas dire pour autant, accessible aux Esprits qui n\u2019y sont pas pr\u00e9par\u00e9s, pour n\u2019avoir tremp\u00e9 sous une forme ou une autre que dans la m\u00eame saumure\u00a0:<\/span><\/span><\/span><\/p>\n<p align=\"JUSTIFY\">\n<p align=\"JUSTIFY\"><span style=\"color: #632423;\"><span style=\"font-family: Arial, sans-serif;\"><span style=\"font-size: large;\">Le Droit de l\u2019Homme \u00e0 soumettre son Prochain<\/span><\/span><\/span><span style=\"color: #632423;\"><span style=\"font-family: 'Comic Sans MS', cursive;\"><span style=\"font-size: large;\">.<\/span><\/span><\/span><\/p>\n<p align=\"JUSTIFY\">\n<p align=\"JUSTIFY\"><span style=\"color: #632423;\"><span style=\"font-family: 'Comic Sans MS', cursive;\"><span style=\"font-size: large;\">C\u2019est si simple pour nous qui, connaissant nous-m\u00eame le malheur, ne pouvons demeurer indiff\u00e9rent au sort des malheureux.<\/span><\/span><\/span><\/p>\n<p align=\"JUSTIFY\">\n<p align=\"JUSTIFY\"><span style=\"color: #632423;\"><span style=\"font-family: 'Comic Sans MS', cursive;\"><span style=\"font-size: large;\">N\u2019est-il pas dit quelque part\u00a0:<\/span><\/span><\/span><\/p>\n<p align=\"JUSTIFY\">\n<p align=\"JUSTIFY\"><span style=\"color: #632423;\"><span style=\"font-family: 'Comic Sans MS', cursive;\"><span style=\"font-size: large;\"> \u00ab\u00a0<\/span><\/span><\/span><span style=\"color: #632423;\"><span style=\"font-family: 'Arial Rounded MT Bold', sans-serif;\"><span style=\"font-size: large;\"><em>Non ignara mali, miseris succurrere disco<\/em><\/span><\/span><\/span><span style=\"color: #632423;\"><span style=\"font-family: 'Comic Sans MS', cursive;\"><span style=\"font-size: large;\">\u00a0\u00bb.<\/span><\/span><\/span><\/p>\n<p align=\"JUSTIFY\">\n<p align=\"JUSTIFY\"><span style=\"color: #632423;\"><span style=\"font-family: 'Comic Sans MS', cursive;\"><span style=\"font-size: large;\">Comme il a \u00e9t\u00e9 dit \u00e0 ceux qui se prennent pour les Grands de ce Monde\u00a0:<\/span><\/span><\/span><\/p>\n<p align=\"JUSTIFY\">\n<p align=\"JUSTIFY\"><span style=\"color: #632423;\"><span style=\"font-family: 'Comic Sans MS', cursive;\"><span style=\"font-size: large;\">\u00ab\u00a0<\/span><\/span><\/span><span style=\"color: #632423;\"><span style=\"font-family: 'Arial Rounded MT Bold', sans-serif;\"><span style=\"font-size: large;\"><em>Memento, homo, quia pulvis es\u2026<\/em><\/span><\/span><\/span><\/p>\n<p align=\"JUSTIFY\"><span style=\"color: #632423;\"><span style=\"font-family: 'Arial Rounded MT Bold', sans-serif;\"><span style=\"font-size: large;\"><em> Et in pulverem reverteris<\/em><\/span><\/span><\/span><span style=\"color: #632423;\"><span style=\"font-family: 'Comic Sans MS', cursive;\"><span style=\"font-size: large;\">\u201d.<\/span><\/span><\/span><\/p>\n<p lang=\"en-US\" align=\"JUSTIFY\">\u00a0<img loading=\"lazy\" decoding=\"async\" class=\"alignnone size-thumbnail wp-image-11439\" title=\"Eric\" src=\"http:\/\/www.lecarrefourdesopinions.ca\/wp-content\/uploads\/2015\/04\/Eric-134x107.jpg\" alt=\"\" width=\"134\" height=\"107\" \/><\/p>\n<p align=\"JUSTIFY\"><span style=\"color: #632423;\"><span style=\"font-family: 'Comic Sans MS', cursive;\"><span style=\"font-size: large;\">\u00c9ric EG Nogard<\/span><\/span><\/span><\/p>\n<p align=\"JUSTIFY\"><span style=\"color: #c00000;\"><span style=\"font-size: large;\"><em>Chroniqueur<\/em><\/span><\/span><\/p>\n<p align=\"CENTER\">\n<p align=\"JUSTIFY\"><span><strong>La Suisse lui a dit Non, mais lui a fait Honneur\u00a0!<\/strong><\/span><\/p>\n<p align=\"JUSTIFY\">\n<p align=\"JUSTIFY\">\n<p align=\"JUSTIFY\">\n<p align=\"JUSTIFY\"><span style=\"font-family: 'Comic Sans MS', cursive;\"><span style=\"font-size: large;\">La Suisse n\u2019est pas la France, et cela doublement, au regard du Revenu Inconditionnel pour Tous, selon son Langage, au vu du revenu Minimum Universel, selon le N\u00f4tre.<\/span><\/span><\/p>\n<p align=\"JUSTIFY\">\n<p align=\"JUSTIFY\"><span style=\"font-family: 'Comic Sans MS', cursive;\"><span style=\"font-size: large;\">Doublement avons-nous dit par souci de mesure.<\/span><\/span><\/p>\n<p align=\"JUSTIFY\">\n<p align=\"JUSTIFY\">\n<p align=\"CENTER\"><img loading=\"lazy\" decoding=\"async\" class=\"alignnone size-large wp-image-12399\" title=\"F1   2260 Euros comme Revenu de Base pour Tous    Ce reve est il imaginable en France\" src=\"http:\/\/www.lecarrefourdesopinions.ca\/wp-content\/uploads\/2016\/06\/F1-2260-Euros-comme-Revenu-de-Base-pour-Tous-Ce-reve-est-il-imaginable-en-France-1024x771.jpg\" alt=\"\" width=\"450\" height=\"338\" srcset=\"http:\/\/www.lecarrefourdesopinions.ca\/wp-content\/uploads\/2016\/06\/F1-2260-Euros-comme-Revenu-de-Base-pour-Tous-Ce-reve-est-il-imaginable-en-France-1024x771.jpg 1024w, http:\/\/www.lecarrefourdesopinions.ca\/wp-content\/uploads\/2016\/06\/F1-2260-Euros-comme-Revenu-de-Base-pour-Tous-Ce-reve-est-il-imaginable-en-France-300x225.jpg 300w, http:\/\/www.lecarrefourdesopinions.ca\/wp-content\/uploads\/2016\/06\/F1-2260-Euros-comme-Revenu-de-Base-pour-Tous-Ce-reve-est-il-imaginable-en-France-400x301.jpg 400w, http:\/\/www.lecarrefourdesopinions.ca\/wp-content\/uploads\/2016\/06\/F1-2260-Euros-comme-Revenu-de-Base-pour-Tous-Ce-reve-est-il-imaginable-en-France.jpg 1345w\" sizes=\"auto, (max-width: 450px) 100vw, 450px\" \/><\/p>\n<p align=\"CENTER\">\n<p align=\"CENTER\"><span style=\"font-size: large;\"><strong>F1\u00a0: <\/strong><\/span><span style=\"color: #c00000;\"><span style=\"font-size: large;\"><em><strong>2260 \u20acuros comme Revenu de Base pour Tous\u00a0!<\/strong><\/em><\/span><\/span><\/p>\n<p align=\"CENTER\"><span style=\"color: #c00000;\"><span style=\"font-size: large;\"><em><strong>Ce r\u00eave est-il imaginable en France.<\/strong><\/em><\/span><\/span><\/p>\n<p align=\"JUSTIFY\">\n<p align=\"JUSTIFY\">\n<p align=\"JUSTIFY\"><span style=\"font-size: large;\"><strong>\u00ab\u00a0<\/strong><\/span><span style=\"font-family: Arial, sans-serif;\"><span style=\"font-size: large;\"><em><span style=\"text-decoration: underline;\"><strong>Unio<\/strong><\/span><\/em><\/span><\/span><span style=\"font-size: large;\"><strong>\u00a0\u00bb, s\u2019agissant de l\u2019Emploi, du Travail, du Paup\u00e9risme.<\/strong><\/span><\/p>\n<p align=\"JUSTIFY\">\n<p align=\"JUSTIFY\"><span style=\"font-size: large;\"><strong>Quelle serait pour la Suisse, la n\u00e9cessit\u00e9, voire l\u2019urgence de l\u2019institution d\u2019un R.M.U. au Pays de Guillaume TELL\u00a0? <\/strong><\/span><\/p>\n<p align=\"JUSTIFY\">\n<p align=\"JUSTIFY\"><span style=\"font-size: large;\">Aucune.<\/span><\/p>\n<p align=\"JUSTIFY\">\n<p align=\"JUSTIFY\"><span style=\"font-size: large;\">Le Suisse est au Travail, il gagne bien sa vie, ce qui revient \u00e0 dire que son Pays prend donc bien soin de lui\u2026 il en profite assez pour en \u00eatre pleinement satisfait.<\/span><\/p>\n<p align=\"JUSTIFY\">\n<p align=\"JUSTIFY\"><span style=\"font-size: large;\">Un R.M.U. en Suisse n\u2019est donc ni Urgent, ni n\u00e9cessaire, il n\u2019est donc pas pour ce Peuple une pr\u00e9occupation d\u2019actualit\u00e9.<\/span><\/p>\n<p align=\"JUSTIFY\">\n<p align=\"JUSTIFY\">\n<p align=\"JUSTIFY\"><span style=\"font-size: large;\"><strong>En revanche, pour la France, en va-t-il de m\u00eame.<\/strong><\/span><\/p>\n<p align=\"JUSTIFY\">\n<p align=\"JUSTIFY\"><span style=\"font-size: large;\">Certes Non.<\/span><\/p>\n<p align=\"JUSTIFY\">\n<p align=\"JUSTIFY\"><span style=\"font-size: large;\">Le Fran\u00e7ais, qu\u2019il s\u2019en doute ou pas, n\u2019est-il pas condamn\u00e9 \u00e0 mendier aupr\u00e8s de sa Propre M\u00e8re Patrie.<\/span><\/p>\n<p align=\"JUSTIFY\">\n<p align=\"JUSTIFY\"><span style=\"font-size: large;\">Car, qu\u2019est-ce qu\u2019une Subvention si ce n\u2019est une aide \u00e0 fonds perdus, \u00e0 un Individus, \u00e0 une Collectivit\u00e9, \u00e0 une Entreprise, microm\u00e9trique, standard ou d\u2019Importance Suppos\u00e9e.<\/span><\/p>\n<p align=\"JUSTIFY\">\n<p align=\"JUSTIFY\">\n<p align=\"JUSTIFY\"><span style=\"font-size: large;\"><strong>Or une aide, serait-ce un d\u00fb, ou une Charit\u00e9.<\/strong><\/span><\/p>\n<p align=\"JUSTIFY\">\n<p align=\"JUSTIFY\"><span style=\"font-size: large;\">Et, \u00e0 cet \u00e9gard, qui en France vit d\u2019autre chose que de la Charit\u00e9 Publique\u2026 donc de la Charit\u00e9 de sa M\u00e8re Patrie.<\/span><\/p>\n<p align=\"JUSTIFY\">\n<p align=\"JUSTIFY\"><span style=\"font-size: large;\">Et quand on consid\u00e8re l\u2019humiliation qu\u2019implique le fait de tendre la main pour une Charit\u00e9, quelle M\u00e8re Mar\u00e2tre ne ferions-nous pas de la France, si nous ne l\u2019aimions pas comme nous l\u2019aimons.<\/span><\/p>\n<p align=\"JUSTIFY\">\n<p align=\"JUSTIFY\">\n<p align=\"JUSTIFY\"><span style=\"font-size: large;\"><strong>Et, si nos Dirigeants devaient avouer le montant global des Aides et Subventions dispers\u00e9es en France, pour aboutir \u00e0 quoi, le R.M.U. ne serait-il pas pour les Fran\u00e7ais, d\u2019une meilleure inspiration et d\u2019une Urgente N\u00e9cessit\u00e9\u2026 la Suisse n\u2019est pas la France.<\/strong><\/span><\/p>\n<p align=\"JUSTIFY\">\n<p align=\"JUSTIFY\"><span style=\"font-size: large;\">Sans compter qu\u2019un Revenu de Base pour Tous \u2013 Suisse ou \u00c9tranger Immigr\u00e9 \u2013 de 2260 \u20acuros quand en France, ce Montant fait r\u00eaver\u00a0!..<\/span><\/p>\n<p align=\"JUSTIFY\">\n<p align=\"JUSTIFY\">\n<p align=\"JUSTIFY\"><span style=\"font-size: large;\"><strong>\u00ab\u00a0<\/strong><\/span><span style=\"font-family: Arial, sans-serif;\"><span style=\"font-size: large;\"><em><span style=\"text-decoration: underline;\"><strong>Deuxio<\/strong><\/span><\/em><\/span><\/span><span style=\"font-size: large;\"><strong>\u00a0\u00bb, s\u2019agissant de l\u2019Id\u00e9e du R.M.U. en soi.<\/strong><\/span><\/p>\n<p align=\"JUSTIFY\">\n<p align=\"JUSTIFY\"><span style=\"font-size: large;\"><strong>Comment interpr\u00e9ter le Fait que la Suisse l\u2019ait soumise par VOTATION \u00e0 l\u2019appr\u00e9ciation de son Peuple.<\/strong><\/span><\/p>\n<p align=\"JUSTIFY\">\n<p align=\"JUSTIFY\"><span style=\"font-size: large;\">Comment l\u2019interpr\u00e9ter autrement qu\u2019un Hommage, un Honneur rendu par tout un Peuple, toute une Nation, \u00e0 une Id\u00e9e Juste et Bonne.<\/span><\/p>\n<p align=\"JUSTIFY\">\n<p align=\"JUSTIFY\">\n<p align=\"JUSTIFY\"><span style=\"font-size: large;\"><strong>En revanche, comment expliquer que la France soit si peu motiv\u00e9e \u00e0 se pencher sur le Sujet\u2026 c\u2019est que la Suisse n\u2019est pas la France.<\/strong><\/span><\/p>\n<p align=\"JUSTIFY\">\n<p align=\"JUSTIFY\"><span style=\"font-size: large;\">L\u2019une, une D\u00e9mocratie qui se sent bien dans son Peuple.<\/span><\/p>\n<p align=\"JUSTIFY\">\n<p align=\"JUSTIFY\"><span style=\"font-size: large;\">L\u2019autre, une D\u00e9mocratie qui se cherche dans ses \u00c9lus.<\/span><\/p>\n<p align=\"JUSTIFY\">\n<p align=\"JUSTIFY\">\n<p align=\"JUSTIFY\"><span style=\"font-family: 'Comic Sans MS', cursive;\"><span style=\"font-size: large;\">C\u2019est juste une affaire de \u00ab\u00a0<\/span><\/span><span style=\"font-family: 'Arial Rounded MT Bold', sans-serif;\"><span style=\"font-size: large;\"><em>Jus Gentium<\/em><\/span><\/span><span style=\"font-family: 'Comic Sans MS', cursive;\"><span style=\"font-size: large;\">\u00a0\u00bb.<\/span><\/span><\/p>\n<p align=\"JUSTIFY\">\n<p align=\"JUSTIFY\"><span style=\"font-family: 'Comic Sans MS', cursive;\"><span style=\"font-size: large;\">C\u2019est juste une affaire de \u00ab\u00a0<\/span><\/span><span style=\"font-family: 'Comic Sans MS', cursive;\"><span style=\"font-size: large;\"><strong>Droit des Gens<\/strong><\/span><\/span><span style=\"font-family: 'Comic Sans MS', cursive;\"><span style=\"font-size: large;\">\u00a0\u00bb.<\/span><\/span><\/p>\n<p align=\"JUSTIFY\">\n<p align=\"JUSTIFY\"><span style=\"font-size: large;\">\u00c9ric EG Nogard<\/span><\/p>\n<p align=\"JUSTIFY\"><span style=\"color: #c00000;\"><span style=\"font-size: large;\"><em>Chroniqueur<\/em><\/span><\/span><span style=\"color: #c00000;\"><span style=\"font-size: large;\">.<\/span><\/span><\/p>\n<p align=\"JUSTIFY\">\n<p align=\"JUSTIFY\"><span style=\"font-size: large;\"><strong>N.B.:<\/strong><\/span><span style=\"font-size: large;\"> &#8211; <\/span><span style=\"color: #c00000;\"><span style=\"font-family: 'Comic Sans MS', cursive;\"><span style=\"font-size: large;\">Nous Recommandons instamment et syst\u00e9matiquement l\u2019ouverture de la (ou des) pi\u00e8ce(s) jointe(s) \u00e0 l\u2019e-mail, sous format Pdf, <\/span><\/span><\/span><span style=\"color: #c00000;\"><span style=\"font-family: 'Comic Sans MS', cursive;\"><span style=\"font-size: large;\"><span style=\"text-decoration: underline;\">les illustrations y sont incluses<\/span><\/span><\/span><\/span><span style=\"color: #c00000;\"><span style=\"font-family: 'Comic Sans MS', cursive;\"><span style=\"font-size: large;\">.<\/span><\/span><\/span><\/p>\n<p align=\"JUSTIFY\">\n<p align=\"CENTER\"><span style=\"color: #ff0000;\"><span><strong>Ne Peut \u00eatre reproduit &#8211; m\u00eame partiellement &#8211; sans l\u2019autorisation de l\u2019Auteur.<\/strong><\/span><\/span><\/p>\n<p align=\"JUSTIFY\"><span style=\"text-decoration: underline;\"><strong>Liens Sugg\u00e9r\u00e9s\u00a0:<\/strong><\/span><\/p>\n<ul>\n<li>\n<p align=\"JUSTIFY\"><span style=\"color: #0000ff;\"><span style=\"text-decoration: underline;\"><a href=\"http:\/\/www.lescrutateur.com\/\">http:\/\/www.lescrutateur.com\/<\/a><\/span><\/span><\/p>\n<\/li>\n<li>\n<p align=\"JUSTIFY\"><span style=\"color: #0000ff;\"><span style=\"text-decoration: underline;\"><a href=\"http:\/\/www.etatsgenerauxdeloutremer.fr\/reflexions\">http:\/\/www.etatsgenerauxdeloutremer.fr\/reflexions<\/a><\/span><\/span><\/p>\n<\/li>\n<\/ul>\n<p align=\"CENTER\">\n<p align=\"CENTER\"><strong>==================================================================<\/strong><\/p>\n<script type=\"text\/javascript\">\n\nvar addthis_config = {\"data_track_clickback\":false,\"data_track_addressbar\":false,\"data_track_textcopy\":false};\n<\/script><script type=\"text\/javascript\" src=\"\/\/s7.addthis.com\/js\/250\/addthis_widget.js#pubid=a457a6d63fb9e6ccabdde4110343bd85\"><\/script>","protected":false},"excerpt":{"rendered":"<p align=\"JUSTIFY\"><span style=\"color: #632423;\">Pardonnez-nous si jamais, tel Aristarque De SAMOS, nous troublons quelque part, jusqu\u2019au \u00ab\u00a0Repos des Dieux\u00a0\u00bb. (\u00c9ric EG Nogard, Chroniqueur).<\/span><\/p>\n<p align=\"CENTER\"><span style=\"color: #000099;\"><span>=====<\/span><\/span><\/p>\n<p>&nbsp;<\/p>\n<p style=\"text-align: center;\"><span style=\"color: #632423;\"><span style=\"font-family: 'Comic Sans MS', cursive;\"><span>La Suisse lui a dit Non, mais lui a fait Honneur\u00a0!<\/span><\/span><\/span><\/p>\n<p align=\"JUSTIFY\">\n<p align=\"JUSTIFY\"><span style=\"color: #632423;\"><span style=\"font-family: 'Comic Sans MS', cursive;\"><span style=\"font-size: large;\">Cette Id\u00e9e <\/span><\/span><\/span>&hellip;<\/p>\n","protected":false},"author":1,"featured_media":0,"comment_status":"open","ping_status":"open","sticky":false,"template":"","format":"standard","meta":{"footnotes":""},"categories":[1],"tags":[],"class_list":["post-12398","post","type-post","status-publish","format-standard","hentry","category-accueil"],"_links":{"self":[{"href":"http:\/\/www.lecarrefourdesopinions.ca\/index.php?rest_route=\/wp\/v2\/posts\/12398","targetHints":{"allow":["GET"]}}],"collection":[{"href":"http:\/\/www.lecarrefourdesopinions.ca\/index.php?rest_route=\/wp\/v2\/posts"}],"about":[{"href":"http:\/\/www.lecarrefourdesopinions.ca\/index.php?rest_route=\/wp\/v2\/types\/post"}],"author":[{"embeddable":true,"href":"http:\/\/www.lecarrefourdesopinions.ca\/index.php?rest_route=\/wp\/v2\/users\/1"}],"replies":[{"embeddable":true,"href":"http:\/\/www.lecarrefourdesopinions.ca\/index.php?rest_route=%2Fwp%2Fv2%2Fcomments&post=12398"}],"version-history":[{"count":1,"href":"http:\/\/www.lecarrefourdesopinions.ca\/index.php?rest_route=\/wp\/v2\/posts\/12398\/revisions"}],"predecessor-version":[{"id":12400,"href":"http:\/\/www.lecarrefourdesopinions.ca\/index.php?rest_route=\/wp\/v2\/posts\/12398\/revisions\/12400"}],"wp:attachment":[{"href":"http:\/\/www.lecarrefourdesopinions.ca\/index.php?rest_route=%2Fwp%2Fv2%2Fmedia&parent=12398"}],"wp:term":[{"taxonomy":"category","embeddable":true,"href":"http:\/\/www.lecarrefourdesopinions.ca\/index.php?rest_route=%2Fwp%2Fv2%2Fcategories&post=12398"},{"taxonomy":"post_tag","embeddable":true,"href":"http:\/\/www.lecarrefourdesopinions.ca\/index.php?rest_route=%2Fwp%2Fv2%2Ftags&post=12398"}],"curies":[{"name":"wp","href":"https:\/\/api.w.org\/{rel}","templated":true}]}}