{"id":12374,"date":"2016-06-06T11:42:59","date_gmt":"2016-06-06T15:42:59","guid":{"rendered":"http:\/\/www.lecarrefourdesopinions.ca\/?p=12374"},"modified":"2016-06-06T11:42:59","modified_gmt":"2016-06-06T15:42:59","slug":"maintenant-cest-verdun-commemorons-verdun","status":"publish","type":"post","link":"http:\/\/www.lecarrefourdesopinions.ca\/?p=12374","title":{"rendered":"Maintenant c\u2019est Verdun ?.. Comm\u00e9morons Verdun !"},"content":{"rendered":"<p align=\"CENTER\">\n<p style=\"text-align: center;\" align=\"JUSTIFY\"><span style=\"color: #632423;\"><span style=\"font-family: 'Comic Sans MS', cursive;\"><span style=\"font-size: large;\"><em><strong>Maintenant c\u2019est Verdun\u00a0?.. Comm\u00e9morons Verdun\u00a0!<\/strong><\/em><\/span><\/span><\/span><\/p>\n<p align=\"JUSTIFY\">\n<p align=\"JUSTIFY\">\n<p align=\"JUSTIFY\"><span style=\"color: #632423;\"><span style=\"font-family: 'Arial Rounded MT Bold', sans-serif;\"><span style=\"font-size: large;\"><em>Bis dat, qui cito dat<\/em><\/span><\/span><\/span><span style=\"color: #632423;\"><span style=\"font-family: 'Comic Sans MS', cursive;\"><span style=\"font-size: large;\"><em><strong>.<\/strong><\/em><\/span><\/span><\/span><\/p>\n<p align=\"JUSTIFY\"><span style=\"color: #632423;\"><span style=\"font-family: 'Comic Sans MS', cursive;\"><span style=\"font-size: large;\">Celui-l\u00e0 donne doublement\u2026 qui donne vite.<\/span><\/span><\/span><\/p>\n<p align=\"JUSTIFY\">\n<p align=\"JUSTIFY\"><span style=\"color: #632423;\"><span style=\"font-family: 'Comic Sans MS', cursive;\"><span style=\"font-size: large;\">Telle est la pens\u00e9e que nous inspire l\u2019engagement-volontaire de notre grand-p\u00e8re paternel, pour le salut de sa Patrie.<\/span><\/span><\/span><\/p>\n<p align=\"JUSTIFY\">\n<p align=\"JUSTIFY\"><span style=\"color: #632423;\"><span style=\"font-family: 'Comic Sans MS', cursive;\"><span style=\"font-size: large;\">Que s\u2019\u00e9tende cette pens\u00e9e \u00e0 tous nos grands-parents\u00a0:<\/span><\/span><\/span><\/p>\n<p align=\"JUSTIFY\">\n<p align=\"JUSTIFY\"><span style=\"color: #632423;\"><span style=\"font-family: 'Comic Sans MS', cursive;\"><span style=\"font-size: large;\">Ils ont toujours donn\u00e9 sans jamais se faire prier.<\/span><\/span><\/span><\/p>\n<p align=\"JUSTIFY\">\u00a0<img loading=\"lazy\" decoding=\"async\" class=\"alignnone size-thumbnail wp-image-11439\" title=\"Eric\" src=\"http:\/\/www.lecarrefourdesopinions.ca\/wp-content\/uploads\/2015\/04\/Eric-134x107.jpg\" alt=\"\" width=\"134\" height=\"107\" \/><\/p>\n<p align=\"JUSTIFY\"><span style=\"color: #632423;\"><span style=\"font-family: 'Comic Sans MS', cursive;\"><span style=\"font-size: large;\">\u00c9ric EG Nogard<\/span><\/span><\/span><\/p>\n<p align=\"JUSTIFY\"><span style=\"color: #c00000;\"><span style=\"font-size: large;\"><em>Chroniqueur<\/em><\/span><\/span><span style=\"color: #c00000;\"><span style=\"font-size: large;\">.<\/span><\/span><\/p>\n<p align=\"CENTER\">\n<p align=\"CENTER\"><span style=\"color: #632423;\"><span style=\"font-size: large;\">*** *** ***<\/span><\/span><\/p>\n<p align=\"CENTER\">\n<p align=\"JUSTIFY\">\n<p align=\"JUSTIFY\"><span style=\"font-size: large;\"><strong>MAINTENANT C\u2019EST VERDUN\u00a0?.. COMM\u00c9MORONS VERDUN\u00a0!<\/strong><\/span><\/p>\n<p align=\"JUSTIFY\">\n<p align=\"JUSTIFY\">\n<p align=\"JUSTIFY\">\n<p align=\"JUSTIFY\"><span style=\"font-family: 'Comic Sans MS', cursive;\"><span style=\"font-size: large;\">Comme si c\u2019\u00e9tait trop demander que de les laisser dormir en paix.<\/span><\/span><\/p>\n<p align=\"JUSTIFY\">\n<p align=\"JUSTIFY\"><span style=\"font-family: 'Comic Sans MS', cursive;\"><span style=\"font-size: large;\">Comme s\u2019ils pouvaient le moins du monde se m\u00e9prendre sur l\u2019exploitation qui est faite de leur M\u00e9moire \u00e0 des fins qui nous conduiraient \u00e0 dire \u00ab\u00a0passe encore\u00a0\u00bb, si elles n\u2019\u00e9taient que prosa\u00efques.<\/span><\/span><\/p>\n<p align=\"JUSTIFY\">\n<p align=\"JUSTIFY\">\n<p align=\"CENTER\"><img loading=\"lazy\" decoding=\"async\" class=\"alignnone size-medium wp-image-12379\" title=\"F1   Commemorer le fait que nous en soyions arrives la\" src=\"http:\/\/www.lecarrefourdesopinions.ca\/wp-content\/uploads\/2016\/06\/F1-Commemorer-le-fait-que-nous-en-soyions-arrives-la1-300x114.jpg\" alt=\"\" width=\"300\" height=\"114\" srcset=\"http:\/\/www.lecarrefourdesopinions.ca\/wp-content\/uploads\/2016\/06\/F1-Commemorer-le-fait-que-nous-en-soyions-arrives-la1-300x114.jpg 300w, http:\/\/www.lecarrefourdesopinions.ca\/wp-content\/uploads\/2016\/06\/F1-Commemorer-le-fait-que-nous-en-soyions-arrives-la1-400x153.jpg 400w, http:\/\/www.lecarrefourdesopinions.ca\/wp-content\/uploads\/2016\/06\/F1-Commemorer-le-fait-que-nous-en-soyions-arrives-la1.jpg 1014w\" sizes=\"auto, (max-width: 300px) 100vw, 300px\" \/><\/p>\n<p align=\"CENTER\">\n<p align=\"CENTER\"><span style=\"font-size: large;\"><strong>F1\u00a0: <\/strong><\/span><span style=\"color: #c00000;\"><span style=\"font-size: large;\"><em><strong>Comm\u00e9morer le fait que nous en soyions arriv\u00e9s l\u00e0\u00a0!..<\/strong><\/em><\/span><\/span><\/p>\n<p align=\"JUSTIFY\">\n<p align=\"JUSTIFY\">\n<p align=\"JUSTIFY\">\n<p align=\"JUSTIFY\"><span style=\"font-size: large;\"><strong>Car enfin, Comm\u00e9morer Verdun.<\/strong><\/span><\/p>\n<p align=\"JUSTIFY\">\n<p align=\"JUSTIFY\"><span style=\"font-size: large;\">Serait-ce \u00e0 l\u2019id\u00e9e de ceux qui y sont tomb\u00e9s\u2026<\/span><\/p>\n<p align=\"JUSTIFY\">\n<p align=\"JUSTIFY\"><span style=\"font-size: large;\">Serait-ce \u00e0 l\u2019id\u00e9e de ceux qui en sont revenus\u2026<\/span><\/p>\n<p align=\"JUSTIFY\">\n<p align=\"JUSTIFY\"><span style=\"font-size: large;\">Serait-ce en M\u00e9moire du Fran\u00e7ais qui s\u2019y est le plus distingu\u00e9 au service de la France.<\/span><\/p>\n<p align=\"JUSTIFY\">\n<p align=\"JUSTIFY\"><span style=\"font-size: large;\">Douteux\u2026 et c\u2019est dommage, et c\u2019est heureux.<\/span><\/p>\n<p align=\"JUSTIFY\">\n<p align=\"JUSTIFY\">\n<p align=\"JUSTIFY\"><span style=\"font-size: large;\"><strong>Douteux, trois fois douteux.<\/strong><\/span><\/p>\n<p align=\"JUSTIFY\">\n<p align=\"JUSTIFY\">\n<p align=\"JUSTIFY\"><span style=\"font-family: 'Arial Rounded MT Bold', sans-serif;\"><span style=\"font-size: large;\">Douteux<\/span><\/span><span style=\"font-size: large;\"> que les H\u00e9ros morts \u00ab\u00a0pour la France\u00a0\u00bb dans la Candeur de leur d\u00e9vouement \u00e0 la M\u00e8re Patrie fassent l\u2019objet de la moindre pr\u00e9occupation de ceux l\u00e0 m\u00eames qui font que le Pays tra\u00eene le Cul par terre dans sa d\u00e9gringolade Moralo-Socio-\u00c9conomique.<\/span><\/p>\n<p align=\"JUSTIFY\">\n<p align=\"JUSTIFY\"><span style=\"font-size: large;\">Les H\u00e9ros tomb\u00e9s au Champ d\u2019Honneur se soucient peu, dans leur Repos, des Consid\u00e9rations qui animent les vivants, dans leurs mascarades politicardes.<\/span><\/p>\n<p align=\"JUSTIFY\">\n<p align=\"JUSTIFY\">\n<p align=\"JUSTIFY\"><span style=\"font-family: 'Arial Rounded MT Bold', sans-serif;\"><span style=\"font-size: large;\">Douteux<\/span><\/span><span style=\"font-size: large;\"> que les H\u00e9ros, rescap\u00e9s de la Guerre 1914-1918, ces rescap\u00e9s d\u2019il y a juste un Si\u00e8cle, puisque nous sommes en 2016 trouvent quelqu\u2019int\u00e9r\u00eat \u00e0 ces Comm\u00e9morations de Pacotille, donc propres au leurre et \u00e0 la tromperie qui font n\u00e9anmoins le bonheur de porte-drapeaux ployant sous leurs M\u00e9dailles Pendantes et Reluisantes\u2026 Nous ne les accablerons pas davantage, ils ne le m\u00e9ritent pas.<\/span><\/p>\n<p align=\"JUSTIFY\">\n<p align=\"JUSTIFY\"><span style=\"font-size: large;\">Ces h\u00e9ros rescap\u00e9s qui, sans le moindre regret pour leur \u00ab\u00a0engagement volontaire\u00a0\u00bb, leurs blessures, leurs amputations et les ravages ophtalmo-pulmonaires qui leurs furent occasionn\u00e9s par le gaz-moutarde, rentr\u00e8rent chez eux sans le moindre soup\u00e7on de haine \u00e0 l\u2019encontre de leurs Adversaires\u00a0:<\/span><\/p>\n<p align=\"JUSTIFY\">\n<p align=\"JUSTIFY\">\n<p align=\"JUSTIFY\"><span style=\"font-size: large;\">\u00ab\u00a0<\/span><span style=\"font-family: 'Comic Sans MS', cursive;\"><span style=\"font-size: large;\"><em>Nous ne nous connaissions pas\u2026<\/em><\/span><\/span><\/p>\n<p align=\"JUSTIFY\"><span style=\"font-family: 'Comic Sans MS', cursive;\"><span style=\"font-size: large;\"><em>Nous n\u2019avions aucune raison de nous ha\u00efr\u2026<\/em><\/span><\/span><\/p>\n<p align=\"JUSTIFY\"><span style=\"font-family: 'Comic Sans MS', cursive;\"><span style=\"font-size: large;\"><em>Nous nous sommes entretu\u00e9s <\/em><\/span><\/span><span style=\"font-family: Arial, sans-serif;\"><span style=\"font-size: large;\">for nothing<\/span><\/span><\/p>\n<p align=\"JUSTIFY\"><span style=\"font-family: 'Comic Sans MS', cursive;\"><span style=\"font-size: large;\"><em>Rien n\u2019est plus significatif du Fratricide de Masse provoqu\u00e9 par des Monstres,<\/em><\/span><\/span><\/p>\n<p align=\"JUSTIFY\"><span style=\"font-family: 'Comic Sans MS', cursive;\"><span style=\"font-size: large;\"><em>Que ces Guerres dont on ne sait ni les Raisons, ni les Artifices\u2026 ces Crimes perp\u00e9tr\u00e9s au Nom de la Patrie.<\/em><\/span><\/span><\/p>\n<p align=\"JUSTIFY\"><span style=\"font-family: 'Comic Sans MS', cursive;\"><span style=\"font-size: large;\"><em>Ces Guerres dont nous R\u00e9prouvons la Comm\u00e9moration et dont le Souvenir devrait \u00eatre honni\u00a0\u00bb.<\/em><\/span><\/span><\/p>\n<p align=\"JUSTIFY\">\n<p style=\"text-align: center;\" align=\"JUSTIFY\"><img loading=\"lazy\" decoding=\"async\" class=\"alignnone size-medium wp-image-12380\" title=\"ume BALTHAZARD et son epouse  La Guerre   ce Fratricide de Masse    Il y perdit son frere cadet et en revint par miracle\" src=\"http:\/\/www.lecarrefourdesopinions.ca\/wp-content\/uploads\/2016\/06\/ume-BALTHAZARD-et-son-epouse-La-Guerre-ce-Fratricide-de-Masse-Il-y-perdit-son-frere-cadet-et-en-revint-par-miracle-152x300.jpg\" alt=\"\" width=\"152\" height=\"300\" \/><\/p>\n<p align=\"JUSTIFY\"><span style=\"font-size: large;\"><strong>F2\u00a0: <\/strong><\/span><span style=\"color: #c00000;\"><span style=\"font-size: large;\"><em><strong>Guillaume BALTHAZARD et son \u00e9pouse, La Guerre \u00ab\u00a0ce Fratricide de Masse\u2026\u00a0\u00bb.<\/strong><\/em><\/span><\/span><span style=\"font-size: large;\"><strong>\u00a0 <\/strong><\/span><span style=\"color: #c00000;\"><span style=\"font-size: large;\"><em><strong>Il y perdit son fr\u00e8re cadet et en revint par miracle.<\/strong><\/em><\/span><\/span><\/p>\n<p align=\"JUSTIFY\">\n<p align=\"JUSTIFY\">\n<p align=\"JUSTIFY\"><span style=\"font-family: 'Arial Rounded MT Bold', sans-serif;\"><span style=\"font-size: large;\">Douteux<\/span><\/span><span style=\"font-size: large;\"> que Comm\u00e9morer Verdun pour la M\u00e9moire de P\u00c9TAIN d\u2019abord, de PERSHING plus tard, dans l\u2019Argonne, soit l\u2019Objectif de nos illustres Dirigeants, dans l\u2019Urgence o\u00f9 ils se trouvent de donner un semblant de lustre \u00e0 leur blason fort mal en point.<\/span><\/p>\n<p align=\"JUSTIFY\">\n<p align=\"JUSTIFY\">\n<p align=\"JUSTIFY\"><span style=\"font-family: Calibri, sans-serif;\"><span style=\"font-size: large;\"><em><strong>Donc Douteux, Trois fois Douteux que ce Devoir de Comm\u00e9moration.<\/strong><\/em><\/span><\/span><\/p>\n<p align=\"JUSTIFY\">\n<p align=\"JUSTIFY\"><span style=\"font-family: Calibri, sans-serif;\"><span style=\"font-size: large;\"><em><strong>Et c\u2019est Dommage.<\/strong><\/em><\/span><\/span><\/p>\n<p align=\"JUSTIFY\">\n<p align=\"JUSTIFY\">\n<p align=\"JUSTIFY\"><span style=\"font-size: large;\"><strong>Dommage que tant de Comm\u00e9morations soient demeur\u00e9es vaines \u00e0 dessiller les yeux, et des uns et des autres.<\/strong><\/span><\/p>\n<p align=\"JUSTIFY\">\n<p align=\"JUSTIFY\"><span style=\"font-size: large;\">Un Douaumont digne de ce nom ne doit distinguer ni entre soi, ni entre alli\u00e9s, ni entre ennemis\u2026 tomber \u00e0 ces combats, n\u2019est-ce pas mourir en Fr\u00e8res mont\u00e9s les uns contre les autres par le Diable lui-m\u00eame, sous l\u2019un de ses avatars les plus trompeurs. <\/span><\/p>\n<p align=\"JUSTIFY\">\n<p align=\"JUSTIFY\">\n<p align=\"JUSTIFY\">\n<p align=\"CENTER\"><img loading=\"lazy\" decoding=\"async\" class=\"alignnone size-full wp-image-12376\" title=\"7ais_tombes_en_1916_=C3=A0_Verdun___= Ou sont passes les Restes des autres    les non Fran\u00e7ais\" src=\"http:\/\/www.lecarrefourdesopinions.ca\/wp-content\/uploads\/2016\/06\/7ais_tombes_en_1916_C3A0_Verdun___-Ou-sont-passes-les-Restes-des-autres-les-non-Fran\u00e7ais.jpg\" alt=\"\" width=\"436\" height=\"290\" srcset=\"http:\/\/www.lecarrefourdesopinions.ca\/wp-content\/uploads\/2016\/06\/7ais_tombes_en_1916_C3A0_Verdun___-Ou-sont-passes-les-Restes-des-autres-les-non-Fran\u00e7ais.jpg 436w, http:\/\/www.lecarrefourdesopinions.ca\/wp-content\/uploads\/2016\/06\/7ais_tombes_en_1916_C3A0_Verdun___-Ou-sont-passes-les-Restes-des-autres-les-non-Fran\u00e7ais-300x199.jpg 300w, http:\/\/www.lecarrefourdesopinions.ca\/wp-content\/uploads\/2016\/06\/7ais_tombes_en_1916_C3A0_Verdun___-Ou-sont-passes-les-Restes-des-autres-les-non-Fran\u00e7ais-400x266.jpg 400w\" sizes=\"auto, (max-width: 436px) 100vw, 436px\" \/><\/p>\n<p align=\"CENTER\">\n<p align=\"CENTER\"><span style=\"font-size: large;\"><strong>F3\u00a0: <\/strong><\/span><span style=\"color: #c00000;\"><span style=\"font-size: large;\"><em><strong>Ici reposent 300000 Fran\u00e7ais tomb\u00e9s en 1916 \u00e0 Verdun.<\/strong><\/em><\/span><\/span><\/p>\n<p align=\"CENTER\"><span style=\"color: #c00000;\"><span style=\"font-size: large;\"><em><strong>O\u00f9 sont pass\u00e9s les Restes des autres\u2026 les non-Fran\u00e7ais.<\/strong><\/em><\/span><\/span><\/p>\n<p align=\"JUSTIFY\">\n<p align=\"JUSTIFY\">\n<p align=\"JUSTIFY\"><span style=\"font-size: large;\">Tous ils sont tomb\u00e9s pour une Cause Pr\u00e9sent\u00e9e comme Noble \u00e0 leurs yeux\u2026 en tout cas assez Noble pour qu\u2019ils s\u2019entretuent entre fr\u00e8res\u2026 En rendant l\u2019\u00c2me, les Uns l\u2019ont compris\u2026 En rentrant au bercail, les Autres l\u2019ont admis et nous les approuvons, ils \u00e9taient dignes de notre Foi, dans la mesure o\u00f9 dans nos veines coule leur sang\u00a0:<\/span><\/p>\n<p align=\"JUSTIFY\">\n<p align=\"JUSTIFY\">\n<p align=\"JUSTIFY\"><span style=\"font-size: large;\"><em><strong>Ceux qui sont Morts ou qui en sont revenus\u00a0:<\/strong><\/em><\/span><\/p>\n<p align=\"JUSTIFY\">\n<ul>\n<li>\n<p align=\"JUSTIFY\"><span style=\"font-size: large;\">Rosa BALTHAZARD, Mort pour la France,<\/span><\/p>\n<\/li>\n<\/ul>\n<p align=\"JUSTIFY\">\n<ul>\n<li>\n<p align=\"JUSTIFY\"><span style=\"font-size: large;\">Guillaume BALTHAZARD, Bless\u00e9 de Guerre,<\/span><\/p>\n<\/li>\n<\/ul>\n<p align=\"JUSTIFY\">\n<p align=\"JUSTIFY\"><span style=\"font-size: large;\">Tous Deux les fr\u00e8res de notre Grand-M\u00e8re Paternelle.<\/span><\/p>\n<p align=\"JUSTIFY\">\n<ul>\n<li>\n<p align=\"JUSTIFY\"><span style=\"font-size: large;\">Gustave NOGARD, engag\u00e9 Volontaire, Bless\u00e9 de Guerre, notre Grand-P\u00e8re Paternel.<\/span><\/p>\n<\/li>\n<\/ul>\n<p align=\"JUSTIFY\">\n<p align=\"JUSTIFY\">\n<p lang=\"\" align=\"CENTER\">\n<p style=\"text-align: center;\" align=\"JUSTIFY\"><img loading=\"lazy\" decoding=\"async\" class=\"alignnone size-large wp-image-12377\" title=\"F4   Gustave et Aimee NOGARD  nos Grands parents Paternels  Engage Volontaire  il en revint blesse de guerre    par miracle\" src=\"http:\/\/www.lecarrefourdesopinions.ca\/wp-content\/uploads\/2016\/06\/F4-Gustave-et-Aimee-NOGARD-nos-Grands-parents-Paternels-Engage-Volontaire-il-en-revint-blesse-de-guerre-par-miracle-754x1024.jpg\" alt=\"\" width=\"450\" height=\"611\" srcset=\"http:\/\/www.lecarrefourdesopinions.ca\/wp-content\/uploads\/2016\/06\/F4-Gustave-et-Aimee-NOGARD-nos-Grands-parents-Paternels-Engage-Volontaire-il-en-revint-blesse-de-guerre-par-miracle-754x1024.jpg 754w, http:\/\/www.lecarrefourdesopinions.ca\/wp-content\/uploads\/2016\/06\/F4-Gustave-et-Aimee-NOGARD-nos-Grands-parents-Paternels-Engage-Volontaire-il-en-revint-blesse-de-guerre-par-miracle-221x300.jpg 221w, http:\/\/www.lecarrefourdesopinions.ca\/wp-content\/uploads\/2016\/06\/F4-Gustave-et-Aimee-NOGARD-nos-Grands-parents-Paternels-Engage-Volontaire-il-en-revint-blesse-de-guerre-par-miracle-400x542.jpg 400w, http:\/\/www.lecarrefourdesopinions.ca\/wp-content\/uploads\/2016\/06\/F4-Gustave-et-Aimee-NOGARD-nos-Grands-parents-Paternels-Engage-Volontaire-il-en-revint-blesse-de-guerre-par-miracle.jpg 1066w\" sizes=\"auto, (max-width: 450px) 100vw, 450px\" \/><\/p>\n<p align=\"CENTER\"><span style=\"font-size: large;\"><strong>F4\u00a0: <\/strong><\/span><span style=\"color: #c00000;\"><span style=\"font-size: large;\"><em><strong>Gustave et Aim\u00e9e NOGARD, nos Grands-parents Paternels.<\/strong><\/em><\/span><\/span><\/p>\n<p align=\"CENTER\"><span style=\"color: #c00000;\"><span style=\"font-size: large;\"><em><strong>Engag\u00e9-Volontaire, il en revint bless\u00e9 de guerre\u2026 par miracle.<\/strong><\/em><\/span><\/span><\/p>\n<p align=\"JUSTIFY\">\n<p align=\"JUSTIFY\">\n<ul>\n<li>\n<p align=\"JUSTIFY\"><span style=\"font-size: large;\">Fernand LAGAVILLE, Rescap\u00e9, Gaz\u00e9 au Gaz Moutarde, notre Grand-p\u00e8re Maternel.<\/span><\/p>\n<\/li>\n<\/ul>\n<p align=\"JUSTIFY\">\n<ul>\n<li>\n<p align=\"JUSTIFY\"><span style=\"font-size: large;\">Victor LAGAVILLE, son demi-fr\u00e8re maternel, Mort pour la France, \u00e0 bord du <\/span><span style=\"font-family: Arial, sans-serif;\"><span style=\"font-size: large;\"><em>Steamer Sheap<\/em><\/span><\/span><span style=\"font-size: large;\"> \u00ab\u00a0Amiral PONTY\u00a0\u00bb.<\/span><\/p>\n<\/li>\n<\/ul>\n<p>&nbsp;<\/p>\n<p align=\"JUSTIFY\">\n<p align=\"CENTER\">\u00a0<img loading=\"lazy\" decoding=\"async\" class=\"alignnone size-full wp-image-12378\" title=\"F5___Paule_et_Fernand_LAGAVILLE__nos_Grands_parents_ma_= ternels   Il en revint \u00ab Gaze      deja miraculeux\" src=\"http:\/\/www.lecarrefourdesopinions.ca\/wp-content\/uploads\/2016\/06\/F5___Paule_et_Fernand_LAGAVILLE__nos_Grands_parents_ma_-ternels-Il-en-revint-\u00ab-Gaze-deja-miraculeux.jpg\" alt=\"\" width=\"455\" height=\"314\" srcset=\"http:\/\/www.lecarrefourdesopinions.ca\/wp-content\/uploads\/2016\/06\/F5___Paule_et_Fernand_LAGAVILLE__nos_Grands_parents_ma_-ternels-Il-en-revint-\u00ab-Gaze-deja-miraculeux.jpg 455w, http:\/\/www.lecarrefourdesopinions.ca\/wp-content\/uploads\/2016\/06\/F5___Paule_et_Fernand_LAGAVILLE__nos_Grands_parents_ma_-ternels-Il-en-revint-\u00ab-Gaze-deja-miraculeux-300x207.jpg 300w, http:\/\/www.lecarrefourdesopinions.ca\/wp-content\/uploads\/2016\/06\/F5___Paule_et_Fernand_LAGAVILLE__nos_Grands_parents_ma_-ternels-Il-en-revint-\u00ab-Gaze-deja-miraculeux-400x276.jpg 400w\" sizes=\"auto, (max-width: 455px) 100vw, 455px\" \/><\/p>\n<p align=\"CENTER\">\n<p align=\"CENTER\"><span style=\"font-size: large;\"><strong>F5\u00a0: <\/strong><\/span><span style=\"color: #c00000;\"><span style=\"font-size: large;\"><em><strong>Paule et Fernand LAGAVILLE, nos Grands-parents maternels.<\/strong><\/em><\/span><\/span><\/p>\n<p align=\"CENTER\"><span style=\"color: #c00000;\"><span style=\"font-size: large;\"><em><strong>Il en revint \u00ab\u00a0Gaz\u00e9\u00a0\u00bb\u2026 d\u00e9j\u00e0 miraculeux\u2026<\/strong><\/em><\/span><\/span><\/p>\n<p align=\"CENTER\">\n<p align=\"CENTER\">\n<p align=\"CENTER\">\n<p align=\"CENTER\"><img loading=\"lazy\" decoding=\"async\" class=\"alignnone size-large wp-image-12381\" title=\"F6   LAGAVILLE Victor  3e RI  matricule 176 au Recrutement de F\" src=\"http:\/\/www.lecarrefourdesopinions.ca\/wp-content\/uploads\/2016\/06\/F6-LAGAVILLE-Victor-3e-RI-matricule-176-au-Recrutement-de-F-1024x378.jpg\" alt=\"\" width=\"450\" height=\"166\" srcset=\"http:\/\/www.lecarrefourdesopinions.ca\/wp-content\/uploads\/2016\/06\/F6-LAGAVILLE-Victor-3e-RI-matricule-176-au-Recrutement-de-F-1024x378.jpg 1024w, http:\/\/www.lecarrefourdesopinions.ca\/wp-content\/uploads\/2016\/06\/F6-LAGAVILLE-Victor-3e-RI-matricule-176-au-Recrutement-de-F-300x110.jpg 300w, http:\/\/www.lecarrefourdesopinions.ca\/wp-content\/uploads\/2016\/06\/F6-LAGAVILLE-Victor-3e-RI-matricule-176-au-Recrutement-de-F-400x147.jpg 400w, http:\/\/www.lecarrefourdesopinions.ca\/wp-content\/uploads\/2016\/06\/F6-LAGAVILLE-Victor-3e-RI-matricule-176-au-Recrutement-de-F.jpg 1066w\" sizes=\"auto, (max-width: 450px) 100vw, 450px\" \/><\/p>\n<p align=\"CENTER\">\n<p align=\"JUSTIFY\"><span style=\"font-size: large;\"><strong>F6\u00a0:<\/strong><\/span><span style=\"color: #c00000;\"><span style=\"font-size: large;\"><em><strong> LAGAVILLE Victor, 3<\/strong><\/em><\/span><\/span><span style=\"color: #c00000;\"><sup><span style=\"font-size: large;\"><em><strong>e<\/strong><\/em><\/span><\/sup><\/span><span style=\"color: #c00000;\"><span style=\"font-size: large;\"><em><strong> RI, matricule 176 au Recrutement de Fort-de-France, Mort pour la France \u00e0 Bord du S.S. Amiral PONTY.<\/strong><\/em><\/span><\/span><\/p>\n<p align=\"CENTER\"><span style=\"color: #c00000;\"><span style=\"font-size: large;\"><em><strong>Il repose\u2026 sous les Flots.<\/strong><\/em><\/span><\/span><\/p>\n<p align=\"JUSTIFY\">\n<p align=\"JUSTIFY\"><span style=\"font-family: Calibri, sans-serif;\"><span style=\"font-size: large;\"><strong>Dommage que tant de Comm\u00e9morations n\u2019aient pas \u00e9tabli le Fratricide qu\u2019est la Guerre, ce Crime Majeur Contre l\u2019Humanit\u00e9.<\/strong><\/span><\/span><\/p>\n<p align=\"JUSTIFY\">\n<p align=\"JUSTIFY\">\n<p align=\"JUSTIFY\"><span style=\"font-size: large;\"><strong>Et c\u2019est Heureux.<\/strong><\/span><\/p>\n<p align=\"JUSTIFY\">\n<p align=\"JUSTIFY\">\n<p align=\"CENTER\">\n<p align=\"CENTER\"><img loading=\"lazy\" decoding=\"async\" class=\"alignnone size-full wp-image-12382\" title=\"F7   Monument aux Morts de la Commune du Gros Morne a la Martin\" src=\"http:\/\/www.lecarrefourdesopinions.ca\/wp-content\/uploads\/2016\/06\/F7-Monument-aux-Morts-de-la-Commune-du-Gros-Morne-a-la-Martin.jpg\" alt=\"\" width=\"753\" height=\"464\" srcset=\"http:\/\/www.lecarrefourdesopinions.ca\/wp-content\/uploads\/2016\/06\/F7-Monument-aux-Morts-de-la-Commune-du-Gros-Morne-a-la-Martin.jpg 753w, http:\/\/www.lecarrefourdesopinions.ca\/wp-content\/uploads\/2016\/06\/F7-Monument-aux-Morts-de-la-Commune-du-Gros-Morne-a-la-Martin-300x184.jpg 300w, http:\/\/www.lecarrefourdesopinions.ca\/wp-content\/uploads\/2016\/06\/F7-Monument-aux-Morts-de-la-Commune-du-Gros-Morne-a-la-Martin-400x246.jpg 400w\" sizes=\"auto, (max-width: 753px) 100vw, 753px\" \/><\/p>\n<p align=\"CENTER\"><span style=\"font-size: large;\"><strong>F7\u00a0: <\/strong><\/span><span style=\"color: #c00000;\"><span style=\"font-size: large;\"><em><strong>Monument aux Morts de la Commune du Gros-Morne \u00e0 la Martinique\u00a0:<\/strong><\/em><\/span><\/span><\/p>\n<p align=\"CENTER\"><span style=\"color: #c00000;\"><span style=\"font-size: large;\"><em><strong>Passants, allez dire \u00e0 Paris\u2026<\/strong><\/em><\/span><\/span><\/p>\n<p align=\"CENTER\">\n<p>&nbsp;<\/p>\n<p>&nbsp;<\/p>\n<p align=\"JUSTIFY\"><span style=\"font-size: large;\"><strong>Heureux que nous puissions montrer \u00e0 nos Lecteurs, \u00e0 l\u2019occasion de la Comm\u00e9moration de la Bataille de VERDUN en 1916, cette mise en garde que chacun peut lire \u00e0 l\u2019intention de la France et des Fran\u00e7ais\u2026 elle est d\u2019une Population Rurale des plus Laborieuses\u2026 avec \u00ab\u00a0du Caract\u00e8re\u00a0\u00bb. \u00a0<\/strong><\/span><\/p>\n<p align=\"JUSTIFY\">\n<p align=\"JUSTIFY\"><span style=\"font-size: large;\">Elle est de la Population du Gros-Morne de la Martinique et Grav\u00e9e sur le Marbre du Monument aux Morts de la Guerre 1914-1918\u2026 il y a de cela Quatre Vingt Dix Bonnes Ann\u00e9es et des poussi\u00e8res\u2026 Nous la prenons pour Hautement Digne d\u2019Int\u00e9r\u00eat.<\/span><\/p>\n<p align=\"JUSTIFY\">\n<p align=\"JUSTIFY\"><span style=\"font-family: 'Comic Sans MS', cursive;\"><span style=\"font-size: large;\">Au \u00ab\u00a0Cri d\u2019Alarme\u00a0\u00bb, nous sommes Heureux de la soumettre \u00e0 la M\u00e9ditation Nationale\u2026 Elle est d\u2019Actualit\u00e9.<\/span><\/span><\/p>\n<p align=\"JUSTIFY\">\n<p align=\"JUSTIFY\"><span style=\"font-family: 'Comic Sans MS', cursive;\"><span style=\"font-size: large;\">En voici le texte hors illustration\u00a0:<\/span><\/span><\/p>\n<p align=\"JUSTIFY\">\n<p align=\"JUSTIFY\">\n<p align=\"CENTER\"><span style=\"color: #1e09bb;\"><span style=\"font-family: Arial, sans-serif;\"><span style=\"font-size: large;\">GROS-MORNE A SES HERO\u00cfQUES ENFANTS <\/span><\/span><\/span><\/p>\n<p align=\"CENTER\"><span style=\"color: #1e09bb;\"><span style=\"font-family: Arial, sans-serif;\"><span style=\"font-size: large;\">MORTS POUR LA FRANCE.<\/span><\/span><\/span><\/p>\n<p align=\"CENTER\">\n<p align=\"CENTER\"><span style=\"color: #1e09bb;\"><span style=\"font-family: 'Arial Rounded MT Bold', sans-serif;\"><span style=\"font-size: large;\"><em>Ils ont Bien M\u00e9rit\u00e9 de la Patrie<\/em><\/span><\/span><\/span><\/p>\n<p align=\"CENTER\"><span style=\"color: #1e09bb;\"><span style=\"font-family: 'Arial Rounded MT Bold', sans-serif;\"><span style=\"font-size: large;\"><em>Passants, Allez Dire \u00e0 Paris\u00a0:<\/em><\/span><\/span><\/span><\/p>\n<p align=\"CENTER\">\n<p align=\"CENTER\"><span style=\"color: #1e09bb;\"><span style=\"font-family: 'Arial Rounded MT Bold', sans-serif;\"><span style=\"font-size: large;\"><em>Que nous sommes tomb\u00e9s en Combattant<\/em><\/span><\/span><\/span><\/p>\n<p align=\"CENTER\"><span style=\"color: #1e09bb;\"><span style=\"font-family: 'Arial Rounded MT Bold', sans-serif;\"><span style=\"font-size: large;\"><em>Pour que les Fran\u00e7ais Vivent en Travaillant<\/em><\/span><\/span><\/span><\/p>\n<p align=\"CENTER\"><span style=\"color: #1e09bb;\"><span style=\"font-family: 'Arial Rounded MT Bold', sans-serif;\"><span style=\"font-size: large;\"><em>Dans la Paix f\u00e9conde, sous l\u2019\u00c9gide de la Fraternit\u00e9.<\/em><\/span><\/span><\/span><\/p>\n<p align=\"CENTER\"><span style=\"color: #1e09bb;\"><span style=\"font-size: large;\">___<\/span><\/span><\/p>\n<p align=\"CENTER\">\n<p align=\"CENTER\"><span style=\"color: #1e09bb;\"><span style=\"font-family: Arial, sans-serif;\"><span style=\"font-size: large;\">\u00c9rig\u00e9 par l\u2019\u00c9dilit\u00e9 sous l\u2019Administration de <\/span><\/span><\/span><\/p>\n<p align=\"CENTER\"><span style=\"color: #1e09bb;\"><span style=\"font-family: Arial, sans-serif;\"><span style=\"font-size: large;\"><em>Paul NAZAIRE<\/em><\/span><\/span><\/span><span style=\"color: #1e09bb;\"><span style=\"font-family: Arial, sans-serif;\"><span style=\"font-size: large;\">, Maire.<\/span><\/span><\/span><\/p>\n<p align=\"JUSTIFY\">\n<p align=\"JUSTIFY\">\n<p align=\"JUSTIFY\"><span style=\"font-family: 'Comic Sans MS', cursive;\"><span style=\"font-size: large;\">En esp\u00e9rant que la Patrie l\u2019entendra de cette fa\u00e7on\u00a0:<\/span><\/span><\/p>\n<p align=\"JUSTIFY\">\n<p align=\"JUSTIFY\"><span style=\"font-family: 'Arial Rounded MT Bold', sans-serif;\"><span style=\"font-size: large;\"><em>O Francia, Gn\u00f4thi seauton<\/em><\/span><\/span><span style=\"font-family: 'Comic Sans MS', cursive;\"><span style=\"font-size: large;\">\u2026 Connais-toi toi-m\u00eame, O France<\/span><\/span><span style=\"font-size: large;\">.<\/span><\/p>\n<p align=\"JUSTIFY\">\n<p align=\"JUSTIFY\"><span style=\"font-size: large;\">\u00c9ric EG Nogard<\/span><\/p>\n<p align=\"JUSTIFY\"><span style=\"color: #c00000;\"><span style=\"font-size: large;\"><em>Chroniqueur<\/em><\/span><\/span><span style=\"color: #c00000;\"><span style=\"font-size: large;\">.<\/span><\/span><\/p>\n<p align=\"CENTER\"><span style=\"font-size: large;\"><strong>*** *** ***<\/strong><\/span><\/p>\n<p>&nbsp;<\/p>\n<p align=\"CENTER\"><span style=\"color: #ff0000;\"><span style=\"font-size: large;\"><strong>Nota : <\/strong><\/span><\/span><span style=\"color: #000000;\"><span style=\"font-size: large;\">Nous ne traitons que de Faits et de Noms rendus Publics.<\/span><\/span><\/p>\n<p align=\"CENTER\">\n<p align=\"CENTER\"><span style=\"color: #000000;\"><span style=\"font-size: large;\">*** *** ***<\/span><\/span><\/p>\n<p align=\"JUSTIFY\"><span style=\"font-size: large;\"><strong>N.B.:<\/strong><\/span><span style=\"font-size: large;\"> &#8211; <\/span><span style=\"color: #c00000;\"><span style=\"font-family: 'Comic Sans MS', cursive;\"><span style=\"font-size: large;\">Nous Recommandons instamment et syst\u00e9matiquement l\u2019ouverture de la (ou des) pi\u00e8ce(s) jointe(s) \u00e0 l\u2019e-mail, sous format Pdf, <\/span><\/span><\/span><span style=\"color: #c00000;\"><span style=\"font-family: 'Comic Sans MS', cursive;\"><span style=\"font-size: large;\"><span style=\"text-decoration: underline;\">les illustrations y sont incluses<\/span><\/span><\/span><\/span><span style=\"color: #c00000;\"><span style=\"font-family: 'Comic Sans MS', cursive;\"><span style=\"font-size: large;\">.<\/span><\/span><\/span><\/p>\n<p align=\"JUSTIFY\">\n<p align=\"CENTER\"><span style=\"font-size: large;\"><strong>*** *** ***<\/strong><\/span><\/p>\n<p align=\"CENTER\"><span style=\"color: #ff0000;\"><span><strong>Ne Peut \u00eatre reproduit &#8211; m\u00eame partiellement &#8211; sans l\u2019autorisation de l\u2019Auteur<\/strong><\/span><\/span><\/p>\n<p align=\"JUSTIFY\"><span style=\"text-decoration: underline;\"><strong>Liens Sugg\u00e9r\u00e9s\u00a0:<\/strong><\/span><\/p>\n<ul>\n<li>\n<p align=\"JUSTIFY\"><span style=\"color: #0000ff;\"><span style=\"text-decoration: underline;\"><a href=\"http:\/\/www.lescrutateur.com\/\">http:\/\/www.lescrutateur.com\/<\/a><\/span><\/span><\/p>\n<\/li>\n<li>\n<p align=\"JUSTIFY\"><span style=\"color: #0000ff;\"><span style=\"text-decoration: underline;\"><a href=\"http:\/\/www.etatsgenerauxdeloutremer.fr\/reflexions\">http:\/\/www.etatsgenerauxdeloutremer.fr\/reflexions<\/a><\/span><\/span><\/p>\n<\/li>\n<\/ul>\n<p align=\"CENTER\">\n<p align=\"CENTER\">\n<script type=\"text\/javascript\">\n\nvar addthis_config = {\"data_track_clickback\":false,\"data_track_addressbar\":false,\"data_track_textcopy\":false};\n<\/script><script type=\"text\/javascript\" src=\"\/\/s7.addthis.com\/js\/250\/addthis_widget.js#pubid=a457a6d63fb9e6ccabdde4110343bd85\"><\/script>","protected":false},"excerpt":{"rendered":"<p align=\"CENTER\">\n<p style=\"text-align: center;\" align=\"JUSTIFY\"><span style=\"color: #632423;\"><span style=\"font-family: 'Comic Sans MS', cursive;\"><span style=\"font-size: large;\">Maintenant c\u2019est Verdun\u00a0?.. Comm\u00e9morons Verdun\u00a0!<\/span><\/span><\/span><\/p>\n<p align=\"JUSTIFY\">\n<p align=\"JUSTIFY\">\n<p align=\"JUSTIFY\"><span style=\"color: #632423;\"><span style=\"font-family: 'Arial Rounded MT Bold', sans-serif;\"><span style=\"font-size: large;\">Bis dat, qui cito dat<\/span><\/span><\/span><span style=\"color: #632423;\"><span style=\"font-family: 'Comic Sans MS', cursive;\"><span style=\"font-size: large;\">.<\/span><\/span><\/span><\/p>\n<p align=\"JUSTIFY\"><span style=\"color: #632423;\"><span style=\"font-family: 'Comic Sans MS', cursive;\"><span style=\"font-size: large;\">Celui-l\u00e0 donne doublement\u2026 qui donne vite.<\/span><\/span><\/span><\/p>\n<p align=\"JUSTIFY\">\n<p align=\"JUSTIFY\"><span style=\"color: #632423;\"><span style=\"font-family: 'Comic Sans MS', cursive;\"><span style=\"font-size: large;\">Telle est la pens\u00e9e que nous inspire l\u2019engagement-volontaire de notre grand-p\u00e8re paternel, pour le salut de sa Patrie.<\/span><\/span><\/span>&hellip;<\/p>\n","protected":false},"author":1,"featured_media":0,"comment_status":"open","ping_status":"open","sticky":false,"template":"","format":"standard","meta":{"footnotes":""},"categories":[1],"tags":[],"class_list":["post-12374","post","type-post","status-publish","format-standard","hentry","category-accueil"],"_links":{"self":[{"href":"http:\/\/www.lecarrefourdesopinions.ca\/index.php?rest_route=\/wp\/v2\/posts\/12374","targetHints":{"allow":["GET"]}}],"collection":[{"href":"http:\/\/www.lecarrefourdesopinions.ca\/index.php?rest_route=\/wp\/v2\/posts"}],"about":[{"href":"http:\/\/www.lecarrefourdesopinions.ca\/index.php?rest_route=\/wp\/v2\/types\/post"}],"author":[{"embeddable":true,"href":"http:\/\/www.lecarrefourdesopinions.ca\/index.php?rest_route=\/wp\/v2\/users\/1"}],"replies":[{"embeddable":true,"href":"http:\/\/www.lecarrefourdesopinions.ca\/index.php?rest_route=%2Fwp%2Fv2%2Fcomments&post=12374"}],"version-history":[{"count":2,"href":"http:\/\/www.lecarrefourdesopinions.ca\/index.php?rest_route=\/wp\/v2\/posts\/12374\/revisions"}],"predecessor-version":[{"id":12384,"href":"http:\/\/www.lecarrefourdesopinions.ca\/index.php?rest_route=\/wp\/v2\/posts\/12374\/revisions\/12384"}],"wp:attachment":[{"href":"http:\/\/www.lecarrefourdesopinions.ca\/index.php?rest_route=%2Fwp%2Fv2%2Fmedia&parent=12374"}],"wp:term":[{"taxonomy":"category","embeddable":true,"href":"http:\/\/www.lecarrefourdesopinions.ca\/index.php?rest_route=%2Fwp%2Fv2%2Fcategories&post=12374"},{"taxonomy":"post_tag","embeddable":true,"href":"http:\/\/www.lecarrefourdesopinions.ca\/index.php?rest_route=%2Fwp%2Fv2%2Ftags&post=12374"}],"curies":[{"name":"wp","href":"https:\/\/api.w.org\/{rel}","templated":true}]}}