{"id":12371,"date":"2016-06-04T15:50:43","date_gmt":"2016-06-04T19:50:43","guid":{"rendered":"http:\/\/www.lecarrefourdesopinions.ca\/?p=12371"},"modified":"2016-06-04T15:50:43","modified_gmt":"2016-06-04T19:50:43","slug":"sermon-sur-la-montagne-sois-notre-identite","status":"publish","type":"post","link":"http:\/\/www.lecarrefourdesopinions.ca\/?p=12371","title":{"rendered":"Sermon sur la Montagne, sois notre Identit\u00e9."},"content":{"rendered":"<p style=\"text-align: center;\" align=\"JUSTIFY\">\n<p style=\"text-align: center;\" align=\"JUSTIFY\"><span style=\"color: #632423;\"><span style=\"font-family: 'Comic Sans MS', cursive;\"><span style=\"font-size: x-large;\"><em><strong>Sermon sur la Montagne, sois notre Identit\u00e9.<\/strong><\/em><\/span><\/span><\/span><\/p>\n<p align=\"JUSTIFY\">\n<p align=\"JUSTIFY\">\n<p align=\"JUSTIFY\"><span style=\"color: #632423;\"><span style=\"font-family: 'Comic Sans MS', cursive;\"><span style=\"font-size: large;\">Un Sermon qui Certes a ses points discutables\u2026 il a ses <\/span><\/span><\/span><span style=\"color: #632423;\"><span style=\"font-family: 'Comic Sans MS', cursive;\"><span style=\"font-size: large;\"><strong>Deux Mille Ans<\/strong><\/span><\/span><\/span><span style=\"color: #632423;\"><span style=\"font-family: 'Comic Sans MS', cursive;\"><span style=\"font-size: large;\">\u00a0!<\/span><\/span><\/span><\/p>\n<p align=\"JUSTIFY\">\n<p align=\"JUSTIFY\"><span style=\"color: #632423;\"><span style=\"font-family: 'Comic Sans MS', cursive;\"><span style=\"font-size: large;\">Cependant, \u00e0 bien consid\u00e9rer.<\/span><\/span><\/span><\/p>\n<p align=\"JUSTIFY\">\n<p align=\"JUSTIFY\"><span style=\"color: #632423;\"><span style=\"font-family: 'Comic Sans MS', cursive;\"><span style=\"font-size: large;\">Quel autre \u00e0 ce jour rev\u00eat sa Profondeur, son Humanisme et sa Port\u00e9e.<\/span><\/span><\/span><\/p>\n<p align=\"JUSTIFY\">\n<p align=\"JUSTIFY\"><span style=\"color: #632423;\"><span style=\"font-family: 'Comic Sans MS', cursive;\"><span style=\"font-size: large;\">S\u2019il s\u2019en trouve UN, Merci de nous dire en quoi il vaut mieux.<\/span><\/span><\/span><\/p>\n<p align=\"JUSTIFY\">\n<p align=\"JUSTIFY\">\n<p align=\"JUSTIFY\"><span style=\"color: #632423;\"><span style=\"font-family: 'Comic Sans MS', cursive;\"><span style=\"font-size: large;\">Car, \u00e0 bien consid\u00e9rer.<\/span><\/span><\/span><\/p>\n<p align=\"JUSTIFY\">\n<p align=\"JUSTIFY\"><span style=\"color: #632423;\"><span style=\"font-family: 'Comic Sans MS', cursive;\"><span style=\"font-size: large;\">Que vaut notre Pouvoir s\u2019il tremble sur ses genoux malgr\u00e9 toutes ses b\u00e9quilles et toutes nos pr\u00e9tentions.<\/span><\/span><\/span><\/p>\n<p align=\"JUSTIFY\">\n<p align=\"JUSTIFY\"><span style=\"color: #632423;\"><span style=\"font-family: 'Comic Sans MS', cursive;\"><span style=\"font-size: large;\">Que valent nos lingots d\u2019or s\u2019ils se tiennent cach\u00e9s en des Paradis d\u2019o\u00f9 nous sommes interdits.<\/span><\/span><\/span><\/p>\n<p align=\"JUSTIFY\">\n<p align=\"JUSTIFY\"><span style=\"color: #632423;\"><span style=\"font-family: 'Comic Sans MS', cursive;\"><span style=\"font-size: large;\">Que vaut la Couleur de notre Peau, qu\u2019elle soit Blanche, qu\u2019elle soit Noire, ou Jaune ou Rouge ou autre et sous quelque forme de N\u00e9gritude ou de Souverainisme <\/span><\/span><\/span><span style=\"color: #632423;\"><span style=\"font-family: 'Comic Sans MS', cursive;\"><span style=\"font-size: large;\">\u00c9pidermique et Mentale que ce soit.<\/span><\/span><\/span><\/p>\n<p align=\"JUSTIFY\">\n<p align=\"JUSTIFY\"><span style=\"color: #632423;\"><span style=\"font-family: 'Comic Sans MS', cursive;\"><span style=\"font-size: large;\">Que nous vaut de descendre ou d\u2019<\/span><\/span><\/span><span style=\"color: #632423;\"><span style=\"font-size: large;\">\u1e16<\/span><\/span><span style=\"color: #632423;\"><span style=\"font-family: 'Comic Sans MS', cursive;\"><span style=\"font-size: large;\">ve ou d\u2019Adam de Shiva ou d\u2019Allah\u2026 ou de David, de la Reine de Saba eu \u00e9gard au Sermon sur la Montagne de l\u2019humble parmi les humbles qui n\u2019e\u00fbt d\u2019autre pr\u00e9tention que notre R\u00e9demption\u2026 notre Re-Naissance.<\/span><\/span><\/span><\/p>\n<p align=\"JUSTIFY\">\n<p align=\"JUSTIFY\">\n<p align=\"JUSTIFY\"><span style=\"color: #632423;\"><span style=\"font-family: 'Comic Sans MS', cursive;\"><span style=\"font-size: large;\">D\u2019ailleurs, n\u2019est-ce pas l\u00e0 le sens de notre Bapt\u00eame, de notre passage sur les Fonts Baptismaux\u2026 Une Identit\u00e9 qui r\u00e9ponde de nous et dont nous nous r\u00e9clamons ou devrions nous r\u00e9clamer.<\/span><\/span><\/span><\/p>\n<p align=\"JUSTIFY\">\u00a0<img loading=\"lazy\" decoding=\"async\" class=\"alignnone size-thumbnail wp-image-11439\" title=\"Eric\" src=\"http:\/\/www.lecarrefourdesopinions.ca\/wp-content\/uploads\/2015\/04\/Eric-134x107.jpg\" alt=\"\" width=\"134\" height=\"107\" \/><\/p>\n<p align=\"JUSTIFY\"><span style=\"color: #632423;\"><span style=\"font-family: 'Comic Sans MS', cursive;\"><span style=\"font-size: large;\">\u00c9ric EG Nogard<\/span><\/span><\/span><\/p>\n<p align=\"JUSTIFY\"><span style=\"color: #c00000;\"><span style=\"font-size: large;\"><em>Chroniqueur<\/em><\/span><\/span><span style=\"color: #c00000;\"><span style=\"font-size: large;\">.<\/span><\/span><\/p>\n<p align=\"CENTER\">\n<p align=\"CENTER\">\n<p align=\"CENTER\"><span style=\"color: #632423;\"><span style=\"font-size: large;\">*** *** ***<\/span><\/span><\/p>\n<p align=\"JUSTIFY\"><span style=\"font-size: x-large;\"><strong>SERMON SUR LA MONTAGNE, SOIS NOTRE IDENTIT\u00c9.<\/strong><\/span><\/p>\n<p align=\"JUSTIFY\">\n<p align=\"JUSTIFY\">\n<p align=\"JUSTIFY\">\n<p align=\"CENTER\"><img loading=\"lazy\" decoding=\"async\" class=\"alignnone size-full wp-image-12372\" title=\"F1   Une telle Identite  ne vaut elle pas une autre  En tout cas  c est la notre\" src=\"http:\/\/www.lecarrefourdesopinions.ca\/wp-content\/uploads\/2016\/06\/F1-Une-telle-Identite-ne-vaut-elle-pas-une-autre-En-tout-cas-c-est-la-notre.jpg\" alt=\"\" width=\"1024\" height=\"490\" srcset=\"http:\/\/www.lecarrefourdesopinions.ca\/wp-content\/uploads\/2016\/06\/F1-Une-telle-Identite-ne-vaut-elle-pas-une-autre-En-tout-cas-c-est-la-notre.jpg 1024w, http:\/\/www.lecarrefourdesopinions.ca\/wp-content\/uploads\/2016\/06\/F1-Une-telle-Identite-ne-vaut-elle-pas-une-autre-En-tout-cas-c-est-la-notre-300x143.jpg 300w, http:\/\/www.lecarrefourdesopinions.ca\/wp-content\/uploads\/2016\/06\/F1-Une-telle-Identite-ne-vaut-elle-pas-une-autre-En-tout-cas-c-est-la-notre-400x191.jpg 400w\" sizes=\"auto, (max-width: 1024px) 100vw, 1024px\" \/><\/p>\n<p align=\"JUSTIFY\">\n<p align=\"CENTER\"><span style=\"font-size: large;\"><strong>F1\u00a0: <\/strong><\/span><span style=\"color: #c00000;\"><span style=\"font-size: large;\"><em><strong>Une telle Identit\u00e9, ne vaut-elle pas une autre. En tout cas, c\u2019est la n\u00f4tre.<\/strong><\/em><\/span><\/span><\/p>\n<p align=\"CENTER\">\n<p align=\"JUSTIFY\">\n<p align=\"JUSTIFY\"><span style=\"font-family: 'Comic Sans MS', cursive;\"><span style=\"font-size: large;\">Le fait est l\u00e0\u2026 il nous tient comme l\u2019eussent fait les m\u00e2choires du plus impitoyable des \u00e9taux, comme les affres du plus cruel des maux, comme la pire de nos contradictions<\/span><\/span><span style=\"font-size: large;\">.<\/span><\/p>\n<p align=\"JUSTIFY\">\n<p align=\"JUSTIFY\">\n<p align=\"JUSTIFY\">\n<p align=\"JUSTIFY\"><span style=\"font-size: large;\"><strong>Nous voulons vivre ensemble, donc \u00eatre semblables \u00e0 l\u2019autre qui bien souvent nous accueille en sa maison.<\/strong><\/span><\/p>\n<p align=\"JUSTIFY\">\n<p align=\"JUSTIFY\"><span style=\"font-size: large;\">Nous tenons \u00e0 une identit\u00e9 apr\u00e8s laquelle nous courons comme des d\u00e9rat\u00e9s, en qu\u00eate de diff\u00e9rences \u00e0 ne pas surmonter, de sp\u00e9cificit\u00e9s incompatibles \u00e0 toutes id\u00e9es de ressemblance, d\u2019int\u00e9gration ou d\u2019assimilation\u2026 ne sont-elles pas fort souvent insupportables\u2026 inavouables au demeurant.<\/span><\/p>\n<p align=\"JUSTIFY\">\n<p align=\"JUSTIFY\">\n<p align=\"JUSTIFY\"><span style=\"font-size: large;\"><strong>Que cherchons-nous au juste, dans notre recherche d\u2019Identit\u00e9.<\/strong><\/span><\/p>\n<p align=\"JUSTIFY\">\n<p align=\"JUSTIFY\"><span style=\"font-size: large;\">Sommes-nous Gaulois, Romains, Zaporogues, Francs, Berb\u00e8res, Ottent\u00f4ts ou Show-Shows\u2026<\/span><\/p>\n<p align=\"JUSTIFY\">\n<p align=\"JUSTIFY\">\n<p align=\"JUSTIFY\"><span style=\"font-size: large;\"><strong>Que vaudrait pour nous de le savoir autrement que dans notre For-int\u00e9rieur, en ce Monde o\u00f9 nous sommes.<\/strong><\/span><\/p>\n<p align=\"JUSTIFY\">\n<p align=\"JUSTIFY\"><span style=\"font-size: large;\">En ce Monde des Blocs o\u00f9 chacun cherche son Camp dans le Choc des titans qui s\u2019annonce pour demain, quel sens pourraient avoir\u00a0:<\/span><\/p>\n<p align=\"JUSTIFY\">\n<p align=\"JUSTIFY\"><span style=\"font-size: large;\">Notre N\u00e9gritude Souveraine, notre Droite Forte, notre Gauche Populaire, apr\u00e8s tout qu\u2019est-ce que c\u2019est, c\u2019est quoi d\u2019autre que le Particularisme R\u00e9ducteur et Mesquin qui nous conduit \u00e0 tout ramener \u00e0 Nous pour mieux satisfaire aux app\u00e9tits voraces de notre M\u00e9diocrit\u00e9.<\/span><\/p>\n<p align=\"JUSTIFY\">\n<p align=\"JUSTIFY\"><span style=\"font-size: large;\">Notre N\u00e9gritude Souveraine, notre Droite Forte, notre Gauche Prometteuse, qu\u2019auront-elles jamais fait d\u2019autre que d\u2019amputer \u2013 ou de contribuer \u00e0 son amputation \u2013 l\u2019Immense Peuple du Sermon sur la Montagne, qu\u2019en d\u00e9nigrant son Esprit, en saccageant son \u00c9glise, en Excluant du Droit au Bien Commun, la plupart de ses Enfants.<\/span><\/p>\n<p align=\"JUSTIFY\">\n<p align=\"JUSTIFY\"><span style=\"font-size: large;\">Pour le Profit de qui\u2026 nul ne veut y penser quand cependant cela cr\u00e8ve les yeux.<\/span><\/p>\n<p align=\"JUSTIFY\">\n<p align=\"JUSTIFY\"><span style=\"font-size: large;\">Ainsi, combien chez-nous sont les Chr\u00e9tiens et combien sont-ils, \u00e0 ce titre, dans nos Repr\u00e9sentations Gouvernementales, Parlementaires ou Judiciaires\u00a0?<\/span><\/p>\n<p align=\"JUSTIFY\">\n<p align=\"JUSTIFY\"><span style=\"font-size: large;\">Tous Exclus \u00ab\u00a0La\u00efquement\u00a0\u00bb, D\u00e9mocratiquement, alors que pour tout, Imams et Rabbins sont requis pour Avis D\u00e9terminant. <\/span><\/p>\n<p align=\"JUSTIFY\">\n<p align=\"JUSTIFY\"><span style=\"font-size: large;\">D\u00e8s-lors, la La\u00efcit\u00e9 R\u00e9publicaine serait-elle plus La\u00efque que la La\u00efcit\u00e9 Chr\u00e9tienne.<\/span><\/p>\n<p align=\"JUSTIFY\">\n<p align=\"JUSTIFY\"><span style=\"font-size: large;\">Plus La\u00efque et plus Repr\u00e9sentative de la Pens\u00e9e Fran\u00e7aise, de l\u2019Esprit Europ\u00e9en, du Choix Fondateur du Monde Occidental.<\/span><\/p>\n<p align=\"JUSTIFY\">\n<p align=\"JUSTIFY\"><span style=\"font-size: large;\">Sommes-nous convaincus de suivre le Droit Chemin, que gagnons-nous \u00e0 feindre comme nous feignons obstin\u00e9ment.<\/span><\/p>\n<p align=\"JUSTIFY\">\n<p align=\"JUSTIFY\">\n<p align=\"JUSTIFY\"><span style=\"font-size: large;\"><strong>Quelle Identit\u00e9 pourrait le mieux nous Convenir, qu\u2019\u00e0 travers nos Strabismes, que selon notre Q.I., ou au simple regard du bon sens et de la simple \u00e9vidence.<\/strong><\/span><\/p>\n<p align=\"JUSTIFY\">\n<p align=\"JUSTIFY\"><span style=\"font-size: large;\">Quel sens peut avoir pour nous une Couleur de Peau quand la notre est tellement incertaine dans le contexte o\u00f9 nous vivons.<\/span><\/p>\n<p align=\"JUSTIFY\">\n<p align=\"JUSTIFY\"><span style=\"font-size: large;\">De quelle M\u00e8re serions-nous et de quel P\u00e8re, \u1e16ve et Adam, \u00e0 l\u2019\u00e9vidence, n\u2019int\u00e9ressant plus grand\u2019monde en recherche de Filiation dans ce Monde Occidental o\u00f9 nous vivons et o\u00f9 nous esp\u00e9rons mourir.<\/span><\/p>\n<p align=\"JUSTIFY\">\n<p align=\"JUSTIFY\">\n<p align=\"JUSTIFY\"><span style=\"font-size: large;\"><strong>Et c\u2019est ainsi que nous en venons, une nouvelle fois, au Sermon sur la Montagne, au Sermon de J\u00e9sus.<\/strong><\/span><\/p>\n<p align=\"JUSTIFY\">\n<p align=\"JUSTIFY\"><span style=\"font-size: large;\">Ne serions nous pas de Ceux qui en ont fait leur Acte de Foi.<\/span><\/p>\n<p align=\"JUSTIFY\">\n<p align=\"JUSTIFY\"><span style=\"font-size: large;\">Ne serions-nous pas de Ceux qui se sont fait une Seconde Naissance qui, transcendant notre naissance biologico-ethnique, a fait de nous des fr\u00e8res et S\u0153urs en J\u00e9sus-Christ, nous diff\u00e9renciant ainsi de ceux qui, de plein droit, ont fait un autre choix que nous.<\/span><\/p>\n<p align=\"JUSTIFY\">\n<p align=\"JUSTIFY\">\n<p align=\"JUSTIFY\"><span style=\"font-size: large;\"><strong>Et c\u2019est ainsi que nous en venons \u00e0 notre Drame.<\/strong><\/span><\/p>\n<p align=\"JUSTIFY\">\n<p align=\"JUSTIFY\"><span style=\"font-size: large;\">Reniant notre Foi, lui trouvant mille d\u00e9fauts et travers, nous sommes en mal de mieux sans pouvoir nous l\u2019avouer et sans pouvoir reconna\u00eetre notre parjure.<\/span><\/p>\n<p align=\"JUSTIFY\">\n<p align=\"JUSTIFY\"><span style=\"font-size: large;\">Nous voil\u00e0 donc tel le Vaisseau Fant\u00f4me en Mal de sa Boussole semant le malheur dans son sillage.<\/span><\/p>\n<p align=\"JUSTIFY\">\n<p align=\"JUSTIFY\">\n<p align=\"JUSTIFY\"><span style=\"font-size: large;\"><strong>Et c\u2019est ainsi que nous devrions en venir \u00e0 nous dire que notre seule Planche de Salut dans l\u2019\u00e9tat de d\u00e9sarroi o\u00f9 nous sommes, serait certainement notre Confirmation dans la Foi au Sermon sur la Montagne.<\/strong><\/span><\/p>\n<p align=\"JUSTIFY\">\n<p align=\"JUSTIFY\"><span style=\"font-size: large;\">Quoi de plus f\u00e9d\u00e9rateur, que dans l\u2019Amour de son Prochain, que dans la fraternit\u00e9 des uns envers les autres, que dans la Compr\u00e9hension entre les Peuples dont nous sommes et face \u00e0 ceux dont la Route n\u2019est certes pas la N\u00f4tre.<\/span><\/p>\n<p align=\"JUSTIFY\">\n<p align=\"JUSTIFY\">\n<p align=\"JUSTIFY\"><span style=\"font-family: 'Comic Sans MS', cursive;\"><span style=\"font-size: large;\">Seul le Sermon sur la Montagne peut \u00eatre notre R\u00e9dempteur, faisons donc qu\u2019il nous R\u00e9-Unisse pour de bon.<\/span><\/span><\/p>\n<p align=\"JUSTIFY\">\n<p align=\"JUSTIFY\"><span style=\"font-family: 'Comic Sans MS', cursive;\"><span style=\"font-size: large;\">Que le Sermon sur la Montagne soit notre Identit\u00e9<\/span><\/span><span style=\"font-size: large;\">.<\/span><\/p>\n<p align=\"JUSTIFY\">\n<p align=\"JUSTIFY\"><span style=\"font-size: large;\">\u00c9ric EG Nogard<\/span><\/p>\n<p align=\"JUSTIFY\"><span style=\"color: #c00000;\"><span style=\"font-size: large;\"><em>Chroniqueur<\/em><\/span><\/span><span style=\"color: #c00000;\"><span style=\"font-size: large;\">.<\/span><\/span><\/p>\n<p align=\"CENTER\"><span style=\"font-size: large;\"><strong>*** *** ***<\/strong><\/span><\/p>\n<p align=\"CENTER\"><span style=\"color: #ff0000;\"><span style=\"font-size: large;\"><strong>Nota : <\/strong><\/span><\/span><span style=\"color: #000000;\"><span style=\"font-size: large;\">Nous ne traitons que de Faits et de Noms rendus Publi<\/span><\/span><\/p>\n<p align=\"JUSTIFY\">\n<p align=\"JUSTIFY\"><span style=\"font-size: large;\"><strong>N.B.:<\/strong><\/span><span style=\"font-size: large;\"> &#8211; <\/span><span style=\"color: #c00000;\"><span style=\"font-family: 'Comic Sans MS', cursive;\"><span style=\"font-size: large;\">Nous Recommandons instamment et syst\u00e9matiquement l\u2019ouverture de la (ou des) pi\u00e8ce(s) jointe(s) \u00e0 l\u2019e-mail, sous format Pdf, <\/span><\/span><\/span><span style=\"color: #c00000;\"><span style=\"font-family: 'Comic Sans MS', cursive;\"><span style=\"font-size: large;\"><span style=\"text-decoration: underline;\">les illustrations y sont incluses<\/span><\/span><\/span><\/span><span style=\"color: #c00000;\"><span style=\"font-family: 'Comic Sans MS', cursive;\"><span style=\"font-size: large;\">.<\/span><\/span><\/span><\/p>\n<p align=\"JUSTIFY\">\n<p align=\"CENTER\"><span style=\"color: #ff0000;\"><span><strong>Ne Peut \u00eatre reproduit &#8211; m\u00eame partiellement &#8211; sans l\u2019autorisation de l\u2019Auteur.<\/strong><\/span><\/span><\/p>\n<p align=\"JUSTIFY\"><span style=\"text-decoration: underline;\"><strong>Liens Sugg\u00e9r\u00e9s\u00a0:<\/strong><\/span><\/p>\n<ul>\n<li>\n<p align=\"JUSTIFY\"><span style=\"color: #0000ff;\"><span style=\"text-decoration: underline;\"><a href=\"http:\/\/www.lescrutateur.com\/\">http:\/\/www.lescrutateur.com\/<\/a><\/span><\/span><\/p>\n<\/li>\n<li>\n<p align=\"JUSTIFY\"><span style=\"color: #0000ff;\"><span style=\"text-decoration: underline;\"><a href=\"http:\/\/www.etatsgenerauxdeloutremer.fr\/reflexions\">http:\/\/www.etatsgenerauxdeloutremer.fr\/reflexions<\/a><\/span><\/span><\/p>\n<\/li>\n<\/ul>\n<p align=\"CENTER\">\n<p align=\"CENTER\"><strong>==================================================================<\/strong><\/p>\n<script type=\"text\/javascript\">\n\nvar addthis_config = {\"data_track_clickback\":false,\"data_track_addressbar\":false,\"data_track_textcopy\":false};\n<\/script><script type=\"text\/javascript\" src=\"\/\/s7.addthis.com\/js\/250\/addthis_widget.js#pubid=a457a6d63fb9e6ccabdde4110343bd85\"><\/script>","protected":false},"excerpt":{"rendered":"<p style=\"text-align: center;\" align=\"JUSTIFY\">\n<p style=\"text-align: center;\" align=\"JUSTIFY\"><span style=\"color: #632423;\"><span style=\"font-family: 'Comic Sans MS', cursive;\"><span style=\"font-size: x-large;\">Sermon sur la Montagne, sois notre Identit\u00e9.<\/span><\/span><\/span><\/p>\n<p align=\"JUSTIFY\">\n<p align=\"JUSTIFY\">\n<p align=\"JUSTIFY\"><span style=\"color: #632423;\"><span style=\"font-family: 'Comic Sans MS', cursive;\"><span style=\"font-size: large;\">Un Sermon qui Certes a ses points discutables\u2026 il a ses <\/span><\/span><\/span><span style=\"color: #632423;\"><span style=\"font-family: 'Comic Sans MS', cursive;\"><span style=\"font-size: large;\">Deux Mille Ans<\/span><\/span><\/span><span style=\"color: #632423;\"><span style=\"font-family: 'Comic Sans MS', cursive;\"><span style=\"font-size: large;\">\u00a0!<\/span><\/span><\/span><\/p>\n<p align=\"JUSTIFY\">\n<p align=\"JUSTIFY\"><span style=\"color: #632423;\"><span style=\"font-family: 'Comic Sans MS', cursive;\"><span style=\"font-size: large;\">Cependant, \u00e0 bien consid\u00e9rer.<\/span><\/span><\/span><\/p>\n<p align=\"JUSTIFY\">\n<p align=\"JUSTIFY\"><span style=\"color: #632423;\"><span style=\"font-family: 'Comic Sans MS', cursive;\"><span style=\"font-size: large;\">Quel autre \u00e0 ce jour rev\u00eat sa Profondeur, son Humanisme et <\/span><\/span><\/span>&hellip;<\/p>\n","protected":false},"author":1,"featured_media":0,"comment_status":"open","ping_status":"open","sticky":false,"template":"","format":"standard","meta":{"footnotes":""},"categories":[1],"tags":[],"class_list":["post-12371","post","type-post","status-publish","format-standard","hentry","category-accueil"],"_links":{"self":[{"href":"http:\/\/www.lecarrefourdesopinions.ca\/index.php?rest_route=\/wp\/v2\/posts\/12371","targetHints":{"allow":["GET"]}}],"collection":[{"href":"http:\/\/www.lecarrefourdesopinions.ca\/index.php?rest_route=\/wp\/v2\/posts"}],"about":[{"href":"http:\/\/www.lecarrefourdesopinions.ca\/index.php?rest_route=\/wp\/v2\/types\/post"}],"author":[{"embeddable":true,"href":"http:\/\/www.lecarrefourdesopinions.ca\/index.php?rest_route=\/wp\/v2\/users\/1"}],"replies":[{"embeddable":true,"href":"http:\/\/www.lecarrefourdesopinions.ca\/index.php?rest_route=%2Fwp%2Fv2%2Fcomments&post=12371"}],"version-history":[{"count":1,"href":"http:\/\/www.lecarrefourdesopinions.ca\/index.php?rest_route=\/wp\/v2\/posts\/12371\/revisions"}],"predecessor-version":[{"id":12373,"href":"http:\/\/www.lecarrefourdesopinions.ca\/index.php?rest_route=\/wp\/v2\/posts\/12371\/revisions\/12373"}],"wp:attachment":[{"href":"http:\/\/www.lecarrefourdesopinions.ca\/index.php?rest_route=%2Fwp%2Fv2%2Fmedia&parent=12371"}],"wp:term":[{"taxonomy":"category","embeddable":true,"href":"http:\/\/www.lecarrefourdesopinions.ca\/index.php?rest_route=%2Fwp%2Fv2%2Fcategories&post=12371"},{"taxonomy":"post_tag","embeddable":true,"href":"http:\/\/www.lecarrefourdesopinions.ca\/index.php?rest_route=%2Fwp%2Fv2%2Ftags&post=12371"}],"curies":[{"name":"wp","href":"https:\/\/api.w.org\/{rel}","templated":true}]}}