{"id":12361,"date":"2016-06-01T13:52:30","date_gmt":"2016-06-01T17:52:30","guid":{"rendered":"http:\/\/www.lecarrefourdesopinions.ca\/?p=12361"},"modified":"2016-06-01T13:52:30","modified_gmt":"2016-06-01T17:52:30","slug":"quel-type-de-compagnon-as-tu-la-angela","status":"publish","type":"post","link":"http:\/\/www.lecarrefourdesopinions.ca\/?p=12361","title":{"rendered":"Quel type de Compagnon, as-tu l\u00e0 Angela."},"content":{"rendered":"<p align=\"JUSTIFY\">\n<p style=\"text-align: center;\" align=\"JUSTIFY\"><span style=\"color: #632423;\"><span style=\"font-family: 'Comic Sans MS', cursive;\"><span style=\"font-size: large;\"><em><strong>Quel type de Compagnon, as-tu l\u00e0 Angela.<\/strong><\/em><\/span><\/span><\/span><\/p>\n<p align=\"JUSTIFY\">\n<p align=\"JUSTIFY\"><span style=\"color: #632423;\"><span style=\"font-family: 'Comic Sans MS', cursive;\"><span style=\"font-size: large;\">Rien ne distingue autant l\u2019Europ\u00e9en des Autres Peuples que le Choix de la Chr\u00e9tient\u00e9 comme Fondement Moral, Culturel et Social.<\/span><\/span><\/span><\/p>\n<p align=\"JUSTIFY\">\n<p align=\"JUSTIFY\"><span style=\"color: #632423;\"><span style=\"font-family: 'Comic Sans MS', cursive;\"><span style=\"font-size: large;\">Le Renier c\u2019est se Renier Soi-m\u00eame comme Ressortissant ou du Monde Europ\u00e9en ou du Monde Occidental.<\/span><\/span><\/span><\/p>\n<p align=\"JUSTIFY\">\u00a0<img loading=\"lazy\" decoding=\"async\" class=\"alignnone size-thumbnail wp-image-11439\" title=\"Eric\" src=\"http:\/\/www.lecarrefourdesopinions.ca\/wp-content\/uploads\/2015\/04\/Eric-134x107.jpg\" alt=\"\" width=\"134\" height=\"107\" \/><\/p>\n<p align=\"JUSTIFY\"><span style=\"color: #632423;\"><span style=\"font-family: 'Comic Sans MS', cursive;\"><span style=\"font-size: large;\">\u00c9ric EG Nogard<\/span><\/span><\/span><\/p>\n<p align=\"JUSTIFY\"><span style=\"color: #c00000;\"><span style=\"font-size: large;\"><em>Chroniqueur<\/em><\/span><\/span><span style=\"color: #c00000;\"><span style=\"font-size: large;\">.<\/span><\/span><\/p>\n<p align=\"CENTER\">\n<p align=\"CENTER\">\n<p align=\"CENTER\"><span style=\"color: #632423;\"><span style=\"font-size: large;\">*** *** ***<\/span><\/span><\/p>\n<p align=\"JUSTIFY\"><span style=\"font-size: large;\"><strong>QUEL TYPE DE COMPAGNON, AS-TU LA ANGELA.<\/strong><\/span><\/p>\n<p align=\"JUSTIFY\">\n<p align=\"JUSTIFY\">\n<p align=\"JUSTIFY\">\n<p align=\"CENTER\"><img loading=\"lazy\" decoding=\"async\" class=\"alignnone size-medium wp-image-12362\" title=\"F1   N est ce pas un Couple du genre   Coquin des Yeux\" src=\"http:\/\/www.lecarrefourdesopinions.ca\/wp-content\/uploads\/2016\/06\/F1-N-est-ce-pas-un-Couple-du-genre-Coquin-des-Yeux-300x192.jpg\" alt=\"\" width=\"300\" height=\"192\" srcset=\"http:\/\/www.lecarrefourdesopinions.ca\/wp-content\/uploads\/2016\/06\/F1-N-est-ce-pas-un-Couple-du-genre-Coquin-des-Yeux-300x192.jpg 300w, http:\/\/www.lecarrefourdesopinions.ca\/wp-content\/uploads\/2016\/06\/F1-N-est-ce-pas-un-Couple-du-genre-Coquin-des-Yeux-400x256.jpg 400w, http:\/\/www.lecarrefourdesopinions.ca\/wp-content\/uploads\/2016\/06\/F1-N-est-ce-pas-un-Couple-du-genre-Coquin-des-Yeux.jpg 1000w\" sizes=\"auto, (max-width: 300px) 100vw, 300px\" \/><\/p>\n<p align=\"CENTER\">\n<p align=\"CENTER\"><span style=\"font-size: large;\"><strong>F1\u00a0: <\/strong><\/span><span style=\"color: #c00000;\"><span style=\"font-size: large;\"><em><strong>N\u2019est-ce pas un Couple du genre \u00ab\u00a0Coquin des Yeux\u00a0\u00bb\u00a0!..<\/strong><\/em><\/span><\/span><\/p>\n<p align=\"JUSTIFY\">\n<p align=\"JUSTIFY\">\n<p align=\"JUSTIFY\"><span style=\"font-family: 'Comic Sans MS', cursive;\"><span style=\"font-size: large;\">Quel type de Compagnon et quel couple formez-vous au regard du Sermon de J\u00e9sus sur la Montagne, ce Sermon Prononc\u00e9 du plus haut, pour que chacun l\u2019entende.<\/span><\/span><\/p>\n<p align=\"JUSTIFY\">\n<p align=\"JUSTIFY\"><span style=\"font-family: 'Comic Sans MS', cursive;\"><span style=\"font-size: large;\">Le Sermon sur la Montagne, cette Injonction au Don, au Pardon comme au Respect de la Parole Donn\u00e9e sans la moindre convoitise ni l\u2019id\u00e9e de retour.<\/span><\/span><\/p>\n<p align=\"JUSTIFY\">\n<p align=\"JUSTIFY\"><span style=\"font-family: 'Comic Sans MS', cursive;\"><span style=\"font-size: large;\">Le Sermon sur la Montagne, ce Choix de la grande Europe devenu la Charte du Monde Occidental\u2026 Ce Choix qui nous distingue.<\/span><\/span><\/p>\n<p align=\"JUSTIFY\">\n<p align=\"JUSTIFY\">\n<p align=\"JUSTIFY\">\n<p align=\"CENTER\"><img loading=\"lazy\" decoding=\"async\" class=\"alignnone size-medium wp-image-12363\" title=\"F-8_Q_F2___Tous_ils_=C3=A9taient_la____et_tous_l_ont_entendu___= Et de tous    qui en a fait son Credo Fondateur\" src=\"http:\/\/www.lecarrefourdesopinions.ca\/wp-content\/uploads\/2016\/06\/F-8_Q_F2___Tous_ils_C3A9taient_la____et_tous_l_ont_entendu___-Et-de-tous-qui-en-a-fait-son-Credo-Fondateur-300x143.jpg\" alt=\"\" width=\"300\" height=\"143\" srcset=\"http:\/\/www.lecarrefourdesopinions.ca\/wp-content\/uploads\/2016\/06\/F-8_Q_F2___Tous_ils_C3A9taient_la____et_tous_l_ont_entendu___-Et-de-tous-qui-en-a-fait-son-Credo-Fondateur-300x143.jpg 300w, http:\/\/www.lecarrefourdesopinions.ca\/wp-content\/uploads\/2016\/06\/F-8_Q_F2___Tous_ils_C3A9taient_la____et_tous_l_ont_entendu___-Et-de-tous-qui-en-a-fait-son-Credo-Fondateur-400x191.jpg 400w, http:\/\/www.lecarrefourdesopinions.ca\/wp-content\/uploads\/2016\/06\/F-8_Q_F2___Tous_ils_C3A9taient_la____et_tous_l_ont_entendu___-Et-de-tous-qui-en-a-fait-son-Credo-Fondateur.jpg 1024w\" sizes=\"auto, (max-width: 300px) 100vw, 300px\" \/><\/p>\n<p align=\"JUSTIFY\">\n<p align=\"CENTER\"><span style=\"font-size: large;\"><strong>F2\u00a0: <\/strong><\/span><span style=\"color: #c00000;\"><span style=\"font-size: large;\"><em><strong>Tous ils \u00e9taient l\u00e0\u2026 et tous l\u2019ont entendu.<\/strong><\/em><\/span><\/span><\/p>\n<p align=\"CENTER\"><span style=\"color: #c00000;\"><span style=\"font-size: large;\"><em><strong>Et de tous\u2026 qui en a fait son <\/strong><\/em><\/span><\/span><span style=\"color: #c00000;\"><span style=\"font-family: Arial, sans-serif;\"><span style=\"font-size: large;\"><em><strong>Credo<\/strong><\/em><\/span><\/span><\/span><span style=\"color: #c00000;\"><span style=\"font-size: large;\"><em><strong> Fondateur.<\/strong><\/em><\/span><\/span><\/p>\n<p align=\"JUSTIFY\">\n<p align=\"JUSTIFY\">\n<p align=\"JUSTIFY\"><span style=\"font-size: large;\"><strong>Car tous ils \u00e9taient l\u00e0 et l\u2019ont tous entendu\u00a0:<\/strong><\/span><\/p>\n<p align=\"JUSTIFY\">\n<ul>\n<li>\n<p align=\"JUSTIFY\"><span style=\"font-size: large;\">Que les Fils d\u2019Abraham d\u2019avec Sarah son \u00e9pouse\u2026 les Juifs donc.<\/span><\/p>\n<\/li>\n<\/ul>\n<p align=\"JUSTIFY\">\n<ul>\n<li>\n<p align=\"JUSTIFY\"><span style=\"font-size: large;\">Que ceux d\u2019Abraham d\u2019avec Agar sa servante\u2026 les Arabes par cons\u00e9quent.<\/span><\/p>\n<\/li>\n<\/ul>\n<p>&nbsp;<\/p>\n<ul>\n<li>\n<p align=\"JUSTIFY\"><span style=\"font-size: large;\">Que les autres venus des quatre horizons, les Asiates, les Grecs, les latins, les Russes et autres Sab\u00e9ens, bref les \u00c9trangers, les Goys pour mieux dire, les Pa\u00efens, les Roumis, les gens de rien, si on veut.<\/span><\/p>\n<\/li>\n<\/ul>\n<p>&nbsp;<\/p>\n<p align=\"JUSTIFY\">\n<p align=\"JUSTIFY\"><span style=\"font-size: large;\"><strong>Or, de tous, qui a assez cru pour en faire son acte de Foi, la Charte Fondatrice, l\u2019Ossature Socio-Culturelle et Morale de ce Monde Nouveau qu\u2019a choisi de devenir la Grande Europe, Russie comprise, puis le Monde Occidental et tout ce qui en est.<\/strong><\/span><\/p>\n<p align=\"JUSTIFY\">\n<p align=\"JUSTIFY\"><span style=\"font-size: large;\">Est-ce la Descendance de Sarah\u2026 est-ce celle d\u2019Agar.<\/span><\/p>\n<p align=\"JUSTIFY\">\n<p align=\"JUSTIFY\"><span style=\"font-size: large;\">Est-ce les Asiates, est-ce les descendants de la Reine de Saba.<\/span><\/p>\n<p align=\"JUSTIFY\">\n<p align=\"JUSTIFY\"><span style=\"font-size: large;\">A chacun de se le dire ou de se le demander, tel n\u2019\u00e9tant pas l\u2019objet de notre Chronique d\u2019aujourd\u2019hui, bien que la r\u00e9ponse soit d\u2019importance.<\/span><\/p>\n<p align=\"JUSTIFY\">\n<p align=\"JUSTIFY\">\n<p align=\"JUSTIFY\"><span style=\"font-size: large;\"><strong>Quel Compagnon Angela a-t-elle trouv\u00e9 en Fran\u00e7ois et que peut pr\u00e9sager pour l\u2019Europe leurs Discours en plein milieu d\u2019un Champ de Croix mortuaires en souvenir de quoi.<\/strong><\/span><\/p>\n<p align=\"JUSTIFY\">\n<p align=\"JUSTIFY\">\n<p align=\"JUSTIFY\">\n<p align=\"CENTER\">\n<p align=\"CENTER\"><img loading=\"lazy\" decoding=\"async\" class=\"alignnone size-large wp-image-12364\" title=\"F3   L Engagement de Douaumont\" src=\"http:\/\/www.lecarrefourdesopinions.ca\/wp-content\/uploads\/2016\/06\/F3-L-Engagement-de-Douaumont-1024x442.jpg\" alt=\"\" width=\"450\" height=\"194\" srcset=\"http:\/\/www.lecarrefourdesopinions.ca\/wp-content\/uploads\/2016\/06\/F3-L-Engagement-de-Douaumont-1024x442.jpg 1024w, http:\/\/www.lecarrefourdesopinions.ca\/wp-content\/uploads\/2016\/06\/F3-L-Engagement-de-Douaumont-300x129.jpg 300w, http:\/\/www.lecarrefourdesopinions.ca\/wp-content\/uploads\/2016\/06\/F3-L-Engagement-de-Douaumont-400x172.jpg 400w, http:\/\/www.lecarrefourdesopinions.ca\/wp-content\/uploads\/2016\/06\/F3-L-Engagement-de-Douaumont.jpg 1204w\" sizes=\"auto, (max-width: 450px) 100vw, 450px\" \/><\/p>\n<p align=\"CENTER\"><span style=\"font-size: large;\"><strong>F3\u00a0: <\/strong><\/span><span style=\"color: #c00000;\"><span style=\"font-size: large;\"><em><strong>L\u2019Engagement de Douaumont.<\/strong><\/em><\/span><\/span><\/p>\n<p align=\"JUSTIFY\">\n<p align=\"JUSTIFY\">\n<p align=\"JUSTIFY\"><span style=\"font-size: large;\">Un Compagnon qui vous promet, la main autour de votre taille\u00a0:<\/span><\/p>\n<p align=\"JUSTIFY\">\n<p align=\"JUSTIFY\"><span style=\"font-size: large;\"> \u00ab\u00a0<\/span><span style=\"font-family: Calibri, sans-serif;\"><span style=\"font-size: large;\"><em>L\u2019europe\u2026 Ben Oc\u00a0!.. mais mon Pays d\u2019abord<\/em><\/span><\/span><span style=\"font-size: large;\">\u00a0\u00bb.<\/span><\/p>\n<p align=\"JUSTIFY\">\n<p align=\"JUSTIFY\"><span style=\"font-size: large;\">Et si <\/span><span style=\"font-family: Arial, sans-serif;\"><span style=\"font-size: large;\"><em>by return<\/em><\/span><\/span><span style=\"font-size: large;\"> vous lui r\u00e9pliquiez\u00a0:<\/span><\/p>\n<p align=\"JUSTIFY\">\n<p align=\"JUSTIFY\"><span style=\"font-size: large;\"> \u00ab\u00a0<\/span><span style=\"font-size: large;\"><em>La France\u2026 <\/em><\/span><span style=\"font-family: Arial, sans-serif;\"><span style=\"font-size: large;\"><em>Ben Oil<\/em><\/span><\/span><span style=\"font-size: large;\"><em>\u00a0!.. mais le Danube <\/em><\/span><span style=\"font-family: 'Arial Rounded MT Bold', sans-serif;\"><span style=\"font-size: large;\"><em>first of all<\/em><\/span><\/span><span style=\"font-size: large;\">\u00a0\u00bb.<\/span><\/p>\n<p lang=\"en-US\" align=\"JUSTIFY\">\n<p lang=\"en-US\" align=\"JUSTIFY\">\n<p align=\"JUSTIFY\"><span style=\"font-size: large;\"><strong>Un tel \u00e9change de v\u0153ux, surtout en un tel lieu que l\u2019Ossuaire de Douaumont\u2026 tout un Symbole\u2026 plut\u00f4t macabre\u2026 morbide Certainement\u2026 de quel augure, de toute fa\u00e7on, pour un tel \u00ab\u00a0Engagement\u00a0\u00bb.<\/strong><\/span><\/p>\n<p align=\"JUSTIFY\">\n<p align=\"JUSTIFY\"><span style=\"font-size: large;\">En tout cas\u2026 ne pr\u00e9jugeons pas\u2026 <\/span><span style=\"font-family: Arial, sans-serif;\"><span style=\"font-size: large;\"><em>let\u2019s wait and see<\/em><\/span><\/span><span style=\"font-size: large;\">, m\u00eame si notre trouble est grand devant cette union si peu convaincante, en tout cas pas rassurante du tout.<\/span><\/p>\n<p align=\"JUSTIFY\">\n<p align=\"JUSTIFY\"><span style=\"font-size: large;\">Surtout qu\u2019h\u00e9las, notre Marc de Caf\u00e9 vient de faire appara\u00eetre sous nos yeux deux montagnes qui s\u2019accouplent\u2026 voil\u00e0 ce qu\u2019il en dit<\/span><span style=\"font-family: 'Comic Sans MS', cursive;\"><span style=\"font-size: large;\">\u00a0:<\/span><\/span><\/p>\n<p align=\"JUSTIFY\">\n<p align=\"JUSTIFY\">\n<p align=\"CENTER\"><img loading=\"lazy\" decoding=\"async\" class=\"alignnone size-full wp-image-12365\" title=\"F4   Lequel de ces deux Ventres portera la souris\" src=\"http:\/\/www.lecarrefourdesopinions.ca\/wp-content\/uploads\/2016\/06\/F4-Lequel-de-ces-deux-Ventres-portera-la-souris.jpg\" alt=\"\" width=\"577\" height=\"425\" srcset=\"http:\/\/www.lecarrefourdesopinions.ca\/wp-content\/uploads\/2016\/06\/F4-Lequel-de-ces-deux-Ventres-portera-la-souris.jpg 577w, http:\/\/www.lecarrefourdesopinions.ca\/wp-content\/uploads\/2016\/06\/F4-Lequel-de-ces-deux-Ventres-portera-la-souris-300x220.jpg 300w, http:\/\/www.lecarrefourdesopinions.ca\/wp-content\/uploads\/2016\/06\/F4-Lequel-de-ces-deux-Ventres-portera-la-souris-400x294.jpg 400w\" sizes=\"auto, (max-width: 577px) 100vw, 577px\" \/><\/p>\n<p align=\"CENTER\">\n<p align=\"CENTER\"><span style=\"font-size: large;\"><strong>F4\u00a0: <\/strong><\/span><span style=\"color: #c00000;\"><span style=\"font-size: large;\"><em><strong>Lequel de ces deux Ventres portera la souris\u00a0!<\/strong><\/em><\/span><\/span><\/p>\n<p>&nbsp;<\/p>\n<p>&nbsp;<\/p>\n<p><span style=\"font-family: 'Arial Rounded MT Bold', sans-serif;\"><span style=\"font-size: large;\"><em>Parturiunt montes\u2026 nescetur ridiculus mus\u00a0!&#8230;<\/em><\/span><\/span><\/p>\n<p align=\"JUSTIFY\">\n<p align=\"JUSTIFY\"><span style=\"font-family: 'Comic Sans MS', cursive;\"><span style=\"font-size: large;\">Toujours est-il qu\u2019au \u00ab\u00a0Cri d\u2019Alarme\u00a0\u00bb, nous ne pensons pas que l\u2019\u00e9pargne de cette mascarade e\u00fbt \u00e9t\u00e9 superflue pour une Europe au bord du D\u00e9sarroi\u2026 Madame MERKEL<\/span><\/span><span style=\"font-size: large;\">.<\/span><\/p>\n<p align=\"JUSTIFY\">\n<p align=\"JUSTIFY\"><span style=\"font-size: large;\">\u00c9ric EG Nogard<\/span><\/p>\n<p align=\"JUSTIFY\"><span style=\"color: #c00000;\"><span style=\"font-size: large;\"><em>Chroniqueur<\/em><\/span><\/span><span style=\"color: #c00000;\"><span style=\"font-size: large;\">.<\/span><\/span><\/p>\n<p align=\"JUSTIFY\">\n<p align=\"CENTER\"><span style=\"font-size: large;\"><strong>*** *** ***<\/strong><\/span><\/p>\n<p align=\"CENTER\"><span style=\"color: #ff0000;\"><span style=\"font-size: large;\"><strong>Nota : <\/strong><\/span><\/span><span style=\"color: #000000;\"><span style=\"font-size: large;\">Nous ne traitons que de Faits et de Noms rendus Publics.<\/span><\/span><\/p>\n<p align=\"CENTER\"><span style=\"color: #000000;\"><span style=\"font-size: large;\">*** *** ***<\/span><\/span><\/p>\n<p align=\"JUSTIFY\"><span style=\"font-size: large;\"><strong>N.B.:<\/strong><\/span><span style=\"font-size: large;\"> &#8211; <\/span><span style=\"color: #c00000;\"><span style=\"font-family: 'Comic Sans MS', cursive;\"><span style=\"font-size: large;\">Nous Recommandons instamment et syst\u00e9matiquement l\u2019ouverture de la (ou des) pi\u00e8ce(s) jointe(s) \u00e0 l\u2019e-mail, sous format Pdf, <\/span><\/span><\/span><span style=\"color: #c00000;\"><span style=\"font-family: 'Comic Sans MS', cursive;\"><span style=\"font-size: large;\"><span style=\"text-decoration: underline;\">les illustrations y sont incluses<\/span><\/span><\/span><\/span><span style=\"color: #c00000;\"><span style=\"font-family: 'Comic Sans MS', cursive;\"><span style=\"font-size: large;\">.<\/span><\/span><\/span><\/p>\n<p align=\"JUSTIFY\">\n<p align=\"CENTER\"><span style=\"color: #ff0000;\"><span><strong>Ne Peut \u00eatre reproduit &#8211; m\u00eame partiellement &#8211; sans l\u2019autorisation de l\u2019Auteur.<\/strong><\/span><\/span><\/p>\n<p align=\"JUSTIFY\"><span style=\"text-decoration: underline;\"><strong>Liens Sugg\u00e9r\u00e9s\u00a0:<\/strong><\/span><\/p>\n<ul>\n<li>\n<p align=\"JUSTIFY\"><span style=\"color: #0000ff;\"><span style=\"text-decoration: underline;\"><a href=\"http:\/\/www.lescrutateur.com\/\">http:\/\/www.lescrutateur.com\/<\/a><\/span><\/span><\/p>\n<\/li>\n<li>\n<p align=\"JUSTIFY\"><span style=\"color: #0000ff;\"><span style=\"text-decoration: underline;\"><a href=\"http:\/\/www.etatsgenerauxdeloutremer.fr\/reflexions\">http:\/\/www.etatsgenerauxdeloutremer.fr\/reflexions<\/a><\/span><\/span><\/p>\n<\/li>\n<\/ul>\n<p align=\"CENTER\">\n<p align=\"CENTER\"><strong>==================================================================<\/strong><\/p>\n<script type=\"text\/javascript\">\n\nvar addthis_config = {\"data_track_clickback\":false,\"data_track_addressbar\":false,\"data_track_textcopy\":false};\n<\/script><script type=\"text\/javascript\" src=\"\/\/s7.addthis.com\/js\/250\/addthis_widget.js#pubid=a457a6d63fb9e6ccabdde4110343bd85\"><\/script>","protected":false},"excerpt":{"rendered":"<p align=\"JUSTIFY\">\n<p style=\"text-align: center;\" align=\"JUSTIFY\"><span style=\"color: #632423;\"><span style=\"font-family: 'Comic Sans MS', cursive;\"><span style=\"font-size: large;\">Quel type de Compagnon, as-tu l\u00e0 Angela.<\/span><\/span><\/span><\/p>\n<p align=\"JUSTIFY\">\n<p align=\"JUSTIFY\"><span style=\"color: #632423;\"><span style=\"font-family: 'Comic Sans MS', cursive;\"><span style=\"font-size: large;\">Rien ne distingue autant l\u2019Europ\u00e9en des Autres Peuples que le Choix de la Chr\u00e9tient\u00e9 comme Fondement Moral, Culturel et Social.<\/span><\/span><\/span><\/p>\n<p align=\"JUSTIFY\">\n<p align=\"JUSTIFY\"><span style=\"color: #632423;\"><span style=\"font-family: 'Comic Sans MS', cursive;\"><span style=\"font-size: large;\">Le Renier c\u2019est se Renier Soi-m\u00eame comme Ressortissant ou du <\/span><\/span><\/span>&hellip;<\/p>\n","protected":false},"author":1,"featured_media":0,"comment_status":"open","ping_status":"open","sticky":false,"template":"","format":"standard","meta":{"footnotes":""},"categories":[1],"tags":[],"class_list":["post-12361","post","type-post","status-publish","format-standard","hentry","category-accueil"],"_links":{"self":[{"href":"http:\/\/www.lecarrefourdesopinions.ca\/index.php?rest_route=\/wp\/v2\/posts\/12361","targetHints":{"allow":["GET"]}}],"collection":[{"href":"http:\/\/www.lecarrefourdesopinions.ca\/index.php?rest_route=\/wp\/v2\/posts"}],"about":[{"href":"http:\/\/www.lecarrefourdesopinions.ca\/index.php?rest_route=\/wp\/v2\/types\/post"}],"author":[{"embeddable":true,"href":"http:\/\/www.lecarrefourdesopinions.ca\/index.php?rest_route=\/wp\/v2\/users\/1"}],"replies":[{"embeddable":true,"href":"http:\/\/www.lecarrefourdesopinions.ca\/index.php?rest_route=%2Fwp%2Fv2%2Fcomments&post=12361"}],"version-history":[{"count":1,"href":"http:\/\/www.lecarrefourdesopinions.ca\/index.php?rest_route=\/wp\/v2\/posts\/12361\/revisions"}],"predecessor-version":[{"id":12366,"href":"http:\/\/www.lecarrefourdesopinions.ca\/index.php?rest_route=\/wp\/v2\/posts\/12361\/revisions\/12366"}],"wp:attachment":[{"href":"http:\/\/www.lecarrefourdesopinions.ca\/index.php?rest_route=%2Fwp%2Fv2%2Fmedia&parent=12361"}],"wp:term":[{"taxonomy":"category","embeddable":true,"href":"http:\/\/www.lecarrefourdesopinions.ca\/index.php?rest_route=%2Fwp%2Fv2%2Fcategories&post=12361"},{"taxonomy":"post_tag","embeddable":true,"href":"http:\/\/www.lecarrefourdesopinions.ca\/index.php?rest_route=%2Fwp%2Fv2%2Ftags&post=12361"}],"curies":[{"name":"wp","href":"https:\/\/api.w.org\/{rel}","templated":true}]}}