{"id":12352,"date":"2016-05-29T09:23:10","date_gmt":"2016-05-29T13:23:10","guid":{"rendered":"http:\/\/www.lecarrefourdesopinions.ca\/?p=12352"},"modified":"2016-05-29T09:23:10","modified_gmt":"2016-05-29T13:23:10","slug":"quel-docteur-doit-forcer-a-prendre-une-medecine","status":"publish","type":"post","link":"http:\/\/www.lecarrefourdesopinions.ca\/?p=12352","title":{"rendered":"Quel Docteur doit Forcer, \u00e0 prendre une M\u00e9decine."},"content":{"rendered":"<p align=\"JUSTIFY\"><span style=\"color: #632423;\"><em><strong>Pardonnez-nous si jamais, tel Aristarque De SAMOS, nous troublons quelque part, jusqu\u2019au \u00ab\u00a0Repos des Dieux\u00a0\u00bb. (\u00c9ric EG Nogard, Chroniqueur).<\/strong><\/em><\/span><\/p>\n<p align=\"JUSTIFY\">\n<p align=\"CENTER\"><span style=\"color: #c00000;\"><em><strong>==========<\/strong><\/em><\/span><\/p>\n<p align=\"CENTER\"><span style=\"color: #000099;\"><span style=\"font-size: x-large;\"><strong>Quel Docteur doit Forcer, \u00e0 prendre une M\u00e9decine<\/strong><\/span><\/span><span style=\"color: #000099;\"><span style=\"font-family: 'Arial Rounded MT Bold', sans-serif;\"><span style=\"font-size: large;\"><em><strong>.<\/strong><\/em><\/span><\/span><\/span><\/p>\n<p align=\"CENTER\">\n<p align=\"CENTER\"><span style=\"color: #000099;\"><span><strong>=====<\/strong><\/span><\/span><\/p>\n<p align=\"JUSTIFY\"><span style=\"color: #632423;\"><span style=\"font-family: 'Comic Sans MS', cursive;\"><span style=\"font-size: large;\"><em><strong>Quel Docteur doit Forcer, \u00e0 prendre une M\u00e9decine.<\/strong><\/em><\/span><\/span><\/span><\/p>\n<p align=\"JUSTIFY\">\u00a0<img loading=\"lazy\" decoding=\"async\" class=\"alignnone size-thumbnail wp-image-11439\" title=\"Eric\" src=\"http:\/\/www.lecarrefourdesopinions.ca\/wp-content\/uploads\/2015\/04\/Eric-134x107.jpg\" alt=\"\" width=\"134\" height=\"107\" \/><\/p>\n<p align=\"JUSTIFY\"><span style=\"color: #632423;\"><span style=\"font-family: 'Comic Sans MS', cursive;\"><span style=\"font-size: large;\">\u00c9ric EG Nogard<\/span><\/span><\/span><\/p>\n<p align=\"JUSTIFY\"><span style=\"color: #c00000;\"><span style=\"font-size: large;\"><em>Chroniqueur<\/em><\/span><\/span><span style=\"color: #c00000;\"><span style=\"font-size: large;\">.<\/span><\/span><\/p>\n<p align=\"CENTER\">\n<p align=\"CENTER\"><span style=\"color: #632423;\"><span style=\"font-size: large;\">*** *** ***<\/span><\/span><\/p>\n<p align=\"CENTER\"><span style=\"color: #632423;\"><span style=\"font-size: large;\">*** *** ***<\/span><\/span><\/p>\n<p align=\"JUSTIFY\">\n<p align=\"JUSTIFY\"><span style=\"font-size: large;\"><strong>QUEL DOCTEUR DOIT FORCER, A PRENDRE UNE MEDECINE<\/strong><\/span><span style=\"font-size: large;\"><em><strong>.<\/strong><\/em><\/span><\/p>\n<p align=\"JUSTIFY\">\n<p align=\"JUSTIFY\">\n<p align=\"JUSTIFY\">\n<p align=\"CENTER\"><img loading=\"lazy\" decoding=\"async\" class=\"alignnone size-full wp-image-12354\" title=\"F1   Une Medecine telle que meme Atlas en serait Terrasse\" src=\"http:\/\/www.lecarrefourdesopinions.ca\/wp-content\/uploads\/2016\/05\/F1-Une-Medecine-telle-que-meme-Atlas-en-serait-Terrasse1.jpg\" alt=\"\" width=\"350\" height=\"385\" srcset=\"http:\/\/www.lecarrefourdesopinions.ca\/wp-content\/uploads\/2016\/05\/F1-Une-Medecine-telle-que-meme-Atlas-en-serait-Terrasse1.jpg 350w, http:\/\/www.lecarrefourdesopinions.ca\/wp-content\/uploads\/2016\/05\/F1-Une-Medecine-telle-que-meme-Atlas-en-serait-Terrasse1-272x300.jpg 272w\" sizes=\"auto, (max-width: 350px) 100vw, 350px\" \/><\/p>\n<p align=\"CENTER\">\n<p align=\"CENTER\"><span style=\"font-size: large;\"><strong>F1\u00a0: <\/strong><\/span><span style=\"color: #c00000;\"><span style=\"font-size: large;\"><em><strong>Une M\u00e9decine telle que m\u00eame Atlas en serait Terrass\u00e9\u00a0!..<\/strong><\/em><\/span><\/span><\/p>\n<p align=\"JUSTIFY\">\n<p align=\"JUSTIFY\">\n<p align=\"JUSTIFY\"><span style=\"font-family: 'Comic Sans MS', cursive;\"><span style=\"font-size: large;\">Oh l\u00e0 l\u00e0, Oh l\u00e0 l\u00e0.<\/span><\/span><\/p>\n<p align=\"JUSTIFY\">\n<p align=\"JUSTIFY\"><span style=\"font-family: 'Comic Sans MS', cursive;\"><span style=\"font-size: large;\">Les fran\u00e7ais avec leur D\u00e9mocratie apr\u00e8s laquelle ils courent\u2026 ils courent \u00e0 s\u2019essouffler, \u00e0 en perdre la rate.<\/span><\/span><\/p>\n<p align=\"JUSTIFY\">\n<p align=\"JUSTIFY\"><span style=\"font-family: 'Comic Sans MS', cursive;\"><span style=\"font-size: large;\">Les Fran\u00e7ais avec leur D\u00e9mocratie dont ils parlent\u2026 dont ils parlent, \u00e0 s\u2019en avaler la langue.<\/span><\/span><\/p>\n<p align=\"JUSTIFY\">\n<p align=\"JUSTIFY\"><span style=\"font-family: 'Comic Sans MS', cursive;\"><span style=\"font-size: large;\">Les Fran\u00e7ais, avec leur D\u00e9mocratie, dont ils se r\u00e9clament \u00e0 cor et \u00e0 cris, sans jamais parvenir \u00e0 se dire s\u2019ils sont faits pour ou non.<\/span><\/span><\/p>\n<p align=\"JUSTIFY\">\n<p align=\"JUSTIFY\">\n<p align=\"JUSTIFY\"><span style=\"font-size: large;\">Enfin, il faut bien les comprendre, ne sont-ils pas parfois pompettes, entre leurs trop nombreuses Amours, le Clair de Lune de Maubeuge, le Soleil de la Canebi\u00e8re, leurs Bananes Tropicales et tous leurs Festivals, le Pont d\u2019Avignon n\u2019en pouvant mais.<\/span><\/p>\n<p align=\"JUSTIFY\">\n<p align=\"JUSTIFY\"><span style=\"font-size: large;\">Sont-ils Gaulois, sont-ils Francs ou sortis tels des Gnomes d\u2019une bouteille jet\u00e9e depuis un Tapis Volant de l\u2019Orient des Contes de Mille et une Nuits.<\/span><\/p>\n<p align=\"JUSTIFY\">\n<p align=\"JUSTIFY\">\n<p align=\"JUSTIFY\">\n<p align=\"CENTER\"><img loading=\"lazy\" decoding=\"async\" class=\"alignnone size-full wp-image-12355\" title=\"F2   Fran\u00e7ais  sommes nous des Gnomes    Qui sommes-nous donc\" src=\"http:\/\/www.lecarrefourdesopinions.ca\/wp-content\/uploads\/2016\/05\/F2-Fran\u00e7ais-sommes-nous-des-Gnomes-Qui-sommes-nous-donc.jpg\" alt=\"\" width=\"360\" height=\"264\" srcset=\"http:\/\/www.lecarrefourdesopinions.ca\/wp-content\/uploads\/2016\/05\/F2-Fran\u00e7ais-sommes-nous-des-Gnomes-Qui-sommes-nous-donc.jpg 360w, http:\/\/www.lecarrefourdesopinions.ca\/wp-content\/uploads\/2016\/05\/F2-Fran\u00e7ais-sommes-nous-des-Gnomes-Qui-sommes-nous-donc-300x220.jpg 300w\" sizes=\"auto, (max-width: 360px) 100vw, 360px\" \/><\/p>\n<p align=\"CENTER\">\n<p align=\"CENTER\"><span style=\"font-size: large;\"><strong>F2\u00a0: <\/strong><\/span><span style=\"color: #c00000;\"><span style=\"font-size: large;\"><em><strong>Fran\u00e7ais, sommes-nous des Gnomes\u2026 Qui sommes-nous donc.<\/strong><\/em><\/span><\/span><\/p>\n<p>&nbsp;<\/p>\n<p align=\"JUSTIFY\">\n<p align=\"JUSTIFY\">\n<p align=\"JUSTIFY\"><span style=\"font-size: large;\">Seule la Lampe d\u2019Aladin pourrait peut-\u00eatre nous le dire ou nous le faire entendre de sa vacillante flammerole.<\/span><\/p>\n<p align=\"JUSTIFY\">\n<p align=\"JUSTIFY\">\n<p align=\"JUSTIFY\">\n<p align=\"JUSTIFY\"><span style=\"font-size: large;\"><strong>Nous faire entendre\u00a0?.. Alors ouvrons l\u2019oreille, c\u2019est Monsieur VALLS qui s\u2019exprime\u00a0:<\/strong><\/span><\/p>\n<p align=\"JUSTIFY\">\n<p align=\"JUSTIFY\">\n<ul>\n<li>\n<p align=\"JUSTIFY\"><span style=\"font-family: 'Arial Rounded MT Bold', sans-serif;\"><span style=\"font-size: large;\"><em>Notre Loi sur le travail passera, qu\u2019on le veuille ou pas.<\/em><\/span><\/span><\/p>\n<\/li>\n<\/ul>\n<p align=\"JUSTIFY\">\n<p align=\"CENTER\"><img loading=\"lazy\" decoding=\"async\" class=\"alignnone size-full wp-image-12356\" title=\"F3   Just One more step and you are out of the Border   Make up your mind and realize    brother\" src=\"http:\/\/www.lecarrefourdesopinions.ca\/wp-content\/uploads\/2016\/05\/F3-Just-One-more-step-and-you-are-out-of-the-Border-Make-up-your-mind-and-realize-brother.jpg\" alt=\"\" width=\"390\" height=\"249\" srcset=\"http:\/\/www.lecarrefourdesopinions.ca\/wp-content\/uploads\/2016\/05\/F3-Just-One-more-step-and-you-are-out-of-the-Border-Make-up-your-mind-and-realize-brother.jpg 390w, http:\/\/www.lecarrefourdesopinions.ca\/wp-content\/uploads\/2016\/05\/F3-Just-One-more-step-and-you-are-out-of-the-Border-Make-up-your-mind-and-realize-brother-300x191.jpg 300w\" sizes=\"auto, (max-width: 390px) 100vw, 390px\" \/><\/p>\n<p align=\"JUSTIFY\">\n<p align=\"CENTER\"><span style=\"font-size: large;\"><strong>F3\u00a0: <\/strong><\/span><span style=\"color: #c00000;\"><span style=\"font-family: Arial, sans-serif;\"><span style=\"font-size: large;\"><em><strong>Just One more step and you are out of the Border\u00a0!<\/strong><\/em><\/span><\/span><\/span><\/p>\n<p lang=\"en-US\" align=\"CENTER\"><span style=\"color: #c00000;\"><span style=\"font-family: Arial, sans-serif;\"><span style=\"font-size: large;\"><em><strong>Make up your mind and realize\u2026 brother.<\/strong><\/em><\/span><\/span><\/span><\/p>\n<p lang=\"en-US\" align=\"JUSTIFY\">\n<p lang=\"en-US\" align=\"JUSTIFY\">\n<ul>\n<li>\n<p align=\"JUSTIFY\"><span style=\"font-family: 'Comic Sans MS', cursive;\"><span style=\"font-size: large;\"><em><strong>Stop\u00a0! Monsieur VALLS<\/strong><\/em><\/span><\/span><span style=\"font-family: 'Comic Sans MS', cursive;\"><span style=\"font-size: large;\"><em>, la France ne serait plus une D\u00e9mocratie, Vous en seriez le Dictateur ou alors son pr\u00eate Nom, le fait n\u2019en incombant en rien \u00e0 la CONSTITUTION qui, elle, a tout pr\u00e9vu dans l\u2019hypoth\u00e8se ou le Gouvernement et le Parlement s\u2019opposeraient sur la Promulgation d\u2019une Loi.<\/em><\/span><\/span><\/p>\n<\/li>\n<\/ul>\n<p align=\"JUSTIFY\">\n<p align=\"JUSTIFY\">\n<p align=\"CENTER\"><img loading=\"lazy\" decoding=\"async\" class=\"alignnone size-medium wp-image-12357\" title=\"F4   Qui eut dit\" src=\"http:\/\/www.lecarrefourdesopinions.ca\/wp-content\/uploads\/2016\/05\/F4-Qui-eut-dit-300x211.jpg\" alt=\"\" width=\"300\" height=\"211\" srcset=\"http:\/\/www.lecarrefourdesopinions.ca\/wp-content\/uploads\/2016\/05\/F4-Qui-eut-dit-300x211.jpg 300w, http:\/\/www.lecarrefourdesopinions.ca\/wp-content\/uploads\/2016\/05\/F4-Qui-eut-dit-400x281.jpg 400w, http:\/\/www.lecarrefourdesopinions.ca\/wp-content\/uploads\/2016\/05\/F4-Qui-eut-dit.jpg 920w\" sizes=\"auto, (max-width: 300px) 100vw, 300px\" \/><\/p>\n<p align=\"JUSTIFY\">\n<p align=\"CENTER\"><span style=\"font-size: large;\"><strong>F4\u00a0: <\/strong><\/span><span style=\"color: #c00000;\"><span style=\"font-size: large;\"><em><strong>Qui e\u00fbt dit\u00a0!..<\/strong><\/em><\/span><\/span><\/p>\n<p align=\"JUSTIFY\">\n<p align=\"JUSTIFY\">\n<p align=\"JUSTIFY\"><span style=\"font-family: 'Comic Sans MS', cursive;\"><span style=\"font-size: large;\"><em>Le 49-3 n\u2019a-t-il pas \u00e9t\u00e9 con\u00e7u en pr\u00e9vision d\u2019un tel cas de figure, en vue de Garantir la Souverainet\u00e9 du Peuple dans les D\u00e9cisions qui le Concernent.<\/em><\/span><\/span><\/p>\n<p align=\"JUSTIFY\">\n<p align=\"JUSTIFY\"><span style=\"font-family: 'Comic Sans MS', cursive;\"><span style=\"font-size: large;\"><em>Et, faute de se conformer aux Dispositions du 49-3, n\u2019est-ce pas la Confrontation directe entre le Peuple Souverain et ses Mandataires \u00e9lus, les uns pour Promulguer les Lois, et les autres, pour les faire Ex\u00e9cuter<\/em><\/span><\/span><span style=\"font-size: large;\"><em>.<\/em><\/span><\/p>\n<p align=\"JUSTIFY\">\n<p align=\"JUSTIFY\">\n<p align=\"JUSTIFY\"><span style=\"font-size: large;\"><strong>D\u00e8s-lors.<\/strong><\/span><\/p>\n<p align=\"JUSTIFY\">\n<p align=\"JUSTIFY\"><span style=\"font-size: large;\"><em><strong>Ou la Loi sur le Travail sera retir\u00e9e, sauf \u00e0 \u00eatre approfondie et r\u00e9examin\u00e9e.<\/strong><\/em><\/span><\/p>\n<p align=\"JUSTIFY\">\n<p align=\"JUSTIFY\"><span style=\"font-size: large;\"><em><strong>Ou cette Loi passera en Force et la France se trouvera R\u00e9gie par une Dictature<\/strong><\/em><\/span><span style=\"font-size: large;\">.<\/span><\/p>\n<p align=\"JUSTIFY\">\n<p align=\"JUSTIFY\">\n<p align=\"JUSTIFY\"><span style=\"font-size: large;\"> Tout comme le Paradis qui a bien ses Limites,<\/span><\/p>\n<p align=\"JUSTIFY\"><span style=\"font-size: large;\"> Puisqu\u2019il faut de l\u2019Enfer commence quelque part,<\/span><\/p>\n<p align=\"JUSTIFY\"><span style=\"font-size: large;\"> Ne convient-il pas d\u2019admettre que la D\u00e9mocratie a les siennes,<\/span><\/p>\n<p align=\"JUSTIFY\"><span style=\"font-size: large;\"> Et qu\u2019il suffit d\u2019un Pas\u2026 pour que nous nous trouvions au-del\u00e0.<\/span><\/p>\n<p align=\"JUSTIFY\"><span style=\"font-size: large;\"> Dur, dur \u00e0 dire\u2026 en revanche, il faut bien y penser.<\/span><\/p>\n<p align=\"JUSTIFY\">\n<p align=\"JUSTIFY\"><span style=\"font-family: 'Comic Sans MS', cursive;\"><span style=\"font-size: large;\">A la France de Gu\u00e9rir sa d\u00e9mocratie de cette Crise pour qu\u2019au lieu de Fantasmes, elle Vive de Saines et S\u00fbres R\u00e9alit\u00e9s\u2026 Ou qu\u2019elle s\u2019\u00e9labore une autre CONSTITUTION\u00a0!..<\/span><\/span><\/p>\n<p align=\"JUSTIFY\">\n<p align=\"JUSTIFY\"><span style=\"font-family: 'Comic Sans MS', cursive;\"><span style=\"font-size: large;\">Gare au Pas de Trop, Monsieur VALLS.<\/span><\/span><\/p>\n<p align=\"JUSTIFY\">\n<p align=\"JUSTIFY\"><span style=\"font-family: 'Comic Sans MS', cursive;\"><span style=\"font-size: large;\">Ceci doit \u00eatre clair pour le plus attard\u00e9 des Loupiots. Comme pour les plus Brillants du Bon Peuple de France.<\/span><\/span><\/p>\n<p align=\"JUSTIFY\">\n<p align=\"JUSTIFY\"><span style=\"font-size: large;\">\u00c9ric EG Nogard<\/span><\/p>\n<p align=\"JUSTIFY\"><span style=\"color: #c00000;\"><span style=\"font-size: large;\"><em>Chroniqueur<\/em><\/span><\/span><span style=\"color: #c00000;\"><span style=\"font-size: large;\">.<\/span><\/span><\/p>\n<p align=\"CENTER\"><span style=\"font-size: large;\"><strong>*** *** ***<\/strong><\/span><\/p>\n<p align=\"CENTER\"><span style=\"color: #ff0000;\"><span style=\"font-size: large;\"><strong>Nota : <\/strong><\/span><\/span><span style=\"color: #000000;\"><span style=\"font-size: large;\">Nous ne traitons que de Faits et de Noms rendus Publics.<\/span><\/span><\/p>\n<p align=\"CENTER\">\n<p align=\"CENTER\"><span style=\"color: #000000;\"><span style=\"font-size: large;\">*** *** ***<\/span><\/span><\/p>\n<p align=\"JUSTIFY\"><span style=\"font-size: large;\"><strong>N.B.:<\/strong><\/span><span style=\"font-size: large;\"> &#8211; <\/span><span style=\"color: #c00000;\"><span style=\"font-family: 'Comic Sans MS', cursive;\"><span style=\"font-size: large;\">Nous Recommandons instamment et syst\u00e9matiquement l\u2019ouverture de la (ou des) pi\u00e8ce(s) jointe(s) \u00e0 l\u2019e-mail, sous format Pdf, <\/span><\/span><\/span><span style=\"color: #c00000;\"><span style=\"font-family: 'Comic Sans MS', cursive;\"><span style=\"font-size: large;\"><span style=\"text-decoration: underline;\">les illustrations y sont incluses<\/span><\/span><\/span><\/span><span style=\"color: #c00000;\"><span style=\"font-family: 'Comic Sans MS', cursive;\"><span style=\"font-size: large;\">.<\/span><\/span><\/span><\/p>\n<p align=\"CENTER\"><span style=\"font-size: large;\"><strong>*** *** ***<\/strong><\/span><\/p>\n<p align=\"CENTER\"><span style=\"color: #ff0000;\"><span><strong>Ne Peut \u00eatre reproduit &#8211; m\u00eame partiellement &#8211; sans l\u2019autorisation de l\u2019Auteur.<\/strong><\/span><\/span><\/p>\n<p align=\"JUSTIFY\"><span style=\"text-decoration: underline;\"><strong>Liens Sugg\u00e9r\u00e9s\u00a0:<\/strong><\/span><\/p>\n<ul>\n<li>\n<p align=\"JUSTIFY\"><span style=\"color: #0000ff;\"><span style=\"text-decoration: underline;\"><a href=\"http:\/\/www.lescrutateur.com\/\">http:\/\/www.lescrutateur.com\/<\/a><\/span><\/span><\/p>\n<\/li>\n<li>\n<p align=\"JUSTIFY\"><span style=\"color: #0000ff;\"><span style=\"text-decoration: underline;\"><a href=\"http:\/\/www.etatsgenerauxdeloutremer.fr\/reflexions\">http:\/\/www.etatsgenerauxdeloutremer.fr\/reflexions<\/a><\/span><\/span><\/p>\n<\/li>\n<\/ul>\n<p align=\"CENTER\">\n<p align=\"CENTER\">\n<script type=\"text\/javascript\">\n\nvar addthis_config = {\"data_track_clickback\":false,\"data_track_addressbar\":false,\"data_track_textcopy\":false};\n<\/script><script type=\"text\/javascript\" src=\"\/\/s7.addthis.com\/js\/250\/addthis_widget.js#pubid=a457a6d63fb9e6ccabdde4110343bd85\"><\/script>","protected":false},"excerpt":{"rendered":"<p align=\"JUSTIFY\"><span style=\"color: #632423;\">Pardonnez-nous si jamais, tel Aristarque De SAMOS, nous troublons quelque part, jusqu\u2019au \u00ab\u00a0Repos des Dieux\u00a0\u00bb. (\u00c9ric EG Nogard, Chroniqueur).<\/span><\/p>\n<p align=\"JUSTIFY\">\n<p align=\"CENTER\"><span style=\"color: #c00000;\">==========<\/span><\/p>\n<p align=\"CENTER\"><span style=\"color: #000099;\"><span style=\"font-size: x-large;\">Quel Docteur doit Forcer, \u00e0 prendre une M\u00e9decine<\/span><\/span><span style=\"color: #000099;\"><span style=\"font-family: 'Arial Rounded MT Bold', sans-serif;\"><span style=\"font-size: large;\">.<\/span><\/span><\/span><\/p>\n<p align=\"CENTER\">\n<p align=\"CENTER\"><span style=\"color: #000099;\"><span>=====<\/span><\/span><\/p>\n<p align=\"JUSTIFY\"><span style=\"color: #632423;\"><span style=\"font-family: 'Comic Sans MS', cursive;\"><span style=\"font-size: large;\">Quel Docteur doit Forcer, \u00e0 <\/span><\/span><\/span>&hellip;<\/p>\n","protected":false},"author":1,"featured_media":0,"comment_status":"open","ping_status":"open","sticky":false,"template":"","format":"standard","meta":{"footnotes":""},"categories":[1],"tags":[],"class_list":["post-12352","post","type-post","status-publish","format-standard","hentry","category-accueil"],"_links":{"self":[{"href":"http:\/\/www.lecarrefourdesopinions.ca\/index.php?rest_route=\/wp\/v2\/posts\/12352","targetHints":{"allow":["GET"]}}],"collection":[{"href":"http:\/\/www.lecarrefourdesopinions.ca\/index.php?rest_route=\/wp\/v2\/posts"}],"about":[{"href":"http:\/\/www.lecarrefourdesopinions.ca\/index.php?rest_route=\/wp\/v2\/types\/post"}],"author":[{"embeddable":true,"href":"http:\/\/www.lecarrefourdesopinions.ca\/index.php?rest_route=\/wp\/v2\/users\/1"}],"replies":[{"embeddable":true,"href":"http:\/\/www.lecarrefourdesopinions.ca\/index.php?rest_route=%2Fwp%2Fv2%2Fcomments&post=12352"}],"version-history":[{"count":1,"href":"http:\/\/www.lecarrefourdesopinions.ca\/index.php?rest_route=\/wp\/v2\/posts\/12352\/revisions"}],"predecessor-version":[{"id":12358,"href":"http:\/\/www.lecarrefourdesopinions.ca\/index.php?rest_route=\/wp\/v2\/posts\/12352\/revisions\/12358"}],"wp:attachment":[{"href":"http:\/\/www.lecarrefourdesopinions.ca\/index.php?rest_route=%2Fwp%2Fv2%2Fmedia&parent=12352"}],"wp:term":[{"taxonomy":"category","embeddable":true,"href":"http:\/\/www.lecarrefourdesopinions.ca\/index.php?rest_route=%2Fwp%2Fv2%2Fcategories&post=12352"},{"taxonomy":"post_tag","embeddable":true,"href":"http:\/\/www.lecarrefourdesopinions.ca\/index.php?rest_route=%2Fwp%2Fv2%2Ftags&post=12352"}],"curies":[{"name":"wp","href":"https:\/\/api.w.org\/{rel}","templated":true}]}}