{"id":12346,"date":"2016-05-27T14:25:41","date_gmt":"2016-05-27T18:25:41","guid":{"rendered":"http:\/\/www.lecarrefourdesopinions.ca\/?p=12346"},"modified":"2016-05-27T14:25:41","modified_gmt":"2016-05-27T18:25:41","slug":"le-barbier-de-seville-nous-donne-ces-infos","status":"publish","type":"post","link":"http:\/\/www.lecarrefourdesopinions.ca\/?p=12346","title":{"rendered":"Le Barbier de S\u00e9ville\u2026 nous donne ces Infos."},"content":{"rendered":"<p align=\"JUSTIFY\"><span style=\"color: #632423;\"><em><strong>Pardonnez-nous si jamais, tel Aristarque De SAMOS, nous troublons quelque part, jusqu\u2019au \u00ab\u00a0Repos des Dieux\u00a0\u00bb. (\u00c9ric EG Nogard, Chroniqueur).<\/strong><\/em><\/span><\/p>\n<p align=\"JUSTIFY\">\n<p align=\"CENTER\"><span style=\"color: #c00000;\"><em><strong>==========<\/strong><\/em><\/span><\/p>\n<p align=\"CENTER\"><span style=\"color: #000099;\"><span style=\"font-size: x-large;\"><strong>Le Barbier de S\u00e9ville\u2026 nous donne ces Infos<\/strong><\/span><\/span><span style=\"color: #000099;\"><span style=\"font-family: 'Arial Rounded MT Bold', sans-serif;\"><span style=\"font-size: large;\"><em><strong>.<\/strong><\/em><\/span><\/span><\/span><\/p>\n<p align=\"CENTER\">\n<p align=\"CENTER\"><span style=\"color: #000099;\"><span><strong>=====<\/strong><\/span><\/span><\/p>\n<p>&nbsp;<\/p>\n<p align=\"JUSTIFY\">\n<p align=\"JUSTIFY\"><span style=\"color: #632423;\"><span style=\"font-family: 'Comic Sans MS', cursive;\"><span style=\"font-size: large;\"><em><strong>Le Barbier de S\u00e9ville\u2026 nous donne ces Infos.<\/strong><\/em><\/span><\/span><\/span><\/p>\n<p align=\"JUSTIFY\">\n<p align=\"JUSTIFY\">\u00a0<img loading=\"lazy\" decoding=\"async\" class=\"alignnone size-thumbnail wp-image-11439\" title=\"Eric\" src=\"http:\/\/www.lecarrefourdesopinions.ca\/wp-content\/uploads\/2015\/04\/Eric-134x107.jpg\" alt=\"\" width=\"134\" height=\"107\" \/><\/p>\n<p align=\"JUSTIFY\"><span style=\"color: #632423;\"><span style=\"font-family: 'Comic Sans MS', cursive;\"><span style=\"font-size: large;\">\u00c9ric EG Nogard<\/span><\/span><\/span><\/p>\n<p align=\"JUSTIFY\"><span style=\"color: #c00000;\"><span style=\"font-size: large;\"><em>Chroniqueur<\/em><\/span><\/span><span style=\"color: #c00000;\"><span style=\"font-size: large;\">.<\/span><\/span><\/p>\n<p align=\"CENTER\"><span style=\"color: #632423;\"><span style=\"font-size: large;\">*** *** ***<\/span><\/span><\/p>\n<p align=\"CENTER\"><span style=\"color: #632423;\"><span style=\"font-size: large;\">*** *** ***<\/span><\/span><\/p>\n<p align=\"JUSTIFY\">\n<p align=\"JUSTIFY\"><span style=\"font-size: x-large;\"><strong>LE BARBIER DE S\u00c9VILLE\u2026 NOUS DONNE CES INFOS<\/strong><\/span><span style=\"font-size: x-large;\"><em><strong>.<\/strong><\/em><\/span><\/p>\n<p align=\"JUSTIFY\">\n<p align=\"JUSTIFY\">\n<p align=\"JUSTIFY\"><span style=\"font-family: 'Comic Sans MS', cursive;\"><span style=\"font-size: large;\">Dommage que chez-nous, peu de gens s\u2019y int\u00e9ressent, car il rase de pr\u00e8s et s\u2019y conna\u00eet en perruques, le \u00ab\u00a0Barbier de S\u00e9ville\u00a0\u00bb, ce \u00ab\u00a0Barbier de Qualit\u00e9\u00a0\u00bb.<\/span><\/span><\/p>\n<p align=\"JUSTIFY\">\n<p align=\"JUSTIFY\"><span style=\"font-size: large;\">En tout cas, le \u00ab\u00a0<\/span><span style=\"font-family: 'Arial Rounded MT Bold', sans-serif;\"><span style=\"font-size: large;\">Cri d\u2019Alarme<\/span><\/span><span style=\"font-size: large;\">\u00a0\u00bb se fait le Devoir de Communiquer ci-dessous \u00e0 ses aimables Lecteurs, la publication du 12 Mai 2016 du FIGARO, sur les implications de la Fameuse Affaire des <\/span><span style=\"font-family: Arial, sans-serif;\"><span style=\"font-size: large;\"><em>Panama Papers<\/em><\/span><\/span><span style=\"font-size: large;\">.<\/span><\/p>\n<p align=\"JUSTIFY\">\n<p align=\"JUSTIFY\">\n<p align=\"CENTER\">\u00a0<img loading=\"lazy\" decoding=\"async\" class=\"alignnone size-full wp-image-12347\" title=\"F1   O   Cr\u00e9dit Agricole  Combien de Crimes sont Commis en ton Nom\" src=\"http:\/\/www.lecarrefourdesopinions.ca\/wp-content\/uploads\/2016\/05\/F1-O-Cr\u00e9dit-Agricole-Combien-de-Crimes-sont-Commis-en-ton-Nom.jpg\" alt=\"\" width=\"660\" height=\"352\" srcset=\"http:\/\/www.lecarrefourdesopinions.ca\/wp-content\/uploads\/2016\/05\/F1-O-Cr\u00e9dit-Agricole-Combien-de-Crimes-sont-Commis-en-ton-Nom.jpg 660w, http:\/\/www.lecarrefourdesopinions.ca\/wp-content\/uploads\/2016\/05\/F1-O-Cr\u00e9dit-Agricole-Combien-de-Crimes-sont-Commis-en-ton-Nom-300x160.jpg 300w, http:\/\/www.lecarrefourdesopinions.ca\/wp-content\/uploads\/2016\/05\/F1-O-Cr\u00e9dit-Agricole-Combien-de-Crimes-sont-Commis-en-ton-Nom-400x213.jpg 400w\" sizes=\"auto, (max-width: 660px) 100vw, 660px\" \/><\/p>\n<p align=\"JUSTIFY\">\n<p align=\"CENTER\"><span style=\"font-size: large;\"><strong>F1\u00a0: <\/strong><\/span><span style=\"color: #c00000;\"><span style=\"font-size: large;\"><em><strong>O\u00a0! Cr\u00e9dit Agricole.<\/strong><\/em><\/span><\/span><\/p>\n<p align=\"CENTER\"><span style=\"color: #c00000;\"><span style=\"font-size: large;\"><em><strong>Combien de Crimes sont Commis en ton Nom.<\/strong><\/em><\/span><\/span><\/p>\n<p align=\"CENTER\"><span style=\"color: #c00000;\"><span style=\"font-size: large;\"><em><strong>Cependant tu te tais et tu te tais\u2026 est-ce par d\u00e9saveu.<\/strong><\/em><\/span><\/span><\/p>\n<p align=\"CENTER\"><span style=\"color: #c00000;\"><span style=\"font-size: large;\"><em><strong>Jusqu\u2019au jour o\u00f9 tu es d\u00e9busqu\u00e9\u2026 mais en vain.<\/strong><\/em><\/span><\/span><\/p>\n<p align=\"CENTER\"><span style=\"color: #c00000;\"><span style=\"font-size: large;\"><em><strong>Faut-il y voir le QI de M\u00e9phisto, de SATAN pour mieux dire.<\/strong><\/em><\/span><\/span><\/p>\n<p align=\"CENTER\"><span style=\"color: #c00000;\"><span style=\"font-size: large;\"><em><strong>Ou de quelle Valeur.<\/strong><\/em><\/span><\/span><\/p>\n<p align=\"JUSTIFY\">\n<p align=\"JUSTIFY\"><span style=\"font-family: 'Comic Sans MS', cursive;\"><span style=\"font-size: large;\">Voici le Figaro.fr Entreprises, il nous donne \u00e0 songer.<\/span><\/span><\/p>\n<p align=\"JUSTIFY\">\n<p align=\"JUSTIFY\"><span style=\"font-size: large;\">\u00c9ric EG Nogard<\/span><\/p>\n<p align=\"JUSTIFY\"><span style=\"color: #c00000;\"><span style=\"font-size: large;\"><em>Chroniqueur<\/em><\/span><\/span><span style=\"color: #c00000;\"><span style=\"font-size: large;\">.<\/span><\/span><\/p>\n<p align=\"JUSTIFY\">\n<p align=\"CENTER\"><span style=\"color: #c00000;\"><span style=\"font-size: large;\">*** *** ***<\/span><\/span><\/p>\n<p align=\"CENTER\"><span style=\"color: #c00000;\"><span style=\"font-size: large;\">*** *** ***<\/span><\/span><\/p>\n<p align=\"CENTER\">\n<h1 align=\"JUSTIFY\"><span style=\"font-size: x-large;\">Panama Papers : le Cr\u00e9dit agricole assure v\u00e9rifier la \u00abrectitude fiscale\u00bb de ses clients<\/span><\/h1>\n<ul>\n<li>\n<p align=\"JUSTIFY\"><span style=\"color: #0000ff;\"><span style=\"text-decoration: underline;\"><a href=\"http:\/\/www.lefigaro.fr\/\">Home<\/a><\/span><\/span> <span style=\"color: #0000ff;\"><span style=\"text-decoration: underline;\"><a href=\"http:\/\/www.lefigaro.fr\/economie\">ECONOMIE<\/a><\/span><\/span> <span style=\"color: #0000ff;\"><span style=\"text-decoration: underline;\"><a href=\"http:\/\/www.lefigaro.fr\/societes\/index.php\">Entreprises<\/a><\/span><\/span><\/p>\n<\/li>\n<li>\n<p align=\"JUSTIFY\">\n<ul>\n<li>\n<p align=\"JUSTIFY\">Par <span style=\"color: #0000ff;\"><span style=\"text-decoration: underline;\"><a href=\"http:\/\/www.lefigaro.fr\/societes\/2016\/05\/12\/20005-20160512ARTFIG00131-panama-papers-le-credit-agricole-assure-verifier-la-rectitude-fiscale-de-ses-clients.php#auteur\">lefigaro.fr<\/a><\/span><\/span> , <span style=\"color: #0000ff;\"><span style=\"text-decoration: underline;\"><a href=\"http:\/\/www.lefigaro.fr\/societes\/2016\/05\/12\/20005-20160512ARTFIG00131-panama-papers-le-credit-agricole-assure-verifier-la-rectitude-fiscale-de-ses-clients.php#auteur\">AFP, AP, Reuters Agences<\/a><\/span><\/span><\/p>\n<\/li>\n<li>\n<p align=\"JUSTIFY\">Publi\u00e9 le 12\/05\/2016 \u00e0 11:55<\/p>\n<\/li>\n<\/ul>\n<\/li>\n<\/ul>\n<p align=\"CENTER\"><img loading=\"lazy\" decoding=\"async\" class=\"alignnone size-medium wp-image-12348\" title=\"image du Figaro Entreprises\" src=\"http:\/\/www.lecarrefourdesopinions.ca\/wp-content\/uploads\/2016\/05\/image-du-Figaro-Entreprises-300x168.jpg\" alt=\"\" width=\"300\" height=\"168\" srcset=\"http:\/\/www.lecarrefourdesopinions.ca\/wp-content\/uploads\/2016\/05\/image-du-Figaro-Entreprises-300x168.jpg 300w, http:\/\/www.lecarrefourdesopinions.ca\/wp-content\/uploads\/2016\/05\/image-du-Figaro-Entreprises-400x225.jpg 400w, http:\/\/www.lecarrefourdesopinions.ca\/wp-content\/uploads\/2016\/05\/image-du-Figaro-Entreprises.jpg 805w\" sizes=\"auto, (max-width: 300px) 100vw, 300px\" \/><\/p>\n<p align=\"JUSTIFY\"><span style=\"font-size: large;\">\u00c9pingl\u00e9e par <\/span><span style=\"font-size: large;\"><em>Le Monde <\/em><\/span><span style=\"font-size: large;\">dans l&rsquo;affaire des Panama Papers, la banque est soup\u00e7onn\u00e9e d&rsquo;avoir r\u00e9alis\u00e9 des montages financiers de soci\u00e9t\u00e9s offshore. Pour sa d\u00e9fense, elle assure mener un plan pour v\u00e9rifier la situation fiscale de ses clients.<\/span><\/p>\n<p align=\"JUSTIFY\"><span style=\"font-size: large;\">Publicit\u00e9 <\/span><\/p>\n<p align=\"JUSTIFY\"><span style=\"color: #0000ff;\"><span style=\"text-decoration: underline;\"><a href=\"http:\/\/www.lefigaro.fr\/societes\/2016\/05\/11\/20005-20160511ARTFIG00275-le-patron-de-la-societe-generale-conteste-toute-evasion-fiscale-devant-les-senateurs.php\" target=\"_blank\"><span style=\"font-size: large;\">Apr\u00e8s la Soci\u00e9t\u00e9 G\u00e9n\u00e9rale<\/span><\/a><\/span><\/span><span style=\"font-size: large;\">, c&rsquo;est au tour de BNP Paribas et du Cr\u00e9dit agricole d&rsquo;\u00eatre impliqu\u00e9s dans l&rsquo;\u00e9pineuse <\/span><span style=\"color: #0000ff;\"><span style=\"text-decoration: underline;\"><a href=\"http:\/\/plus.lefigaro.fr\/tag\/panama-papers\" target=\"_blank\"><span style=\"font-size: large;\">affaire des Panama Papers<\/span><\/a><\/span><\/span><span style=\"font-size: large;\">. Les deux \u00e9tablissements bancaires auraient en effet r\u00e9alis\u00e9 des montages financiers de soci\u00e9t\u00e9s offshore, en partenariat avec <\/span><span style=\"color: #0000ff;\"><span style=\"text-decoration: underline;\"><a href=\"http:\/\/www.lefigaro.fr\/international\/2016\/04\/13\/01003-20160413ARTFIG00083-panama-papers-perquisitions-dans-les-locaux-de-mossack-fonseca.php\" target=\"_blank\"><span style=\"font-size: large;\">le cabinet Mossack Fonseca<\/span><\/a><\/span><\/span><span style=\"font-size: large;\">, pour le compte de ses clients, <\/span><span style=\"color: #0000ff;\"><span style=\"text-decoration: underline;\"><a href=\"http:\/\/www.lemonde.fr\/evasion-fiscale\/article\/2016\/05\/11\/panama-papers-comment-credit-agricole-et-bnp-poursuivent-leurs-activites-offshore_4917424_4862750.html\" target=\"_blank\"><span style=\"font-size: large;\">selon les affirmations du journal <\/span><\/a><\/span><\/span><span style=\"color: #0000ff;\"><span style=\"text-decoration: underline;\"><a href=\"http:\/\/www.lemonde.fr\/evasion-fiscale\/article\/2016\/05\/11\/panama-papers-comment-credit-agricole-et-bnp-poursuivent-leurs-activites-offshore_4917424_4862750.html\" target=\"_blank\"><span style=\"font-size: large;\"><em>Le Monde<\/em><\/span><\/a><\/span><\/span><span style=\"font-size: large;\">. En r\u00e9action, le Cr\u00e9dit agricole a annonc\u00e9 qu&rsquo;il avait entrepris, depuis plusieurs ann\u00e9es, un programme de \u00abrectitude fiscale\u00bb de ses clients, qui sera finalis\u00e9 d&rsquo;ici fin 2017.<\/span><\/p>\n<p align=\"JUSTIFY\"><span style=\"font-size: large;\">\u00abCet article [du Monde] nous blesse beaucoup. Il balaie d&rsquo;un revers de titre, que nous trouvons tr\u00e8s violent, le fait que, depuis plusieurs ann\u00e9es, nous avons r\u00e9ellement mis en oeuvre un programme, sans ambigu\u00eft\u00e9, de lutte contre le blanchiment et l&rsquo;\u00e9vasion fiscale\u00bb, a d\u00e9clar\u00e9 Philippe Brassac, le directeur g\u00e9n\u00e9ral, ce jeudi. L&rsquo;article du quotidien ne \u00abfocalise pas sur l&rsquo;essentiel\u00bb, \u00e0 savoir le contr\u00f4le de \u00abla rectitude fiscale\u00bb des clients, a-t-il estim\u00e9. \u00abOui, nous faisons ces contr\u00f4les de fa\u00e7on syst\u00e9matique pour toute entr\u00e9e en relation\u00bb et \u00abnous avons entrepris la rev\u00e9rification\u00bb de cette \u00abrectitude fiscale\u00bb \u00abpour l&rsquo;ensemble de nos clients, notamment de la banque priv\u00e9e (branche g\u00e9rant les grandes fortunes, NDLR) internationale\u00bb, a assur\u00e9 le patron de la banque verte. Ce contr\u00f4le s&rsquo;est achev\u00e9 d\u00e8s 2014 pour les clients fran\u00e7ais, en 2015 pour les europ\u00e9ens et devrait se conclure d&rsquo;ici 2017 pour le reste de la client\u00e8le, a-t-il affirm\u00e9.<\/span><\/p>\n<h2 align=\"JUSTIFY\"><span style=\"font-size: large;\">Pr\u00e8s de 1130 soci\u00e9t\u00e9s offshore administr\u00e9es aupr\u00e8s de Mossack Fonseca<\/span><\/h2>\n<p align=\"JUSTIFY\"><span style=\"font-size: large;\">Cette r\u00e9action de la banque intervient au lendemain d&rsquo;un communiqu\u00e9 de Bercy. \u00abSuite aux informations de presse\u00bb, Michel Sapin avait alors demand\u00e9 des explications \u00abaux pr\u00e9sidents des deux \u00e9tablissements bancaires cit\u00e9s\u00bb,. \u00abCeux-ci lui ont fourni des premiers \u00e9l\u00e9ments\u00bb mais \u00able ministre les verra dans les tous prochains jours\u00bb, ajoutait le minist\u00e8re. \u00abIl ne serait pas tol\u00e9rable que des banques puissent permettre des op\u00e9rations de fraude, d&rsquo;\u00e9vasion fiscale ou de blanchiment\u00bb, avait r\u00e9agi Michel Sapin, cit\u00e9 dans le communiqu\u00e9.<\/span><\/p>\n<p align=\"JUSTIFY\"><strong><span style=\"font-size: large;\">\u00bb\u00bb Lire aussi: <\/span><\/strong><span style=\"color: #0000ff;\"><span style=\"text-decoration: underline;\"><a href=\"http:\/\/www.lefigaro.fr\/economie\/le-scan-eco\/explicateur\/2015\/09\/08\/29004-20150908ARTFIG00123-le-monde-des-paradis-fiscaux-en-cinq-questions.php\" target=\"_blank\"><span style=\"font-size: large;\"><strong>Le monde des paradis fiscaux en cinq questions<\/strong><\/span><\/a><\/span><\/span><\/p>\n<p align=\"JUSTIFY\"><span style=\"font-size: large;\">Dans le d\u00e9tail, le groupe Cr\u00e9dit agricole aurait confi\u00e9 la gestion de 1127 soci\u00e9t\u00e9s offshore \u00e0 Mossack Fonseca, depuis les ann\u00e9es 1990, pour le compte de ses clients, via ses filiales, \u00abdont 150 \u00e9taient alors actives\u00bb, en 2015. Interrog\u00e9s \u00e0 plusieurs reprises sur le nombre de soci\u00e9t\u00e9s offshore actives, les dirigeants de la banque n&rsquo;ont pas confirm\u00e9 ce chiffre mais admis qu&rsquo;il en existait. \u00abCes structures sont actives dans le sens o\u00f9 elles existent toujours\u00bb, a d\u00e9clar\u00e9 Xavier Musca, directeur g\u00e9n\u00e9ral d\u00e9l\u00e9gu\u00e9 de Cr\u00e9dit Agricole SA (CASA).<\/span><\/p>\n<p align=\"JUSTIFY\"><span style=\"font-size: large;\">Elles \u00absont effectivement pour certaines d&rsquo;entre elles toujours des clients du groupe Cr\u00e9dit Agricole, mais il est clair que nous n&rsquo;avons aucune responsabilit\u00e9 dans leur gestion, ce sont simplement des gens qui ont d\u00e9pos\u00e9 des fonds dans la filiale de banque priv\u00e9e\u00bb du groupe, a-t-il argu\u00e9. Sur le principe, tout le monde a le droit de cr\u00e9er une soci\u00e9t\u00e9 offshore \u00e0 partir du moment o\u00f9 elle recouvre une activit\u00e9 r\u00e9elle et o\u00f9 les profits sont d\u00e9clar\u00e9s. \u00abConcr\u00e8tement la banque priv\u00e9e du Cr\u00e9dit Agricole a contact\u00e9 (ses clients) (&#8230;) avant que cette affaire Mossack Fonseca ne soit r\u00e9v\u00e9l\u00e9e dans la presse\u00bb, a ajout\u00e9 Xavier Musca. Il leur a alors \u00e9t\u00e9 demand\u00e9 de prouver leur mise en conformit\u00e9 avec la l\u00e9gislation fiscale sous peine de se voir radi\u00e9, a-t-il assur\u00e9.<\/span><\/p>\n<p align=\"JUSTIFY\"><strong><span style=\"font-size: large;\">\u00bb\u00bb Lire aussi: <\/span><\/strong><span style=\"color: #0000ff;\"><span style=\"text-decoration: underline;\"><a href=\"http:\/\/www.lefigaro.fr\/economie\/le-scan-eco\/decryptage\/2016\/04\/04\/29002-20160404ARTFIG00111-panama-papers-qu-est-ce-qu-une-societe-offshore.php\" target=\"_blank\"><span style=\"font-size: large;\"><strong>Panama Papers: qu&rsquo;est-ce qu&rsquo;une soci\u00e9t\u00e9 offshore?<\/strong><\/span><\/a><\/span><\/span><\/p>\n<p align=\"JUSTIFY\"><span style=\"font-size: large;\">BNP Paribas est \u00e9galement cit\u00e9 par <\/span><span style=\"font-size: large;\"><em>Le Monde <\/em><\/span><span style=\"font-size: large;\">pour avoir g\u00e9r\u00e9 de son c\u00f4t\u00e9 468 structures offshore avec Mossack Fonseca depuis les ann\u00e9es 1980. Une demi-douzaine de ces soci\u00e9t\u00e9s \u00e9tait encore active fin 2015, avance le journal. Sollicit\u00e9e par l&rsquo;AFP, la banque n&rsquo;\u00e9tait pas disponible pour r\u00e9agir dans l&rsquo;imm\u00e9diat. Ces nouveaux \u00e9l\u00e9ments r\u00e9v\u00e9l\u00e9s par<\/span><span style=\"font-size: large;\"><em> Le Monde <\/em><\/span><span style=\"font-size: large;\">sont susceptibles d&rsquo;int\u00e9resser le parquet national financier (PNF), qui a ouvert une enqu\u00eate pr\u00e9liminaire pour \u00abblanchiment de fraudes fiscales aggrav\u00e9es\u00bb le 4 avril apr\u00e8s les premi\u00e8res r\u00e9v\u00e9lations du quotidien, qui concernaient notamment la Soci\u00e9t\u00e9 G\u00e9n\u00e9rale. Mercredi, le patron de cette derni\u00e8re, Fr\u00e9d\u00e9ric Oud\u00e9a a de nouveau contest\u00e9 les soup\u00e7ons d&rsquo;\u00e9vasion fiscale visant son groupe, lors d&rsquo;une audition au S\u00e9nat. <\/span><\/p>\n<p>&nbsp;<\/p>\n<p align=\"CENTER\"><span style=\"font-size: large;\"><strong>*** *** ***<\/strong><\/span><\/p>\n<p align=\"CENTER\"><span style=\"color: #ff0000;\"><span style=\"font-size: large;\"><strong>Nota : <\/strong><\/span><\/span><span style=\"color: #000000;\"><span style=\"font-size: large;\">Nous ne traitons que de Faits et de Noms rendus Publics.<\/span><\/span><\/p>\n<p align=\"CENTER\"><span style=\"color: #000000;\"><span style=\"font-size: large;\">*** *** ***<\/span><\/span><\/p>\n<p align=\"JUSTIFY\"><span style=\"font-size: large;\"><strong>N.B.:<\/strong><\/span><span style=\"font-size: large;\"> &#8211; <\/span><span style=\"color: #c00000;\"><span style=\"font-family: 'Comic Sans MS', cursive;\"><span style=\"font-size: large;\">Nous Recommandons instamment et syst\u00e9matiquement l\u2019ouverture de la (ou des) pi\u00e8ce(s) jointe(s) \u00e0 l\u2019e-mail, sous format Pdf, <\/span><\/span><\/span><span style=\"color: #c00000;\"><span style=\"font-family: 'Comic Sans MS', cursive;\"><span style=\"font-size: large;\"><span style=\"text-decoration: underline;\">les illustrations y sont incluses<\/span><\/span><\/span><\/span><span style=\"color: #c00000;\"><span style=\"font-family: 'Comic Sans MS', cursive;\"><span style=\"font-size: large;\">.<\/span><\/span><\/span><\/p>\n<p align=\"CENTER\">\n<p align=\"CENTER\"><span style=\"font-size: large;\"><strong>*** *** ***<\/strong><\/span><\/p>\n<p align=\"CENTER\"><span style=\"color: #ff0000;\"><span><strong>Ne Peut \u00eatre reproduit &#8211; m\u00eame partiellement &#8211; sans l\u2019autorisation de l\u2019Auteur<\/strong><\/span><\/span><\/p>\n<p align=\"JUSTIFY\"><span style=\"text-decoration: underline;\"><strong>Liens Sugg\u00e9r\u00e9s\u00a0<\/strong><\/span><\/p>\n<ul>\n<li>\n<p align=\"JUSTIFY\"><span style=\"color: #0000ff;\"><span style=\"text-decoration: underline;\"><a href=\"http:\/\/www.lescrutateur.com\/\">http:\/\/www.lescrutateur.com\/<\/a><\/span><\/span><\/p>\n<\/li>\n<li>\n<p align=\"JUSTIFY\"><span style=\"color: #0000ff;\"><span style=\"text-decoration: underline;\"><a href=\"http:\/\/www.etatsgenerauxdeloutremer.fr\/reflexions\">http:\/\/www.etatsgenerauxdeloutremer.fr\/reflexions<\/a><\/span><\/span><\/p>\n<\/li>\n<\/ul>\n<p align=\"CENTER\">\n<p align=\"CENTER\"><strong>==================================================================<\/strong><\/p>\n<script type=\"text\/javascript\">\n\nvar addthis_config = {\"data_track_clickback\":false,\"data_track_addressbar\":false,\"data_track_textcopy\":false};\n<\/script><script type=\"text\/javascript\" src=\"\/\/s7.addthis.com\/js\/250\/addthis_widget.js#pubid=a457a6d63fb9e6ccabdde4110343bd85\"><\/script>","protected":false},"excerpt":{"rendered":"<p align=\"JUSTIFY\"><span style=\"color: #632423;\">Pardonnez-nous si jamais, tel Aristarque De SAMOS, nous troublons quelque part, jusqu\u2019au \u00ab\u00a0Repos des Dieux\u00a0\u00bb. (\u00c9ric EG Nogard, Chroniqueur).<\/span><\/p>\n<p align=\"JUSTIFY\">\n<p align=\"CENTER\"><span style=\"color: #c00000;\">==========<\/span><\/p>\n<p align=\"CENTER\"><span style=\"color: #000099;\"><span style=\"font-size: x-large;\">Le Barbier de S\u00e9ville\u2026 nous donne ces Infos<\/span><\/span><span style=\"color: #000099;\"><span style=\"font-family: 'Arial Rounded MT Bold', sans-serif;\"><span style=\"font-size: large;\">.<\/span><\/span><\/span><\/p>\n<p align=\"CENTER\">\n<p align=\"CENTER\"><span style=\"color: #000099;\"><span>=====<\/span><\/span><\/p>\n<p>&nbsp;<\/p>\n<p align=\"JUSTIFY\">\n<p align=\"JUSTIFY\"><span style=\"color: #632423;\"><span style=\"font-family: 'Comic Sans MS', cursive;\"><span style=\"font-size: large;\">Le Barbier de S\u00e9ville\u2026 <\/span><\/span><\/span>&hellip;<\/p>\n","protected":false},"author":1,"featured_media":0,"comment_status":"open","ping_status":"open","sticky":false,"template":"","format":"standard","meta":{"footnotes":""},"categories":[1],"tags":[],"class_list":["post-12346","post","type-post","status-publish","format-standard","hentry","category-accueil"],"_links":{"self":[{"href":"http:\/\/www.lecarrefourdesopinions.ca\/index.php?rest_route=\/wp\/v2\/posts\/12346","targetHints":{"allow":["GET"]}}],"collection":[{"href":"http:\/\/www.lecarrefourdesopinions.ca\/index.php?rest_route=\/wp\/v2\/posts"}],"about":[{"href":"http:\/\/www.lecarrefourdesopinions.ca\/index.php?rest_route=\/wp\/v2\/types\/post"}],"author":[{"embeddable":true,"href":"http:\/\/www.lecarrefourdesopinions.ca\/index.php?rest_route=\/wp\/v2\/users\/1"}],"replies":[{"embeddable":true,"href":"http:\/\/www.lecarrefourdesopinions.ca\/index.php?rest_route=%2Fwp%2Fv2%2Fcomments&post=12346"}],"version-history":[{"count":1,"href":"http:\/\/www.lecarrefourdesopinions.ca\/index.php?rest_route=\/wp\/v2\/posts\/12346\/revisions"}],"predecessor-version":[{"id":12349,"href":"http:\/\/www.lecarrefourdesopinions.ca\/index.php?rest_route=\/wp\/v2\/posts\/12346\/revisions\/12349"}],"wp:attachment":[{"href":"http:\/\/www.lecarrefourdesopinions.ca\/index.php?rest_route=%2Fwp%2Fv2%2Fmedia&parent=12346"}],"wp:term":[{"taxonomy":"category","embeddable":true,"href":"http:\/\/www.lecarrefourdesopinions.ca\/index.php?rest_route=%2Fwp%2Fv2%2Fcategories&post=12346"},{"taxonomy":"post_tag","embeddable":true,"href":"http:\/\/www.lecarrefourdesopinions.ca\/index.php?rest_route=%2Fwp%2Fv2%2Ftags&post=12346"}],"curies":[{"name":"wp","href":"https:\/\/api.w.org\/{rel}","templated":true}]}}