{"id":12337,"date":"2016-05-25T12:25:33","date_gmt":"2016-05-25T16:25:33","guid":{"rendered":"http:\/\/www.lecarrefourdesopinions.ca\/?p=12337"},"modified":"2016-05-25T12:25:33","modified_gmt":"2016-05-25T16:25:33","slug":"se-pretendre-historien-et-selon-quelle-ethique","status":"publish","type":"post","link":"http:\/\/www.lecarrefourdesopinions.ca\/?p=12337","title":{"rendered":"Se pr\u00e9tendre Historien, et selon quelle \u00c9thique."},"content":{"rendered":"<p align=\"JUSTIFY\"><span style=\"color: #632423;\"><em><strong>Pardonnez-nous si jamais, tel Aristarque De SAMOS, nous troublons quelque part, jusqu\u2019au \u00ab\u00a0Repos des Dieux\u00a0\u00bb. (\u00c9ric EG Nogard, Chroniqueur).<\/strong><\/em><\/span><\/p>\n<p align=\"JUSTIFY\">\n<p align=\"CENTER\"><span style=\"color: #c00000;\"><em><strong>==========<\/strong><\/em><\/span><\/p>\n<p align=\"CENTER\">\n<p align=\"CENTER\"><span style=\"color: #000099;\"><span style=\"font-size: x-large;\"><strong>Se pr\u00e9tendre Historien, et selon quelle \u00c9thique<\/strong><\/span><\/span><span style=\"color: #000099;\"><span style=\"font-family: 'Arial Rounded MT Bold', sans-serif;\"><span style=\"font-size: large;\"><em><strong>.<\/strong><\/em><\/span><\/span><\/span><\/p>\n<p align=\"CENTER\"><span style=\"color: #000099;\"><span><strong>=====<\/strong><\/span><\/span><\/p>\n<p align=\"JUSTIFY\"><span style=\"color: #632423;\"><span style=\"font-family: 'Comic Sans MS', cursive;\"><span style=\"font-size: large;\"><em><strong>Se pr\u00e9tendre Historien, et selon quelle \u00c9thique.<\/strong><\/em><\/span><\/span><\/span><\/p>\n<p align=\"JUSTIFY\">\n<p align=\"JUSTIFY\">\n<p align=\"JUSTIFY\"><span style=\"color: #632423;\"><span style=\"font-family: 'Comic Sans MS', cursive;\"><span style=\"font-size: large;\">Aucune d\u00e9rive n\u2019est Justifiable, qu\u2019elle vienne d\u2019ici ou l\u00e0, que de l\u2019un, que de l\u2019autre.<\/span><\/span><\/span><\/p>\n<p align=\"JUSTIFY\">\n<p align=\"JUSTIFY\"><span style=\"color: #632423;\"><span style=\"font-family: 'Comic Sans MS', cursive;\"><span style=\"font-size: large;\">J\u00e9r\u00f4me l\u2019aurait dit dans sa Vulgate.<\/span><\/span><\/span><\/p>\n<p align=\"JUSTIFY\">\u00a0<img loading=\"lazy\" decoding=\"async\" class=\"alignnone size-thumbnail wp-image-11439\" title=\"Eric\" src=\"http:\/\/www.lecarrefourdesopinions.ca\/wp-content\/uploads\/2015\/04\/Eric-134x107.jpg\" alt=\"\" width=\"134\" height=\"107\" \/><\/p>\n<p align=\"JUSTIFY\"><span style=\"color: #632423;\"><span style=\"font-family: 'Comic Sans MS', cursive;\"><span style=\"font-size: large;\">\u00c9ric EG Nogard<\/span><\/span><\/span><\/p>\n<p align=\"JUSTIFY\"><span style=\"color: #c00000;\"><span style=\"font-size: large;\"><em>Chroniqueur<\/em><\/span><\/span><span style=\"color: #c00000;\"><span style=\"font-size: large;\">.<\/span><\/span><\/p>\n<p align=\"CENTER\">\n<p align=\"CENTER\"><span style=\"color: #632423;\"><span style=\"font-size: large;\">*** *** ***<\/span><\/span><\/p>\n<p>&nbsp;<\/p>\n<p><span style=\"font-size: large;\"><strong>SE PR\u00c9TENDRE HISTORIEN, ET SELON QUELLE \u00c9THIQUE<\/strong><\/span><span style=\"font-size: large;\"><em><strong>.<\/strong><\/em><\/span><\/p>\n<p>&nbsp;<\/p>\n<p>&nbsp;<\/p>\n<p><span style=\"font-size: large; font-family: 'Comic Sans MS', cursive;\">N\u2019est-il pas vrai que tout change ici-bas, cependant que les Gens, eux, \u00e0 de rares exceptions, sont et restent ce qu\u2019ils sont, depuis le Ventre de leur M\u00e8re, peu importe le temps qu\u2019ils s\u2019accrochent \u00e0 la Vie et sous quelque Travesti et sous quelque Vernis qu\u2019ils puissent se parer ou se dissimuler.<\/span><\/p>\n<p align=\"JUSTIFY\">\n<p align=\"JUSTIFY\">\n<p align=\"JUSTIFY\"><span style=\"font-size: large;\"><strong>En somme, si un Chat est un Chat, l\u2019Homme ne change pas, il na\u00eet ce qu\u2019il est, pour le temps de sa Vie.<\/strong><\/span><\/p>\n<p align=\"JUSTIFY\">\n<p align=\"JUSTIFY\"><span style=\"font-size: large;\">Ou alors, ferions-nous mieux de nous taire, faute de savoir de quoi nous parlons.<\/span><\/p>\n<p align=\"JUSTIFY\">\n<p align=\"JUSTIFY\"><span style=\"font-size: large;\">Nous taire, ce qui n\u2019exclut en rien le Recours au D\u00e9bat d\u2019Opinion.<\/span><\/p>\n<p align=\"JUSTIFY\">\n<p align=\"JUSTIFY\">\n<p align=\"JUSTIFY\"><span style=\"font-size: large;\"><strong>Bref.<\/strong><\/span><\/p>\n<p align=\"JUSTIFY\">\n<p align=\"JUSTIFY\"><span style=\"font-family: 'Arial Rounded MT Bold', sans-serif;\"><span style=\"font-size: large;\">Voil\u00e0 la chose qui nous surprend de la part de quelqu\u2019un qui se dit Historien\u2026 elle consiste en l\u2019Article de Presse reproduit ci-dessous<\/span><\/span><span style=\"font-size: large;\">\u00a0:<\/span><\/p>\n<p align=\"JUSTIFY\">\n<p align=\"JUSTIFY\"><span style=\"font-size: large;\">\u00ab\u00a0<\/span><span style=\"font-size: large;\"><em><strong>Place Joyeuse et Bertin\u00a0: faire cesser une insulte au Peuple<\/strong><\/em><\/span><span style=\"font-size: large;\">\u00a0\u00bb,<\/span><\/p>\n<p align=\"JUSTIFY\"><span style=\"font-size: large;\"> France-Antilles Martinique du 13 Mai 2016.<\/span><\/p>\n<p align=\"JUSTIFY\">\n<p align=\"JUSTIFY\">\n<p lang=\"\" align=\"CENTER\"><img loading=\"lazy\" decoding=\"async\" class=\"alignnone size-large wp-image-12340\" title=\"F1   Lavez nos Places Publiques de ces Souillures a notre Illustre Memoire\" src=\"http:\/\/www.lecarrefourdesopinions.ca\/wp-content\/uploads\/2016\/05\/F1-Lavez-nos-Places-Publiques-de-ces-Souillures-a-notre-Illustre-Memoire2-804x1024.jpg\" alt=\"\" width=\"450\" height=\"573\" srcset=\"http:\/\/www.lecarrefourdesopinions.ca\/wp-content\/uploads\/2016\/05\/F1-Lavez-nos-Places-Publiques-de-ces-Souillures-a-notre-Illustre-Memoire2-804x1024.jpg 804w, http:\/\/www.lecarrefourdesopinions.ca\/wp-content\/uploads\/2016\/05\/F1-Lavez-nos-Places-Publiques-de-ces-Souillures-a-notre-Illustre-Memoire2-235x300.jpg 235w, http:\/\/www.lecarrefourdesopinions.ca\/wp-content\/uploads\/2016\/05\/F1-Lavez-nos-Places-Publiques-de-ces-Souillures-a-notre-Illustre-Memoire2-400x509.jpg 400w, http:\/\/www.lecarrefourdesopinions.ca\/wp-content\/uploads\/2016\/05\/F1-Lavez-nos-Places-Publiques-de-ces-Souillures-a-notre-Illustre-Memoire2.jpg 1646w\" sizes=\"auto, (max-width: 450px) 100vw, 450px\" \/><\/p>\n<p align=\"CENTER\">\n<p align=\"JUSTIFY\"><span style=\"font-size: large;\"><strong>F1\u00a0: <\/strong><\/span><span style=\"color: #c00000;\"><span style=\"font-size: large;\"><em><strong>Lavez nos Places Publiques de ces Souillures \u00e0 notre Illustre M\u00e9moire\u00a0!..<\/strong><\/em><\/span><\/span><\/p>\n<p align=\"JUSTIFY\">\n<p align=\"JUSTIFY\">\n<p align=\"JUSTIFY\"><span style=\"font-family: Calibri, sans-serif;\"><span style=\"font-size: large;\"><em><strong>Lettre aux Maires et Bourgmestres, venant d\u2019un Historien\u00a0!..<\/strong><\/em><\/span><\/span><\/p>\n<p align=\"JUSTIFY\">\n<p align=\"JUSTIFY\"><span style=\"font-family: Calibri, sans-serif;\"><span style=\"font-size: large;\"><em>D\u2019un Historien ou d\u2019un Dictateur fielleux et irascible, voire frustr\u00e9 ou, ce qui nous semble plus s\u00fbr\u2026 pas Historien du tout.<\/em><\/span><\/span><\/p>\n<p align=\"JUSTIFY\">\n<p align=\"JUSTIFY\"><span style=\"font-family: Calibri, sans-serif;\"><span style=\"font-size: large;\"><em>Seule l\u2019Opinion peut en Juger, nonobstant son ton, Stalilien plut\u00f4t que R\u00e9galien.<\/em><\/span><\/span><\/p>\n<p align=\"JUSTIFY\">\n<p align=\"JUSTIFY\">\n<p align=\"JUSTIFY\"><span style=\"font-family: 'Arial Rounded MT Bold', sans-serif;\"><span style=\"font-size: large;\">Elle enjoint les Chefs d\u2019\u00c9dilit\u00e9s \u00e0 laver leurs Places Publiques des Souillures que seraient pour le Martiniquais comme pour la M\u00e9moire de ses Anc\u00eatres, le port de certains Noms.<\/span><\/span><\/p>\n<p align=\"JUSTIFY\">\n<p align=\"JUSTIFY\">\n<ul>\n<li>\n<p align=\"JUSTIFY\"><span style=\"font-family: 'Comic Sans MS', cursive;\"><span style=\"font-size: large;\">Est-ce l\u2019esbroufe qui en ressort, l\u2019esbroufe \u00e9tant assez l\u2019affaire des p\u00e9dants<\/span><\/span><span style=\"font-size: large;\">\u2026 <\/span><span style=\"font-family: 'Comic Sans MS', cursive;\"><span style=\"font-size: large;\">des matamores.<\/span><\/span><\/p>\n<\/li>\n<\/ul>\n<p align=\"JUSTIFY\">\n<ul>\n<li>\n<p align=\"JUSTIFY\"><span style=\"font-size: large;\"><em>Nous ne dirons pas Non, vu qu\u2019il y a certainement de cela dans l\u2019article de r\u00e9f\u00e9rence<\/em><\/span><span style=\"font-size: large;\">.<\/span><\/p>\n<\/li>\n<\/ul>\n<p align=\"JUSTIFY\">\n<p align=\"JUSTIFY\">\n<ul>\n<li>\n<p align=\"JUSTIFY\"><span style=\"font-family: 'Comic Sans MS', cursive;\"><span style=\"font-size: large;\">Est-ce le Ton du Ma\u00eetre Dictateur dans son p\u00e9remptoire<\/span><\/span><span style=\"font-size: large;\"> \u00ab\u00a0<\/span><span style=\"font-family: Calibri, sans-serif;\"><span style=\"font-size: large;\"><em><strong>Messieurs les Maires, Mesdames et Messieurs les \u00c9lus, vous savez quel est votre devoir<\/strong><\/em><\/span><\/span><span style=\"font-size: large;\">\u00a0\u00bb\u2026 <\/span><span style=\"font-family: 'Comic Sans MS', cursive;\"><span style=\"font-size: large;\">Ce \u00e0 quoi on pourrait ajouter\u2026 votre sort en d\u00e9pend<\/span><\/span><span style=\"font-size: large;\">.<\/span><\/p>\n<\/li>\n<\/ul>\n<p align=\"JUSTIFY\">\n<ul>\n<li>\n<p align=\"JUSTIFY\"><span style=\"font-size: large;\"><em>Nous ne dirons pas Non, m\u00eame si les plus minables des Th\u00e9\u00e2tres de Boulevards nous ont lass\u00e9, tant de ces pastillages, que de ces pastichages\u2026 dont ils font leur gagne-pain<\/em><\/span><span style=\"font-size: large;\">. <\/span><\/p>\n<\/li>\n<\/ul>\n<p align=\"JUSTIFY\">\n<p align=\"JUSTIFY\">\n<ul>\n<li>\n<p align=\"JUSTIFY\"><span style=\"font-family: 'Comic Sans MS', cursive;\"><span style=\"font-size: large;\">Serait-ce le ridicule de l\u2019injonction en soi, sans parler de son allure de Crachat par Vent Debout.<\/span><\/span><\/p>\n<\/li>\n<\/ul>\n<p align=\"JUSTIFY\">\n<ul>\n<li>\n<p align=\"JUSTIFY\"><span style=\"font-size: large;\"><em>Pour ce qui est du ridicule, voyons voir, que dans la peau du Maire de la Trinit\u00e9, que dans celle de celui de Saint-Pierre, s\u2019ils avaient une seule minute \u00e0 perdre<\/em><\/span><span style=\"font-size: large;\">.<\/span><\/p>\n<\/li>\n<\/ul>\n<p align=\"JUSTIFY\">\n<p align=\"JUSTIFY\">\n<p align=\"CENTER\"><img loading=\"lazy\" decoding=\"async\" class=\"alignnone size-full wp-image-12341\" title=\"F2   Maison NOGARD  premi\u00e8re \u00e0 gauche    Face \u00e0 la Place Joyeuse    la Bien Nommee\" src=\"http:\/\/www.lecarrefourdesopinions.ca\/wp-content\/uploads\/2016\/05\/F2-Maison-NOGARD-premi\u00e8re-\u00e0-gauche-Face-\u00e0-la-Place-Joyeuse-la-Bien-Nommee.jpg\" alt=\"\" width=\"635\" height=\"409\" srcset=\"http:\/\/www.lecarrefourdesopinions.ca\/wp-content\/uploads\/2016\/05\/F2-Maison-NOGARD-premi\u00e8re-\u00e0-gauche-Face-\u00e0-la-Place-Joyeuse-la-Bien-Nommee.jpg 635w, http:\/\/www.lecarrefourdesopinions.ca\/wp-content\/uploads\/2016\/05\/F2-Maison-NOGARD-premi\u00e8re-\u00e0-gauche-Face-\u00e0-la-Place-Joyeuse-la-Bien-Nommee-300x193.jpg 300w, http:\/\/www.lecarrefourdesopinions.ca\/wp-content\/uploads\/2016\/05\/F2-Maison-NOGARD-premi\u00e8re-\u00e0-gauche-Face-\u00e0-la-Place-Joyeuse-la-Bien-Nommee-400x257.jpg 400w\" sizes=\"auto, (max-width: 635px) 100vw, 635px\" \/><\/p>\n<p align=\"CENTER\">\n<p align=\"JUSTIFY\"><span style=\"font-size: large;\"><strong>F2\u00a0: <\/strong><\/span><span style=\"color: #c00000;\"><span style=\"font-size: large;\"><em><strong>Maison NOGARD, premi\u00e8re \u00e0 gauche\u2026 Face \u00e0 la Place Joyeuse\u2026 la Bien Nomm\u00e9e.<\/strong><\/em><\/span><\/span><\/p>\n<p align=\"JUSTIFY\">\n<ul>\n<li>\n<p align=\"JUSTIFY\"><span style=\"font-family: Calibri, sans-serif;\"><span style=\"font-size: large;\"><em><strong>Obtemp\u00e9rant \u00e0 votre Honorable mise en demeure, nous Maire de la Trinit\u00e9 nous d\u00e9p\u00eachons de d\u00e9baptiser la Place Publique de notre Ville, et la rebaptisons<\/strong><\/em><\/span><\/span><span style=\"font-size: large;\">.<\/span><\/p>\n<\/li>\n<\/ul>\n<p align=\"JUSTIFY\">\n<p align=\"JUSTIFY\"><span style=\"font-family: Calibri, sans-serif;\"><span style=\"font-size: large;\"><em>Elle n\u2019est plus nomm\u00e9e \u00ab\u00a0Joyeuse\u00a0\u00bb, Villaret \u00e9tant une souillure \u00e0 notre Histoire.<\/em><\/span><\/span><\/p>\n<p align=\"JUSTIFY\">\n<p align=\"JUSTIFY\"><span style=\"font-family: Calibri, sans-serif;\"><span style=\"font-size: large;\"><em>Elle s\u2019appelle d\u00e9sormais \u00ab\u00a0Joyeuse\u00a0\u00bb, car les Trinit\u00e9ens y font \u00e9clater tant leurs Joies Collectives que leur Savoir Vivre.<\/em><\/span><\/span><\/p>\n<p align=\"JUSTIFY\">\n<p align=\"JUSTIFY\">\n<ul>\n<li>\n<p align=\"JUSTIFY\"><span style=\"font-family: Calibri, sans-serif;\"><span style=\"font-size: large;\"><em><strong>Pour notre part \u00e0 nous, Maire de Saint-Pierre, morte est la Place BERTIN, cette insulte au Peuple.<\/strong><\/em><\/span><\/span><\/p>\n<\/li>\n<\/ul>\n<p align=\"JUSTIFY\">\n<p align=\"CENTER\"><img loading=\"lazy\" decoding=\"async\" class=\"alignnone size-full wp-image-12344\" title=\"Place_BERTIN_=C3=A0_Saint_=  Pierre    Le   Cr\u00e9dit Martiniquais   y fut erige  lui aussi    co\" src=\"http:\/\/www.lecarrefourdesopinions.ca\/wp-content\/uploads\/2016\/05\/Place_BERTIN_C3A0_Saint_-Pierre-Le-Cr\u00e9dit-Martiniquais-y-fut-erige-lui-aussi-co.png\" alt=\"\" width=\"401\" height=\"270\" srcset=\"http:\/\/www.lecarrefourdesopinions.ca\/wp-content\/uploads\/2016\/05\/Place_BERTIN_C3A0_Saint_-Pierre-Le-Cr\u00e9dit-Martiniquais-y-fut-erige-lui-aussi-co.png 401w, http:\/\/www.lecarrefourdesopinions.ca\/wp-content\/uploads\/2016\/05\/Place_BERTIN_C3A0_Saint_-Pierre-Le-Cr\u00e9dit-Martiniquais-y-fut-erige-lui-aussi-co-300x201.png 300w, http:\/\/www.lecarrefourdesopinions.ca\/wp-content\/uploads\/2016\/05\/Place_BERTIN_C3A0_Saint_-Pierre-Le-Cr\u00e9dit-Martiniquais-y-fut-erige-lui-aussi-co-400x269.png 400w\" sizes=\"auto, (max-width: 401px) 100vw, 401px\" \/><\/p>\n<p align=\"CENTER\">\n<p align=\"CENTER\">\n<p align=\"JUSTIFY\"><span style=\"font-size: large;\"><strong>F3\u00a0<\/strong><\/span><span style=\"color: #c00000;\"><span style=\"font-size: large;\"><em><strong>: Ruine de la toute premi\u00e8re Banque Martinique Place BERTIN \u00e0 Saint-Pierre&#8230; Le \u00ab\u00a0Cr\u00e9dit Martiniquais\u00a0\u00bb y fut \u00e9rig\u00e9, lui aussi\u2026 comme Agence.<\/strong><\/em><\/span><\/span><\/p>\n<p align=\"CENTER\">\n<p align=\"JUSTIFY\">\n<p align=\"JUSTIFY\"><span style=\"font-family: Calibri, sans-serif;\"><span style=\"font-size: large;\"><em>Vive la Place BERTIN o\u00f9 fut \u00e9rig\u00e9e la Banque Naissante de la Martinique.<\/em><\/span><\/span><\/p>\n<p align=\"JUSTIFY\">\n<p align=\"JUSTIFY\"><span style=\"font-family: Calibri, sans-serif;\"><span style=\"font-size: large;\"><em>La M\u00e9moire de l\u2019H\u00e9ro\u00efque Croiseur \u00c9mile BERTIN qui fit de <\/em><\/span><\/span><span style=\"font-family: Arial, sans-serif;\"><span style=\"font-size: large;\"><em>P\u00e9\u00ef Nou<\/em><\/span><\/span><span style=\"font-family: Calibri, sans-serif;\"><span style=\"font-size: large;\"><em> le Gardien du Tr\u00e9sor de la France \u2013 Des Lingots par milliers \u2013 rappellera \u00e0 la France que nous f\u00fbmes une de ses Provinces Ch\u00e9ries qui l\u2019aimaient tant.<\/em><\/span><\/span><\/p>\n<p align=\"JUSTIFY\">\n<p align=\"JUSTIFY\">\n<p style=\"text-align: center;\" align=\"JUSTIFY\"><img loading=\"lazy\" decoding=\"async\" class=\"alignnone size-full wp-image-12342\" title=\"F4   Le Croiseur Emile BERTIN\" src=\"http:\/\/www.lecarrefourdesopinions.ca\/wp-content\/uploads\/2016\/05\/F4-Le-Croiseur-Emile-BERTIN.jpg\" alt=\"\" width=\"640\" height=\"382\" srcset=\"http:\/\/www.lecarrefourdesopinions.ca\/wp-content\/uploads\/2016\/05\/F4-Le-Croiseur-Emile-BERTIN.jpg 640w, http:\/\/www.lecarrefourdesopinions.ca\/wp-content\/uploads\/2016\/05\/F4-Le-Croiseur-Emile-BERTIN-300x179.jpg 300w, http:\/\/www.lecarrefourdesopinions.ca\/wp-content\/uploads\/2016\/05\/F4-Le-Croiseur-Emile-BERTIN-400x238.jpg 400w\" sizes=\"auto, (max-width: 640px) 100vw, 640px\" \/><\/p>\n<p align=\"JUSTIFY\">\n<p align=\"CENTER\"><span style=\"font-size: large;\"><strong>F4\u00a0: <\/strong><\/span><span style=\"color: #c00000;\"><span style=\"font-size: large;\"><em><strong>Le Croiseur Emile BERTIN.<\/strong><\/em><\/span><\/span><\/p>\n<p align=\"JUSTIFY\">\n<p align=\"JUSTIFY\">\n<p align=\"JUSTIFY\"><span style=\"font-family: Calibri, sans-serif;\"><span style=\"font-size: large;\"><em>Reste \u00e0 savoir si ces changements de Nom feraient ni chaud ni froid au Pays\u2026 eu \u00e9gard \u00e0 ses actuelles pr\u00e9occupations.<\/em><\/span><\/span><\/p>\n<p align=\"JUSTIFY\">\n<p align=\"JUSTIFY\">\n<ul>\n<li>\n<p align=\"JUSTIFY\"><span style=\"font-family: 'Comic Sans MS', cursive;\"><span style=\"font-size: large;\">Serait-ce la Hargne qui semble ressurgir comme le pus d\u2019une plaie, aussi insupportable qu\u2019inavou\u00e9e.<\/span><\/span><\/p>\n<\/li>\n<\/ul>\n<p align=\"JUSTIFY\">\n<ul>\n<li>\n<p align=\"JUSTIFY\"><span style=\"font-size: large;\"><em>Choisissons en cette Histoire de faire sa juste part au domaine Priv\u00e9, qui nous est interdit<\/em><\/span><span style=\"font-family: 'Comic Sans MS', cursive;\"><span style=\"font-size: large;\">.<\/span><\/span><\/p>\n<\/li>\n<\/ul>\n<p align=\"JUSTIFY\">\n<p align=\"JUSTIFY\">\n<ul>\n<li>\n<p align=\"JUSTIFY\"><span style=\"font-family: 'Comic Sans MS', cursive;\"><span style=\"font-size: large;\">Alors quoi qui puisse \u00e9mouvoir dans cette Mise en demeure Publique \u00e0 des Hommes Publics\u00a0?<\/span><\/span><\/p>\n<\/li>\n<\/ul>\n<p align=\"JUSTIFY\">\n<ul>\n<li>\n<p align=\"JUSTIFY\"><span style=\"font-size: large;\"><em>Le fait qu\u2019en rien elle ne porte la marque de l\u2019Historien.<\/em><\/span><\/p>\n<\/li>\n<\/ul>\n<p align=\"JUSTIFY\">\n<p align=\"JUSTIFY\"><span style=\"font-size: large;\"><em>Car l\u2019Histoire est une Science, pas l\u2019Arme d\u2019un justicier gonfl\u00e9 de P\u00e9dantisme ou de haine et de hargne. <\/em><\/span><\/p>\n<p align=\"JUSTIFY\">\n<p align=\"JUSTIFY\"><span style=\"font-size: large;\"><em>L\u2019Historien ne dissimule pas de cartes sous sa manche, il les met en lumi\u00e8re.<\/em><\/span><\/p>\n<p align=\"JUSTIFY\">\n<p align=\"JUSTIFY\"><span style=\"font-size: large;\"><em><strong>Comme, \u00e0 titre d\u2019exemples\u00a0:<\/strong><\/em><\/span><\/p>\n<p align=\"JUSTIFY\">\n<p align=\"JUSTIFY\"><span style=\"font-size: large;\"><em>1)- De nombreux N\u00e8gres poss\u00e9d\u00e8rent des Esclaves\u2026 furent-ils les meilleurs ma\u00eetres&#8230; des rues portent leur nom.<\/em><\/span><\/p>\n<p align=\"JUSTIFY\">\n<p align=\"JUSTIFY\"><span style=\"font-size: large;\"><em>2)- De nombreux N\u00e8gres pratiqu\u00e8rent jusqu\u2019\u00e0 l\u2019inceste sur leurs Filles et se faisaient un Honneur de les D\u00e9florer\u2026 tout le monde le savait.<\/em><\/span><\/p>\n<p align=\"JUSTIFY\">\n<p align=\"JUSTIFY\"><span style=\"font-size: large;\"><em>3)- Les \u00ab\u00a0<\/em><\/span><span style=\"font-family: Arial, sans-serif;\"><span style=\"font-size: large;\"><em>Koumand\u00ea\u00a0<\/em><\/span><\/span><span style=\"font-size: large;\"><em>\u00bb qui \u00e9taient N\u00e8gres n\u2019avaient pas leurs \u00e9gaux pour faire valoir leur Droit de Cuissage sur toutes les Femmes qui constituaient les \u00ab\u00a0Petites Bandes\u00a0\u00bb\u2026 ces travailleuses des champs.<\/em><\/span><\/p>\n<p align=\"JUSTIFY\">\n<p align=\"JUSTIFY\">\n<p align=\"JUSTIFY\"><span style=\"font-size: large;\"><em><strong>Et c\u2019est loin d\u2019\u00eatre tout\u2026 Monsieur l\u2019\u00c9m\u00e9rite Historien.<\/strong><\/em><\/span><\/p>\n<p align=\"JUSTIFY\">\n<p align=\"JUSTIFY\">\n<p align=\"CENTER\"><img loading=\"lazy\" decoding=\"async\" class=\"alignnone size-full wp-image-12343\" title=\"ir le prendrait pour un Noir  cependant qu un Negre  possible qu il en soit Un Magnifique Specimen    Stalino Esclavagiste e\" src=\"http:\/\/www.lecarrefourdesopinions.ca\/wp-content\/uploads\/2016\/05\/ir-le-prendrait-pour-un-Noir-cependant-qu-un-Negre-possible-qu-il-en-soit-Un-Magnifique-Specimen-Stalino-Esclavagiste-e.jpg\" alt=\"\" width=\"189\" height=\"204\" \/><\/p>\n<p align=\"JUSTIFY\">\n<p align=\"JUSTIFY\"><span style=\"font-size: large;\"><strong>F5\u00a0: <\/strong><\/span><span style=\"color: #c00000;\"><span style=\"font-size: large;\"><em><strong>Quel Noir le prendrait pour un Noir, cependant qu\u2019un N\u00e8gre, possible qu\u2019il en soit Un Magnifique Sp\u00e9cimen\u2026 Stalino-Esclavagiste en plus.<\/strong><\/em><\/span><\/span><\/p>\n<p align=\"JUSTIFY\">\n<p align=\"JUSTIFY\">\n<p align=\"JUSTIFY\"><span style=\"font-family: 'Comic Sans MS', cursive;\"><span style=\"font-size: large;\"><strong>L\u2019Histoire est la Science des Faits dans leur Chronologie tout comme dans leur Contexte et dans les Circonstances qui y ont concouru.<\/strong><\/span><\/span><\/p>\n<p align=\"JUSTIFY\">\n<p align=\"JUSTIFY\"><span style=\"font-family: 'Comic Sans MS', cursive;\"><span style=\"font-size: large;\"><strong>D\u00e8s lors, sans le Contradictoire, que pourrait-elle valoir.<\/strong><\/span><\/span><\/p>\n<p align=\"JUSTIFY\">\n<p align=\"JUSTIFY\">\n<p align=\"JUSTIFY\"><span style=\"font-family: 'Comic Sans MS', cursive;\"><span style=\"font-size: large;\">A l\u2019Historien d\u2019y voir clair sans y mettre son <\/span><\/span><span style=\"font-family: Arial, sans-serif;\"><span style=\"font-size: large;\"><em>ego<\/em><\/span><\/span><span style=\"font-family: 'Comic Sans MS', cursive;\"><span style=\"font-size: large;\">, sauf \u00e0 rendre fort douteux qu\u2019il ait la Neutralit\u00e9 et la Probit\u00e9 intellectuelle que requiert ce M\u00e9tier\u2026 cette Science<\/span><\/span><span style=\"font-size: large;\">\u2026 <\/span><span style=\"font-family: 'Comic Sans MS', cursive;\"><span style=\"font-size: large;\">ce Don. <\/span><\/span><\/p>\n<p align=\"JUSTIFY\">\n<p align=\"JUSTIFY\"><span style=\"font-family: 'Comic Sans MS', cursive;\"><span style=\"font-size: large;\">Au stade o\u00f9 nous voil\u00e0, seriez-vous tellement Historien que cela, bien cher Monsieur Armand NICOLAS.<\/span><\/span><\/p>\n<p align=\"JUSTIFY\">\n<p align=\"JUSTIFY\"><span style=\"font-size: large;\">\u00c9ric EG Nogard<\/span><\/p>\n<p align=\"JUSTIFY\"><span style=\"color: #c00000;\"><span style=\"font-size: large;\"><em>Chroniqueur<\/em><\/span><\/span><span style=\"color: #c00000;\"><span style=\"font-size: large;\">.<\/span><\/span><\/p>\n<p align=\"JUSTIFY\">\n<p align=\"CENTER\"><span style=\"font-size: large;\"><strong>*** *** **<\/strong><\/span><strong style=\"color: #ff0000;\">.<\/strong><\/p>\n<p align=\"JUSTIFY\">\n<p align=\"CENTER\"><span style=\"color: #ff0000;\"><span style=\"font-size: large;\"><strong>Nota : <\/strong><\/span><\/span><span style=\"color: #000000;\"><span style=\"font-size: large;\">Nous ne traitons que de Faits et de Noms rendus Publics.<\/span><\/span><\/p>\n<p align=\"CENTER\"><span style=\"color: #000000;\"><span style=\"font-size: large;\">*** *** ***<\/span><\/span><\/p>\n<p align=\"JUSTIFY\"><span style=\"font-size: large;\"><strong>N.B.:<\/strong><\/span><span style=\"font-size: large;\"> &#8211; <\/span><span style=\"color: #c00000;\"><span style=\"font-family: 'Comic Sans MS', cursive;\"><span style=\"font-size: large;\">Nous Recommandons instamment et syst\u00e9matiquement l\u2019ouverture de la (ou des) pi\u00e8ce(s) jointe(s) \u00e0 l\u2019e-mail, sous format Pdf, <\/span><\/span><\/span><span style=\"color: #c00000;\"><span style=\"font-family: 'Comic Sans MS', cursive;\"><span style=\"font-size: large;\"><span style=\"text-decoration: underline;\">les illustrations y sont incluses<\/span><\/span><\/span><\/span><span style=\"color: #c00000;\"><span style=\"font-family: 'Comic Sans MS', cursive;\"><span style=\"font-size: large;\">.<\/span><\/span><\/span><\/p>\n<p align=\"JUSTIFY\">\n<p align=\"JUSTIFY\">\n<p align=\"CENTER\"><span style=\"color: #ff0000;\"><span><strong>Ne Peut \u00eatre reproduit &#8211; m\u00eame partiellement &#8211; sans l\u2019autorisation de l\u2019Auteur.<\/strong><\/span><\/span><\/p>\n<p align=\"JUSTIFY\"><span style=\"text-decoration: underline;\"><strong>Liens Sugg\u00e9r\u00e9s\u00a0:<\/strong><\/span><\/p>\n<ul>\n<li>\n<p align=\"JUSTIFY\"><span style=\"color: #0000ff;\"><span style=\"text-decoration: underline;\"><a href=\"http:\/\/www.lescrutateur.com\/\">http:\/\/www.lescrutateur.com\/<\/a><\/span><\/span><\/p>\n<\/li>\n<li>\n<p align=\"JUSTIFY\"><span style=\"color: #0000ff;\"><span style=\"text-decoration: underline;\"><a href=\"http:\/\/www.etatsgenerauxdeloutremer.fr\/reflexions\">http:\/\/www.etatsgenerauxdeloutremer.fr\/reflexions<\/a><\/span><\/span><\/p>\n<\/li>\n<\/ul>\n<p align=\"CENTER\">\n<p align=\"CENTER\"><strong>==================================================================<\/strong><\/p>\n<script type=\"text\/javascript\">\n\nvar addthis_config = {\"data_track_clickback\":false,\"data_track_addressbar\":false,\"data_track_textcopy\":false};\n<\/script><script type=\"text\/javascript\" src=\"\/\/s7.addthis.com\/js\/250\/addthis_widget.js#pubid=a457a6d63fb9e6ccabdde4110343bd85\"><\/script>","protected":false},"excerpt":{"rendered":"<p align=\"JUSTIFY\"><span style=\"color: #632423;\">Pardonnez-nous si jamais, tel Aristarque De SAMOS, nous troublons quelque part, jusqu\u2019au \u00ab\u00a0Repos des Dieux\u00a0\u00bb. (\u00c9ric EG Nogard, Chroniqueur).<\/span><\/p>\n<p align=\"JUSTIFY\">\n<p align=\"CENTER\"><span style=\"color: #c00000;\">==========<\/span><\/p>\n<p align=\"CENTER\">\n<p align=\"CENTER\"><span style=\"color: #000099;\"><span style=\"font-size: x-large;\">Se pr\u00e9tendre Historien, et selon quelle \u00c9thique<\/span><\/span><span style=\"color: #000099;\"><span style=\"font-family: 'Arial Rounded MT Bold', sans-serif;\"><span style=\"font-size: large;\">.<\/span><\/span><\/span><\/p>\n<p align=\"CENTER\"><span style=\"color: #000099;\"><span>=====<\/span><\/span><\/p>\n<p align=\"JUSTIFY\"><span style=\"color: #632423;\"><span style=\"font-family: 'Comic Sans MS', cursive;\"><span style=\"font-size: large;\">Se pr\u00e9tendre Historien, et selon quelle <\/span><\/span><\/span>&hellip;<\/p>\n","protected":false},"author":1,"featured_media":0,"comment_status":"open","ping_status":"open","sticky":false,"template":"","format":"standard","meta":{"footnotes":""},"categories":[1],"tags":[],"class_list":["post-12337","post","type-post","status-publish","format-standard","hentry","category-accueil"],"_links":{"self":[{"href":"http:\/\/www.lecarrefourdesopinions.ca\/index.php?rest_route=\/wp\/v2\/posts\/12337","targetHints":{"allow":["GET"]}}],"collection":[{"href":"http:\/\/www.lecarrefourdesopinions.ca\/index.php?rest_route=\/wp\/v2\/posts"}],"about":[{"href":"http:\/\/www.lecarrefourdesopinions.ca\/index.php?rest_route=\/wp\/v2\/types\/post"}],"author":[{"embeddable":true,"href":"http:\/\/www.lecarrefourdesopinions.ca\/index.php?rest_route=\/wp\/v2\/users\/1"}],"replies":[{"embeddable":true,"href":"http:\/\/www.lecarrefourdesopinions.ca\/index.php?rest_route=%2Fwp%2Fv2%2Fcomments&post=12337"}],"version-history":[{"count":1,"href":"http:\/\/www.lecarrefourdesopinions.ca\/index.php?rest_route=\/wp\/v2\/posts\/12337\/revisions"}],"predecessor-version":[{"id":12345,"href":"http:\/\/www.lecarrefourdesopinions.ca\/index.php?rest_route=\/wp\/v2\/posts\/12337\/revisions\/12345"}],"wp:attachment":[{"href":"http:\/\/www.lecarrefourdesopinions.ca\/index.php?rest_route=%2Fwp%2Fv2%2Fmedia&parent=12337"}],"wp:term":[{"taxonomy":"category","embeddable":true,"href":"http:\/\/www.lecarrefourdesopinions.ca\/index.php?rest_route=%2Fwp%2Fv2%2Fcategories&post=12337"},{"taxonomy":"post_tag","embeddable":true,"href":"http:\/\/www.lecarrefourdesopinions.ca\/index.php?rest_route=%2Fwp%2Fv2%2Ftags&post=12337"}],"curies":[{"name":"wp","href":"https:\/\/api.w.org\/{rel}","templated":true}]}}