{"id":12330,"date":"2016-05-18T10:47:53","date_gmt":"2016-05-18T14:47:53","guid":{"rendered":"http:\/\/www.lecarrefourdesopinions.ca\/?p=12330"},"modified":"2016-05-18T10:47:53","modified_gmt":"2016-05-18T14:47:53","slug":"nest-ce-pas-faire-de-leurope-un-vrai-chateau-de-cartes","status":"publish","type":"post","link":"http:\/\/www.lecarrefourdesopinions.ca\/?p=12330","title":{"rendered":"N\u2019est-ce pas faire de l\u2019Europe, un vrai Ch\u00e2teau de Cartes."},"content":{"rendered":"<p align=\"JUSTIFY\"><span style=\"color: #943634;\"><em><strong>Pardonnez-nous si jamais, tel Aristarque De SAMOS, nous troublons quelque part, jusqu\u2019au \u00ab\u00a0Repos des Dieux\u00a0\u00bb. (\u00c9ric EG Nogard, Chroniqueur).<\/strong><\/em><\/span><\/p>\n<p align=\"CENTER\"><span style=\"color: #c00000;\"><em><strong>==========<\/strong><\/em><\/span><\/p>\n<p align=\"JUSTIFY\"><span style=\"color: #632423;\"><span style=\"font-family: 'Comic Sans MS', cursive;\"><span style=\"font-size: large;\"><em><strong>N\u2019est-ce pas faire de l\u2019Europe, un vrai Ch\u00e2teau de Cartes.<\/strong><\/em><\/span><\/span><\/span><\/p>\n<p align=\"JUSTIFY\">\u00a0<img loading=\"lazy\" decoding=\"async\" class=\"alignnone size-thumbnail wp-image-11439\" title=\"Eric\" src=\"http:\/\/www.lecarrefourdesopinions.ca\/wp-content\/uploads\/2015\/04\/Eric-134x107.jpg\" alt=\"\" width=\"134\" height=\"107\" \/><\/p>\n<p align=\"JUSTIFY\"><span style=\"color: #632423;\"><span style=\"font-family: 'Comic Sans MS', cursive;\"><span style=\"font-size: large;\">\u00c9ric EG Nogard<\/span><\/span><\/span><\/p>\n<p align=\"JUSTIFY\"><span style=\"color: #c00000;\"><span style=\"font-size: large;\"><em>Chroniqueur<\/em><\/span><\/span><span style=\"color: #c00000;\"><span style=\"font-size: large;\">.<\/span><\/span><\/p>\n<p align=\"CENTER\">\n<p align=\"CENTER\"><span style=\"color: #632423;\"><span style=\"font-size: large;\">*** *** ***<\/span><\/span><\/p>\n<p align=\"CENTER\"><span style=\"color: #632423;\"><span style=\"font-size: large;\">*** *** ***<\/span><\/span><\/p>\n<p align=\"CENTER\">\n<p align=\"JUSTIFY\"><span style=\"font-size: large;\"><strong>N\u2019EST-CE PAS FAIRE DE L\u2019EUROPE, UN VRAI CHATEAU DE CARTES.<\/strong><\/span><\/p>\n<p align=\"JUSTIFY\">\n<p align=\"JUSTIFY\">\n<p align=\"CENTER\"><img loading=\"lazy\" decoding=\"async\" class=\"alignnone size-medium wp-image-12331\" title=\"F1   Mieux encore qu un Chateau en Espagne  Ou qu un Chateau de Sable  sur la plage  par mauvais temps\" src=\"http:\/\/www.lecarrefourdesopinions.ca\/wp-content\/uploads\/2016\/05\/F1-Mieux-encore-qu-un-Chateau-en-Espagne-Ou-qu-un-Chateau-de-Sable-sur-la-plage-par-mauvais-temps-300x169.jpg\" alt=\"\" width=\"300\" height=\"169\" srcset=\"http:\/\/www.lecarrefourdesopinions.ca\/wp-content\/uploads\/2016\/05\/F1-Mieux-encore-qu-un-Chateau-en-Espagne-Ou-qu-un-Chateau-de-Sable-sur-la-plage-par-mauvais-temps-300x169.jpg 300w, http:\/\/www.lecarrefourdesopinions.ca\/wp-content\/uploads\/2016\/05\/F1-Mieux-encore-qu-un-Chateau-en-Espagne-Ou-qu-un-Chateau-de-Sable-sur-la-plage-par-mauvais-temps-400x225.jpg 400w, http:\/\/www.lecarrefourdesopinions.ca\/wp-content\/uploads\/2016\/05\/F1-Mieux-encore-qu-un-Chateau-en-Espagne-Ou-qu-un-Chateau-de-Sable-sur-la-plage-par-mauvais-temps.jpg 1024w\" sizes=\"auto, (max-width: 300px) 100vw, 300px\" \/><\/p>\n<p align=\"JUSTIFY\">\n<p align=\"CENTER\"><span style=\"font-size: large;\"><strong>F1\u00a0: <\/strong><\/span><span style=\"color: #c00000;\"><span style=\"font-size: large;\"><em><strong>Mieux encore qu\u2019un Ch\u00e2teau en Espagne\u00a0!<\/strong><\/em><\/span><\/span><\/p>\n<p align=\"CENTER\"><span style=\"color: #c00000;\"><span style=\"font-size: large;\"><em><strong>Ou qu\u2019un Ch\u00e2teau de Sable, sur la plage, par mauvais temps.<\/strong><\/em><\/span><\/span><\/p>\n<p align=\"JUSTIFY\">\n<p align=\"JUSTIFY\">\n<p align=\"JUSTIFY\"><span style=\"font-family: 'Comic Sans MS', cursive;\"><span style=\"font-size: large;\">Voir enfin une Europe Unie et Forte, dispensatrice de Bonheur dans la Prosp\u00e9rit\u00e9 comme de S\u00e9r\u00e9nit\u00e9 dans la S\u00e9curit\u00e9.<\/span><\/span><\/p>\n<p align=\"JUSTIFY\">\n<p align=\"JUSTIFY\"><span style=\"font-family: 'Comic Sans MS', cursive;\"><span style=\"font-size: large;\">N\u2019est-ce pas le r\u00eave de tout Europ\u00e9en, qu\u2019il soit anglo-saxon, Gr\u00e9co-Latin ou des Espaces du Grand-Nord d\u2019o\u00f9 nous vinrent les valeureux Navigateurs-Conqu\u00e9rants connus \u00e0 juste titre sous le nom de \u00ab\u00a0NOR-MAN\u00a0\u00bb, de <\/span><\/span><span style=\"font-family: 'Comic Sans MS', cursive;\"><span style=\"font-size: large;\"><em>North-Men<\/em><\/span><\/span><span style=\"font-family: 'Comic Sans MS', cursive;\"><span style=\"font-size: large;\"> pour mieux dire, en tout cas de Normands.<\/span><\/span><\/p>\n<p align=\"JUSTIFY\">\n<p align=\"JUSTIFY\"><span style=\"font-family: 'Comic Sans MS', cursive;\"><span style=\"font-size: large;\">Du Grand-Nord d\u2019o\u00f9 nous vient le P\u00e8re No\u00ebl, ce P\u00e8lerin d\u2019une Nuit de chaque Ann\u00e9e, qu\u2019on attend tous, des P\u00f4les \u00e0 l\u2019\u00c9quateur sans qu\u2019on ne sache plus trop bien pourquoi<\/span><\/span><span style=\"font-size: large;\">.<\/span><\/p>\n<p align=\"CENTER\">\n<p align=\"JUSTIFY\">\n<p align=\"JUSTIFY\"><span style=\"font-size: large;\">Or, pour r\u00e9aliser ce r\u00eave \u2013 avouons-nous qu\u2019il est beau \u2013 quel prix serions-nous dispos\u00e9s \u00e0 y mettre, dans la mesure o\u00f9 d\u2019un coup d\u2019\u0153il et d\u2019une \u00e9coute, nous en sommes \u00e9difi\u00e9s\u2026 d\u2019un coup d\u2019\u0153il aux S\u00e9ances du Parlement Europ\u00e9en.<\/span><\/p>\n<p align=\"JUSTIFY\">\n<p align=\"JUSTIFY\"><span style=\"font-size: large;\">Chacun tient \u00e0 la sauvegarde de ses Sp\u00e9cificit\u00e9s, de sa Souverainet\u00e9, \u00e0 grappiller surtout et tant qu\u2019il peut de la Caisse Commune\u2026 nous parlons des \u00c9tats Membres. <\/span><\/p>\n<p align=\"JUSTIFY\">\n<p align=\"JUSTIFY\"><span style=\"font-size: large;\">Et qui doit chaque fois en faire les frais.<\/span><\/p>\n<p align=\"JUSTIFY\">\n<p align=\"JUSTIFY\"><span style=\"font-size: large;\">Et quelle Europe esp\u00e9rer qu\u2019il en sorte. <\/span><\/p>\n<p align=\"JUSTIFY\">\n<p align=\"JUSTIFY\">\n<p align=\"CENTER\">\n<p align=\"CENTER\"><img loading=\"lazy\" decoding=\"async\" class=\"alignnone size-full wp-image-12332\" title=\"F2   Ainsi font les Uns\" src=\"http:\/\/www.lecarrefourdesopinions.ca\/wp-content\/uploads\/2016\/05\/F2-Ainsi-font-les-Uns.jpg\" alt=\"\" width=\"491\" height=\"642\" srcset=\"http:\/\/www.lecarrefourdesopinions.ca\/wp-content\/uploads\/2016\/05\/F2-Ainsi-font-les-Uns.jpg 491w, http:\/\/www.lecarrefourdesopinions.ca\/wp-content\/uploads\/2016\/05\/F2-Ainsi-font-les-Uns-229x300.jpg 229w, http:\/\/www.lecarrefourdesopinions.ca\/wp-content\/uploads\/2016\/05\/F2-Ainsi-font-les-Uns-400x523.jpg 400w\" sizes=\"auto, (max-width: 491px) 100vw, 491px\" \/><\/p>\n<p align=\"CENTER\">\n<p align=\"CENTER\"><span style=\"font-size: large;\"><strong>F2\u00a0: <\/strong><\/span><span style=\"color: #c00000;\"><span style=\"font-size: large;\"><em><strong>Ainsi font les Uns\u2026<\/strong><\/em><\/span><\/span><\/p>\n<p align=\"JUSTIFY\">\n<p align=\"JUSTIFY\">\n<p align=\"JUSTIFY\"><span style=\"font-size: large;\">Chacun y envoie ses Parlementaires d\u00e9sign\u00e9s par le Suffrage Universel, donc Choisis par le Peuple, cependant que, si son Pouvoir est Souverain, faute d\u2019en conna\u00eetre sur l\u2019Essentiel, comment peut-il choisir \u00e0 bon escient.<\/span><\/p>\n<p align=\"JUSTIFY\">\n<p align=\"JUSTIFY\"><span style=\"font-size: large;\"><em>Un Peuple Souverain maintenu par ses Mandataires dans l\u2019Ignorance de l\u2019Essentiel<\/em><\/span><span style=\"font-size: large;\">.<\/span><\/p>\n<p align=\"JUSTIFY\">\n<p align=\"JUSTIFY\"><span style=\"font-size: large;\">N\u2019est-ce pas que les Limites du Suffrage Universel devraient faire l\u2019objet d\u2019une R\u00e9flexion de ce genre\u00a0:<\/span><\/p>\n<p align=\"JUSTIFY\">\n<p align=\"JUSTIFY\"><span style=\"font-size: large;\"><em>Sans le Savoir, que peut Valoir le Pouvoir<\/em><\/span><span style=\"font-size: large;\">.<\/span><\/p>\n<p align=\"JUSTIFY\">\n<p style=\"text-align: center;\" align=\"JUSTIFY\"><img loading=\"lazy\" decoding=\"async\" class=\"alignnone size-large wp-image-12333\" title=\"F3   Cependant tous Pr\u00e9sents    selon l Horloge Pointeuse\" src=\"http:\/\/www.lecarrefourdesopinions.ca\/wp-content\/uploads\/2016\/05\/F3-Cependant-tous-Pr\u00e9sents-selon-l-Horloge-Pointeuse--1024x398.jpg\" alt=\"\" width=\"450\" height=\"174\" srcset=\"http:\/\/www.lecarrefourdesopinions.ca\/wp-content\/uploads\/2016\/05\/F3-Cependant-tous-Pr\u00e9sents-selon-l-Horloge-Pointeuse--1024x398.jpg 1024w, http:\/\/www.lecarrefourdesopinions.ca\/wp-content\/uploads\/2016\/05\/F3-Cependant-tous-Pr\u00e9sents-selon-l-Horloge-Pointeuse--300x116.jpg 300w, http:\/\/www.lecarrefourdesopinions.ca\/wp-content\/uploads\/2016\/05\/F3-Cependant-tous-Pr\u00e9sents-selon-l-Horloge-Pointeuse--400x155.jpg 400w, http:\/\/www.lecarrefourdesopinions.ca\/wp-content\/uploads\/2016\/05\/F3-Cependant-tous-Pr\u00e9sents-selon-l-Horloge-Pointeuse-.jpg 1189w\" sizes=\"auto, (max-width: 450px) 100vw, 450px\" \/><\/p>\n<p align=\"JUSTIFY\">\n<p align=\"CENTER\"><span style=\"font-size: large;\"><strong>F3\u00a0: <\/strong><\/span><span style=\"color: #c00000;\"><span style=\"font-size: large;\"><em><strong>Cependant tous Pr\u00e9sents\u2026 selon l\u2019Horloge Pointeuse\u00a0!<\/strong><\/em><\/span><\/span><\/p>\n<p align=\"CENTER\"><span style=\"color: #c00000;\">\u2026 <span style=\"font-size: large;\"><em><strong>Ainsi font les Autres, pour \u20ac 12,000 <\/strong><\/em><\/span><\/span><span style=\"color: #c00000;\"><span style=\"font-family: Arial, sans-serif;\"><span style=\"font-size: large;\"><em><strong>a Month<\/strong><\/em><\/span><\/span><\/span><span style=\"color: #c00000;\"><span style=\"font-size: large;\"><em><strong>.<\/strong><\/em><\/span><\/span><\/p>\n<p align=\"JUSTIFY\">\n<p align=\"JUSTIFY\">\n<p align=\"JUSTIFY\"><span style=\"font-size: large;\">D\u2019ailleurs, \u00e0 quel <\/span><span style=\"font-family: Arial, sans-serif;\"><span style=\"font-size: large;\"><em>Afflecting Spectacle<\/em><\/span><\/span><span style=\"font-size: large;\"> nos Respectables Parlementaires ne pr\u00eatent-ils pas les Salles d\u2019Assembl\u00e9es Europ\u00e9ennes qu\u2019ils se d\u00e9p\u00eachent de d\u00e9serter sit\u00f4t effectu\u00e9 leur pointage au P\u00f4le de Pr\u00e9sence.<\/span><\/p>\n<p align=\"JUSTIFY\">\n<p align=\"JUSTIFY\"><span style=\"font-size: large;\">Le Parlement Europ\u00e9en serait-il <\/span><span style=\"font-family: Arial, sans-serif;\"><span style=\"font-size: large;\"><em>a Subsidiary Company<\/em><\/span><\/span><span style=\"font-size: large;\"> ou un <\/span><span style=\"font-family: Arial, sans-serif;\"><span style=\"font-size: large;\"><em>Subsidy Distributor felt from the Sky<\/em><\/span><\/span><span style=\"font-size: large;\">, ou a <\/span><span style=\"font-family: Arial, sans-serif;\"><span style=\"font-size: large;\"><em>Farmer spraying manure over his field<\/em><\/span><\/span><span style=\"font-size: large;\">.<\/span><\/p>\n<p lang=\"en-US\" align=\"JUSTIFY\">\n<p lang=\"en-US\" align=\"JUSTIFY\">\n<p align=\"JUSTIFY\"><span style=\"font-size: large;\">Or, m\u00eame le Fumier, il faut le Composter, et les Fauteuils laiss\u00e9s d\u00e9sesp\u00e9r\u00e9ment vides, sont-ils faits pour le Job.<\/span><\/p>\n<p align=\"JUSTIFY\">\n<p align=\"JUSTIFY\"><span style=\"font-size: large;\">Pas un cheval, que \u00ab\u00a0nature\u00a0\u00bb que vapeur pour faire marcher le Tram et l\u2019on s\u2019\u00e9tonne des Performances de l\u2019Europe.<\/span><\/p>\n<p align=\"JUSTIFY\">\n<p align=\"JUSTIFY\">\n<p align=\"JUSTIFY\"><span style=\"font-size: large;\">Ne serait-il pas temps de se poser la question de savoir de quoi souffre l\u2019Europe.<\/span><\/p>\n<p align=\"JUSTIFY\">\n<p align=\"JUSTIFY\"><span style=\"font-size: large;\">Il est fait d\u2019elle <\/span><span style=\"font-family: Arial, sans-serif;\"><span style=\"font-size: large;\"><em>a Cards Castle Uppon a Windy Hill<\/em><\/span><\/span><span style=\"font-size: large;\">, alors, <\/span><span style=\"font-family: Arial, sans-serif;\"><span style=\"font-size: large;\"><em>by no doubts she will go with the Wind<\/em><\/span><\/span><span style=\"font-size: large;\">.<\/span><\/p>\n<p lang=\"en-US\" align=\"JUSTIFY\">\n<p align=\"JUSTIFY\"><span style=\"font-size: large;\">Autant dire ce qu\u2019on veut et qu\u2019on en finisse.<\/span><\/p>\n<p align=\"JUSTIFY\">\n<p align=\"JUSTIFY\">\n<p align=\"JUSTIFY\"><span style=\"font-family: 'Comic Sans MS', cursive;\"><span style=\"font-size: large;\">De quelle Europe veut-on, qu\u2019esp\u00e8re-t-on de l\u2019Europe.<\/span><\/span><\/p>\n<p align=\"JUSTIFY\">\n<p align=\"JUSTIFY\"><span style=\"font-family: 'Comic Sans MS', cursive;\"><span style=\"font-size: large;\">A quelles Douleurs, \u00e0 quels Sacrifices sommes-nous pr\u00eats pour qu\u2019elle soit Forte, Prosp\u00e8re, G\u00e9n\u00e9reuse et Noble\u2026 plut\u00f4t qu\u2019un Nid de Coucous.<\/span><\/span><\/p>\n<p align=\"JUSTIFY\">\n<p align=\"JUSTIFY\"><span style=\"font-family: 'Comic Sans MS', cursive;\"><span style=\"font-size: large;\">Ainsi l\u2019Europe sera ou l\u2019Europe ne sera pas.<\/span><\/span><\/p>\n<p align=\"JUSTIFY\">\n<p align=\"JUSTIFY\"><span style=\"font-size: large;\">\u00c9ric EG Nogard<\/span><\/p>\n<p align=\"JUSTIFY\"><span style=\"color: #c00000;\"><span style=\"font-size: large;\"><em>Chroniqueur<\/em><\/span><\/span><span style=\"color: #c00000;\"><span style=\"font-size: large;\">.<\/span><\/span><\/p>\n<p align=\"JUSTIFY\">\n<p align=\"CENTER\"><span style=\"font-size: large;\"><strong>*** *** ***<\/strong><\/span><\/p>\n<p align=\"CENTER\"><span style=\"color: #ff0000;\"><span style=\"font-size: large;\"><strong>Nota : <\/strong><\/span><\/span><span style=\"color: #000000;\"><span style=\"font-size: large;\">Nous ne traitons que de Faits et de Noms rendus Publics.<\/span><\/span><\/p>\n<p align=\"CENTER\"><span style=\"color: #000000;\"><span style=\"font-size: large;\">*** *** ***<\/span><\/span><\/p>\n<p align=\"JUSTIFY\"><span style=\"font-size: large;\"><strong>N.B.:<\/strong><\/span><span style=\"font-size: large;\"> &#8211; <\/span><span style=\"color: #c00000;\"><span style=\"font-family: 'Comic Sans MS', cursive;\"><span style=\"font-size: large;\">Nous Recommandons instamment et syst\u00e9matiquement l\u2019ouverture de la (ou des) pi\u00e8ce(s) jointe(s) \u00e0 l\u2019e-mail, sous format Pdf, <\/span><\/span><\/span><span style=\"color: #c00000;\"><span style=\"font-family: 'Comic Sans MS', cursive;\"><span style=\"font-size: large;\"><span style=\"text-decoration: underline;\">les illustrations y sont incluses<\/span><\/span><\/span><\/span><span style=\"color: #c00000;\"><span style=\"font-family: 'Comic Sans MS', cursive;\"><span style=\"font-size: large;\">.<\/span><\/span><\/span><\/p>\n<p align=\"JUSTIFY\">\n<p align=\"CENTER\"><span style=\"color: #ff0000;\"><span><strong>Ne Peut \u00eatre reproduit &#8211; m\u00eame partiellement &#8211; sans l\u2019autorisation de l\u2019Auteur.<\/strong><\/span><\/span><\/p>\n<p align=\"JUSTIFY\"><span style=\"text-decoration: underline;\"><strong>Liens Sugg\u00e9r\u00e9s\u00a0:<\/strong><\/span><\/p>\n<ul>\n<li>\n<p align=\"JUSTIFY\"><span style=\"color: #0000ff;\"><span style=\"text-decoration: underline;\"><a href=\"http:\/\/www.lescrutateur.com\/\">http:\/\/www.lescrutateur.com\/<\/a><\/span><\/span><\/p>\n<\/li>\n<li>\n<p align=\"JUSTIFY\"><span style=\"color: #0000ff;\"><span style=\"text-decoration: underline;\"><a href=\"http:\/\/www.etatsgenerauxdeloutremer.fr\/reflexions\">http:\/\/www.etatsgenerauxdeloutremer.fr\/reflexions<\/a><\/span><\/span><\/p>\n<\/li>\n<\/ul>\n<p align=\"CENTER\">\n<script type=\"text\/javascript\">\n\nvar addthis_config = {\"data_track_clickback\":false,\"data_track_addressbar\":false,\"data_track_textcopy\":false};\n<\/script><script type=\"text\/javascript\" src=\"\/\/s7.addthis.com\/js\/250\/addthis_widget.js#pubid=a457a6d63fb9e6ccabdde4110343bd85\"><\/script>","protected":false},"excerpt":{"rendered":"<p align=\"JUSTIFY\"><span style=\"color: #943634;\">Pardonnez-nous si jamais, tel Aristarque De SAMOS, nous troublons quelque part, jusqu\u2019au \u00ab\u00a0Repos des Dieux\u00a0\u00bb. (\u00c9ric EG Nogard, Chroniqueur).<\/span><\/p>\n<p align=\"CENTER\"><span style=\"color: #c00000;\">==========<\/span><\/p>\n<p align=\"JUSTIFY\"><span style=\"color: #632423;\"><span style=\"font-family: 'Comic Sans MS', cursive;\"><span style=\"font-size: large;\">N\u2019est-ce pas faire de l\u2019Europe, un vrai Ch\u00e2teau de Cartes.<\/span><\/span><\/span><\/p>\n<p align=\"JUSTIFY\">\u00a0<\/p>\n<p align=\"JUSTIFY\"><span style=\"color: #632423;\"><span style=\"font-family: 'Comic Sans MS', cursive;\"><span style=\"font-size: large;\">\u00c9ric EG Nogard<\/span><\/span><\/span><\/p>\n<p align=\"JUSTIFY\"><span style=\"color: #c00000;\"><span style=\"font-size: large;\">Chroniqueur<\/span><\/span><span style=\"color: #c00000;\"><span style=\"font-size: large;\">.<\/span><\/span>&hellip;<\/p>\n","protected":false},"author":1,"featured_media":0,"comment_status":"open","ping_status":"open","sticky":false,"template":"","format":"standard","meta":{"footnotes":""},"categories":[1],"tags":[],"class_list":["post-12330","post","type-post","status-publish","format-standard","hentry","category-accueil"],"_links":{"self":[{"href":"http:\/\/www.lecarrefourdesopinions.ca\/index.php?rest_route=\/wp\/v2\/posts\/12330","targetHints":{"allow":["GET"]}}],"collection":[{"href":"http:\/\/www.lecarrefourdesopinions.ca\/index.php?rest_route=\/wp\/v2\/posts"}],"about":[{"href":"http:\/\/www.lecarrefourdesopinions.ca\/index.php?rest_route=\/wp\/v2\/types\/post"}],"author":[{"embeddable":true,"href":"http:\/\/www.lecarrefourdesopinions.ca\/index.php?rest_route=\/wp\/v2\/users\/1"}],"replies":[{"embeddable":true,"href":"http:\/\/www.lecarrefourdesopinions.ca\/index.php?rest_route=%2Fwp%2Fv2%2Fcomments&post=12330"}],"version-history":[{"count":2,"href":"http:\/\/www.lecarrefourdesopinions.ca\/index.php?rest_route=\/wp\/v2\/posts\/12330\/revisions"}],"predecessor-version":[{"id":12335,"href":"http:\/\/www.lecarrefourdesopinions.ca\/index.php?rest_route=\/wp\/v2\/posts\/12330\/revisions\/12335"}],"wp:attachment":[{"href":"http:\/\/www.lecarrefourdesopinions.ca\/index.php?rest_route=%2Fwp%2Fv2%2Fmedia&parent=12330"}],"wp:term":[{"taxonomy":"category","embeddable":true,"href":"http:\/\/www.lecarrefourdesopinions.ca\/index.php?rest_route=%2Fwp%2Fv2%2Fcategories&post=12330"},{"taxonomy":"post_tag","embeddable":true,"href":"http:\/\/www.lecarrefourdesopinions.ca\/index.php?rest_route=%2Fwp%2Fv2%2Ftags&post=12330"}],"curies":[{"name":"wp","href":"https:\/\/api.w.org\/{rel}","templated":true}]}}